{"id":18928,"date":"2018-11-10T11:23:52","date_gmt":"2018-11-10T10:23:52","guid":{"rendered":"https:\/\/www.alqueria.es\/blogs\/alqueriasegundociclo\/?p=18928"},"modified":"2018-11-10T11:26:51","modified_gmt":"2018-11-10T10:26:51","slug":"semanario-de-3o-semana-del-5-al-9-de-octubre-2","status":"publish","type":"post","link":"https:\/\/www.alqueria.es\/blogs\/alqueriasegundociclo\/2018\/11\/10\/semanario-de-3o-semana-del-5-al-9-de-octubre-2\/","title":{"rendered":"Semanario de 3\u00ba. Semana del 5 al 9 de octubre"},"content":{"rendered":"<h2 style=\"text-align: center\"><span style=\"color: #800080\">Una gran semana de preparaci\u00f3n para la festividad del Oto\u00f1o.<\/span><\/h2>\n<p><span style=\"color: #0000ff\">La expresi\u00f3n oral.<\/span><\/p>\n<p>Durante estas dos semanas hemos tenido dos interesantes exposiciones orales sobre los fant\u00e1sticos seres de la mitolog\u00eda griega.<\/p>\n<p>Carlos A. nos ha mostrado las caracter\u00edsticas sobre <span style=\"color: #ff6600\">los s\u00e1tiros<\/span> y ha sido muy interesante aprender qu\u00e9 es <span style=\"color: #800080\">ser s\u00e1tiro<\/span> y<span style=\"color: #800080\"> las s\u00e1tiras<\/span> literarias. Hemos descubierto que a veces \u00absomos muy s\u00e1tiros\u00bb.<\/p>\n<p><div class=\"a25-CTUOC-hidding-box\" data-original-content=\"&lt;iframe src=&quot;https:\/\/www.slideshare.net\/slideshow\/embed_code\/121231757&quot; width=&quot;474&quot; height=&quot;389&quot; sandbox=&quot;allow-popups allow-scripts allow-same-origin allow-presentation&quot; allowfullscreen webkitallowfullscreen mozallowfullscreen&gt;&lt;\/iframe&gt;\">Esta p\u00e1gina incluye contenido multimedia que requiere aceptar todas las cookies. Pulse aqu\u00ed para abrir la configuraci\u00f3n de cookies.<\/div><br \/>\nCarmen, ha investigado sobre ese ser que tanto gusta, pero que se sabe poco de \u00e9l<span style=\"color: #ff6600\">, Pegaso<\/span>. Nos ha narrado una peque\u00f1a leyenda del personaje que m\u00e1s cabalg\u00f3 sobre el caballo volador.<\/p>\n<p><div class=\"a25-CTUOC-hidding-box\" data-original-content=\"&lt;iframe src=&quot;https:\/\/www.slideshare.net\/slideshow\/embed_code\/122642156&quot; width=&quot;474&quot; height=&quot;389&quot; sandbox=&quot;allow-popups allow-scripts allow-same-origin allow-presentation&quot; allowfullscreen webkitallowfullscreen mozallowfullscreen&gt;&lt;\/iframe&gt;\">Esta p\u00e1gina incluye contenido multimedia que requiere aceptar todas las cookies. Pulse aqu\u00ed para abrir la configuraci\u00f3n de cookies.<\/div><br \/>\nEs muy interesante la actividad. La atenci\u00f3n y el inter\u00e9s que se presta es cada vez mayor, realiz\u00e1ndose una interesante tertulia sobre los relatos.<\/p>\n<p>Aparece vocabulario que se desmenuza con interesantes explicaciones y se intenta integrar en el vocabulario diario.<\/p>\n<p>Los textos van mejorando considerablemente en estructura, ortograf\u00eda, \u00a0riqueza ling\u00fc\u00edstica y plasmaci\u00f3n de las ideas.<\/p>\n<p>Las familias tambi\u00e9n juegan un papel importante sobre la actividad al mostrar inter\u00e9s por lo acaecido e intentar asumir en los discursos un vocabulario rico y culto.<\/p>\n<p><span style=\"color: #0000ff\">Las retah\u00edlas.<\/span><\/p>\n<p><img decoding=\"async\" data-attachment-id=\"19081\" data-permalink=\"https:\/\/www.alqueria.es\/blogs\/alqueriasegundociclo\/2018\/11\/10\/semanario-de-3o-semana-del-5-al-9-de-octubre-2\/20181108_163204\/\" data-orig-file=\"https:\/\/cloud.alqueria.es\/wp-content\/uploads\/sites\/7\/2018\/11\/20181108_163204.jpg\" data-orig-size=\"1024,576\" data-comments-opened=\"1\" data-image-meta=\"{&quot;aperture&quot;:&quot;0&quot;,&quot;credit&quot;:&quot;&quot;,&quot;camera&quot;:&quot;&quot;,&quot;caption&quot;:&quot;&quot;,&quot;created_timestamp&quot;:&quot;0&quot;,&quot;copyright&quot;:&quot;&quot;,&quot;focal_length&quot;:&quot;0&quot;,&quot;iso&quot;:&quot;0&quot;,&quot;shutter_speed&quot;:&quot;0&quot;,&quot;title&quot;:&quot;&quot;,&quot;orientation&quot;:&quot;0&quot;}\" data-image-title=\"20181108_163204\" data-image-description=\"\" data-image-caption=\"\" data-large-file=\"https:\/\/cloud.alqueria.es\/wp-content\/uploads\/sites\/7\/2018\/11\/20181108_163204.jpg\" class=\"aligncenter wp-image-19081 size-medium\" src=\"https:\/\/cloud.alqueria.es\/wp-content\/uploads\/sites\/7\/2018\/11\/20181108_163204.jpg\" alt=\"\" width=\"300\" height=\"169\" srcset=\"https:\/\/cloud.alqueria.es\/wp-content\/uploads\/sites\/7\/2018\/11\/20181108_163204.jpg 1024w, https:\/\/cloud.alqueria.es\/wp-content\/uploads\/sites\/7\/2018\/11\/20181108_163204.jpg 300w, https:\/\/cloud.alqueria.es\/wp-content\/uploads\/sites\/7\/2018\/11\/20181108_163204.jpg 768w\" sizes=\"(max-width: 300px) 100vw, 300px\" \/><\/p>\n<p>Para el encuentro literario de la fiesta de Oto\u00f1o se investig\u00f3 sobre qu\u00e9 era una retah\u00edla:<\/p>\n<ul>\n<li><span style=\"color: #800000\">Las retah\u00edlas son \u00a0juegos ling\u00fc\u00edsticos para ni\u00f1os y ni\u00f1as.<\/span><\/li>\n<li><span style=\"color: #ff0000\">Las retah\u00edlas tienen un origen remoto en cantares populares divulgados desde hace mucho tiempo.<\/span><\/li>\n<li><span style=\"color: #993300\">Son poemas a menudo con rima.<\/span><\/li>\n<li><span style=\"color: #0000ff\">Son juegos de palabras, juegos sonoros y r\u00edtmicos.<\/span><\/li>\n<li><span style=\"color: #0000ff\">Son juegos, con o sin sentido.<\/span><\/li>\n<li><span style=\"color: #008000\">Se realizan para el goce, la cr\u00edtica social, la promoci\u00f3n de valores, la motivaci\u00f3n para expresarse.<\/span><\/li>\n<li>L<span style=\"color: #ff6600\">a retah\u00edla es lo que mejor para despertar la imaginaci\u00f3n y la\u00a0<em><a style=\"color: #ff6600\" href=\"http:\/\/www.magisterio.com.co\/topicos\/creatividad\"><strong>creatividad de los ni\u00f1os.<\/strong><\/a><\/em><\/span><\/li>\n<\/ul>\n<p>Tras la lectura minuciosa (comprensi\u00f3n lectora y de expresiones) de numerosas de ellas, cada miembro del grupo eligi\u00f3 la que m\u00e1s le atra\u00eda para su aprendizaje, ensayo y puesta en escena.<\/p>\n<p>Durante toda la semana se ha estado trabajando la dramatizaci\u00f3n de las misma haciendo uso de una buena recitaci\u00f3n, modulaci\u00f3n de voz, uso de gestos y alg\u00fan material necesario.<\/p>\n<p style=\"text-align: center\"><span style=\"color: #ff00ff\">\u00a1Se ha disfrutado enormemente con el trabajo!<\/span><\/p>\n<p style=\"text-align: center\"><span style=\"color: #800000\">\u00a1Qu\u00e9 cosquillas en el est\u00f3mago cuando se expusieron a primaria!<\/span><\/p>\n<p><span style=\"color: #333300\"><em>Todo sali\u00f3 fenomenal.<\/em><\/span><\/p>\n<p style=\"text-align: center\"><span style=\"color: #0000ff\">El euro<\/span><\/p>\n<p><img decoding=\"async\" data-attachment-id=\"19082\" data-permalink=\"https:\/\/www.alqueria.es\/blogs\/alqueriasegundociclo\/2018\/11\/10\/semanario-de-3o-semana-del-5-al-9-de-octubre-2\/euros1\/\" data-orig-file=\"https:\/\/cloud.alqueria.es\/wp-content\/uploads\/sites\/7\/2018\/11\/euros1.gif\" data-orig-size=\"400,298\" data-comments-opened=\"1\" data-image-meta=\"{&quot;aperture&quot;:&quot;0&quot;,&quot;credit&quot;:&quot;&quot;,&quot;camera&quot;:&quot;&quot;,&quot;caption&quot;:&quot;&quot;,&quot;created_timestamp&quot;:&quot;0&quot;,&quot;copyright&quot;:&quot;&quot;,&quot;focal_length&quot;:&quot;0&quot;,&quot;iso&quot;:&quot;0&quot;,&quot;shutter_speed&quot;:&quot;0&quot;,&quot;title&quot;:&quot;&quot;,&quot;orientation&quot;:&quot;0&quot;}\" data-image-title=\"euros1\" data-image-description=\"\" data-image-caption=\"\" data-large-file=\"https:\/\/cloud.alqueria.es\/wp-content\/uploads\/sites\/7\/2018\/11\/euros1.gif\" class=\"aligncenter wp-image-19082 size-medium\" src=\"https:\/\/cloud.alqueria.es\/wp-content\/uploads\/sites\/7\/2018\/11\/euros1.gif\" alt=\"\" width=\"300\" height=\"224\" \/><\/p>\n<p>Se inicia un nuevo tema en el \u00e1rea de matem\u00e1ticas.<\/p>\n<p>Despu\u00e9s las ideas previas sobre las monedas y billetes que conocen se ha jugado a ir de compras y a transformar euros y c\u00e9ntimos oralmente.<\/p>\n<p>Se pasa a actividades individuales de cuadernillo con transformaciones y resoluci\u00f3n de problemas.<\/p>\n<p><span style=\"color: #800080\"><em>Es bueno que se practique en la realidad. Las matem\u00e1ticas nos acompa\u00f1an diariamente en multitud de situaciones como: comprar el pan, el peri\u00f3dico, los sobres de estampas, etc.<\/em><\/span><\/p>\n<p>Continuaremos con las operaciones (sin que lo sepan, aparecen los decimales) y m\u00e1s situaciones \u00abproblem\u00e1ticas\u00bb.<\/p>\n<p><em>Se ha terminado el segundo cuadernillo del 8,5. La semana que viene se comenzar\u00e1 su correcci\u00f3n y se entregar\u00e1 el n\u00famero 3.<\/em><\/p>\n<p style=\"text-align: center\"><span style=\"color: #0000ff\">Las plantas<\/span><\/p>\n<p><img decoding=\"async\" data-attachment-id=\"19087\" data-permalink=\"https:\/\/www.alqueria.es\/blogs\/alqueriasegundociclo\/2018\/11\/10\/semanario-de-3o-semana-del-5-al-9-de-octubre-2\/20181105_125101\/\" data-orig-file=\"https:\/\/cloud.alqueria.es\/wp-content\/uploads\/sites\/7\/2018\/11\/20181105_125101.jpg\" data-orig-size=\"1024,576\" data-comments-opened=\"1\" data-image-meta=\"{&quot;aperture&quot;:&quot;0&quot;,&quot;credit&quot;:&quot;&quot;,&quot;camera&quot;:&quot;&quot;,&quot;caption&quot;:&quot;&quot;,&quot;created_timestamp&quot;:&quot;0&quot;,&quot;copyright&quot;:&quot;&quot;,&quot;focal_length&quot;:&quot;0&quot;,&quot;iso&quot;:&quot;0&quot;,&quot;shutter_speed&quot;:&quot;0&quot;,&quot;title&quot;:&quot;&quot;,&quot;orientation&quot;:&quot;0&quot;}\" data-image-title=\"20181105_125101\" data-image-description=\"\" data-image-caption=\"\" data-large-file=\"https:\/\/cloud.alqueria.es\/wp-content\/uploads\/sites\/7\/2018\/11\/20181105_125101.jpg\" class=\"aligncenter size-thumbnail wp-image-19087\" src=\"https:\/\/cloud.alqueria.es\/wp-content\/uploads\/sites\/7\/2018\/11\/20181105_125101.jpg\" alt=\"\" width=\"150\" height=\"150\" \/><\/p>\n<p>El trabajo est\u00e1 dando mucho de s\u00ed. Han expuesto pocos grupos su investigaci\u00f3n, por lo que la semana que viene se continuar\u00e1.<\/p>\n<p>Nuestro jard\u00edn y huerto contin\u00faa siendo nuestra clase preferida.<\/p>\n<p><img decoding=\"async\" data-attachment-id=\"19083\" data-permalink=\"https:\/\/www.alqueria.es\/blogs\/alqueriasegundociclo\/2018\/11\/10\/semanario-de-3o-semana-del-5-al-9-de-octubre-2\/20181105_120228\/\" data-orig-file=\"https:\/\/cloud.alqueria.es\/wp-content\/uploads\/sites\/7\/2018\/11\/20181105_120228.jpg\" data-orig-size=\"1024,576\" data-comments-opened=\"1\" data-image-meta=\"{&quot;aperture&quot;:&quot;0&quot;,&quot;credit&quot;:&quot;&quot;,&quot;camera&quot;:&quot;&quot;,&quot;caption&quot;:&quot;&quot;,&quot;created_timestamp&quot;:&quot;0&quot;,&quot;copyright&quot;:&quot;&quot;,&quot;focal_length&quot;:&quot;0&quot;,&quot;iso&quot;:&quot;0&quot;,&quot;shutter_speed&quot;:&quot;0&quot;,&quot;title&quot;:&quot;&quot;,&quot;orientation&quot;:&quot;0&quot;}\" data-image-title=\"20181105_120228\" data-image-description=\"\" data-image-caption=\"\" data-large-file=\"https:\/\/cloud.alqueria.es\/wp-content\/uploads\/sites\/7\/2018\/11\/20181105_120228.jpg\" class=\"aligncenter size-thumbnail wp-image-19083\" src=\"https:\/\/cloud.alqueria.es\/wp-content\/uploads\/sites\/7\/2018\/11\/20181105_120228.jpg\" alt=\"\" width=\"150\" height=\"150\" \/><\/p>\n<p>Llevamos tiempo<\/p>\n<p><img decoding=\"async\" data-attachment-id=\"19084\" data-permalink=\"https:\/\/www.alqueria.es\/blogs\/alqueriasegundociclo\/2018\/11\/10\/semanario-de-3o-semana-del-5-al-9-de-octubre-2\/20181109_111110\/\" data-orig-file=\"https:\/\/cloud.alqueria.es\/wp-content\/uploads\/sites\/7\/2018\/11\/20181109_111110.jpg\" data-orig-size=\"576,1024\" data-comments-opened=\"1\" data-image-meta=\"{&quot;aperture&quot;:&quot;0&quot;,&quot;credit&quot;:&quot;&quot;,&quot;camera&quot;:&quot;&quot;,&quot;caption&quot;:&quot;&quot;,&quot;created_timestamp&quot;:&quot;0&quot;,&quot;copyright&quot;:&quot;&quot;,&quot;focal_length&quot;:&quot;0&quot;,&quot;iso&quot;:&quot;0&quot;,&quot;shutter_speed&quot;:&quot;0&quot;,&quot;title&quot;:&quot;&quot;,&quot;orientation&quot;:&quot;0&quot;}\" data-image-title=\"20181109_111110\" data-image-description=\"\" data-image-caption=\"\" data-large-file=\"https:\/\/cloud.alqueria.es\/wp-content\/uploads\/sites\/7\/2018\/11\/20181109_111110.jpg\" class=\"alignleft wp-image-19084 size-medium\" src=\"https:\/\/cloud.alqueria.es\/wp-content\/uploads\/sites\/7\/2018\/11\/20181109_111110.jpg\" alt=\"\" width=\"169\" height=\"300\" srcset=\"https:\/\/cloud.alqueria.es\/wp-content\/uploads\/sites\/7\/2018\/11\/20181109_111110.jpg 576w, https:\/\/cloud.alqueria.es\/wp-content\/uploads\/sites\/7\/2018\/11\/20181109_111110.jpg 169w\" sizes=\"(max-width: 169px) 100vw, 169px\" \/><\/p>\n<p>observando, manipulando y recolectando nuestros frutos, semillas, hojas, etc.<\/p>\n<p>Han disfrutado mucho\u00a0recolectando: calabazas, tomates, calabacinos, membrillos, zamboas, caquis, peras, almendras, nueces, almencinas y nuestras riqu\u00edsimas granadas que durante toda la semana nos hemos ido comiendo.<\/p>\n<p><img decoding=\"async\" data-attachment-id=\"19085\" data-permalink=\"https:\/\/www.alqueria.es\/blogs\/alqueriasegundociclo\/2018\/11\/10\/semanario-de-3o-semana-del-5-al-9-de-octubre-2\/20181109_111255\/\" data-orig-file=\"https:\/\/cloud.alqueria.es\/wp-content\/uploads\/sites\/7\/2018\/11\/20181109_111255.jpg\" data-orig-size=\"1024,576\" data-comments-opened=\"1\" data-image-meta=\"{&quot;aperture&quot;:&quot;0&quot;,&quot;credit&quot;:&quot;&quot;,&quot;camera&quot;:&quot;&quot;,&quot;caption&quot;:&quot;&quot;,&quot;created_timestamp&quot;:&quot;0&quot;,&quot;copyright&quot;:&quot;&quot;,&quot;focal_length&quot;:&quot;0&quot;,&quot;iso&quot;:&quot;0&quot;,&quot;shutter_speed&quot;:&quot;0&quot;,&quot;title&quot;:&quot;&quot;,&quot;orientation&quot;:&quot;0&quot;}\" data-image-title=\"20181109_111255\" data-image-description=\"\" data-image-caption=\"\" data-large-file=\"https:\/\/cloud.alqueria.es\/wp-content\/uploads\/sites\/7\/2018\/11\/20181109_111255.jpg\" class=\"alignright wp-image-19085 size-medium\" src=\"https:\/\/cloud.alqueria.es\/wp-content\/uploads\/sites\/7\/2018\/11\/20181109_111255.jpg\" alt=\"\" width=\"300\" height=\"169\" srcset=\"https:\/\/cloud.alqueria.es\/wp-content\/uploads\/sites\/7\/2018\/11\/20181109_111255.jpg 1024w, https:\/\/cloud.alqueria.es\/wp-content\/uploads\/sites\/7\/2018\/11\/20181109_111255.jpg 300w, https:\/\/cloud.alqueria.es\/wp-content\/uploads\/sites\/7\/2018\/11\/20181109_111255.jpg 768w\" sizes=\"(max-width: 300px) 100vw, 300px\" \/> <img decoding=\"async\" data-attachment-id=\"19086\" data-permalink=\"https:\/\/www.alqueria.es\/blogs\/alqueriasegundociclo\/2018\/11\/10\/semanario-de-3o-semana-del-5-al-9-de-octubre-2\/20181109_111304\/\" data-orig-file=\"https:\/\/cloud.alqueria.es\/wp-content\/uploads\/sites\/7\/2018\/11\/20181109_111304.jpg\" data-orig-size=\"576,1024\" data-comments-opened=\"1\" data-image-meta=\"{&quot;aperture&quot;:&quot;0&quot;,&quot;credit&quot;:&quot;&quot;,&quot;camera&quot;:&quot;&quot;,&quot;caption&quot;:&quot;&quot;,&quot;created_timestamp&quot;:&quot;0&quot;,&quot;copyright&quot;:&quot;&quot;,&quot;focal_length&quot;:&quot;0&quot;,&quot;iso&quot;:&quot;0&quot;,&quot;shutter_speed&quot;:&quot;0&quot;,&quot;title&quot;:&quot;&quot;,&quot;orientation&quot;:&quot;0&quot;}\" data-image-title=\"20181109_111304\" data-image-description=\"\" data-image-caption=\"\" data-large-file=\"https:\/\/cloud.alqueria.es\/wp-content\/uploads\/sites\/7\/2018\/11\/20181109_111304.jpg\" class=\"alignleft wp-image-19086 size-medium\" src=\"https:\/\/cloud.alqueria.es\/wp-content\/uploads\/sites\/7\/2018\/11\/20181109_111304.jpg\" alt=\"\" width=\"169\" height=\"300\" srcset=\"https:\/\/cloud.alqueria.es\/wp-content\/uploads\/sites\/7\/2018\/11\/20181109_111304.jpg 576w, https:\/\/cloud.alqueria.es\/wp-content\/uploads\/sites\/7\/2018\/11\/20181109_111304.jpg 169w\" sizes=\"(max-width: 169px) 100vw, 169px\" \/><\/p>\n<p>&nbsp;<\/p>\n<p>&nbsp;<\/p>\n<p>&nbsp;<\/p>\n<p>&nbsp;<\/p>\n<p>&nbsp;<\/p>\n<p>&nbsp;<\/p>\n<p>&nbsp;<\/p>\n<p>Ni que decir tiene las colecciones de las distintas hojas, flores, tallos\u2026<\/p>\n<p><img decoding=\"async\" data-attachment-id=\"19088\" data-permalink=\"https:\/\/www.alqueria.es\/blogs\/alqueriasegundociclo\/2018\/11\/10\/semanario-de-3o-semana-del-5-al-9-de-octubre-2\/20181105_085305\/\" data-orig-file=\"https:\/\/cloud.alqueria.es\/wp-content\/uploads\/sites\/7\/2018\/11\/20181105_085305.jpg\" data-orig-size=\"576,1024\" data-comments-opened=\"1\" data-image-meta=\"{&quot;aperture&quot;:&quot;0&quot;,&quot;credit&quot;:&quot;&quot;,&quot;camera&quot;:&quot;&quot;,&quot;caption&quot;:&quot;&quot;,&quot;created_timestamp&quot;:&quot;0&quot;,&quot;copyright&quot;:&quot;&quot;,&quot;focal_length&quot;:&quot;0&quot;,&quot;iso&quot;:&quot;0&quot;,&quot;shutter_speed&quot;:&quot;0&quot;,&quot;title&quot;:&quot;&quot;,&quot;orientation&quot;:&quot;0&quot;}\" data-image-title=\"20181105_085305\" data-image-description=\"\" data-image-caption=\"\" data-large-file=\"https:\/\/cloud.alqueria.es\/wp-content\/uploads\/sites\/7\/2018\/11\/20181105_085305.jpg\" class=\"size-thumbnail wp-image-19088 alignright\" src=\"https:\/\/cloud.alqueria.es\/wp-content\/uploads\/sites\/7\/2018\/11\/20181105_085305.jpg\" alt=\"\" width=\"150\" height=\"150\" srcset=\"https:\/\/cloud.alqueria.es\/wp-content\/uploads\/sites\/7\/2018\/11\/20181105_085305.jpg 150w, https:\/\/cloud.alqueria.es\/wp-content\/uploads\/sites\/7\/2018\/11\/20181105_085305.jpg 576w\" sizes=\"(max-width: 150px) 100vw, 150px\" \/><\/p>\n<p>&nbsp;<\/p>\n<p>&nbsp;<\/p>\n<p>&nbsp;<\/p>\n<p>&nbsp;<\/p>\n<p style=\"text-align: center\"><em><span style=\"color: #800080\">Seguro que hab\u00e9is apreciado nuestro rinc\u00f3n de observaci\u00f3n y manipulaci\u00f3n.<\/span><\/em><\/p>\n<p>Agradecemos vuestra colaboraci\u00f3n y participaci\u00f3n en la merienda familiar. Ha sido una \u00a0gran tarde acogedora.<\/p>\n<p>Un saludo.<\/p>\n<p>Juanjo<\/p>\n","protected":false},"excerpt":{"rendered":"<p>Una gran semana de preparaci\u00f3n para la festividad del Oto\u00f1o. La expresi\u00f3n oral. Durante estas dos semanas hemos tenido dos interesantes exposiciones orales sobre los fant\u00e1sticos seres de la mitolog\u00eda griega. Carlos A. nos ha mostrado las caracter\u00edsticas sobre los s\u00e1tiros y ha sido muy interesante aprender qu\u00e9 es ser s\u00e1tiro y las s\u00e1tiras literarias. &hellip; <a href=\"https:\/\/www.alqueria.es\/blogs\/alqueriasegundociclo\/2018\/11\/10\/semanario-de-3o-semana-del-5-al-9-de-octubre-2\/\" class=\"more-link\">Seguir leyendo <span class=\"screen-reader-text\">Semanario de 3\u00ba. Semana del 5 al 9 de octubre<\/span> <span class=\"meta-nav\">&rarr;<\/span><\/a><\/p>\n","protected":false},"author":16,"featured_media":0,"comment_status":"open","ping_status":"open","sticky":false,"template":"","format":"standard","meta":{"jetpack_post_was_ever_published":false,"_jetpack_newsletter_access":"","_jetpack_dont_email_post_to_subs":false,"_jetpack_newsletter_tier_id":0,"_jetpack_memberships_contains_paywalled_content":false,"_jetpack_memberships_contains_paid_content":false,"footnotes":"","jetpack_publicize_message":"","jetpack_publicize_feature_enabled":true,"jetpack_social_post_already_shared":true,"jetpack_social_options":{"image_generator_settings":{"template":"highway","default_image_id":0,"font":"","enabled":false},"version":2}},"categories":[5,84,28,59,65],"tags":[],"class_list":["post-18928","post","type-post","status-publish","format-standard","hentry","category-3o-epo","category-conferencias-de-fantasia","category-lengua-castellana-y-literatura-3o","category-semanario-3o","category-taller-de-fantasia"],"jetpack_publicize_connections":[],"jetpack_featured_media_url":"","jetpack_sharing_enabled":true,"jetpack_shortlink":"https:\/\/wp.me\/p4lw4c-4Vi","_links":{"self":[{"href":"https:\/\/www.alqueria.es\/blogs\/alqueriasegundociclo\/wp-json\/wp\/v2\/posts\/18928","targetHints":{"allow":["GET"]}}],"collection":[{"href":"https:\/\/www.alqueria.es\/blogs\/alqueriasegundociclo\/wp-json\/wp\/v2\/posts"}],"about":[{"href":"https:\/\/www.alqueria.es\/blogs\/alqueriasegundociclo\/wp-json\/wp\/v2\/types\/post"}],"author":[{"embeddable":true,"href":"https:\/\/www.alqueria.es\/blogs\/alqueriasegundociclo\/wp-json\/wp\/v2\/users\/16"}],"replies":[{"embeddable":true,"href":"https:\/\/www.alqueria.es\/blogs\/alqueriasegundociclo\/wp-json\/wp\/v2\/comments?post=18928"}],"version-history":[{"count":0,"href":"https:\/\/www.alqueria.es\/blogs\/alqueriasegundociclo\/wp-json\/wp\/v2\/posts\/18928\/revisions"}],"wp:attachment":[{"href":"https:\/\/www.alqueria.es\/blogs\/alqueriasegundociclo\/wp-json\/wp\/v2\/media?parent=18928"}],"wp:term":[{"taxonomy":"category","embeddable":true,"href":"https:\/\/www.alqueria.es\/blogs\/alqueriasegundociclo\/wp-json\/wp\/v2\/categories?post=18928"},{"taxonomy":"post_tag","embeddable":true,"href":"https:\/\/www.alqueria.es\/blogs\/alqueriasegundociclo\/wp-json\/wp\/v2\/tags?post=18928"}],"curies":[{"name":"wp","href":"https:\/\/api.w.org\/{rel}","templated":true}]}}