{"id":19638,"date":"2019-02-04T19:15:43","date_gmt":"2019-02-04T18:15:43","guid":{"rendered":"https:\/\/www.alqueria.es\/blogs\/alqueriasegundociclo\/?p=19638"},"modified":"2019-02-05T07:16:25","modified_gmt":"2019-02-05T06:16:25","slug":"vinetas-desbordadas-de-sergio-garcia-max-y-ana-merino","status":"publish","type":"post","link":"https:\/\/www.alqueria.es\/blogs\/alqueriasegundociclo\/2019\/02\/04\/vinetas-desbordadas-de-sergio-garcia-max-y-ana-merino\/","title":{"rendered":"\u00abVI\u00d1ETAS DESBORDADAS\u00bb, de Sergio Garc\u00eda, Max y Ana Merino"},"content":{"rendered":"<p>El pasado jueves visitamos el\u00a0<span style=\"color: #ff00ff\"><a style=\"color: #ff00ff\" href=\"http:\/\/www.centroguerrero.es\/\">Centro Jos\u00e9 Guerrero<\/a>,\u00a0<span style=\"color: #333333\">para disfrutar de una maravillosa exposici\u00f3n que est\u00e1 basada en la relaci\u00f3n entre el c\u00f3mic y el museo, permitiendo nuevas posibilidades con el formato: c\u00f3mic de exposici\u00f3n.\u00a0<\/span><\/span><\/p>\n<p><img decoding=\"async\" data-attachment-id=\"19659\" data-permalink=\"https:\/\/www.alqueria.es\/blogs\/alqueriasegundociclo\/2019\/02\/04\/vinetas-desbordadas-de-sergio-garcia-max-y-ana-merino\/img_1749-2\/\" data-orig-file=\"https:\/\/cloud.alqueria.es\/wp-content\/uploads\/sites\/7\/2019\/02\/IMG_1749.jpg\" data-orig-size=\"1024,768\" data-comments-opened=\"1\" data-image-meta=\"{&quot;aperture&quot;:&quot;0&quot;,&quot;credit&quot;:&quot;&quot;,&quot;camera&quot;:&quot;&quot;,&quot;caption&quot;:&quot;&quot;,&quot;created_timestamp&quot;:&quot;0&quot;,&quot;copyright&quot;:&quot;&quot;,&quot;focal_length&quot;:&quot;0&quot;,&quot;iso&quot;:&quot;0&quot;,&quot;shutter_speed&quot;:&quot;0&quot;,&quot;title&quot;:&quot;&quot;,&quot;orientation&quot;:&quot;0&quot;}\" data-image-title=\"IMG_1749\" data-image-description=\"\" data-image-caption=\"\" data-large-file=\"https:\/\/cloud.alqueria.es\/wp-content\/uploads\/sites\/7\/2019\/02\/IMG_1749.jpg\" class=\"alignleft size-full wp-image-19659\" src=\"https:\/\/cloud.alqueria.es\/wp-content\/uploads\/sites\/7\/2019\/02\/IMG_1749.jpg\" alt=\"\" width=\"1024\" height=\"768\" srcset=\"https:\/\/cloud.alqueria.es\/wp-content\/uploads\/sites\/7\/2019\/02\/IMG_1749.jpg 1024w, https:\/\/cloud.alqueria.es\/wp-content\/uploads\/sites\/7\/2019\/02\/IMG_1749.jpg 300w, https:\/\/cloud.alqueria.es\/wp-content\/uploads\/sites\/7\/2019\/02\/IMG_1749.jpg 768w\" sizes=\"(max-width: 1024px) 100vw, 1024px\" \/><\/p>\n<p><span style=\"color: #ff00ff\"><span style=\"color: #333333\">Al llegar nos recibe Pablo, nuestro genial gu\u00eda, que nos acompa\u00f1a para ir sacando ideas sobre lo que vemos, que provoca mediante preguntas. Igualmente nos ofrece el an\u00e1lisis de la obra desde el punto de vista experto.\u00a0<\/span><span style=\"color: #333333\"><span style=\"color: #ff00ff\">\u00a0<span style=\"color: #333333\">La primera pregunta fue <em>\u00ab\u00bfqu\u00e9 es arte contempor\u00e1neo?\u00bb<\/em>, el silencio era protagonista, hasta que alguna valiente dijo&#8230; <em>\u00abel arte que te emociona o que te provoca sentimientos\u00bb.<\/em> Pablo valid\u00f3 esta respuesta, pues cada uno puede vivir y sentir el arte de cualquier forma, a partir de ah\u00ed&#8230; pod\u00e9is imaginar la creatividad en sus intervenciones. Asombroso.<\/span><\/span><\/span><\/span><\/p>\n<p>&nbsp;<\/p>\n<p><img decoding=\"async\" data-attachment-id=\"19642\" data-permalink=\"https:\/\/www.alqueria.es\/blogs\/alqueriasegundociclo\/2019\/02\/04\/vinetas-desbordadas-de-sergio-garcia-max-y-ana-merino\/img_1757-2\/\" data-orig-file=\"https:\/\/cloud.alqueria.es\/wp-content\/uploads\/sites\/7\/2019\/02\/IMG_1757.jpg\" data-orig-size=\"1024,768\" data-comments-opened=\"1\" data-image-meta=\"{&quot;aperture&quot;:&quot;0&quot;,&quot;credit&quot;:&quot;&quot;,&quot;camera&quot;:&quot;&quot;,&quot;caption&quot;:&quot;&quot;,&quot;created_timestamp&quot;:&quot;0&quot;,&quot;copyright&quot;:&quot;&quot;,&quot;focal_length&quot;:&quot;0&quot;,&quot;iso&quot;:&quot;0&quot;,&quot;shutter_speed&quot;:&quot;0&quot;,&quot;title&quot;:&quot;&quot;,&quot;orientation&quot;:&quot;0&quot;}\" data-image-title=\"IMG_1757\" data-image-description=\"\" data-image-caption=\"\" data-large-file=\"https:\/\/cloud.alqueria.es\/wp-content\/uploads\/sites\/7\/2019\/02\/IMG_1757.jpg\" class=\"alignleft size-full wp-image-19642\" src=\"https:\/\/cloud.alqueria.es\/wp-content\/uploads\/sites\/7\/2019\/02\/IMG_1757.jpg\" alt=\"\" width=\"1024\" height=\"768\" srcset=\"https:\/\/cloud.alqueria.es\/wp-content\/uploads\/sites\/7\/2019\/02\/IMG_1757.jpg 1024w, https:\/\/cloud.alqueria.es\/wp-content\/uploads\/sites\/7\/2019\/02\/IMG_1757.jpg 300w, https:\/\/cloud.alqueria.es\/wp-content\/uploads\/sites\/7\/2019\/02\/IMG_1757.jpg 768w\" sizes=\"(max-width: 1024px) 100vw, 1024px\" \/><\/p>\n<p><strong><em><span style=\"color: #333333\">\u00abEl c\u00f3mic ha salido de las p\u00e1ginas, nos explica, ha desbordado y est\u00e1 presente en la sala, en el espacio tridimensional.\u00bb<\/span><\/em><\/strong><\/p>\n<p><img decoding=\"async\" class=\"aligncenter size-full wp-image-5805\" src=\"https:\/\/cloud.alqueria.es\/wp-content\/uploads\/sites\/5\/2019\/01\/Ubrut-personaje-antropomorfo-protagonista-Max_1320778631_93889354_667x375.jpg\" alt=\"\" width=\"667\" height=\"375\" \/><\/p>\n<p>Empezamos con <strong><em><span style=\"color: #333333\"><img decoding=\"async\" data-attachment-id=\"19643\" data-permalink=\"https:\/\/www.alqueria.es\/blogs\/alqueriasegundociclo\/2019\/02\/04\/vinetas-desbordadas-de-sergio-garcia-max-y-ana-merino\/img_1758-3\/\" data-orig-file=\"https:\/\/cloud.alqueria.es\/wp-content\/uploads\/sites\/7\/2019\/02\/IMG_1758.jpg\" data-orig-size=\"1024,768\" data-comments-opened=\"1\" data-image-meta=\"{&quot;aperture&quot;:&quot;0&quot;,&quot;credit&quot;:&quot;&quot;,&quot;camera&quot;:&quot;&quot;,&quot;caption&quot;:&quot;&quot;,&quot;created_timestamp&quot;:&quot;0&quot;,&quot;copyright&quot;:&quot;&quot;,&quot;focal_length&quot;:&quot;0&quot;,&quot;iso&quot;:&quot;0&quot;,&quot;shutter_speed&quot;:&quot;0&quot;,&quot;title&quot;:&quot;&quot;,&quot;orientation&quot;:&quot;0&quot;}\" data-image-title=\"IMG_1758\" data-image-description=\"\" data-image-caption=\"\" data-large-file=\"https:\/\/cloud.alqueria.es\/wp-content\/uploads\/sites\/7\/2019\/02\/IMG_1758.jpg\" class=\"alignleft wp-image-19643\" src=\"https:\/\/cloud.alqueria.es\/wp-content\/uploads\/sites\/7\/2019\/02\/IMG_1758.jpg\" alt=\"\" width=\"230\" height=\"172\" srcset=\"https:\/\/cloud.alqueria.es\/wp-content\/uploads\/sites\/7\/2019\/02\/IMG_1758.jpg 1024w, https:\/\/cloud.alqueria.es\/wp-content\/uploads\/sites\/7\/2019\/02\/IMG_1758.jpg 300w, https:\/\/cloud.alqueria.es\/wp-content\/uploads\/sites\/7\/2019\/02\/IMG_1758.jpg 768w\" sizes=\"(max-width: 230px) 100vw, 230px\" \/><\/span><\/em><\/strong><strong><em>\u00abVida de Ubrut, encargado de mantenimiento\u201d. <\/em><\/strong>Ubrut sale del libro para cuidar la l\u00ednea que atraviesa el edificio, camina sobre ella con sus herramientas, mientras canturrea. Va haciendo todo tipo de tareas para tener la l\u00ednea impecable: su trabajo es tan preciso como las instrucciones que le ha dejado su jefe. Esta historia, que empieza en la planta baja, ocupa la escalera y un parte de la sala de la primera planta, donde ocurre algo asombroso&#8230; de pronto Ubrut se encuentra dialogando con unos personajes que se <img decoding=\"async\" class=\" wp-image-5807 alignright\" src=\"https:\/\/cloud.alqueria.es\/wp-content\/uploads\/sites\/5\/2019\/01\/Principio-historia-Vladimir-Estragon_1320778742_93894578_667x375.jpg\" alt=\"\" width=\"306\" height=\"172\" \/>encuentran en la pared contraria, la historia de <strong>\u00abVladimir y Estrag\u00f3n\u00bb<\/strong>, interact\u00faan, un cuervo y una corneja est\u00e1n esperando a Godot y hartos de la espera deciden salir del libro para buscarlo. Nos encontramos ya en al escalera que nos lleva a la segunda planta, y es entonces cuando Ubrut decide tomar el metro&#8230;<\/p>\n<p>\u00a1Algo fascinante vuelve a ocurrir! Ubrut estaba en el tren de una l\u00ednea de Nueva York. Aparece el primer personaje&#8230; y ahora empieza la obra de Sergio Garc\u00eda.<\/p>\n<p>La sala est\u00e1 dividida en doce secciones, una por cada hora del d\u00eda cotidiano. Es una historia que representa la cotidianidad de cada personaje y c\u00f3mo afrontan la realidad de maneras muy distintas. Todo surge en base a un plano continuo de la ciudad. Los personajes son: un taxista bengal\u00ed apasionado de la fotograf\u00eda y los selfies, una chica dibujante de c\u00f3mics con agorafobia, un m\u00fasico; una elegante se\u00f1ora clept\u00f3mana; un repartidor refugiado; y un anciano con alzheimer que cada d\u00eda revisa las fotograf\u00edas que le cuentan lo que olvida.<\/p>\n<p>Como veis, una exposici\u00f3n muy genial, alejada de lo habitual, con ingeniosa creatividad y arte.<\/p>\n<p>Pablo, les ha hecho pensar, reflexionar y buscar (en las vi\u00f1etas y en sus ideas), acerca de todos los elementos que aparec\u00edan, sobre los personajes y las historias de cada unos de ellos. Impresionante lo que hay en la sala.<\/p>\n<p>Como estamos absolutamente fascinados con la exposici\u00f3n, no podemos dejar de ver una pel\u00edcula que muestra el proceso de producci\u00f3n de Sergio Garc\u00eda para esta obra, desde el folio en blanco al resultado final. Han sido 500 horas de trabajo, aunque aqu\u00ed est\u00e1n a c\u00e1mara r\u00e1pida que se recogen en 3 horas.<\/p>\n<p>Muchas gracias a Pablo por guiarnos en estas historias, en este nuevo concepto de c\u00f3mic, de arte.<\/p>\n<p>Os recomiendo la visita en familia, ten\u00e9is muy cerca unos buenos gu\u00edas.<\/p>\n<p class=\"jetpack-slideshow-noscript robots-nocontent\">El pase de diapositivas requiere JavaScript.<\/p><div id=\"gallery-19638-1-slideshow\" class=\"jetpack-slideshow-window jetpack-slideshow jetpack-slideshow-black\" data-trans=\"fade\" data-autostart=\"1\" data-gallery=\"[{&quot;src&quot;:&quot;https:\\\/\\\/cloud.alqueria.es\\\/wp-content\\\/uploads\\\/sites\\\/7\\\/2019\\\/02\\\/IMG_1788.jpg&quot;,&quot;id&quot;:&quot;19656&quot;,&quot;title&quot;:&quot;IMG_1788&quot;,&quot;alt&quot;:&quot;&quot;,&quot;caption&quot;:&quot;&quot;,&quot;itemprop&quot;:&quot;image&quot;},{&quot;src&quot;:&quot;https:\\\/\\\/cloud.alqueria.es\\\/wp-content\\\/uploads\\\/sites\\\/7\\\/2019\\\/02\\\/IMG_1786.jpg&quot;,&quot;id&quot;:&quot;19655&quot;,&quot;title&quot;:&quot;IMG_1786&quot;,&quot;alt&quot;:&quot;&quot;,&quot;caption&quot;:&quot;&quot;,&quot;itemprop&quot;:&quot;image&quot;},{&quot;src&quot;:&quot;https:\\\/\\\/cloud.alqueria.es\\\/wp-content\\\/uploads\\\/sites\\\/7\\\/2019\\\/02\\\/IMG_1785.jpg&quot;,&quot;id&quot;:&quot;19654&quot;,&quot;title&quot;:&quot;IMG_1785&quot;,&quot;alt&quot;:&quot;&quot;,&quot;caption&quot;:&quot;&quot;,&quot;itemprop&quot;:&quot;image&quot;},{&quot;src&quot;:&quot;https:\\\/\\\/cloud.alqueria.es\\\/wp-content\\\/uploads\\\/sites\\\/7\\\/2019\\\/02\\\/IMG_1784.jpg&quot;,&quot;id&quot;:&quot;19653&quot;,&quot;title&quot;:&quot;IMG_1784&quot;,&quot;alt&quot;:&quot;&quot;,&quot;caption&quot;:&quot;&quot;,&quot;itemprop&quot;:&quot;image&quot;},{&quot;src&quot;:&quot;https:\\\/\\\/cloud.alqueria.es\\\/wp-content\\\/uploads\\\/sites\\\/7\\\/2019\\\/02\\\/IMG_1781.jpg&quot;,&quot;id&quot;:&quot;19652&quot;,&quot;title&quot;:&quot;IMG_1781&quot;,&quot;alt&quot;:&quot;&quot;,&quot;caption&quot;:&quot;&quot;,&quot;itemprop&quot;:&quot;image&quot;},{&quot;src&quot;:&quot;https:\\\/\\\/cloud.alqueria.es\\\/wp-content\\\/uploads\\\/sites\\\/7\\\/2019\\\/02\\\/IMG_1773.jpg&quot;,&quot;id&quot;:&quot;19651&quot;,&quot;title&quot;:&quot;IMG_1773&quot;,&quot;alt&quot;:&quot;&quot;,&quot;caption&quot;:&quot;&quot;,&quot;itemprop&quot;:&quot;image&quot;},{&quot;src&quot;:&quot;https:\\\/\\\/cloud.alqueria.es\\\/wp-content\\\/uploads\\\/sites\\\/7\\\/2019\\\/02\\\/IMG_1762.jpg&quot;,&quot;id&quot;:&quot;19645&quot;,&quot;title&quot;:&quot;IMG_1762&quot;,&quot;alt&quot;:&quot;&quot;,&quot;caption&quot;:&quot;&quot;,&quot;itemprop&quot;:&quot;image&quot;},{&quot;src&quot;:&quot;https:\\\/\\\/cloud.alqueria.es\\\/wp-content\\\/uploads\\\/sites\\\/7\\\/2019\\\/02\\\/IMG_1763.jpg&quot;,&quot;id&quot;:&quot;19646&quot;,&quot;title&quot;:&quot;IMG_1763&quot;,&quot;alt&quot;:&quot;&quot;,&quot;caption&quot;:&quot;&quot;,&quot;itemprop&quot;:&quot;image&quot;},{&quot;src&quot;:&quot;https:\\\/\\\/cloud.alqueria.es\\\/wp-content\\\/uploads\\\/sites\\\/7\\\/2019\\\/02\\\/IMG_1766.jpg&quot;,&quot;id&quot;:&quot;19648&quot;,&quot;title&quot;:&quot;IMG_1766&quot;,&quot;alt&quot;:&quot;&quot;,&quot;caption&quot;:&quot;&quot;,&quot;itemprop&quot;:&quot;image&quot;},{&quot;src&quot;:&quot;https:\\\/\\\/cloud.alqueria.es\\\/wp-content\\\/uploads\\\/sites\\\/7\\\/2019\\\/02\\\/IMG_1768.jpg&quot;,&quot;id&quot;:&quot;19649&quot;,&quot;title&quot;:&quot;IMG_1768&quot;,&quot;alt&quot;:&quot;&quot;,&quot;caption&quot;:&quot;&quot;,&quot;itemprop&quot;:&quot;image&quot;},{&quot;src&quot;:&quot;https:\\\/\\\/cloud.alqueria.es\\\/wp-content\\\/uploads\\\/sites\\\/7\\\/2019\\\/02\\\/IMG_1769.jpg&quot;,&quot;id&quot;:&quot;19650&quot;,&quot;title&quot;:&quot;IMG_1769&quot;,&quot;alt&quot;:&quot;&quot;,&quot;caption&quot;:&quot;&quot;,&quot;itemprop&quot;:&quot;image&quot;},{&quot;src&quot;:&quot;https:\\\/\\\/cloud.alqueria.es\\\/wp-content\\\/uploads\\\/sites\\\/7\\\/2019\\\/02\\\/IMG_1759.jpg&quot;,&quot;id&quot;:&quot;19644&quot;,&quot;title&quot;:&quot;IMG_1759&quot;,&quot;alt&quot;:&quot;&quot;,&quot;caption&quot;:&quot;&quot;,&quot;itemprop&quot;:&quot;image&quot;},{&quot;src&quot;:&quot;https:\\\/\\\/cloud.alqueria.es\\\/wp-content\\\/uploads\\\/sites\\\/7\\\/2019\\\/02\\\/IMG_1753.jpg&quot;,&quot;id&quot;:&quot;19641&quot;,&quot;title&quot;:&quot;IMG_1753&quot;,&quot;alt&quot;:&quot;&quot;,&quot;caption&quot;:&quot;&quot;,&quot;itemprop&quot;:&quot;image&quot;}]\" itemscope itemtype=\"https:\/\/schema.org\/ImageGallery\"><\/div>\n<p>Laura<\/p>\n<div id=\"gallery-5800-1-slideshow\" class=\"slideshow-window jetpack-slideshow slideshow-black\">\n<div class=\"slideshow-slide\">\n<p><span class=\"slideshow-line-height-hack\">\u00a0<\/span><\/p>\n<div class=\"slideshow-slide-caption\"><\/div>\n<\/div>\n<div class=\"slideshow-controls\"><\/div>\n<\/div>\n<p>&nbsp;<\/p>\n<p>&nbsp;<\/p>\n","protected":false},"excerpt":{"rendered":"<p>El pasado jueves visitamos el\u00a0Centro Jos\u00e9 Guerrero,\u00a0para disfrutar de una maravillosa exposici\u00f3n que est\u00e1 basada en la relaci\u00f3n entre el c\u00f3mic y el museo, permitiendo nuevas posibilidades con el formato: c\u00f3mic de exposici\u00f3n.\u00a0 Al llegar nos recibe Pablo, nuestro genial gu\u00eda, que nos acompa\u00f1a para ir sacando ideas sobre lo que vemos, que provoca mediante &hellip; <a href=\"https:\/\/www.alqueria.es\/blogs\/alqueriasegundociclo\/2019\/02\/04\/vinetas-desbordadas-de-sergio-garcia-max-y-ana-merino\/\" class=\"more-link\">Seguir leyendo <span class=\"screen-reader-text\">\u00abVI\u00d1ETAS DESBORDADAS\u00bb, de Sergio Garc\u00eda, Max y Ana Merino<\/span> <span class=\"meta-nav\">&rarr;<\/span><\/a><\/p>\n","protected":false},"author":16,"featured_media":0,"comment_status":"open","ping_status":"open","sticky":false,"template":"","format":"standard","meta":{"jetpack_post_was_ever_published":false,"_jetpack_newsletter_access":"","_jetpack_dont_email_post_to_subs":false,"_jetpack_newsletter_tier_id":0,"_jetpack_memberships_contains_paywalled_content":false,"_jetpack_memberships_contains_paid_content":false,"footnotes":"","jetpack_publicize_message":"","jetpack_publicize_feature_enabled":true,"jetpack_social_post_already_shared":true,"jetpack_social_options":{"image_generator_settings":{"template":"highway","default_image_id":0,"font":"","enabled":false},"version":2}},"categories":[57],"tags":[442,441,440,439],"class_list":["post-19638","post","type-post","status-publish","format-standard","hentry","category-salidas","tag-centro-jose-guerrero","tag-max","tag-sergio-garcia","tag-vinetas-desbordadas"],"jetpack_publicize_connections":[],"jetpack_featured_media_url":"","jetpack_sharing_enabled":true,"jetpack_shortlink":"https:\/\/wp.me\/p4lw4c-56K","_links":{"self":[{"href":"https:\/\/www.alqueria.es\/blogs\/alqueriasegundociclo\/wp-json\/wp\/v2\/posts\/19638","targetHints":{"allow":["GET"]}}],"collection":[{"href":"https:\/\/www.alqueria.es\/blogs\/alqueriasegundociclo\/wp-json\/wp\/v2\/posts"}],"about":[{"href":"https:\/\/www.alqueria.es\/blogs\/alqueriasegundociclo\/wp-json\/wp\/v2\/types\/post"}],"author":[{"embeddable":true,"href":"https:\/\/www.alqueria.es\/blogs\/alqueriasegundociclo\/wp-json\/wp\/v2\/users\/16"}],"replies":[{"embeddable":true,"href":"https:\/\/www.alqueria.es\/blogs\/alqueriasegundociclo\/wp-json\/wp\/v2\/comments?post=19638"}],"version-history":[{"count":0,"href":"https:\/\/www.alqueria.es\/blogs\/alqueriasegundociclo\/wp-json\/wp\/v2\/posts\/19638\/revisions"}],"wp:attachment":[{"href":"https:\/\/www.alqueria.es\/blogs\/alqueriasegundociclo\/wp-json\/wp\/v2\/media?parent=19638"}],"wp:term":[{"taxonomy":"category","embeddable":true,"href":"https:\/\/www.alqueria.es\/blogs\/alqueriasegundociclo\/wp-json\/wp\/v2\/categories?post=19638"},{"taxonomy":"post_tag","embeddable":true,"href":"https:\/\/www.alqueria.es\/blogs\/alqueriasegundociclo\/wp-json\/wp\/v2\/tags?post=19638"}],"curies":[{"name":"wp","href":"https:\/\/api.w.org\/{rel}","templated":true}]}}