{"id":19952,"date":"2019-03-06T13:19:42","date_gmt":"2019-03-06T12:19:42","guid":{"rendered":"https:\/\/www.alqueria.es\/blogs\/alqueriasegundociclo\/?p=19952"},"modified":"2019-03-06T13:19:42","modified_gmt":"2019-03-06T12:19:42","slug":"todo-lo-que-ocurrio-antes","status":"publish","type":"post","link":"https:\/\/www.alqueria.es\/blogs\/alqueriasegundociclo\/2019\/03\/06\/todo-lo-que-ocurrio-antes\/","title":{"rendered":"Todo lo que ocurri\u00f3 antes&#8230;"},"content":{"rendered":"<p>Hola familias,<\/p>\n<p>tras unos d\u00edas ausentes (ha habido problemas t\u00e9cnicos ajenos al centro que han impedido el acceso a los blogs), os pongo la entrada que estaba prevista para la semana pasada.<\/p>\n<p>Despu\u00e9s de una intensa Semana Cultural en la que vuestros hijos, junto al resto de grupos de primaria y algunos momentos puntuales con infantil, disfrutaron y aprendieron con una bater\u00eda de actividades de los m\u00e1s diversas y creativas&#8230; volvemos a nuestra \u00abrutina\u00bb (aunque de rutina no tiene nada, ya sab\u00e9is c\u00f3mo nos organizamos para que el aprendizaje est\u00e9 cargado de motivaci\u00f3n).<\/p>\n<p>Puesto que fue una semana muy cortita, voy a aprovechar esta entrada del blog para contaros un poquito (ser\u00eda imposible hacer una descripci\u00f3n pormenorizada) cu\u00e1les han sido los trabajos previos a esta Semana Cultural que se han realizado en el grupo de 4\u00ba. Os puedo asegurar que han hecho un gran trabajo en todos y cada uno de las actividades, han puesto mucho entusiasmo y se han sentido orgullosos de los procesos y, como no, de los resultados, hayan sido visibles y expuestos o hayan quedado en la retina y la experiencia personal. Todos han trabajado sus potencialidades, superando dificultades y avanzando en su propio proceso de aprendizaje, descubriendo en muchos casos que son capaces de hacer m\u00e1s de lo que pensaban previamente, ese es el verdadero valor.<\/p>\n<p>Como os coment\u00e9, decidimos que nuestro trabajo sobre el agua iba a ir encaminado a la parte art\u00edstica, por ello trabajamos sobre distintas disciplinas&#8230;FOTOGRAF\u00cdA, PINTURA, LITERATURA, M\u00daSICA&#8230;<\/p>\n<p><strong><span style=\"color: #0000ff\">EXPOSICI\u00d3N FOTAGUA<\/span><\/strong><\/p>\n<p>Llegaron a clase fotograf\u00edas sobre agua en movimiento de personas cercanas a Raquel y Rafa. Tras observarlas con cierto detenimiento, par\u00e1ndonos en los detalles e intentando analizar la intenci\u00f3n del autor y la forma en que pod\u00eda haber capturado dicho momento&#8230; nos animamos y decidimos que se iban a convertir en fot\u00f3grafos.<\/p>\n<p>Tras unos primeros ensayos con las tablets donde se decid\u00eda el escenario, el enfoque, la distancia, los materiales&#8230; lleg\u00f3 la hora de hacer las fotos finales, con ayuda de una c\u00e1mara m\u00e1s adecuada cada uno pudo tomar el instante que deseaba. En unos casos la fotograf\u00eda es un fiel reflejo de lo que quer\u00edan, en otros sucedi\u00f3 mientras buscaban&#8230; El resultado, ya lo hab\u00e9is podido disfrutar.<\/p>\n<p>&nbsp;<\/p>\n<p><strong><span style=\"color: #0000ff\">CU\u00c9NTAME UN CUADRO<\/span><\/strong><\/p>\n<p><span style=\"color: #333333\">Cada uno eligi\u00f3 un cuadro con tem\u00e1tica del agua. Para ello consultaron internet y varios libros como <em>\u00abEl agua en la pintura andaluza. Realidades del agua en Andaluc\u00eda. Reflejos del agua en la pintura andaluza\u00bb.<\/em><\/span><\/p>\n<p>Una vez seleccionaron el que m\u00e1s les gust\u00f3, lleg\u00f3 la hora de la investigaci\u00f3n. El aula de inform\u00e1tica casi se \u00abinunda\u00bb, las pantallas no hac\u00edan m\u00e1s que mostrar obras de arte y de sus autores, la biograf\u00eda y datos relevantes de ambos.<\/p>\n<div class=\"tiled-gallery type-square tiled-gallery-unresized\" data-original-width=\"474\" data-carousel-extra='{&quot;blog_id&quot;:7,&quot;permalink&quot;:&quot;https:\\\/\\\/www.alqueria.es\\\/blogs\\\/alqueriasegundociclo\\\/2019\\\/03\\\/06\\\/todo-lo-que-ocurrio-antes\\\/&quot;,&quot;likes_blog_id&quot;:64233500}' itemscope itemtype=\"http:\/\/schema.org\/ImageGallery\" > <div class=\"gallery-row\" style=\"width: 474px; height: 237px;\" data-original-width=\"474\" data-original-height=\"237\" > <div class=\"gallery-group\" style=\"width: 237px; height: 237px;\" data-original-width=\"237\" data-original-height=\"237\" > <div class=\"tiled-gallery-item \" itemprop=\"associatedMedia\" itemscope itemtype=\"http:\/\/schema.org\/ImageObject\"> <meta itemprop=\"width\" content=\"233\"> <meta itemprop=\"height\" content=\"233\"> <img decoding=\"async\" class=\"\" data-attachment-id=\"20024\" data-orig-file=\"https:\/\/cloud.alqueria.es\/wp-content\/uploads\/sites\/7\/2019\/03\/vistas-san-juan-de-luz.jpg\" data-orig-size=\"980,738\" data-comments-opened=\"1\" data-image-meta=\"{&quot;aperture&quot;:&quot;0&quot;,&quot;credit&quot;:&quot;&quot;,&quot;camera&quot;:&quot;&quot;,&quot;caption&quot;:&quot;&quot;,&quot;created_timestamp&quot;:&quot;0&quot;,&quot;copyright&quot;:&quot;&quot;,&quot;focal_length&quot;:&quot;0&quot;,&quot;iso&quot;:&quot;0&quot;,&quot;shutter_speed&quot;:&quot;0&quot;,&quot;title&quot;:&quot;&quot;,&quot;orientation&quot;:&quot;0&quot;}\" data-image-title=\"vistas-san-juan-de-luz\" data-image-description=\"\" data-medium-file=\"https:\/\/cloud.alqueria.es\/wp-content\/uploads\/sites\/7\/2019\/03\/vistas-san-juan-de-luz-300x226.jpg\" data-large-file=\"https:\/\/cloud.alqueria.es\/wp-content\/uploads\/sites\/7\/2019\/03\/vistas-san-juan-de-luz.jpg\" src=\"https:\/\/i0.wp.com\/cloud.alqueria.es\/wp-content\/uploads\/sites\/7\/2019\/03\/vistas-san-juan-de-luz.jpg?w=233&#038;h=233&#038;crop=1&#038;ssl=1\" width=\"233\" height=\"233\" loading=\"lazy\" data-original-width=\"233\" data-original-height=\"233\" itemprop=\"http:\/\/schema.org\/image\" title=\"vistas-san-juan-de-luz\" alt=\"vistas-san-juan-de-luz\" style=\"width: 233px; height: 233px;\" \/> <\/div> <\/div> <div class=\"gallery-group\" style=\"width: 237px; height: 237px;\" data-original-width=\"237\" data-original-height=\"237\" > <div class=\"tiled-gallery-item \" itemprop=\"associatedMedia\" itemscope itemtype=\"http:\/\/schema.org\/ImageObject\"> <meta itemprop=\"width\" content=\"233\"> <meta itemprop=\"height\" content=\"233\"> <img decoding=\"async\" class=\"\" data-attachment-id=\"20023\" data-orig-file=\"https:\/\/cloud.alqueria.es\/wp-content\/uploads\/sites\/7\/2019\/03\/tormenta-en-el-mar-de-galilea.jpg\" data-orig-size=\"259,194\" data-comments-opened=\"1\" data-image-meta=\"{&quot;aperture&quot;:&quot;0&quot;,&quot;credit&quot;:&quot;&quot;,&quot;camera&quot;:&quot;&quot;,&quot;caption&quot;:&quot;&quot;,&quot;created_timestamp&quot;:&quot;0&quot;,&quot;copyright&quot;:&quot;&quot;,&quot;focal_length&quot;:&quot;0&quot;,&quot;iso&quot;:&quot;0&quot;,&quot;shutter_speed&quot;:&quot;0&quot;,&quot;title&quot;:&quot;&quot;,&quot;orientation&quot;:&quot;0&quot;}\" data-image-title=\"tormenta-en-el-mar-de-galilea\" data-image-description=\"\" data-medium-file=\"https:\/\/cloud.alqueria.es\/wp-content\/uploads\/sites\/7\/2019\/03\/tormenta-en-el-mar-de-galilea.jpg\" data-large-file=\"https:\/\/cloud.alqueria.es\/wp-content\/uploads\/sites\/7\/2019\/03\/tormenta-en-el-mar-de-galilea.jpg\" src=\"https:\/\/i0.wp.com\/cloud.alqueria.es\/wp-content\/uploads\/sites\/7\/2019\/03\/tormenta-en-el-mar-de-galilea.jpg?w=233&#038;h=233&#038;crop=1&#038;ssl=1\" width=\"233\" height=\"233\" loading=\"lazy\" data-original-width=\"233\" data-original-height=\"233\" itemprop=\"http:\/\/schema.org\/image\" title=\"tormenta-en-el-mar-de-galilea\" alt=\"tormenta-en-el-mar-de-galilea\" style=\"width: 233px; height: 233px;\" \/> <\/div> <\/div> <\/div> <div class=\"gallery-row\" style=\"width: 474px; height: 158px;\" data-original-width=\"474\" data-original-height=\"158\" > <div class=\"gallery-group\" style=\"width: 158px; height: 158px;\" data-original-width=\"158\" data-original-height=\"158\" > <div class=\"tiled-gallery-item \" itemprop=\"associatedMedia\" itemscope itemtype=\"http:\/\/schema.org\/ImageObject\"> <meta itemprop=\"width\" content=\"154\"> <meta itemprop=\"height\" content=\"154\"> <img decoding=\"async\" class=\"\" data-attachment-id=\"20022\" data-orig-file=\"https:\/\/cloud.alqueria.es\/wp-content\/uploads\/sites\/7\/2019\/03\/sombra-de-agua.jpg\" data-orig-size=\"450,334\" data-comments-opened=\"1\" data-image-meta=\"{&quot;aperture&quot;:&quot;0&quot;,&quot;credit&quot;:&quot;&quot;,&quot;camera&quot;:&quot;&quot;,&quot;caption&quot;:&quot;&quot;,&quot;created_timestamp&quot;:&quot;0&quot;,&quot;copyright&quot;:&quot;&quot;,&quot;focal_length&quot;:&quot;0&quot;,&quot;iso&quot;:&quot;0&quot;,&quot;shutter_speed&quot;:&quot;0&quot;,&quot;title&quot;:&quot;&quot;,&quot;orientation&quot;:&quot;0&quot;}\" data-image-title=\"sombra-de-agua\" data-image-description=\"\" data-medium-file=\"https:\/\/cloud.alqueria.es\/wp-content\/uploads\/sites\/7\/2019\/03\/sombra-de-agua-300x223.jpg\" data-large-file=\"https:\/\/cloud.alqueria.es\/wp-content\/uploads\/sites\/7\/2019\/03\/sombra-de-agua.jpg\" src=\"https:\/\/i0.wp.com\/cloud.alqueria.es\/wp-content\/uploads\/sites\/7\/2019\/03\/sombra-de-agua.jpg?w=154&#038;h=154&#038;crop=1&#038;ssl=1\" width=\"154\" height=\"154\" loading=\"lazy\" data-original-width=\"154\" data-original-height=\"154\" itemprop=\"http:\/\/schema.org\/image\" title=\"sombra-de-agua\" alt=\"sombra-de-agua\" style=\"width: 154px; height: 154px;\" \/> <\/div> <\/div> <div class=\"gallery-group\" style=\"width: 158px; height: 158px;\" data-original-width=\"158\" data-original-height=\"158\" > <div class=\"tiled-gallery-item \" itemprop=\"associatedMedia\" itemscope itemtype=\"http:\/\/schema.org\/ImageObject\"> <meta itemprop=\"width\" content=\"154\"> <meta itemprop=\"height\" content=\"154\"> <img decoding=\"async\" class=\"\" data-attachment-id=\"20021\" data-orig-file=\"https:\/\/cloud.alqueria.es\/wp-content\/uploads\/sites\/7\/2019\/03\/regata-en-argeneteuil.jpg\" data-orig-size=\"1024,662\" data-comments-opened=\"1\" data-image-meta=\"{&quot;aperture&quot;:&quot;0&quot;,&quot;credit&quot;:&quot;&quot;,&quot;camera&quot;:&quot;&quot;,&quot;caption&quot;:&quot;&quot;,&quot;created_timestamp&quot;:&quot;0&quot;,&quot;copyright&quot;:&quot;&quot;,&quot;focal_length&quot;:&quot;0&quot;,&quot;iso&quot;:&quot;0&quot;,&quot;shutter_speed&quot;:&quot;0&quot;,&quot;title&quot;:&quot;&quot;,&quot;orientation&quot;:&quot;0&quot;}\" data-image-title=\"regata-en-argeneteuil\" data-image-description=\"\" data-medium-file=\"https:\/\/cloud.alqueria.es\/wp-content\/uploads\/sites\/7\/2019\/03\/regata-en-argeneteuil-300x194.jpg\" data-large-file=\"https:\/\/cloud.alqueria.es\/wp-content\/uploads\/sites\/7\/2019\/03\/regata-en-argeneteuil.jpg\" src=\"https:\/\/i0.wp.com\/cloud.alqueria.es\/wp-content\/uploads\/sites\/7\/2019\/03\/regata-en-argeneteuil.jpg?w=154&#038;h=154&#038;crop=1&#038;ssl=1\" width=\"154\" height=\"154\" loading=\"lazy\" data-original-width=\"154\" data-original-height=\"154\" itemprop=\"http:\/\/schema.org\/image\" title=\"regata-en-argeneteuil\" alt=\"regata-en-argeneteuil\" style=\"width: 154px; height: 154px;\" \/> <\/div> <\/div> <div class=\"gallery-group\" style=\"width: 158px; height: 158px;\" data-original-width=\"158\" data-original-height=\"158\" > <div class=\"tiled-gallery-item \" itemprop=\"associatedMedia\" itemscope itemtype=\"http:\/\/schema.org\/ImageObject\"> <meta itemprop=\"width\" content=\"154\"> <meta itemprop=\"height\" content=\"154\"> <img decoding=\"async\" class=\"\" data-attachment-id=\"20017\" data-orig-file=\"https:\/\/cloud.alqueria.es\/wp-content\/uploads\/sites\/7\/2019\/03\/Monet-Impresion-sol-naciente.jpg\" data-orig-size=\"1024,784\" data-comments-opened=\"1\" data-image-meta=\"{&quot;aperture&quot;:&quot;0&quot;,&quot;credit&quot;:&quot;&quot;,&quot;camera&quot;:&quot;&quot;,&quot;caption&quot;:&quot;&quot;,&quot;created_timestamp&quot;:&quot;0&quot;,&quot;copyright&quot;:&quot;&quot;,&quot;focal_length&quot;:&quot;0&quot;,&quot;iso&quot;:&quot;0&quot;,&quot;shutter_speed&quot;:&quot;0&quot;,&quot;title&quot;:&quot;&quot;,&quot;orientation&quot;:&quot;0&quot;}\" data-image-title=\"Monet-Impresion-sol-naciente\" data-image-description=\"\" data-medium-file=\"https:\/\/cloud.alqueria.es\/wp-content\/uploads\/sites\/7\/2019\/03\/Monet-Impresion-sol-naciente-300x230.jpg\" data-large-file=\"https:\/\/cloud.alqueria.es\/wp-content\/uploads\/sites\/7\/2019\/03\/Monet-Impresion-sol-naciente.jpg\" src=\"https:\/\/i0.wp.com\/cloud.alqueria.es\/wp-content\/uploads\/sites\/7\/2019\/03\/Monet-Impresion-sol-naciente.jpg?w=154&#038;h=154&#038;crop=1&#038;ssl=1\" width=\"154\" height=\"154\" loading=\"lazy\" data-original-width=\"154\" data-original-height=\"154\" itemprop=\"http:\/\/schema.org\/image\" title=\"Monet-Impresion-sol-naciente\" alt=\"Monet-Impresion-sol-naciente\" style=\"width: 154px; height: 154px;\" \/> <\/div> <\/div> <\/div> <div class=\"gallery-row\" style=\"width: 474px; height: 158px;\" data-original-width=\"474\" data-original-height=\"158\" > <div class=\"gallery-group\" style=\"width: 158px; height: 158px;\" data-original-width=\"158\" data-original-height=\"158\" > <div class=\"tiled-gallery-item \" itemprop=\"associatedMedia\" itemscope itemtype=\"http:\/\/schema.org\/ImageObject\"> <meta itemprop=\"width\" content=\"154\"> <meta itemprop=\"height\" content=\"154\"> <img decoding=\"async\" class=\"\" data-attachment-id=\"20018\" data-orig-file=\"https:\/\/cloud.alqueria.es\/wp-content\/uploads\/sites\/7\/2019\/03\/nacimiento-venus.jpg\" data-orig-size=\"916,596\" data-comments-opened=\"1\" data-image-meta=\"{&quot;aperture&quot;:&quot;0&quot;,&quot;credit&quot;:&quot;&quot;,&quot;camera&quot;:&quot;&quot;,&quot;caption&quot;:&quot;&quot;,&quot;created_timestamp&quot;:&quot;0&quot;,&quot;copyright&quot;:&quot;&quot;,&quot;focal_length&quot;:&quot;0&quot;,&quot;iso&quot;:&quot;0&quot;,&quot;shutter_speed&quot;:&quot;0&quot;,&quot;title&quot;:&quot;&quot;,&quot;orientation&quot;:&quot;0&quot;}\" data-image-title=\"nacimiento-venus\" data-image-description=\"\" data-medium-file=\"https:\/\/cloud.alqueria.es\/wp-content\/uploads\/sites\/7\/2019\/03\/nacimiento-venus-300x195.jpg\" data-large-file=\"https:\/\/cloud.alqueria.es\/wp-content\/uploads\/sites\/7\/2019\/03\/nacimiento-venus.jpg\" src=\"https:\/\/i0.wp.com\/cloud.alqueria.es\/wp-content\/uploads\/sites\/7\/2019\/03\/nacimiento-venus.jpg?w=154&#038;h=154&#038;crop=1&#038;ssl=1\" width=\"154\" height=\"154\" loading=\"lazy\" data-original-width=\"154\" data-original-height=\"154\" itemprop=\"http:\/\/schema.org\/image\" title=\"nacimiento-venus\" alt=\"nacimiento-venus\" style=\"width: 154px; height: 154px;\" \/> <\/div> <\/div> <div class=\"gallery-group\" style=\"width: 158px; height: 158px;\" data-original-width=\"158\" data-original-height=\"158\" > <div class=\"tiled-gallery-item \" itemprop=\"associatedMedia\" itemscope itemtype=\"http:\/\/schema.org\/ImageObject\"> <meta itemprop=\"width\" content=\"154\"> <meta itemprop=\"height\" content=\"154\"> <img decoding=\"async\" class=\"\" data-attachment-id=\"20019\" data-orig-file=\"https:\/\/cloud.alqueria.es\/wp-content\/uploads\/sites\/7\/2019\/03\/noche-estrellada.jpg\" data-orig-size=\"305,165\" data-comments-opened=\"1\" data-image-meta=\"{&quot;aperture&quot;:&quot;0&quot;,&quot;credit&quot;:&quot;&quot;,&quot;camera&quot;:&quot;&quot;,&quot;caption&quot;:&quot;&quot;,&quot;created_timestamp&quot;:&quot;0&quot;,&quot;copyright&quot;:&quot;&quot;,&quot;focal_length&quot;:&quot;0&quot;,&quot;iso&quot;:&quot;0&quot;,&quot;shutter_speed&quot;:&quot;0&quot;,&quot;title&quot;:&quot;&quot;,&quot;orientation&quot;:&quot;0&quot;}\" data-image-title=\"noche-estrellada\" data-image-description=\"\" data-medium-file=\"https:\/\/cloud.alqueria.es\/wp-content\/uploads\/sites\/7\/2019\/03\/noche-estrellada-300x162.jpg\" data-large-file=\"https:\/\/cloud.alqueria.es\/wp-content\/uploads\/sites\/7\/2019\/03\/noche-estrellada.jpg\" src=\"https:\/\/i0.wp.com\/cloud.alqueria.es\/wp-content\/uploads\/sites\/7\/2019\/03\/noche-estrellada.jpg?w=154&#038;h=154&#038;crop=1&#038;ssl=1\" width=\"154\" height=\"154\" loading=\"lazy\" data-original-width=\"154\" data-original-height=\"154\" itemprop=\"http:\/\/schema.org\/image\" title=\"noche-estrellada\" alt=\"noche-estrellada\" style=\"width: 154px; height: 154px;\" \/> <\/div> <\/div> <div class=\"gallery-group\" style=\"width: 158px; height: 158px;\" data-original-width=\"158\" data-original-height=\"158\" > <div class=\"tiled-gallery-item \" itemprop=\"associatedMedia\" itemscope itemtype=\"http:\/\/schema.org\/ImageObject\"> <meta itemprop=\"width\" content=\"154\"> <meta itemprop=\"height\" content=\"154\"> <img decoding=\"async\" class=\"\" data-attachment-id=\"20020\" data-orig-file=\"https:\/\/cloud.alqueria.es\/wp-content\/uploads\/sites\/7\/2019\/03\/paseo-orillas-mar.jpg\" data-orig-size=\"998,1024\" data-comments-opened=\"1\" data-image-meta=\"{&quot;aperture&quot;:&quot;0&quot;,&quot;credit&quot;:&quot;&quot;,&quot;camera&quot;:&quot;&quot;,&quot;caption&quot;:&quot;&quot;,&quot;created_timestamp&quot;:&quot;0&quot;,&quot;copyright&quot;:&quot;&quot;,&quot;focal_length&quot;:&quot;0&quot;,&quot;iso&quot;:&quot;0&quot;,&quot;shutter_speed&quot;:&quot;0&quot;,&quot;title&quot;:&quot;&quot;,&quot;orientation&quot;:&quot;0&quot;}\" data-image-title=\"paseo-orillas-mar\" data-image-description=\"\" data-medium-file=\"https:\/\/cloud.alqueria.es\/wp-content\/uploads\/sites\/7\/2019\/03\/paseo-orillas-mar-292x300.jpg\" data-large-file=\"https:\/\/cloud.alqueria.es\/wp-content\/uploads\/sites\/7\/2019\/03\/paseo-orillas-mar.jpg\" src=\"https:\/\/i0.wp.com\/cloud.alqueria.es\/wp-content\/uploads\/sites\/7\/2019\/03\/paseo-orillas-mar.jpg?w=154&#038;h=154&#038;crop=1&#038;ssl=1\" width=\"154\" height=\"154\" loading=\"lazy\" data-original-width=\"154\" data-original-height=\"154\" itemprop=\"http:\/\/schema.org\/image\" title=\"paseo-orillas-mar\" alt=\"paseo-orillas-mar\" style=\"width: 154px; height: 154px;\" \/> <\/div> <\/div> <\/div> <div class=\"gallery-row\" style=\"width: 474px; height: 158px;\" data-original-width=\"474\" data-original-height=\"158\" > <div class=\"gallery-group\" style=\"width: 158px; height: 158px;\" data-original-width=\"158\" data-original-height=\"158\" > <div class=\"tiled-gallery-item \" itemprop=\"associatedMedia\" itemscope itemtype=\"http:\/\/schema.org\/ImageObject\"> <meta itemprop=\"width\" content=\"154\"> <meta itemprop=\"height\" content=\"154\"> <img decoding=\"async\" class=\"\" data-attachment-id=\"20016\" data-orig-file=\"https:\/\/cloud.alqueria.es\/wp-content\/uploads\/sites\/7\/2019\/03\/lirios-de-agua.jpg\" data-orig-size=\"640,640\" data-comments-opened=\"1\" data-image-meta=\"{&quot;aperture&quot;:&quot;0&quot;,&quot;credit&quot;:&quot;&quot;,&quot;camera&quot;:&quot;&quot;,&quot;caption&quot;:&quot;&quot;,&quot;created_timestamp&quot;:&quot;0&quot;,&quot;copyright&quot;:&quot;&quot;,&quot;focal_length&quot;:&quot;0&quot;,&quot;iso&quot;:&quot;0&quot;,&quot;shutter_speed&quot;:&quot;0&quot;,&quot;title&quot;:&quot;&quot;,&quot;orientation&quot;:&quot;0&quot;}\" data-image-title=\"lirios-de-agua\" data-image-description=\"\" data-medium-file=\"https:\/\/cloud.alqueria.es\/wp-content\/uploads\/sites\/7\/2019\/03\/lirios-de-agua-300x300.jpg\" data-large-file=\"https:\/\/cloud.alqueria.es\/wp-content\/uploads\/sites\/7\/2019\/03\/lirios-de-agua.jpg\" src=\"https:\/\/i0.wp.com\/cloud.alqueria.es\/wp-content\/uploads\/sites\/7\/2019\/03\/lirios-de-agua.jpg?w=154&#038;h=154&#038;crop=1&#038;ssl=1\" srcset=\"https:\/\/cloud.alqueria.es\/wp-content\/uploads\/sites\/7\/2019\/03\/lirios-de-agua.jpg 640w, https:\/\/cloud.alqueria.es\/wp-content\/uploads\/sites\/7\/2019\/03\/lirios-de-agua.jpg 150w, https:\/\/cloud.alqueria.es\/wp-content\/uploads\/sites\/7\/2019\/03\/lirios-de-agua.jpg 300w\" width=\"154\" height=\"154\" loading=\"lazy\" data-original-width=\"154\" data-original-height=\"154\" itemprop=\"http:\/\/schema.org\/image\" title=\"lirios-de-agua\" alt=\"lirios-de-agua\" style=\"width: 154px; height: 154px;\" \/> <\/div> <\/div> <div class=\"gallery-group\" style=\"width: 158px; height: 158px;\" data-original-width=\"158\" data-original-height=\"158\" > <div class=\"tiled-gallery-item \" itemprop=\"associatedMedia\" itemscope itemtype=\"http:\/\/schema.org\/ImageObject\"> <meta itemprop=\"width\" content=\"154\"> <meta itemprop=\"height\" content=\"154\"> <img decoding=\"async\" class=\"\" data-attachment-id=\"20015\" data-orig-file=\"https:\/\/cloud.alqueria.es\/wp-content\/uploads\/sites\/7\/2019\/03\/la-yola.jpg\" data-orig-size=\"1024,775\" data-comments-opened=\"1\" data-image-meta=\"{&quot;aperture&quot;:&quot;0&quot;,&quot;credit&quot;:&quot;&quot;,&quot;camera&quot;:&quot;&quot;,&quot;caption&quot;:&quot;&quot;,&quot;created_timestamp&quot;:&quot;0&quot;,&quot;copyright&quot;:&quot;&quot;,&quot;focal_length&quot;:&quot;0&quot;,&quot;iso&quot;:&quot;0&quot;,&quot;shutter_speed&quot;:&quot;0&quot;,&quot;title&quot;:&quot;&quot;,&quot;orientation&quot;:&quot;0&quot;}\" data-image-title=\"la-yola\" data-image-description=\"\" data-medium-file=\"https:\/\/cloud.alqueria.es\/wp-content\/uploads\/sites\/7\/2019\/03\/la-yola-300x227.jpg\" data-large-file=\"https:\/\/cloud.alqueria.es\/wp-content\/uploads\/sites\/7\/2019\/03\/la-yola.jpg\" src=\"https:\/\/i0.wp.com\/cloud.alqueria.es\/wp-content\/uploads\/sites\/7\/2019\/03\/la-yola.jpg?w=154&#038;h=154&#038;crop=1&#038;ssl=1\" width=\"154\" height=\"154\" loading=\"lazy\" data-original-width=\"154\" data-original-height=\"154\" itemprop=\"http:\/\/schema.org\/image\" title=\"la-yola\" alt=\"la-yola\" style=\"width: 154px; height: 154px;\" \/> <\/div> <\/div> <div class=\"gallery-group\" style=\"width: 158px; height: 158px;\" data-original-width=\"158\" data-original-height=\"158\" > <div class=\"tiled-gallery-item \" itemprop=\"associatedMedia\" itemscope itemtype=\"http:\/\/schema.org\/ImageObject\"> <meta itemprop=\"width\" content=\"154\"> <meta itemprop=\"height\" content=\"154\"> <img decoding=\"async\" class=\"\" data-attachment-id=\"20014\" data-orig-file=\"https:\/\/cloud.alqueria.es\/wp-content\/uploads\/sites\/7\/2019\/03\/guadalquivir-en-palma-del-rio.jpg\" data-orig-size=\"664,832\" data-comments-opened=\"1\" data-image-meta=\"{&quot;aperture&quot;:&quot;0&quot;,&quot;credit&quot;:&quot;&quot;,&quot;camera&quot;:&quot;&quot;,&quot;caption&quot;:&quot;&quot;,&quot;created_timestamp&quot;:&quot;0&quot;,&quot;copyright&quot;:&quot;&quot;,&quot;focal_length&quot;:&quot;0&quot;,&quot;iso&quot;:&quot;0&quot;,&quot;shutter_speed&quot;:&quot;0&quot;,&quot;title&quot;:&quot;&quot;,&quot;orientation&quot;:&quot;0&quot;}\" data-image-title=\"guadalquivir-en-palma-del-rio\" data-image-description=\"\" data-medium-file=\"https:\/\/cloud.alqueria.es\/wp-content\/uploads\/sites\/7\/2019\/03\/guadalquivir-en-palma-del-rio-239x300.jpg\" data-large-file=\"https:\/\/cloud.alqueria.es\/wp-content\/uploads\/sites\/7\/2019\/03\/guadalquivir-en-palma-del-rio.jpg\" src=\"https:\/\/i0.wp.com\/cloud.alqueria.es\/wp-content\/uploads\/sites\/7\/2019\/03\/guadalquivir-en-palma-del-rio.jpg?w=154&#038;h=154&#038;crop=1&#038;ssl=1\" width=\"154\" height=\"154\" loading=\"lazy\" data-original-width=\"154\" data-original-height=\"154\" itemprop=\"http:\/\/schema.org\/image\" title=\"guadalquivir-en-palma-del-rio\" alt=\"guadalquivir-en-palma-del-rio\" style=\"width: 154px; height: 154px;\" \/> <\/div> <\/div> <\/div> <div class=\"gallery-row\" style=\"width: 474px; height: 158px;\" data-original-width=\"474\" data-original-height=\"158\" > <div class=\"gallery-group\" style=\"width: 158px; height: 158px;\" data-original-width=\"158\" data-original-height=\"158\" > <div class=\"tiled-gallery-item \" itemprop=\"associatedMedia\" itemscope itemtype=\"http:\/\/schema.org\/ImageObject\"> <meta itemprop=\"width\" content=\"154\"> <meta itemprop=\"height\" content=\"154\"> <img decoding=\"async\" class=\"\" data-attachment-id=\"20013\" data-orig-file=\"https:\/\/cloud.alqueria.es\/wp-content\/uploads\/sites\/7\/2019\/03\/el-puente-de-la-sultana.jpg\" data-orig-size=\"400,573\" data-comments-opened=\"1\" data-image-meta=\"{&quot;aperture&quot;:&quot;0&quot;,&quot;credit&quot;:&quot;&quot;,&quot;camera&quot;:&quot;&quot;,&quot;caption&quot;:&quot;&quot;,&quot;created_timestamp&quot;:&quot;0&quot;,&quot;copyright&quot;:&quot;&quot;,&quot;focal_length&quot;:&quot;0&quot;,&quot;iso&quot;:&quot;0&quot;,&quot;shutter_speed&quot;:&quot;0&quot;,&quot;title&quot;:&quot;&quot;,&quot;orientation&quot;:&quot;0&quot;}\" data-image-title=\"el-puente-de-la-sultana\" data-image-description=\"\" data-medium-file=\"https:\/\/cloud.alqueria.es\/wp-content\/uploads\/sites\/7\/2019\/03\/el-puente-de-la-sultana-209x300.jpg\" data-large-file=\"https:\/\/cloud.alqueria.es\/wp-content\/uploads\/sites\/7\/2019\/03\/el-puente-de-la-sultana.jpg\" src=\"https:\/\/i0.wp.com\/cloud.alqueria.es\/wp-content\/uploads\/sites\/7\/2019\/03\/el-puente-de-la-sultana.jpg?w=154&#038;h=154&#038;crop=1&#038;ssl=1\" width=\"154\" height=\"154\" loading=\"lazy\" data-original-width=\"154\" data-original-height=\"154\" itemprop=\"http:\/\/schema.org\/image\" title=\"el-puente-de-la-sultana\" alt=\"el-puente-de-la-sultana\" style=\"width: 154px; height: 154px;\" \/> <\/div> <\/div> <div class=\"gallery-group\" style=\"width: 158px; height: 158px;\" data-original-width=\"158\" data-original-height=\"158\" > <div class=\"tiled-gallery-item \" itemprop=\"associatedMedia\" itemscope itemtype=\"http:\/\/schema.org\/ImageObject\"> <meta itemprop=\"width\" content=\"154\"> <meta itemprop=\"height\" content=\"154\"> <img decoding=\"async\" class=\"\" data-attachment-id=\"20011\" data-orig-file=\"https:\/\/cloud.alqueria.es\/wp-content\/uploads\/sites\/7\/2019\/03\/ba%C3%B1o-del-caballo.jpg\" data-orig-size=\"700,573\" data-comments-opened=\"1\" data-image-meta=\"{&quot;aperture&quot;:&quot;0&quot;,&quot;credit&quot;:&quot;&quot;,&quot;camera&quot;:&quot;&quot;,&quot;caption&quot;:&quot;&quot;,&quot;created_timestamp&quot;:&quot;0&quot;,&quot;copyright&quot;:&quot;&quot;,&quot;focal_length&quot;:&quot;0&quot;,&quot;iso&quot;:&quot;0&quot;,&quot;shutter_speed&quot;:&quot;0&quot;,&quot;title&quot;:&quot;&quot;,&quot;orientation&quot;:&quot;0&quot;}\" data-image-title=\"ba\u00f1o-del-caballo\" data-image-description=\"\" data-medium-file=\"https:\/\/cloud.alqueria.es\/wp-content\/uploads\/sites\/7\/2019\/03\/ba%C3%B1o-del-caballo-300x246.jpg\" data-large-file=\"https:\/\/cloud.alqueria.es\/wp-content\/uploads\/sites\/7\/2019\/03\/ba%C3%B1o-del-caballo.jpg\" src=\"https:\/\/i0.wp.com\/cloud.alqueria.es\/wp-content\/uploads\/sites\/7\/2019\/03\/ba%C3%B1o-del-caballo.jpg?w=154&#038;h=154&#038;crop=1&#038;ssl=1\" width=\"154\" height=\"154\" loading=\"lazy\" data-original-width=\"154\" data-original-height=\"154\" itemprop=\"http:\/\/schema.org\/image\" title=\"ba\u00f1o-del-caballo\" alt=\"ba\u00f1o-del-caballo\" style=\"width: 154px; height: 154px;\" \/> <\/div> <\/div> <div class=\"gallery-group\" style=\"width: 158px; height: 158px;\" data-original-width=\"158\" data-original-height=\"158\" > <div class=\"tiled-gallery-item \" itemprop=\"associatedMedia\" itemscope itemtype=\"http:\/\/schema.org\/ImageObject\"> <meta itemprop=\"width\" content=\"154\"> <meta itemprop=\"height\" content=\"154\"> <img decoding=\"async\" class=\"\" data-attachment-id=\"20012\" data-orig-file=\"https:\/\/cloud.alqueria.es\/wp-content\/uploads\/sites\/7\/2019\/03\/bote-estudio.jpg\" data-orig-size=\"600,458\" data-comments-opened=\"1\" data-image-meta=\"{&quot;aperture&quot;:&quot;0&quot;,&quot;credit&quot;:&quot;&quot;,&quot;camera&quot;:&quot;&quot;,&quot;caption&quot;:&quot;&quot;,&quot;created_timestamp&quot;:&quot;0&quot;,&quot;copyright&quot;:&quot;&quot;,&quot;focal_length&quot;:&quot;0&quot;,&quot;iso&quot;:&quot;0&quot;,&quot;shutter_speed&quot;:&quot;0&quot;,&quot;title&quot;:&quot;&quot;,&quot;orientation&quot;:&quot;0&quot;}\" data-image-title=\"bote-estudio\" data-image-description=\"\" data-medium-file=\"https:\/\/cloud.alqueria.es\/wp-content\/uploads\/sites\/7\/2019\/03\/bote-estudio-300x229.jpg\" data-large-file=\"https:\/\/cloud.alqueria.es\/wp-content\/uploads\/sites\/7\/2019\/03\/bote-estudio.jpg\" src=\"https:\/\/i0.wp.com\/cloud.alqueria.es\/wp-content\/uploads\/sites\/7\/2019\/03\/bote-estudio.jpg?w=154&#038;h=154&#038;crop=1&#038;ssl=1\" width=\"154\" height=\"154\" loading=\"lazy\" data-original-width=\"154\" data-original-height=\"154\" itemprop=\"http:\/\/schema.org\/image\" title=\"bote-estudio\" alt=\"bote-estudio\" style=\"width: 154px; height: 154px;\" \/> <\/div> <\/div> <\/div> <\/div>\n<p>Una vez recabada la informaci\u00f3n en el cuaderno de lengua, se elabor\u00f3 un power point con todo lo trabajado por cada uno. A este parte final ayud\u00e9 un poquito, pues se nos echaba el tiempo encima y a\u00fan quedaban algunos trabajos por informatizar (lo m\u00edo fue una mera copia casi en la totalidad de los trabajos). Tambi\u00e9n hab\u00e9is podido ver este trabajo en el tabl\u00f3n y puertas del aula.<\/p>\n<p><a href=\"https:\/\/cloud.alqueria.es\/wp-content\/uploads\/sites\/7\/2019\/03\/CUENTAME-UN-CUADRO-pdf.pdf\">CUENTAME-UN-CUADRO-pdf<\/a><\/p>\n<p><strong><span style=\"color: #0000ff\">\u00abLA VIDA DE UNA GOTA DE&#8230;\u00bb y\u00a0 \u00abSI ME QUEDARA ENCERRADO EN UNA BOLA DE NIEVE\u00bb<\/span><\/strong><\/p>\n<p>Para trabajar la escritura se elaboraron varios textos de creaci\u00f3n propia.<\/p>\n<p><em><span style=\"color: #3366ff\">El primero surgi\u00f3 de la lectura de LAS DOS GOTAS DE AGUA, donde narra la vida de una gota de agua de manera distinta a la que est\u00e1n acostumbrados a escuchar. Ahora eran ellos los que decid\u00edan que tipo de gota eran\u00a0 y deb\u00edan hacer la biograf\u00eda de la misma. Los textos no carecen de creatividad, vamos.<\/span><\/em><\/p>\n<p><em><span style=\"color: #3366ff\">El segundo fue a partir de un t\u00edtulo \u00abSI ME QUEDARA ENCERRADO EN UNA BOLA DE NIEVE\u00bb. Ahora cada uno imagin\u00f3 diferentes situaciones, escenarios, personajes y trama para su texto. Deb\u00edan seguir una premisa, ten\u00eda que aparecer: introducci\u00f3n, nudo y desenlace. Esto marcaba el uso de p\u00e1rrafos bien diferenciados.<\/span><\/em><\/p>\n<p>Ambos textos fueron muy trabajados por ellos, buscando la originalidad, intentando seguir las reglas ortogr\u00e1ficas e incluyendo algunas palabras-expresiones regaladas.<\/p>\n<p>El broche final no fue, como suele ser habitual, pasarlo a limpio, si no el momento m\u00e1gico de cuenta cuentos para los compa\u00f1eros de infantil en ese espacio acu\u00e1tico.<\/p>\n<p><strong><span style=\"color: #0000ff\">REFRANERO ACU\u00c1TICO<\/span><\/strong><\/p>\n<p>En unas simp\u00e1ticas cartulinas con forma de gota cada uno escribi\u00f3 un refr\u00e1n aludiendo al agua. No val\u00eda con escribirlo, sino que analizamos todos y cada uno de ellos previamente, para conocer su significado y los diferentes contextos y situaciones en los que eran aplicables.<\/p>\n<p><strong><span style=\"color: #0000ff\">AGUA, \u00bfD\u00d3NDE V\u00c1S?<\/span><\/strong><\/p>\n<p>La parte po\u00e9tica vino de la mano de <em><span style=\"color: #3366ff\">Federico Garc\u00eda Lorca<\/span><\/em>, como no pod\u00eda ser de otro modo, con la poes\u00eda<em><span style=\"color: #3366ff\"> AGUA, \u00bfD\u00d3NDE VAS?<\/span><\/em> Con ella analizamos las estrofas, la m\u00e9trica, los versos, la rima (asonante y consonante). Luego nos la aprendimos y hemos hecho una versi\u00f3n muy r\u00edtmica de la misma, cuyo montaje est\u00e1 en proceso. Os la mostrar\u00e9 en cuanto la tenga (para que me meto yo en estos berenjenales?)<\/p>\n<p>Bueno, pues esto fue el trabajo previo a la Semana Cultural.<\/p>\n<p>Muy pronto os cuento lo que aconteci\u00f3 en la \u00absemana cortita\u00bb y en esta, que estamos con la m\u00e1quina a tope.<\/p>\n<p>&nbsp;<\/p>\n","protected":false},"excerpt":{"rendered":"<p>Hola familias, tras unos d\u00edas ausentes (ha habido problemas t\u00e9cnicos ajenos al centro que han impedido el acceso a los blogs), os pongo la entrada que estaba prevista para la semana pasada. Despu\u00e9s de una intensa Semana Cultural en la que vuestros hijos, junto al resto de grupos de primaria y algunos momentos puntuales con &hellip; <a href=\"https:\/\/www.alqueria.es\/blogs\/alqueriasegundociclo\/2019\/03\/06\/todo-lo-que-ocurrio-antes\/\" class=\"more-link\">Seguir leyendo <span class=\"screen-reader-text\">Todo lo que ocurri\u00f3 antes&#8230;<\/span> <span class=\"meta-nav\">&rarr;<\/span><\/a><\/p>\n","protected":false},"author":16,"featured_media":0,"comment_status":"open","ping_status":"open","sticky":false,"template":"","format":"standard","meta":{"jetpack_post_was_ever_published":false,"_jetpack_newsletter_access":"","_jetpack_dont_email_post_to_subs":false,"_jetpack_newsletter_tier_id":0,"_jetpack_memberships_contains_paywalled_content":false,"_jetpack_memberships_contains_paid_content":false,"footnotes":"","jetpack_publicize_message":"","jetpack_publicize_feature_enabled":true,"jetpack_social_post_already_shared":true,"jetpack_social_options":{"image_generator_settings":{"template":"highway","default_image_id":0,"font":"","enabled":false},"version":2}},"categories":[6,60],"tags":[],"class_list":["post-19952","post","type-post","status-publish","format-standard","hentry","category-4o-epo","category-semanario-4o"],"jetpack_publicize_connections":[],"jetpack_featured_media_url":"","jetpack_sharing_enabled":true,"jetpack_shortlink":"https:\/\/wp.me\/p4lw4c-5bO","_links":{"self":[{"href":"https:\/\/www.alqueria.es\/blogs\/alqueriasegundociclo\/wp-json\/wp\/v2\/posts\/19952","targetHints":{"allow":["GET"]}}],"collection":[{"href":"https:\/\/www.alqueria.es\/blogs\/alqueriasegundociclo\/wp-json\/wp\/v2\/posts"}],"about":[{"href":"https:\/\/www.alqueria.es\/blogs\/alqueriasegundociclo\/wp-json\/wp\/v2\/types\/post"}],"author":[{"embeddable":true,"href":"https:\/\/www.alqueria.es\/blogs\/alqueriasegundociclo\/wp-json\/wp\/v2\/users\/16"}],"replies":[{"embeddable":true,"href":"https:\/\/www.alqueria.es\/blogs\/alqueriasegundociclo\/wp-json\/wp\/v2\/comments?post=19952"}],"version-history":[{"count":0,"href":"https:\/\/www.alqueria.es\/blogs\/alqueriasegundociclo\/wp-json\/wp\/v2\/posts\/19952\/revisions"}],"wp:attachment":[{"href":"https:\/\/www.alqueria.es\/blogs\/alqueriasegundociclo\/wp-json\/wp\/v2\/media?parent=19952"}],"wp:term":[{"taxonomy":"category","embeddable":true,"href":"https:\/\/www.alqueria.es\/blogs\/alqueriasegundociclo\/wp-json\/wp\/v2\/categories?post=19952"},{"taxonomy":"post_tag","embeddable":true,"href":"https:\/\/www.alqueria.es\/blogs\/alqueriasegundociclo\/wp-json\/wp\/v2\/tags?post=19952"}],"curies":[{"name":"wp","href":"https:\/\/api.w.org\/{rel}","templated":true}]}}