{"id":20033,"date":"2019-03-15T16:29:16","date_gmt":"2019-03-15T15:29:16","guid":{"rendered":"https:\/\/www.alqueria.es\/blogs\/alqueriasegundociclo\/?p=20033"},"modified":"2019-03-15T16:33:51","modified_gmt":"2019-03-15T15:33:51","slug":"de-conferencia-en-conferencia","status":"publish","type":"post","link":"https:\/\/www.alqueria.es\/blogs\/alqueriasegundociclo\/2019\/03\/15\/de-conferencia-en-conferencia\/","title":{"rendered":"De conferencia en conferencia&#8230;"},"content":{"rendered":"<p>Reanudando el trabajo de clase y de las diferentes \u00e1reas, os cuento qu\u00e9 tema-actividades son las que nos est\u00e1n ocupando los \u00faltimos d\u00edas.<\/p>\n<p><span style=\"color: #ff00ff\"><strong>CIENCIAS<\/strong><\/span><\/p>\n<p><strong>Estas semanas nos han tenido muy ocupados las conferencias que nos han ofrecido los compa\u00f1eros.<\/strong><\/p>\n<p>Tuvimos la gran suerte de disfrutar, con motivo del D\u00eda de Andaluc\u00eda, de la conferencia sobre las comunidades aut\u00f3nomas que Oliver<img decoding=\"async\" class=\"alignright\" src=\"https:\/\/cloud.alqueria.es\/wp-content\/uploads\/sites\/6\/2019\/02\/DSC01617.jpg\" width=\"218\" height=\"163\" \/> (compa\u00f1ero de 2\u00ba) nos ofreci\u00f3 generosamente. Fue un placer disfrutar y compartir sus conocimientos, una vez m\u00e1s un ejemplo de aprendizaje enriquecedor entre iguales. Muchas gracias Oliver.<\/p>\n<p>&nbsp;<\/p>\n<div class=\"a25-CTUOC-hidding-box\" data-original-content=\"&lt;iframe title=&quot;Presentaci\u00f3n comunidades aut\u00f3nomas &quot; src=&quot;https:\/\/www.slideshare.net\/slideshow\/embed_code\/key\/In8I5ukmJW3r8a&quot; width=&quot;427&quot; height=&quot;356&quot; frameborder=&quot;0&quot; marginwidth=&quot;0&quot; marginheight=&quot;0&quot; scrolling=&quot;no&quot; style=&quot;border:1px solid #CCC; border-width:1px; margin-bottom:5px; max-width: 100%;&quot; allowfullscreen&gt; &lt;\/iframe&gt;\">Esta p\u00e1gina incluye contenido multimedia que requiere aceptar todas las cookies. Pulse aqu\u00ed para abrir la configuraci\u00f3n de cookies.<\/div>\n<div style=\"margin-bottom:5px\"> <strong> <a href=\"https:\/\/es.slideshare.net\/primercicloalqueria\/presentacin-comunidades-autnomas-133398036\" title=\"Presentaci\u00f3n comunidades aut\u00f3nomas \" target=\"_blank\">Presentaci\u00f3n comunidades aut\u00f3nomas <\/a> <\/strong> from <strong><a href=\"https:\/\/www.slideshare.net\/primercicloalqueria\" target=\"_blank\">primercicloalqueria<\/a><\/strong> <\/div>\n<p><strong><span style=\"color: #3366ff\">FEN\u00d3MENOS NATURALES. Francisco G. P.\u00a0<\/span><\/strong><\/p>\n<p><span style=\"color: #3366ff\">Francis nos expuso su conferencia sobre los \u00abFEN\u00d3MENOS NATURALES\u00bb. En ella nos explic\u00f3: qu\u00e9 son, la clasificaci\u00f3n en astron\u00f3micos , geol\u00f3gicos, hidrol\u00f3gicos, atmosf\u00e9ricos y biol\u00f3gicos (con el desarrollo y explicaci\u00f3n de cada uno). Adem\u00e1s nos habl\u00f3 de los desastres naturales, puesto que son fen\u00f3menos naturales con efectos negativos. Aqu\u00ed tambi\u00e9n hay clasificaci\u00f3n: hidrol\u00f3gicos, como los tsunamis, maremotos, inundaciones; meteorol\u00f3gicos, como los huracanes, tifones, tornados, tormentas, nevadas y sequ\u00edas; geof\u00edsicos, que son avalanchas, derrumbes, terremotos y volcanes; y por \u00faltimo los biol\u00f3gicos, como la marea roja y la peste.<\/span><\/p>\n<p>https:\/\/prezi.com\/9afyvnipz2sr\/edit\/<\/p>\n<p>&nbsp;<\/p>\n<p><strong><span style=\"color: #ff99cc\">FLORENCIA. Nico A.C.<\/span><\/strong><\/p>\n<p><span style=\"color: #ff99cc\">De mano de Nico hicimos un viaje a una preciosa ciudad europea, Florencia. Nos cont\u00f3 c\u00f3mo fue su experiencia en este bonito lugar, mostrando im\u00e1genes preciosas de La Toscana, pueblos como Siena, San Quiric\u00f3 o San Gimignano; de sus palacios, iglesias y museos; la gastronom\u00eda (pasta, aperitive, queso, focaccia, vino&#8230;), incluido el mejor helado del mundo!!!, de su fundaci\u00f3n, habitantes, r\u00edos, escudo, econom\u00eda, el arte&#8230; y as\u00ed nos llev\u00f3 al Renacimiento: la peste negra y el nacimiento del humanismo, la figura de los mecenas, la familia Medici, el arte, la escultura, la pintura; nos habl\u00f3 de personajes famosos y sus obras como Botticelli, Leonardo Da Vinci y Miguel \u00c1ngel. Despu\u00e9s de todo esto&#8230; a qui\u00e9n no le apetece viajar a Florencia????<\/span><\/p>\n<div class=\"a25-CTUOC-hidding-box\" data-original-content=\"&lt;iframe title=&quot;Conferencia florencia y el renacimiento nico&quot; src=&quot;https:\/\/www.slideshare.net\/slideshow\/embed_code\/key\/ob8nlytu3zlzzo&quot; width=&quot;427&quot; height=&quot;356&quot; frameborder=&quot;0&quot; marginwidth=&quot;0&quot; marginheight=&quot;0&quot; scrolling=&quot;no&quot; style=&quot;border:1px solid #CCC; border-width:1px; margin-bottom:5px; max-width: 100%;&quot; allowfullscreen&gt; &lt;\/iframe&gt;\">Esta p\u00e1gina incluye contenido multimedia que requiere aceptar todas las cookies. Pulse aqu\u00ed para abrir la configuraci\u00f3n de cookies.<\/div>\n<div style=\"margin-bottom:5px\"> <strong> <a href=\"https:\/\/es.slideshare.net\/laurajj\/conferencia-florencia-y-el-renacimiento-nico\" title=\"Conferencia florencia y el renacimiento nico\" target=\"_blank\">Conferencia florencia y el renacimiento nico<\/a> <\/strong> from <strong><a href=\"https:\/\/www.slideshare.net\/laurajj\" target=\"_blank\">laurajj<\/a><\/strong> <\/div>\n<p><strong><span style=\"color: #ff6600\">NEW YORK CITY. Elena C. L. N.<\/span><\/strong><\/p>\n<p><span style=\"color: #ff6600\">Como nos encontr\u00e1bamos muy viajeros&#8230; decidimos cruzar el charco y viajamos hasta para conocer la ciudad de NEW YORK!!! Elena estaba muy bien documentada y, como si de una gu\u00eda tur\u00edstica se tratase, nos cont\u00f3 todo acerca de esta gran ciudad: localizaci\u00f3n, superficie, idioma, moneda, escudo, bandera, historia, su organizaci\u00f3n en distritos contando c\u00f3mo son cada uno de ellos; nos habl\u00f3 de los lugares que no podemos dejar de visitar si hacemos un viaje a este destino como el Rockefeller Center, el Empire State, Central Park, Times Square, Puente Brooklyn y los museos m\u00e1s famosos. Sin duda, otro lugar al que nos dieron muchas ganas de ir!<\/span><\/p>\n<div class=\"a25-CTUOC-hidding-box\" data-original-content=\"&lt;iframe title=&quot;New york city&quot; src=&quot;https:\/\/www.slideshare.net\/slideshow\/embed_code\/key\/YQthzrRGYmpBA&quot; width=&quot;427&quot; height=&quot;356&quot; frameborder=&quot;0&quot; marginwidth=&quot;0&quot; marginheight=&quot;0&quot; scrolling=&quot;no&quot; style=&quot;border:1px solid #CCC; border-width:1px; margin-bottom:5px; max-width: 100%;&quot; allowfullscreen&gt; &lt;\/iframe&gt;\">Esta p\u00e1gina incluye contenido multimedia que requiere aceptar todas las cookies. Pulse aqu\u00ed para abrir la configuraci\u00f3n de cookies.<\/div>\n<div style=\"margin-bottom:5px\"> <strong> <a href=\"https:\/\/es.slideshare.net\/laurajj\/new-york-city-135227895\" title=\"New york city\" target=\"_blank\">New york city<\/a> <\/strong> from <strong><a href=\"https:\/\/www.slideshare.net\/laurajj\" target=\"_blank\">laurajj<\/a><\/strong> <\/div>\n<p><em><strong>Much\u00edsimas gracias a todos los conferenciantes, que han demostrado una vez m\u00e1s que no hay nada como trabajar desde la motivaci\u00f3n, el entusiasmo y la curiosidad van abriendo camino. Sin duda, se va percibiendo la autonom\u00eda en las conferencias, donde me consta que las investigaciones, as\u00ed como el montaje de las presentaciones ha corrido a cargo de ellos mismos. De ah\u00ed que podamos disfrutar y enriquecernos de los programas o aplicaciones elegidos por cada uno, as\u00ed como de la nota creativa aportada por cada uno. No dir\u00e9is que no estamos llegando lejos!!! Orgullosa de la siembra y de la cosecha.<\/strong><\/em><\/p>\n<p><span style=\"color: #ff00ff\">Matem\u00e1ticas. Construir una tabla.\u00a0<\/span><\/p>\n<p>La geometr\u00eda es una rama multifac\u00e9tica de las matem\u00e1ticas. Su riqueza abarca varias dimensiones.<\/p>\n<p>As\u00ed, la construcci\u00f3n de una tabla, nos ha llevado a trabajar diferentes aspectos:<\/p>\n<ul>\n<li>espacialidad,<\/li>\n<li>percepci\u00f3n y<\/li>\n<li>visualizaci\u00f3n.<\/li>\n<\/ul>\n<p>Obviamente, se han trabajado, las unidades de medida de nuestro sistema m\u00e9trico decimal:<\/p>\n<ul>\n<li>el metro,<\/li>\n<li>los cent\u00edmetros,<\/li>\n<li>los mil\u00edmetros,<\/li>\n<li>la abreviatura usada para todas ellas y<\/li>\n<li>relaci\u00f3n entre ellos.<\/li>\n<\/ul>\n<p>Se ha trabajado sobre el conocimiento y uso de la regla:<\/p>\n<ul>\n<li>hallar las l\u00edneas que indican los cent\u00edmetros,<\/li>\n<li>el dec\u00edmetro,<\/li>\n<li>los mil\u00edmetros<\/li>\n<\/ul>\n<p>Luego hemos pasado a utilizar la regla:<\/p>\n<ul>\n<li>colocar el extremo de la regla a la par con el objeto que vamos a medir,<\/li>\n<li>sujetar la regla para que no se mueva,<\/li>\n<li>leer el \u00faltimo n\u00famero de la regla que coincide con lo que estamos midiendo,<\/li>\n<li>usar la regla para hacer un borde recto.<\/li>\n<\/ul>\n<p>ELABORACI\u00d3N DE UNA TABLA<\/p>\n<ol>\n<li>Medir 1 cm. alrededor del papel, marcar para dibujar el marco.<\/li>\n<li>Medir los lados del rect\u00e1ngulo, el horizontal y el vertical.<\/li>\n<li>Realizar la operaci\u00f3n de divisi\u00f3n necesaria con cada medida para obtener 6 columnas y 10 filas.<\/li>\n<li>Marcar las medidas obtenidas tanto en la horizontal como en la vertical.<\/li>\n<li>Trazar las l\u00edneas con el uso de la regla.<\/li>\n<li>Repasar con color las l\u00edneas.<\/li>\n<li>Completar la tabla obtenida con los datos del nuevo horario.<\/li>\n<\/ol>\n<p>Como pod\u00e9is comprobar, han sido muchos los pasos dados hasta conseguir una tabla con cierta proporcionalidad.<\/p>\n<p>Es de valorar el esfuerzo, de todos, por superar este reto durante todo el proceso, han sido muchos los ensayos para conseguirlo. No es una exposici\u00f3n, no buscamos la belleza en la tabla.<\/p>\n<p>&nbsp;<\/p>\n<p class=\"jetpack-slideshow-noscript robots-nocontent\">El pase de diapositivas requiere JavaScript.<\/p><div id=\"gallery-20033-1-slideshow\" class=\"jetpack-slideshow-window jetpack-slideshow jetpack-slideshow-black\" data-trans=\"fade\" data-autostart=\"1\" data-gallery=\"[{&quot;src&quot;:&quot;https:\\\/\\\/cloud.alqueria.es\\\/wp-content\\\/uploads\\\/sites\\\/7\\\/2019\\\/03\\\/20190225_102449.jpg&quot;,&quot;id&quot;:&quot;20037&quot;,&quot;title&quot;:&quot;20190225_102449&quot;,&quot;alt&quot;:&quot;&quot;,&quot;caption&quot;:&quot;&quot;,&quot;itemprop&quot;:&quot;image&quot;},{&quot;src&quot;:&quot;https:\\\/\\\/cloud.alqueria.es\\\/wp-content\\\/uploads\\\/sites\\\/7\\\/2019\\\/03\\\/20190225_102458.jpg&quot;,&quot;id&quot;:&quot;20038&quot;,&quot;title&quot;:&quot;20190225_102458&quot;,&quot;alt&quot;:&quot;&quot;,&quot;caption&quot;:&quot;&quot;,&quot;itemprop&quot;:&quot;image&quot;},{&quot;src&quot;:&quot;https:\\\/\\\/cloud.alqueria.es\\\/wp-content\\\/uploads\\\/sites\\\/7\\\/2019\\\/03\\\/20190225_102747.jpg&quot;,&quot;id&quot;:&quot;20039&quot;,&quot;title&quot;:&quot;20190225_102747&quot;,&quot;alt&quot;:&quot;&quot;,&quot;caption&quot;:&quot;&quot;,&quot;itemprop&quot;:&quot;image&quot;},{&quot;src&quot;:&quot;https:\\\/\\\/cloud.alqueria.es\\\/wp-content\\\/uploads\\\/sites\\\/7\\\/2019\\\/03\\\/20190225_102755.jpg&quot;,&quot;id&quot;:&quot;20040&quot;,&quot;title&quot;:&quot;20190225_102755&quot;,&quot;alt&quot;:&quot;&quot;,&quot;caption&quot;:&quot;&quot;,&quot;itemprop&quot;:&quot;image&quot;},{&quot;src&quot;:&quot;https:\\\/\\\/cloud.alqueria.es\\\/wp-content\\\/uploads\\\/sites\\\/7\\\/2019\\\/03\\\/20190225_103159.jpg&quot;,&quot;id&quot;:&quot;20041&quot;,&quot;title&quot;:&quot;20190225_103159&quot;,&quot;alt&quot;:&quot;&quot;,&quot;caption&quot;:&quot;&quot;,&quot;itemprop&quot;:&quot;image&quot;},{&quot;src&quot;:&quot;https:\\\/\\\/cloud.alqueria.es\\\/wp-content\\\/uploads\\\/sites\\\/7\\\/2019\\\/03\\\/20190225_103207.jpg&quot;,&quot;id&quot;:&quot;20042&quot;,&quot;title&quot;:&quot;20190225_103207&quot;,&quot;alt&quot;:&quot;&quot;,&quot;caption&quot;:&quot;&quot;,&quot;itemprop&quot;:&quot;image&quot;},{&quot;src&quot;:&quot;https:\\\/\\\/cloud.alqueria.es\\\/wp-content\\\/uploads\\\/sites\\\/7\\\/2019\\\/03\\\/20190225_103301.jpg&quot;,&quot;id&quot;:&quot;20043&quot;,&quot;title&quot;:&quot;20190225_103301&quot;,&quot;alt&quot;:&quot;&quot;,&quot;caption&quot;:&quot;&quot;,&quot;itemprop&quot;:&quot;image&quot;},{&quot;src&quot;:&quot;https:\\\/\\\/cloud.alqueria.es\\\/wp-content\\\/uploads\\\/sites\\\/7\\\/2019\\\/03\\\/20190225_130552.jpg&quot;,&quot;id&quot;:&quot;20044&quot;,&quot;title&quot;:&quot;20190225_130552&quot;,&quot;alt&quot;:&quot;&quot;,&quot;caption&quot;:&quot;&quot;,&quot;itemprop&quot;:&quot;image&quot;},{&quot;src&quot;:&quot;https:\\\/\\\/cloud.alqueria.es\\\/wp-content\\\/uploads\\\/sites\\\/7\\\/2019\\\/03\\\/20190225_130610.jpg&quot;,&quot;id&quot;:&quot;20045&quot;,&quot;title&quot;:&quot;20190225_130610&quot;,&quot;alt&quot;:&quot;&quot;,&quot;caption&quot;:&quot;&quot;,&quot;itemprop&quot;:&quot;image&quot;},{&quot;src&quot;:&quot;https:\\\/\\\/cloud.alqueria.es\\\/wp-content\\\/uploads\\\/sites\\\/7\\\/2019\\\/03\\\/20190225_130632.jpg&quot;,&quot;id&quot;:&quot;20046&quot;,&quot;title&quot;:&quot;20190225_130632&quot;,&quot;alt&quot;:&quot;&quot;,&quot;caption&quot;:&quot;&quot;,&quot;itemprop&quot;:&quot;image&quot;},{&quot;src&quot;:&quot;https:\\\/\\\/cloud.alqueria.es\\\/wp-content\\\/uploads\\\/sites\\\/7\\\/2019\\\/03\\\/20190225_130642.jpg&quot;,&quot;id&quot;:&quot;20047&quot;,&quot;title&quot;:&quot;20190225_130642&quot;,&quot;alt&quot;:&quot;&quot;,&quot;caption&quot;:&quot;&quot;,&quot;itemprop&quot;:&quot;image&quot;}]\" itemscope itemtype=\"https:\/\/schema.org\/ImageGallery\"><\/div>\n<p>Adem\u00e1s est\u00e1n muy animados con los juegos de las tablas, donde se trabaja la memoria y la agilidad en el c\u00e1lculo. Hasta ahora han tenido la oportunidad de compartir algunas sesiones de c\u00e1lculo con el grupo de 3\u00ba, y ser\u00e1n todas las sesiones de los lunes cuando esto se lleve a cabo. El objetivo es aumentar la motivaci\u00f3n y afianzar conocimientos, pues unas veces desarrollaran el papel de tutor y otras las de alumno, adem\u00e1s de ofrecer un aprendizaje cooperativo-colaborativo.<\/p>\n<p><strong><span style=\"color: #ff00ff\">LENGUA\u00a0<\/span><\/strong><\/p>\n<p>La creaci\u00f3n de textos sigue siendo nuestra herramienta principal para este \u00e1rea, pues permite, partiendo de objetivos y contenidos comunes, trabajar de manera individualizada en los objetivos marcados con cada uno, lo que permite un aprendizaje de mayor calidad.<\/p>\n<p>Esta semana pasada el texto fue, por primera vez fuera del diario, de tem\u00e1tica libre, lo que supuso una gran explosi\u00f3n de creatividad, a la vista de los resultados me remito. La tem\u00e1tica fue de lo m\u00e1s variada, y seguro que repetiremos.<\/p>\n<p><span style=\"color: #ff00ff\">Gram\u00e1tica. <span style=\"color: #333333\">Hemos trabajado sobre la estructura y la concordancia desde el principio de curso pasado. Aunque ya vimos, sin profundizar mucho, algunos tipos de palabras, hemos empezado a estudiarlos m\u00e1s en profundidad. Hasta el momento trabajamos los sustantivos, adjetivos, verbos, pronombres personales y art\u00edculo. Les voy a facilitar un cuaderno con un resumen de todas y cada una de las clases de palabras y que iremos trabajando en clase.\u00a0<\/span><\/span><\/p>\n<p>A\u00fan me quedan m\u00e1s cosas que contaros, as\u00ed que&#8230; hasta la pr\u00f3xima.<\/p>\n<p>Buen fin de semana.<br \/>\nLaura<\/p>\n<p>&nbsp;<\/p>\n","protected":false},"excerpt":{"rendered":"<p>Reanudando el trabajo de clase y de las diferentes \u00e1reas, os cuento qu\u00e9 tema-actividades son las que nos est\u00e1n ocupando los \u00faltimos d\u00edas. CIENCIAS Estas semanas nos han tenido muy ocupados las conferencias que nos han ofrecido los compa\u00f1eros. Tuvimos la gran suerte de disfrutar, con motivo del D\u00eda de Andaluc\u00eda, de la conferencia sobre &hellip; <a href=\"https:\/\/www.alqueria.es\/blogs\/alqueriasegundociclo\/2019\/03\/15\/de-conferencia-en-conferencia\/\" class=\"more-link\">Seguir leyendo <span class=\"screen-reader-text\">De conferencia en conferencia&#8230;<\/span> <span class=\"meta-nav\">&rarr;<\/span><\/a><\/p>\n","protected":false},"author":16,"featured_media":0,"comment_status":"open","ping_status":"open","sticky":false,"template":"","format":"standard","meta":{"jetpack_post_was_ever_published":false,"_jetpack_newsletter_access":"","_jetpack_dont_email_post_to_subs":false,"_jetpack_newsletter_tier_id":0,"_jetpack_memberships_contains_paywalled_content":false,"_jetpack_memberships_contains_paid_content":false,"footnotes":"","jetpack_publicize_message":"","jetpack_publicize_feature_enabled":true,"jetpack_social_post_already_shared":true,"jetpack_social_options":{"image_generator_settings":{"template":"highway","default_image_id":0,"font":"","enabled":false},"version":2}},"categories":[6,8,60],"tags":[],"class_list":["post-20033","post","type-post","status-publish","format-standard","hentry","category-4o-epo","category-conferencias","category-semanario-4o"],"jetpack_publicize_connections":[],"jetpack_featured_media_url":"","jetpack_sharing_enabled":true,"jetpack_shortlink":"https:\/\/wp.me\/p4lw4c-5d7","_links":{"self":[{"href":"https:\/\/www.alqueria.es\/blogs\/alqueriasegundociclo\/wp-json\/wp\/v2\/posts\/20033","targetHints":{"allow":["GET"]}}],"collection":[{"href":"https:\/\/www.alqueria.es\/blogs\/alqueriasegundociclo\/wp-json\/wp\/v2\/posts"}],"about":[{"href":"https:\/\/www.alqueria.es\/blogs\/alqueriasegundociclo\/wp-json\/wp\/v2\/types\/post"}],"author":[{"embeddable":true,"href":"https:\/\/www.alqueria.es\/blogs\/alqueriasegundociclo\/wp-json\/wp\/v2\/users\/16"}],"replies":[{"embeddable":true,"href":"https:\/\/www.alqueria.es\/blogs\/alqueriasegundociclo\/wp-json\/wp\/v2\/comments?post=20033"}],"version-history":[{"count":0,"href":"https:\/\/www.alqueria.es\/blogs\/alqueriasegundociclo\/wp-json\/wp\/v2\/posts\/20033\/revisions"}],"wp:attachment":[{"href":"https:\/\/www.alqueria.es\/blogs\/alqueriasegundociclo\/wp-json\/wp\/v2\/media?parent=20033"}],"wp:term":[{"taxonomy":"category","embeddable":true,"href":"https:\/\/www.alqueria.es\/blogs\/alqueriasegundociclo\/wp-json\/wp\/v2\/categories?post=20033"},{"taxonomy":"post_tag","embeddable":true,"href":"https:\/\/www.alqueria.es\/blogs\/alqueriasegundociclo\/wp-json\/wp\/v2\/tags?post=20033"}],"curies":[{"name":"wp","href":"https:\/\/api.w.org\/{rel}","templated":true}]}}