{"id":20109,"date":"2019-03-24T09:30:40","date_gmt":"2019-03-24T08:30:40","guid":{"rendered":"https:\/\/www.alqueria.es\/blogs\/alqueriasegundociclo\/?p=20109"},"modified":"2019-03-25T08:47:25","modified_gmt":"2019-03-25T07:47:25","slug":"semanario-de-3o-semana-del-18-al-22-de-marzo","status":"publish","type":"post","link":"https:\/\/www.alqueria.es\/blogs\/alqueriasegundociclo\/2019\/03\/24\/semanario-de-3o-semana-del-18-al-22-de-marzo\/","title":{"rendered":"Semanario de 3\u00ba. Semana del 18 al 22 de marzo"},"content":{"rendered":"<h2 style=\"text-align: center\"><span style=\"color: #0000ff\">Lectura compartida<\/span><\/h2>\n<p><img decoding=\"async\" data-attachment-id=\"20110\" data-permalink=\"https:\/\/www.alqueria.es\/blogs\/alqueriasegundociclo\/2019\/03\/24\/semanario-de-3o-semana-del-18-al-22-de-marzo\/20190315_091532\/\" data-orig-file=\"https:\/\/cloud.alqueria.es\/wp-content\/uploads\/sites\/7\/2019\/03\/20190315_091532.jpg\" data-orig-size=\"1024,576\" data-comments-opened=\"1\" data-image-meta=\"{&quot;aperture&quot;:&quot;0&quot;,&quot;credit&quot;:&quot;&quot;,&quot;camera&quot;:&quot;&quot;,&quot;caption&quot;:&quot;&quot;,&quot;created_timestamp&quot;:&quot;0&quot;,&quot;copyright&quot;:&quot;&quot;,&quot;focal_length&quot;:&quot;0&quot;,&quot;iso&quot;:&quot;0&quot;,&quot;shutter_speed&quot;:&quot;0&quot;,&quot;title&quot;:&quot;&quot;,&quot;orientation&quot;:&quot;0&quot;}\" data-image-title=\"20190315_091532\" data-image-description=\"\" data-image-caption=\"\" data-large-file=\"https:\/\/cloud.alqueria.es\/wp-content\/uploads\/sites\/7\/2019\/03\/20190315_091532.jpg\" class=\"aligncenter size-medium wp-image-20110\" src=\"https:\/\/cloud.alqueria.es\/wp-content\/uploads\/sites\/7\/2019\/03\/20190315_091532.jpg\" alt=\"\" width=\"300\" height=\"169\" srcset=\"https:\/\/cloud.alqueria.es\/wp-content\/uploads\/sites\/7\/2019\/03\/20190315_091532.jpg 1024w, https:\/\/cloud.alqueria.es\/wp-content\/uploads\/sites\/7\/2019\/03\/20190315_091532.jpg 300w, https:\/\/cloud.alqueria.es\/wp-content\/uploads\/sites\/7\/2019\/03\/20190315_091532.jpg 768w\" sizes=\"(max-width: 300px) 100vw, 300px\" \/> <img decoding=\"async\" data-attachment-id=\"20111\" data-permalink=\"https:\/\/www.alqueria.es\/blogs\/alqueriasegundociclo\/2019\/03\/24\/semanario-de-3o-semana-del-18-al-22-de-marzo\/20190315_091600\/\" data-orig-file=\"https:\/\/cloud.alqueria.es\/wp-content\/uploads\/sites\/7\/2019\/03\/20190315_091600.jpg\" data-orig-size=\"1024,576\" data-comments-opened=\"1\" data-image-meta=\"{&quot;aperture&quot;:&quot;0&quot;,&quot;credit&quot;:&quot;&quot;,&quot;camera&quot;:&quot;&quot;,&quot;caption&quot;:&quot;&quot;,&quot;created_timestamp&quot;:&quot;0&quot;,&quot;copyright&quot;:&quot;&quot;,&quot;focal_length&quot;:&quot;0&quot;,&quot;iso&quot;:&quot;0&quot;,&quot;shutter_speed&quot;:&quot;0&quot;,&quot;title&quot;:&quot;&quot;,&quot;orientation&quot;:&quot;0&quot;}\" data-image-title=\"20190315_091600\" data-image-description=\"\" data-image-caption=\"\" data-large-file=\"https:\/\/cloud.alqueria.es\/wp-content\/uploads\/sites\/7\/2019\/03\/20190315_091600.jpg\" class=\"aligncenter size-medium wp-image-20111\" src=\"https:\/\/cloud.alqueria.es\/wp-content\/uploads\/sites\/7\/2019\/03\/20190315_091600.jpg\" alt=\"\" width=\"300\" height=\"169\" srcset=\"https:\/\/cloud.alqueria.es\/wp-content\/uploads\/sites\/7\/2019\/03\/20190315_091600.jpg 1024w, https:\/\/cloud.alqueria.es\/wp-content\/uploads\/sites\/7\/2019\/03\/20190315_091600.jpg 300w, https:\/\/cloud.alqueria.es\/wp-content\/uploads\/sites\/7\/2019\/03\/20190315_091600.jpg 768w\" sizes=\"(max-width: 300px) 100vw, 300px\" \/><\/p>\n<p>La actividad de la lectura compartida est\u00e1 siendo un gran \u00e9xito.<\/p>\n<p>Los tutores y tutoras de 6\u00ba est\u00e1n realizando un <span style=\"color: #ff6600\">seguimiento de la lectura expresiva<\/span>, comprensiva y la realizaci\u00f3n de las actividades.<\/p>\n<p>Aprecian de la lectura: <span style=\"color: #0000ff\">la dicci\u00f3n<\/span>, <span style=\"color: #ff0000\">el tono,<\/span><span style=\"color: #008000\"> la entonaci\u00f3n,<\/span> <span style=\"color: #800080\">el respeto a los signos de puntuaci\u00f3n,<\/span><span style=\"color: #008080\">\u00a0fidelidad al texto<\/span>, as\u00ed como la <span style=\"color: #800080\">correcci\u00f3n de las actividades<\/span> que previamente se han realizado. Cada alumno y alumna de 6\u00ba realizan unas peque\u00f1as rese\u00f1as escritas de c\u00f3mo ha ido la lectura y algunas recomendaciones que les dan para ir mejorando. Recomiendo llevar un peque\u00f1o seguimiento familiar.<\/p>\n<p>Os recuerdo que todos los viernes se entrega un nuevo trabajo sobre la lectura. Durante una semana se debe practicar sobre ella la lectura expresiva, es decir, la lectura en voz alta. Se entrenan para poder realizar esa lectura a su tutor o tutora de 6\u00ba y, previamente, \u00a0realizar las actividades.<\/p>\n<p>Una vez entregada en clase la nueva lectura, es le\u00edda por m\u00ed y se suele comentar diferentes aspectos. Esta semana nos hemos centrado en una canci\u00f3n popular y en una poes\u00eda de Federico G. L.. Se analiza el vocabulario, las figuras literarias y &#8230;<\/p>\n<p><span class=\"embed-youtube\" style=\"text-align:center; display: block;\"><div class=\"a25-CTUOC-hidding-box\" data-original-content=\"&lt;iframe loading=&quot;lazy&quot; class=&quot;youtube-player&quot; width=&quot;474&quot; height=&quot;267&quot; src=&quot;https:\/\/www.youtube.com\/embed\/Yrr3e1OvNEo?version=3&amp;#038;rel=1&amp;#038;showsearch=0&amp;#038;showinfo=1&amp;#038;iv_load_policy=1&amp;#038;fs=1&amp;#038;hl=es-ES&amp;#038;autohide=2&amp;#038;wmode=transparent&quot; allowfullscreen=&quot;true&quot; style=&quot;border:0;&quot; sandbox=&quot;allow-scripts allow-same-origin allow-popups allow-presentation allow-popups-to-escape-sandbox&quot;&gt;&lt;\/iframe&gt;\">Esta p\u00e1gina incluye contenido multimedia que requiere aceptar todas las cookies. Pulse aqu\u00ed para abrir la configuraci\u00f3n de cookies.<\/div><\/span><br \/>\nContinuamos trabajando sobre <span style=\"color: #0000ff\">el verbo<\/span><\/p>\n<p><img decoding=\"async\" data-attachment-id=\"20114\" data-permalink=\"https:\/\/www.alqueria.es\/blogs\/alqueriasegundociclo\/2019\/03\/24\/semanario-de-3o-semana-del-18-al-22-de-marzo\/verbo-2\/\" data-orig-file=\"https:\/\/cloud.alqueria.es\/wp-content\/uploads\/sites\/7\/2019\/03\/verbo.jpg\" data-orig-size=\"1024,603\" data-comments-opened=\"1\" data-image-meta=\"{&quot;aperture&quot;:&quot;0&quot;,&quot;credit&quot;:&quot;&quot;,&quot;camera&quot;:&quot;&quot;,&quot;caption&quot;:&quot;&quot;,&quot;created_timestamp&quot;:&quot;0&quot;,&quot;copyright&quot;:&quot;&quot;,&quot;focal_length&quot;:&quot;0&quot;,&quot;iso&quot;:&quot;0&quot;,&quot;shutter_speed&quot;:&quot;0&quot;,&quot;title&quot;:&quot;&quot;,&quot;orientation&quot;:&quot;0&quot;}\" data-image-title=\"verbo\" data-image-description=\"\" data-image-caption=\"\" data-large-file=\"https:\/\/cloud.alqueria.es\/wp-content\/uploads\/sites\/7\/2019\/03\/verbo.jpg\" class=\"aligncenter size-medium wp-image-20114\" src=\"https:\/\/cloud.alqueria.es\/wp-content\/uploads\/sites\/7\/2019\/03\/verbo.jpg\" alt=\"\" width=\"300\" height=\"177\" srcset=\"https:\/\/cloud.alqueria.es\/wp-content\/uploads\/sites\/7\/2019\/03\/verbo.jpg 1024w, https:\/\/cloud.alqueria.es\/wp-content\/uploads\/sites\/7\/2019\/03\/verbo.jpg 300w, https:\/\/cloud.alqueria.es\/wp-content\/uploads\/sites\/7\/2019\/03\/verbo.jpg 768w\" sizes=\"(max-width: 300px) 100vw, 300px\" \/>Se inicia el nuevo tema con las <span style=\"color: #0000ff\">frases hechas.<\/span> Se conocen el significado de muchas, analizamos algunas nuevas y han aportado las que suelen utilizar o oyen en casa.<\/p>\n<p><img decoding=\"async\" data-attachment-id=\"20115\" data-permalink=\"https:\/\/www.alqueria.es\/blogs\/alqueriasegundociclo\/2019\/03\/24\/semanario-de-3o-semana-del-18-al-22-de-marzo\/10801527_832586513428981_7041491743190098658_n\/\" data-orig-file=\"https:\/\/cloud.alqueria.es\/wp-content\/uploads\/sites\/7\/2019\/03\/10801527_832586513428981_7041491743190098658_n.png\" data-orig-size=\"720,720\" data-comments-opened=\"1\" data-image-meta=\"{&quot;aperture&quot;:&quot;0&quot;,&quot;credit&quot;:&quot;&quot;,&quot;camera&quot;:&quot;&quot;,&quot;caption&quot;:&quot;&quot;,&quot;created_timestamp&quot;:&quot;0&quot;,&quot;copyright&quot;:&quot;&quot;,&quot;focal_length&quot;:&quot;0&quot;,&quot;iso&quot;:&quot;0&quot;,&quot;shutter_speed&quot;:&quot;0&quot;,&quot;title&quot;:&quot;&quot;,&quot;orientation&quot;:&quot;0&quot;}\" data-image-title=\"10801527_832586513428981_7041491743190098658_n\" data-image-description=\"\" data-image-caption=\"\" data-large-file=\"https:\/\/cloud.alqueria.es\/wp-content\/uploads\/sites\/7\/2019\/03\/10801527_832586513428981_7041491743190098658_n.png\" class=\"aligncenter size-medium wp-image-20115\" src=\"https:\/\/cloud.alqueria.es\/wp-content\/uploads\/sites\/7\/2019\/03\/10801527_832586513428981_7041491743190098658_n.png\" alt=\"\" width=\"300\" height=\"300\" srcset=\"https:\/\/cloud.alqueria.es\/wp-content\/uploads\/sites\/7\/2019\/03\/10801527_832586513428981_7041491743190098658_n.png 720w, https:\/\/cloud.alqueria.es\/wp-content\/uploads\/sites\/7\/2019\/03\/10801527_832586513428981_7041491743190098658_n.png 150w, https:\/\/cloud.alqueria.es\/wp-content\/uploads\/sites\/7\/2019\/03\/10801527_832586513428981_7041491743190098658_n.png 300w\" sizes=\"(max-width: 300px) 100vw, 300px\" \/><\/p>\n<p>Llegamos a un gran tema y a parte de la ortograf\u00eda que ten\u00edan muchas ganas de aprender, <span style=\"color: #0000ff\">\u00abEL ACENTO PROS\u00d3DICO\u00bb.<\/span><\/p>\n<p><img decoding=\"async\" data-attachment-id=\"20116\" data-permalink=\"https:\/\/www.alqueria.es\/blogs\/alqueriasegundociclo\/2019\/03\/24\/semanario-de-3o-semana-del-18-al-22-de-marzo\/descarga-10\/\" data-orig-file=\"https:\/\/cloud.alqueria.es\/wp-content\/uploads\/sites\/7\/2019\/03\/descarga.jpeg\" data-orig-size=\"275,183\" data-comments-opened=\"1\" data-image-meta=\"{&quot;aperture&quot;:&quot;0&quot;,&quot;credit&quot;:&quot;&quot;,&quot;camera&quot;:&quot;&quot;,&quot;caption&quot;:&quot;&quot;,&quot;created_timestamp&quot;:&quot;0&quot;,&quot;copyright&quot;:&quot;&quot;,&quot;focal_length&quot;:&quot;0&quot;,&quot;iso&quot;:&quot;0&quot;,&quot;shutter_speed&quot;:&quot;0&quot;,&quot;title&quot;:&quot;&quot;,&quot;orientation&quot;:&quot;0&quot;}\" data-image-title=\"descarga\" data-image-description=\"\" data-image-caption=\"\" data-large-file=\"https:\/\/cloud.alqueria.es\/wp-content\/uploads\/sites\/7\/2019\/03\/descarga.jpeg\" class=\"aligncenter size-full wp-image-20116\" src=\"https:\/\/cloud.alqueria.es\/wp-content\/uploads\/sites\/7\/2019\/03\/descarga.jpeg\" alt=\"\" width=\"275\" height=\"183\" \/><\/p>\n<p>En clase se ha jugado oralmente y por escrito a:<\/p>\n<ul>\n<li><span style=\"color: #800000\">Buscar palabras seg\u00fan el n\u00famero de s\u00edlabas (monos\u00edlabas, bis\u00edlabas, tris\u00edlabas y polis\u00edlabas).<\/span><\/li>\n<li><span style=\"color: #008000\">Separar palabras por s\u00edlabas.<\/span><\/li>\n<li><span style=\"color: #800080\">Reconocer la s\u00edlaba t\u00f3nica.<\/span><\/li>\n<li><span style=\"color: #ff0000\">Saber, seg\u00fan el lugar que ocupa la s\u00edlaba t\u00f3nica, si es una palabra aguda, llana o esdr\u00fajula.<\/span><\/li>\n<li>Etc.<\/li>\n<\/ul>\n<p><span style=\"color: #0000ff\">El texto creativo<\/span><\/p>\n<p>Os dejo aqu\u00ed las investigaciones realizadas por M\u00f3nica y \u00c1lvaro que nos ha servido para continuar con la creaci\u00f3n de textos.<\/p>\n<p><div class=\"a25-CTUOC-hidding-box\" data-original-content=\"&lt;iframe src=&quot;https:\/\/www.slideshare.net\/slideshow\/embed_code\/137924015&quot; width=&quot;474&quot; height=&quot;389&quot; sandbox=&quot;allow-popups allow-scripts allow-same-origin allow-presentation&quot; allowfullscreen webkitallowfullscreen mozallowfullscreen&gt;&lt;\/iframe&gt;\">Esta p\u00e1gina incluye contenido multimedia que requiere aceptar todas las cookies. Pulse aqu\u00ed para abrir la configuraci\u00f3n de cookies.<\/div><br \/>\n<div class=\"a25-CTUOC-hidding-box\" data-original-content=\"&lt;iframe src=&quot;https:\/\/www.slideshare.net\/slideshow\/embed_code\/137924061&quot; width=&quot;474&quot; height=&quot;389&quot; sandbox=&quot;allow-popups allow-scripts allow-same-origin allow-presentation&quot; allowfullscreen webkitallowfullscreen mozallowfullscreen&gt;&lt;\/iframe&gt;\">Esta p\u00e1gina incluye contenido multimedia que requiere aceptar todas las cookies. Pulse aqu\u00ed para abrir la configuraci\u00f3n de cookies.<\/div><\/p>\n<p><span style=\"color: #0000ff\">\u00c1rea de ciencias<\/span><\/p>\n<p>Candela R. ha presentado su trabajo de investigaci\u00f3n sobre la energ\u00eda centr\u00e1ndose en las energ\u00eda alternativas y en especial la hidr\u00e1ulica.<\/p>\n<p>\u00c9sta investigaci\u00f3n aporta m\u00e1s informaci\u00f3n sobre los r\u00edos y sus usos.<\/p>\n<p>Continuamos con el aprendizaje de los r\u00edos de Andaluc\u00eda y de Espa\u00f1a.<\/p>\n<p>Para iniciar el nuevo tema les he pedido que aporten el nombre del barrio en el que viven. Va a servir para analizar y comprender bien el nuevo tema.<\/p>\n<p>Todo el grupo va a preparar una peque\u00f1a investigaci\u00f3n sobre alg\u00fan aspecto del <span style=\"color: #ff6600\">barrio del Sacromonte<\/span>. Es nuestra pr\u00f3xima salida, ellos y ellas van a ser los gu\u00edas tur\u00edsticos e informativos de todo aquello que vamos a ver y visitar. El diario es un buen soporte para ir anotando lo investigado.<\/p>\n<div class=\"a25-CTUOC-hidding-box\" data-original-content=\"&lt;iframe src=&quot;https:\/\/www.slideshare.net\/slideshow\/embed_code\/137924110&quot; width=&quot;474&quot; height=&quot;389&quot; sandbox=&quot;allow-popups allow-scripts allow-same-origin allow-presentation&quot; allowfullscreen webkitallowfullscreen mozallowfullscreen&gt;&lt;\/iframe&gt;\">Esta p\u00e1gina incluye contenido multimedia que requiere aceptar todas las cookies. Pulse aqu\u00ed para abrir la configuraci\u00f3n de cookies.<\/div>\n<p><span style=\"color: #0000ff\">\u00c1rea de matem\u00e1ticas<\/span><\/p>\n<p style=\"text-align: center\"><span style=\"color: #800080\">Tablas, tablas y tablas.<\/span><\/p>\n<p>Durante la semana nos hemos propuesto actividades distintas y compartidas con el grupo de 2\u00ba y 4\u00ba. Todo el grupo participa.<\/p>\n<p><span style=\"color: #ff0000\">1\u00aa sesi\u00f3n<\/span>: juegos de tablas seg\u00fan el dominio y con diferentes dificultades. Muy necesario el dominio completo de todas las tablas, la agilidad en las operaciones de suma, resta y multiplicaci\u00f3n.<\/p>\n<p><span style=\"color: #800080\">2\u00aa sesi\u00f3n<\/span>: resoluci\u00f3n de problemas de diversa envergadura en donde, por parejas y peque\u00f1os grupos, se analiza un problema, se habla sobre \u00e9l, se decide c\u00f3mo resolverlo, se resuelve y se compara con otras parejas para continuar hablado del problema.<\/p>\n<p>Continuamos con las operaciones de suma, resta, multiplicaci\u00f3n (de una y dos cifras) y la divisi\u00f3n.<\/p>\n<p>Algunos se olvidan con facilidad de los pasos a seguir en la divisi\u00f3n. Os dejo aqu\u00ed un tutorial y os recuerdo que en recursos tic del blog hay numerosas actividades acompa\u00f1adas de tutoriales recordatorios.<\/p>\n<p><span class=\"embed-youtube\" style=\"text-align:center; display: block;\"><div class=\"a25-CTUOC-hidding-box\" data-original-content=\"&lt;iframe loading=&quot;lazy&quot; class=&quot;youtube-player&quot; width=&quot;474&quot; height=&quot;267&quot; src=&quot;https:\/\/www.youtube.com\/embed\/QU7W7Ot_Q-8?version=3&amp;#038;rel=1&amp;#038;showsearch=0&amp;#038;showinfo=1&amp;#038;iv_load_policy=1&amp;#038;fs=1&amp;#038;hl=es-ES&amp;#038;autohide=2&amp;#038;wmode=transparent&quot; allowfullscreen=&quot;true&quot; style=&quot;border:0;&quot; sandbox=&quot;allow-scripts allow-same-origin allow-popups allow-presentation allow-popups-to-escape-sandbox&quot;&gt;&lt;\/iframe&gt;\">Esta p\u00e1gina incluye contenido multimedia que requiere aceptar todas las cookies. Pulse aqu\u00ed para abrir la configuraci\u00f3n de cookies.<\/div><\/span><br \/>\nnbsp;<\/p>\n<p style=\"text-align: center\"><span style=\"color: #ff6600\">LA GEOMETR\u00cdA<\/span><\/p>\n<p>Se ha iniciado el nuevo tema de la geometr\u00eda con una gran puesta en com\u00fan sobre sus conocimientos sobre la misma.<\/p>\n<p>Comenzamos hablando sobre las restas en d\u00f3nde las vemos, qu\u00e9 crean, etc.<\/p>\n<p><img decoding=\"async\" data-attachment-id=\"20118\" data-permalink=\"https:\/\/www.alqueria.es\/blogs\/alqueriasegundociclo\/2019\/03\/24\/semanario-de-3o-semana-del-18-al-22-de-marzo\/tipos-de-rectas\/\" data-orig-file=\"https:\/\/cloud.alqueria.es\/wp-content\/uploads\/sites\/7\/2019\/03\/tipos-de-rectas.jpg\" data-orig-size=\"960,720\" data-comments-opened=\"1\" data-image-meta=\"{&quot;aperture&quot;:&quot;0&quot;,&quot;credit&quot;:&quot;&quot;,&quot;camera&quot;:&quot;&quot;,&quot;caption&quot;:&quot;&quot;,&quot;created_timestamp&quot;:&quot;0&quot;,&quot;copyright&quot;:&quot;&quot;,&quot;focal_length&quot;:&quot;0&quot;,&quot;iso&quot;:&quot;0&quot;,&quot;shutter_speed&quot;:&quot;0&quot;,&quot;title&quot;:&quot;&quot;,&quot;orientation&quot;:&quot;0&quot;}\" data-image-title=\"tipos-de-rectas\" data-image-description=\"\" data-image-caption=\"\" data-large-file=\"https:\/\/cloud.alqueria.es\/wp-content\/uploads\/sites\/7\/2019\/03\/tipos-de-rectas.jpg\" class=\"aligncenter size-medium wp-image-20118\" src=\"https:\/\/cloud.alqueria.es\/wp-content\/uploads\/sites\/7\/2019\/03\/tipos-de-rectas.jpg\" alt=\"\" width=\"300\" height=\"225\" srcset=\"https:\/\/cloud.alqueria.es\/wp-content\/uploads\/sites\/7\/2019\/03\/tipos-de-rectas.jpg 960w, https:\/\/cloud.alqueria.es\/wp-content\/uploads\/sites\/7\/2019\/03\/tipos-de-rectas.jpg 300w, https:\/\/cloud.alqueria.es\/wp-content\/uploads\/sites\/7\/2019\/03\/tipos-de-rectas.jpg 768w\" sizes=\"(max-width: 300px) 100vw, 300px\" \/><\/p>\n<p>Continuamos con los \u00e1ngulos que forman las restas al secarse.<\/p>\n<figure id=\"attachment_20119\" aria-describedby=\"caption-attachment-20119\" style=\"width: 300px\" class=\"wp-caption aligncenter\"><img decoding=\"async\" data-attachment-id=\"20119\" data-permalink=\"https:\/\/www.alqueria.es\/blogs\/alqueriasegundociclo\/2019\/03\/24\/semanario-de-3o-semana-del-18-al-22-de-marzo\/angulo-regiondelplanocomprendidaentredossemirrectasconelorigencomun\/\" data-orig-file=\"https:\/\/cloud.alqueria.es\/wp-content\/uploads\/sites\/7\/2019\/03\/A%CC%81NGULO-regio%CC%81ndelplanocomprendidaentredossemirrectasconelorigencomu%CC%81n.jpg\" data-orig-size=\"960,720\" data-comments-opened=\"1\" data-image-meta=\"{&quot;aperture&quot;:&quot;0&quot;,&quot;credit&quot;:&quot;&quot;,&quot;camera&quot;:&quot;&quot;,&quot;caption&quot;:&quot;Nulo = 0\\u00ba. Completo = 360\\u00ba. TIPOS DE \\u00c1NGULOS. Comparados con el \\u00e1ngulo recto. Obtuso \\u0026gt; 90\\u00ba. Recto = 90\\u00ba. Agudo  180\\u00ba. Convexo \\u0026lt; 180\\u00ba. Llano =180\\u00ba. seguir.&quot;,&quot;created_timestamp&quot;:&quot;0&quot;,&quot;copyright&quot;:&quot;&quot;,&quot;focal_length&quot;:&quot;0&quot;,&quot;iso&quot;:&quot;0&quot;,&quot;shutter_speed&quot;:&quot;0&quot;,&quot;title&quot;:&quot;&quot;,&quot;orientation&quot;:&quot;0&quot;}\" data-image-title=\"A\u0301NGULO-regio\u0301ndelplanocomprendidaentredossemirrectasconelorigencomu\u0301n\" data-image-description=\"\" data-image-caption=\"&lt;p&gt;Nulo = 0\u00ba. Completo = 360\u00ba. TIPOS DE \u00c1NGULOS. Comparados con el \u00e1ngulo recto. Obtuso &amp;gt; 90\u00ba. Recto = 90\u00ba. Agudo  180\u00ba. Convexo &amp;lt; 180\u00ba. Llano =180\u00ba. seguir.&lt;\/p&gt;\n\" data-large-file=\"https:\/\/cloud.alqueria.es\/wp-content\/uploads\/sites\/7\/2019\/03\/A%CC%81NGULO-regio%CC%81ndelplanocomprendidaentredossemirrectasconelorigencomu%CC%81n.jpg\" class=\"size-medium wp-image-20119\" src=\"https:\/\/cloud.alqueria.es\/wp-content\/uploads\/sites\/7\/2019\/03\/A%CC%81NGULO-regio%CC%81ndelplanocomprendidaentredossemirrectasconelorigencomu%CC%81n.jpg\" alt=\"\" width=\"300\" height=\"225\" srcset=\"https:\/\/cloud.alqueria.es\/wp-content\/uploads\/sites\/7\/2019\/03\/A%CC%81NGULO-regio%CC%81ndelplanocomprendidaentredossemirrectasconelorigencomu%CC%81n.jpg 960w, https:\/\/cloud.alqueria.es\/wp-content\/uploads\/sites\/7\/2019\/03\/A%CC%81NGULO-regio%CC%81ndelplanocomprendidaentredossemirrectasconelorigencomu%CC%81n.jpg 300w, https:\/\/cloud.alqueria.es\/wp-content\/uploads\/sites\/7\/2019\/03\/A%CC%81NGULO-regio%CC%81ndelplanocomprendidaentredossemirrectasconelorigencomu%CC%81n.jpg 768w\" sizes=\"(max-width: 300px) 100vw, 300px\" \/><figcaption id=\"caption-attachment-20119\" class=\"wp-caption-text\">Nulo = 0\u00ba. Completo = 360\u00ba. TIPOS DE \u00c1NGULOS. Comparados con el \u00e1ngulo recto. Obtuso &gt; 90\u00ba. Recto = 90\u00ba. Agudo 180\u00ba. Convexo &lt; 180\u00ba. Llano =180\u00ba. seguir.<\/figcaption><\/figure>\n<p>Un saludo.<\/p>\n<p>Juanjo<\/p>\n","protected":false},"excerpt":{"rendered":"<p>Lectura compartida La actividad de la lectura compartida est\u00e1 siendo un gran \u00e9xito. Los tutores y tutoras de 6\u00ba est\u00e1n realizando un seguimiento de la lectura expresiva, comprensiva y la realizaci\u00f3n de las actividades. Aprecian de la lectura: la dicci\u00f3n, el tono, la entonaci\u00f3n, el respeto a los signos de puntuaci\u00f3n,\u00a0fidelidad al texto, as\u00ed como &hellip; <a href=\"https:\/\/www.alqueria.es\/blogs\/alqueriasegundociclo\/2019\/03\/24\/semanario-de-3o-semana-del-18-al-22-de-marzo\/\" class=\"more-link\">Seguir leyendo <span class=\"screen-reader-text\">Semanario de 3\u00ba. Semana del 18 al 22 de marzo<\/span> <span class=\"meta-nav\">&rarr;<\/span><\/a><\/p>\n","protected":false},"author":16,"featured_media":0,"comment_status":"open","ping_status":"open","sticky":false,"template":"","format":"standard","meta":{"jetpack_post_was_ever_published":false,"_jetpack_newsletter_access":"","_jetpack_dont_email_post_to_subs":false,"_jetpack_newsletter_tier_id":0,"_jetpack_memberships_contains_paywalled_content":false,"_jetpack_memberships_contains_paid_content":false,"footnotes":"","jetpack_publicize_message":"","jetpack_publicize_feature_enabled":true,"jetpack_social_post_already_shared":true,"jetpack_social_options":{"image_generator_settings":{"template":"highway","default_image_id":0,"font":"","enabled":false},"version":2}},"categories":[5,84,10,22,28,59,65],"tags":[],"class_list":["post-20109","post","type-post","status-publish","format-standard","hentry","category-3o-epo","category-conferencias-de-fantasia","category-conocimiento-del-medio-y-social-3o","category-inicio","category-lengua-castellana-y-literatura-3o","category-semanario-3o","category-taller-de-fantasia"],"jetpack_publicize_connections":[],"jetpack_featured_media_url":"","jetpack_sharing_enabled":true,"jetpack_shortlink":"https:\/\/wp.me\/p4lw4c-5el","_links":{"self":[{"href":"https:\/\/www.alqueria.es\/blogs\/alqueriasegundociclo\/wp-json\/wp\/v2\/posts\/20109","targetHints":{"allow":["GET"]}}],"collection":[{"href":"https:\/\/www.alqueria.es\/blogs\/alqueriasegundociclo\/wp-json\/wp\/v2\/posts"}],"about":[{"href":"https:\/\/www.alqueria.es\/blogs\/alqueriasegundociclo\/wp-json\/wp\/v2\/types\/post"}],"author":[{"embeddable":true,"href":"https:\/\/www.alqueria.es\/blogs\/alqueriasegundociclo\/wp-json\/wp\/v2\/users\/16"}],"replies":[{"embeddable":true,"href":"https:\/\/www.alqueria.es\/blogs\/alqueriasegundociclo\/wp-json\/wp\/v2\/comments?post=20109"}],"version-history":[{"count":0,"href":"https:\/\/www.alqueria.es\/blogs\/alqueriasegundociclo\/wp-json\/wp\/v2\/posts\/20109\/revisions"}],"wp:attachment":[{"href":"https:\/\/www.alqueria.es\/blogs\/alqueriasegundociclo\/wp-json\/wp\/v2\/media?parent=20109"}],"wp:term":[{"taxonomy":"category","embeddable":true,"href":"https:\/\/www.alqueria.es\/blogs\/alqueriasegundociclo\/wp-json\/wp\/v2\/categories?post=20109"},{"taxonomy":"post_tag","embeddable":true,"href":"https:\/\/www.alqueria.es\/blogs\/alqueriasegundociclo\/wp-json\/wp\/v2\/tags?post=20109"}],"curies":[{"name":"wp","href":"https:\/\/api.w.org\/{rel}","templated":true}]}}