{"id":20128,"date":"2019-04-02T10:31:04","date_gmt":"2019-04-02T08:31:04","guid":{"rendered":"https:\/\/www.alqueria.es\/blogs\/alqueriasegundociclo\/?p=20128"},"modified":"2019-04-02T10:31:04","modified_gmt":"2019-04-02T08:31:04","slug":"mas-conferencias","status":"publish","type":"post","link":"https:\/\/www.alqueria.es\/blogs\/alqueriasegundociclo\/2019\/04\/02\/mas-conferencias\/","title":{"rendered":"M\u00e1s conferencias&#8230;"},"content":{"rendered":"<p>&nbsp;<\/p>\n<p><img decoding=\"async\" class=\"aligncenter\" src=\"https:\/\/tse2.mm.bing.net\/th?id=OIP.rFJuKUyRCNC9Mrh1Kl2PDQHaFd&amp;pid=15.1&amp;P=0&amp;w=205&amp;h=152\" width=\"341\" height=\"250\" \/><\/p>\n<p>Una imagen vale m\u00e1s que mil palabras, y con esto volvemos a poner de manifiesto la importancia de aprender desde la experiencia propia, y por tanto ensalzamos el valor del trabajo que hace nuestro alumnado.\u00a0 Las conferencias son una parte fundamental de nuestro d\u00eda a d\u00eda, a trav\u00e9s de ellas conseguimos un aprendizaje divergente y eficaz.<\/p>\n<p><span style=\"color: #ff0000\"><strong>\u00abMI PELI FAVORITA: MUNDO CARS\u00bb<\/strong><\/span><\/p>\n<p><strong><em>Pedro es un apasionado de Mundo Cars, as\u00ed\u00a0 que desde un primer momento tuvo claro el tema de su conferencia. Han elaborado una conferencia muy din\u00e1mica, pues Pedro nos iba relatando todos y cada uno de los pormenores que encontramos en el mundo de las carreras de coches, pero haciendo una comparaci\u00f3n paralela entre la pel\u00edcula y el mundo real. Disfrut\u00f3 mucho durante su exposici\u00f3n, que supo defender desde el primer minuto hasta el momento de las preguntas. Como broche final nos invita a que veamos la pel\u00edcula todos juntos y &#8230;como nos \u00edbamos a negar! Buen trabajo Pedro y familia!<\/em><\/strong><\/p>\n<div class=\"a25-CTUOC-hidding-box\" data-original-content=\"&lt;iframe title=&quot;Mi peli favorita:MUNDO CARS&quot; src=&quot;https:\/\/www.slideshare.net\/slideshow\/embed_code\/key\/oqe2oJWUcbjhXj&quot; width=&quot;427&quot; height=&quot;356&quot; frameborder=&quot;0&quot; marginwidth=&quot;0&quot; marginheight=&quot;0&quot; scrolling=&quot;no&quot; style=&quot;border:1px solid #CCC; border-width:1px; margin-bottom:5px; max-width: 100%;&quot; allowfullscreen&gt; &lt;\/iframe&gt;\">Esta p\u00e1gina incluye contenido multimedia que requiere aceptar todas las cookies. Pulse aqu\u00ed para abrir la configuraci\u00f3n de cookies.<\/div>\n<div style=\"margin-bottom:5px\"> <strong> <a href=\"https:\/\/es.slideshare.net\/laurajj\/mi-peli-favoritamundo-cars\" title=\"Mi peli favorita:MUNDO CARS\" target=\"_blank\">Mi peli favorita:MUNDO CARS<\/a> <\/strong> from <strong><a href=\"https:\/\/www.slideshare.net\/laurajj\" target=\"_blank\">laurajj<\/a><\/strong> <\/div>\n<p><strong><span style=\"color: #3366ff\">\u00abARQUITECTURA MODERNA\u00bb<\/span><\/strong><\/p>\n<p><em><strong>Rafa est\u00e1 muy interesado en todo lo que tiene que ver con el dise\u00f1o, el dibujo t\u00e9cnico, la construcci\u00f3n de edificaciones&#8230; As\u00ed que su conferencia no pod\u00eda ir pro otro camino, eligi\u00f3 LA ARQUITECTURA MODERNA. En ella nos ha dejado algo muy claro, y es que este tipo de arquitectura no es la \u00faltima, la m\u00e1s moderna con las \u00faltimas tendencias en dise\u00f1o ni en materiales, sino la que tuvo lugar en el siglo XX, caracterizada por l\u00edneas simples y poca ornamentaci\u00f3n. Nos ha encadilado con algunas de las construcciones modernas m\u00e1s impresionantes, \u00a1todos queremos ir a ese hotel en cascada! Gracias Rafa por tu esfuerzo y tu trabajo.\u00a0<\/strong><\/em><\/p>\n<p>&nbsp;<\/p>\n<div class=\"a25-CTUOC-hidding-box\" data-original-content=\"&lt;iframe title=&quot;Arquitecura moderna&quot; src=&quot;https:\/\/www.slideshare.net\/slideshow\/embed_code\/key\/JhGu5g6gGRZ4PY&quot; width=&quot;427&quot; height=&quot;356&quot; frameborder=&quot;0&quot; marginwidth=&quot;0&quot; marginheight=&quot;0&quot; scrolling=&quot;no&quot; style=&quot;border:1px solid #CCC; border-width:1px; margin-bottom:5px; max-width: 100%;&quot; allowfullscreen&gt; &lt;\/iframe&gt;\">Esta p\u00e1gina incluye contenido multimedia que requiere aceptar todas las cookies. Pulse aqu\u00ed para abrir la configuraci\u00f3n de cookies.<\/div>\n<div style=\"margin-bottom:5px\"> <strong> <a href=\"https:\/\/es.slideshare.net\/laurajj\/arquitecura-moderna\" title=\"Arquitecura moderna\" target=\"_blank\">Arquitecura moderna<\/a> <\/strong> from <strong><a href=\"https:\/\/www.slideshare.net\/laurajj\" target=\"_blank\">laurajj<\/a><\/strong> <\/div>\n<p>Nos introducimos en el tema de la organizaci\u00f3n territorial, leyendo, escuchando, investigando acerca de algunos conceptos que nos suenan, pero que no entendemos. Es el caso de Comunidad Aut\u00f3noma, ciudad aut\u00f3noma, provincia, localidad, ciudad&#8230;<\/p>\n<p>Varios compa\u00f1eros nos aportan informaci\u00f3n muy valiosa acerca de alguna comunidad aut\u00f3noma y alguna isla como fruto de un viaje reciente a dicho destino.<\/p>\n<p>Es el caso de <strong><span style=\"color: #3366ff\">Jose Sami<\/span><\/strong>, que no habla de <strong><span style=\"color: #3366ff\">Ceuta,<\/span><\/strong> una <span style=\"color: #3366ff\"><strong>CIUDAD AUT\u00d3NOMA<\/strong> <\/span>que visita frecuentemente.\u00a0 En ella aporta datos de inter\u00e9s como situaci\u00f3n, bandera, escudo, poblaci\u00f3n, mezcla de culturas y alguna leyenda. Muchas gracias Jose Sami por tu esfuerzo en preparar este trabajo y compartirlo con nosotros.<\/p>\n<div class=\"a25-CTUOC-hidding-box\" data-original-content=\"&lt;iframe title=&quot;Ceuta&quot; src=&quot;https:\/\/www.slideshare.net\/slideshow\/embed_code\/key\/3RlIcMlLaodZzu&quot; width=&quot;427&quot; height=&quot;356&quot; frameborder=&quot;0&quot; marginwidth=&quot;0&quot; marginheight=&quot;0&quot; scrolling=&quot;no&quot; style=&quot;border:1px solid #CCC; border-width:1px; margin-bottom:5px; max-width: 100%;&quot; allowfullscreen&gt; &lt;\/iframe&gt;\">Esta p\u00e1gina incluye contenido multimedia que requiere aceptar todas las cookies. Pulse aqu\u00ed para abrir la configuraci\u00f3n de cookies.<\/div>\n<div style=\"margin-bottom:5px\"> <strong> <a href=\"https:\/\/es.slideshare.net\/laurajj\/ceuta-138045143\" title=\"Ceuta\" target=\"_blank\">Ceuta<\/a> <\/strong> from <strong><a href=\"https:\/\/www.slideshare.net\/laurajj\" target=\"_blank\">laurajj<\/a><\/strong> <\/div>\n<p><span style=\"color: #ff9900\"><strong>Maya<\/strong> <\/span>nos habla de su viaje a la isla de <span style=\"color: #ff9900\"><strong>Tenerife<\/strong><\/span>, as\u00ed que da lugar a hablar de conceptos como<strong><span style=\"color: #ff9900\"> isla, archipi\u00e9lago, localizaci\u00f3n geogr\u00e1fica&#8230; <span style=\"color: #333333\">Gracias Maya por compartir tu experiencia.\u00a0<\/span><\/span><\/strong><\/p>\n<p>Adem\u00e1s, tienen lugar otras conferencias con tem\u00e1tica variada que parten del inter\u00e9s personal del alumnado, siendo \u00e9sta una actividad de motivaci\u00f3n, con objetivos personales para cada uno de ellos.<\/p>\n<p>As\u00ed, <span style=\"color: #008000\"><strong>Miguel<\/strong> <\/span>nos expuso todos sus conocimientos, fruto de investigaciones y de ideas previas, sobre la <span style=\"color: #008000\"><strong>PESTE BUB\u00d3NICA o PESTE NEGRA<\/strong><\/span>. En ella nos habl\u00f3 de las tres grandes pandemias de la peste, d\u00f3nde se dio, los s\u00edntomas, causas, lo que pensaban los dem\u00e1s que era, las cura medievales&#8230; Un tema que ha llamado la atenci\u00f3n de todos los compa\u00f1eros&#8230; Gracias por compartir, una vez m\u00e1s,\u00a0 tus conocimientos sobre el tema,<\/p>\n<p>Bueno, pues esto no acaba aqu\u00ed! Seguiremos trabajando, que tenemos un mont\u00f3n de actividades especiales entre manos.<\/p>\n<p>Un saludo.<\/p>\n<p>Laura Justicia<\/p>\n<p>&nbsp;<\/p>\n","protected":false},"excerpt":{"rendered":"<p>&nbsp; Una imagen vale m\u00e1s que mil palabras, y con esto volvemos a poner de manifiesto la importancia de aprender desde la experiencia propia, y por tanto ensalzamos el valor del trabajo que hace nuestro alumnado.\u00a0 Las conferencias son una parte fundamental de nuestro d\u00eda a d\u00eda, a trav\u00e9s de ellas conseguimos un aprendizaje divergente &hellip; <a href=\"https:\/\/www.alqueria.es\/blogs\/alqueriasegundociclo\/2019\/04\/02\/mas-conferencias\/\" class=\"more-link\">Seguir leyendo <span class=\"screen-reader-text\">M\u00e1s conferencias&#8230;<\/span> <span class=\"meta-nav\">&rarr;<\/span><\/a><\/p>\n","protected":false},"author":16,"featured_media":0,"comment_status":"open","ping_status":"open","sticky":false,"template":"","format":"standard","meta":{"jetpack_post_was_ever_published":false,"_jetpack_newsletter_access":"","_jetpack_dont_email_post_to_subs":false,"_jetpack_newsletter_tier_id":0,"_jetpack_memberships_contains_paywalled_content":false,"_jetpack_memberships_contains_paid_content":false,"footnotes":"","jetpack_publicize_message":"","jetpack_publicize_feature_enabled":true,"jetpack_social_post_already_shared":true,"jetpack_social_options":{"image_generator_settings":{"template":"highway","default_image_id":0,"font":"","enabled":false},"version":2}},"categories":[6,8],"tags":[455,454,457,456,167,459,458],"class_list":["post-20128","post","type-post","status-publish","format-standard","hentry","category-4o-epo","category-conferencias","tag-arquitectura","tag-cars","tag-ceuta","tag-comunidades-autonomas","tag-conferencias-2","tag-peste-bubonica","tag-tenerife"],"jetpack_publicize_connections":[],"jetpack_featured_media_url":"","jetpack_sharing_enabled":true,"jetpack_shortlink":"https:\/\/wp.me\/p4lw4c-5eE","_links":{"self":[{"href":"https:\/\/www.alqueria.es\/blogs\/alqueriasegundociclo\/wp-json\/wp\/v2\/posts\/20128","targetHints":{"allow":["GET"]}}],"collection":[{"href":"https:\/\/www.alqueria.es\/blogs\/alqueriasegundociclo\/wp-json\/wp\/v2\/posts"}],"about":[{"href":"https:\/\/www.alqueria.es\/blogs\/alqueriasegundociclo\/wp-json\/wp\/v2\/types\/post"}],"author":[{"embeddable":true,"href":"https:\/\/www.alqueria.es\/blogs\/alqueriasegundociclo\/wp-json\/wp\/v2\/users\/16"}],"replies":[{"embeddable":true,"href":"https:\/\/www.alqueria.es\/blogs\/alqueriasegundociclo\/wp-json\/wp\/v2\/comments?post=20128"}],"version-history":[{"count":0,"href":"https:\/\/www.alqueria.es\/blogs\/alqueriasegundociclo\/wp-json\/wp\/v2\/posts\/20128\/revisions"}],"wp:attachment":[{"href":"https:\/\/www.alqueria.es\/blogs\/alqueriasegundociclo\/wp-json\/wp\/v2\/media?parent=20128"}],"wp:term":[{"taxonomy":"category","embeddable":true,"href":"https:\/\/www.alqueria.es\/blogs\/alqueriasegundociclo\/wp-json\/wp\/v2\/categories?post=20128"},{"taxonomy":"post_tag","embeddable":true,"href":"https:\/\/www.alqueria.es\/blogs\/alqueriasegundociclo\/wp-json\/wp\/v2\/tags?post=20128"}],"curies":[{"name":"wp","href":"https:\/\/api.w.org\/{rel}","templated":true}]}}