{"id":20137,"date":"2019-04-05T14:05:55","date_gmt":"2019-04-05T12:05:55","guid":{"rendered":"https:\/\/www.alqueria.es\/blogs\/alqueriasegundociclo\/?p=20137"},"modified":"2019-04-05T14:05:55","modified_gmt":"2019-04-05T12:05:55","slug":"la-odisea-homero","status":"publish","type":"post","link":"https:\/\/www.alqueria.es\/blogs\/alqueriasegundociclo\/2019\/04\/05\/la-odisea-homero\/","title":{"rendered":"LA ODISEA. HOMERO"},"content":{"rendered":"<p>En el \u00e1rea de lengua y literatura tambi\u00e9n tienen cabida otras exposiciones. En este caso no se trata de conferencias como las tenemos entendidas, pues el tema no ha partido de sus propios intereses (aunque ahora est\u00e1n hiper motivados con la historia), ni el proceso ha sido parecido, pues no implica investigaci\u00f3n. En este caso se trata de leer una historia un tanto compleja, buscar el vocabulario desconocido y relatar al grupo dicha historia.\u00a0 Como sab\u00e9is, estoy hablando de <span style=\"color: #3366ff\"><strong>LA ODISEA.<\/strong><\/span><\/p>\n<p><img decoding=\"async\" class=\"aligncenter\" src=\"https:\/\/www.abc.es\/media\/cultura\/2018\/06\/03\/odisea-kYy--620x349@abc.jpg\" alt=\"Resultado de imagen de ODISEA\" width=\"454\" height=\"256\" \/><\/p>\n<p><strong>Luc\u00eda nos hizo una introducci\u00f3n y habl\u00f3 sobre aspectos muy importantes para entender LA ODISEA:<\/strong><\/p>\n<ul>\n<li>fue escrita por Homero,<\/li>\n<li>se trata de un poema \u00e9pico: relatos contados en verso, cuyo protagonista es un h\u00e9roe, supone muchos inconvenientes para su consecuci\u00f3n y es un relato muy extenso,<\/li>\n<li>un rapsoda es un recitador que cantaba poemas hom\u00e9ricos u otros en diferentes lugares,<\/li>\n<li>por tanto el origen del rap reside ah\u00ed,<\/li>\n<li>partes de la Odisea, los cantos,<\/li>\n<li>algunos personajes de la Odisea.<\/li>\n<\/ul>\n<p>Es genial cuando se contextualiza el tema a trabajar, as\u00ed que ahora ya \u00a0estamos en disposici\u00f3n de empezar a leerla.<\/p>\n<p>Entonces llega el momento de empezar a disfrutar de los cantos que componen esta maravillosa obra.<\/p>\n<p><strong>Raquel nos relata el primer canto: LOS COMEDORES DE LOTOS<\/strong><\/p>\n<p><img decoding=\"async\" data-attachment-id=\"20146\" data-permalink=\"https:\/\/www.alqueria.es\/blogs\/alqueriasegundociclo\/2019\/04\/05\/la-odisea-homero\/lotofagos\/\" data-orig-file=\"https:\/\/cloud.alqueria.es\/wp-content\/uploads\/sites\/7\/2019\/04\/LOTOFAGOS.jpg\" data-orig-size=\"600,440\" data-comments-opened=\"1\" data-image-meta=\"{&quot;aperture&quot;:&quot;0&quot;,&quot;credit&quot;:&quot;&quot;,&quot;camera&quot;:&quot;&quot;,&quot;caption&quot;:&quot;&quot;,&quot;created_timestamp&quot;:&quot;0&quot;,&quot;copyright&quot;:&quot;&quot;,&quot;focal_length&quot;:&quot;0&quot;,&quot;iso&quot;:&quot;0&quot;,&quot;shutter_speed&quot;:&quot;0&quot;,&quot;title&quot;:&quot;&quot;,&quot;orientation&quot;:&quot;0&quot;}\" data-image-title=\"LOTOFAGOS\" data-image-description=\"\" data-image-caption=\"\" data-large-file=\"https:\/\/cloud.alqueria.es\/wp-content\/uploads\/sites\/7\/2019\/04\/LOTOFAGOS.jpg\" class=\"aligncenter size-medium wp-image-20146\" src=\"https:\/\/cloud.alqueria.es\/wp-content\/uploads\/sites\/7\/2019\/04\/LOTOFAGOS.jpg\" alt=\"\" width=\"300\" height=\"220\" srcset=\"https:\/\/cloud.alqueria.es\/wp-content\/uploads\/sites\/7\/2019\/04\/LOTOFAGOS.jpg 600w, https:\/\/cloud.alqueria.es\/wp-content\/uploads\/sites\/7\/2019\/04\/LOTOFAGOS.jpg 300w\" sizes=\"(max-width: 300px) 100vw, 300px\" \/><\/p>\n<p><strong>Nico relata el segundo canto: LA CUEVA DEL C\u00cdCLOPE (POLIFEMO)<\/strong><\/p>\n<p><img decoding=\"async\" data-attachment-id=\"20147\" data-permalink=\"https:\/\/www.alqueria.es\/blogs\/alqueriasegundociclo\/2019\/04\/05\/la-odisea-homero\/miguel-regodon-ulises-se-esconde-de-polifemo\/\" data-orig-file=\"https:\/\/cloud.alqueria.es\/wp-content\/uploads\/sites\/7\/2019\/04\/miguel-regodon-ulises-se-esconde-de-polifemo.jpg\" data-orig-size=\"684,630\" data-comments-opened=\"1\" data-image-meta=\"{&quot;aperture&quot;:&quot;0&quot;,&quot;credit&quot;:&quot;&quot;,&quot;camera&quot;:&quot;&quot;,&quot;caption&quot;:&quot;&quot;,&quot;created_timestamp&quot;:&quot;0&quot;,&quot;copyright&quot;:&quot;&quot;,&quot;focal_length&quot;:&quot;0&quot;,&quot;iso&quot;:&quot;0&quot;,&quot;shutter_speed&quot;:&quot;0&quot;,&quot;title&quot;:&quot;&quot;,&quot;orientation&quot;:&quot;0&quot;}\" data-image-title=\"miguel-regodon-ulises-se-esconde-de-polifemo\" data-image-description=\"\" data-image-caption=\"\" data-large-file=\"https:\/\/cloud.alqueria.es\/wp-content\/uploads\/sites\/7\/2019\/04\/miguel-regodon-ulises-se-esconde-de-polifemo.jpg\" class=\"aligncenter size-medium wp-image-20147\" src=\"https:\/\/cloud.alqueria.es\/wp-content\/uploads\/sites\/7\/2019\/04\/miguel-regodon-ulises-se-esconde-de-polifemo.jpg\" alt=\"\" width=\"300\" height=\"276\" srcset=\"https:\/\/cloud.alqueria.es\/wp-content\/uploads\/sites\/7\/2019\/04\/miguel-regodon-ulises-se-esconde-de-polifemo.jpg 684w, https:\/\/cloud.alqueria.es\/wp-content\/uploads\/sites\/7\/2019\/04\/miguel-regodon-ulises-se-esconde-de-polifemo.jpg 300w\" sizes=\"(max-width: 300px) 100vw, 300px\" \/><\/p>\n<p><strong>Blanca nos cuenta el tercer canto: CIRCE LA HECHICERA<\/strong><\/p>\n<p><img decoding=\"async\" data-attachment-id=\"20144\" data-permalink=\"https:\/\/www.alqueria.es\/blogs\/alqueriasegundociclo\/2019\/04\/05\/la-odisea-homero\/circe-2\/\" data-orig-file=\"https:\/\/cloud.alqueria.es\/wp-content\/uploads\/sites\/7\/2019\/04\/CIRCE.jpg\" data-orig-size=\"267,189\" data-comments-opened=\"1\" data-image-meta=\"{&quot;aperture&quot;:&quot;0&quot;,&quot;credit&quot;:&quot;&quot;,&quot;camera&quot;:&quot;&quot;,&quot;caption&quot;:&quot;&quot;,&quot;created_timestamp&quot;:&quot;0&quot;,&quot;copyright&quot;:&quot;&quot;,&quot;focal_length&quot;:&quot;0&quot;,&quot;iso&quot;:&quot;0&quot;,&quot;shutter_speed&quot;:&quot;0&quot;,&quot;title&quot;:&quot;&quot;,&quot;orientation&quot;:&quot;0&quot;}\" data-image-title=\"CIRCE\" data-image-description=\"\" data-image-caption=\"\" data-large-file=\"https:\/\/cloud.alqueria.es\/wp-content\/uploads\/sites\/7\/2019\/04\/CIRCE.jpg\" class=\"aligncenter size-full wp-image-20144\" src=\"https:\/\/cloud.alqueria.es\/wp-content\/uploads\/sites\/7\/2019\/04\/CIRCE.jpg\" alt=\"\" width=\"267\" height=\"189\" \/><\/p>\n<p><strong>Jose relata el cuarto canto: EL VIAJE AL HADES<\/strong><\/p>\n<p><img decoding=\"async\" data-attachment-id=\"20145\" data-permalink=\"https:\/\/www.alqueria.es\/blogs\/alqueriasegundociclo\/2019\/04\/05\/la-odisea-homero\/hades\/\" data-orig-file=\"https:\/\/cloud.alqueria.es\/wp-content\/uploads\/sites\/7\/2019\/04\/HADES.jpg\" data-orig-size=\"1024,602\" data-comments-opened=\"1\" data-image-meta=\"{&quot;aperture&quot;:&quot;0&quot;,&quot;credit&quot;:&quot;&quot;,&quot;camera&quot;:&quot;&quot;,&quot;caption&quot;:&quot;&quot;,&quot;created_timestamp&quot;:&quot;0&quot;,&quot;copyright&quot;:&quot;&quot;,&quot;focal_length&quot;:&quot;0&quot;,&quot;iso&quot;:&quot;0&quot;,&quot;shutter_speed&quot;:&quot;0&quot;,&quot;title&quot;:&quot;&quot;,&quot;orientation&quot;:&quot;0&quot;}\" data-image-title=\"HADES\" data-image-description=\"\" data-image-caption=\"\" data-large-file=\"https:\/\/cloud.alqueria.es\/wp-content\/uploads\/sites\/7\/2019\/04\/HADES.jpg\" class=\"aligncenter size-medium wp-image-20145\" src=\"https:\/\/cloud.alqueria.es\/wp-content\/uploads\/sites\/7\/2019\/04\/HADES.jpg\" alt=\"\" width=\"300\" height=\"176\" srcset=\"https:\/\/cloud.alqueria.es\/wp-content\/uploads\/sites\/7\/2019\/04\/HADES.jpg 1024w, https:\/\/cloud.alqueria.es\/wp-content\/uploads\/sites\/7\/2019\/04\/HADES.jpg 300w, https:\/\/cloud.alqueria.es\/wp-content\/uploads\/sites\/7\/2019\/04\/HADES.jpg 768w\" sizes=\"(max-width: 300px) 100vw, 300px\" \/><\/p>\n<p>Cada uno de los compa\u00f1eros que relatan ha trabajado la lectura, la comprensi\u00f3n lectora, la b\u00fasqueda del significado del vocabulario desconocido (nuestra PALABRAS REGALADAS) y practica la expresi\u00f3n oral.<\/p>\n<p>El grupo entero, tras la escucha activa del relato, trabaja sobre el texto escrito. Esta actividad se divide en varias fases, para as\u00ed conseguir escribir un resumen-adaptaci\u00f3n de lo relatado:<\/p>\n<ul>\n<li>elaboraci\u00f3n un borrador teniendo en cuenta las reglas ortogr\u00e1ficas trabajadas (en grupo y de manera personal, haciendo especial hincapi\u00e9), haciendo uso de esas palabras regaladas y eligiendo una buena estructura;<\/li>\n<li>auto-revisi\u00f3n y mejora del texto, aportando ideas o palabras que se han quedado en el tintero;<\/li>\n<li>revisi\u00f3n y mejora con la tutora, centr\u00e1ndose en que las ideas principales aparezcan, exista una buena estructura y orden temporal, correcto uso de la ortograf\u00eda;<\/li>\n<li>pasar a limpio, con sumo cuidado ahora en la presentaci\u00f3n y poniendo toda la atenci\u00f3n en aquellas mejoras o matizaciones que se han hecho sobre el borrador.<\/li>\n<\/ul>\n<p>Como pod\u00e9is comprobar, el proyecto de LA ODISEA engloba todos los apartados de la competencia ling\u00fc\u00edstica, adem\u00e1s de tratar un tema de cultura general, y no es un trabajo f\u00e1cil, sino que resulta casi una odisea para algunos. Pod\u00e9is ir viendo los trabajos en el tabl\u00f3n.<\/p>\n<p><em><strong>Os deseo un buen fin de semana.\u00a0<\/strong><\/em><\/p>\n<p><em><strong>Laura<\/strong><\/em><\/p>\n<p>&nbsp;<\/p>\n","protected":false},"excerpt":{"rendered":"<p>En el \u00e1rea de lengua y literatura tambi\u00e9n tienen cabida otras exposiciones. En este caso no se trata de conferencias como las tenemos entendidas, pues el tema no ha partido de sus propios intereses (aunque ahora est\u00e1n hiper motivados con la historia), ni el proceso ha sido parecido, pues no implica investigaci\u00f3n. En este caso &hellip; <a href=\"https:\/\/www.alqueria.es\/blogs\/alqueriasegundociclo\/2019\/04\/05\/la-odisea-homero\/\" class=\"more-link\">Seguir leyendo <span class=\"screen-reader-text\">LA ODISEA. HOMERO<\/span> <span class=\"meta-nav\">&rarr;<\/span><\/a><\/p>\n","protected":false},"author":16,"featured_media":0,"comment_status":"open","ping_status":"open","sticky":false,"template":"","format":"standard","meta":{"jetpack_post_was_ever_published":false,"_jetpack_newsletter_access":"","_jetpack_dont_email_post_to_subs":false,"_jetpack_newsletter_tier_id":0,"_jetpack_memberships_contains_paywalled_content":false,"_jetpack_memberships_contains_paid_content":false,"footnotes":"","jetpack_publicize_message":"","jetpack_publicize_feature_enabled":true,"jetpack_social_post_already_shared":true,"jetpack_social_options":{"image_generator_settings":{"template":"highway","default_image_id":0,"font":"","enabled":false},"version":2}},"categories":[6,27],"tags":[421,453,452,180],"class_list":["post-20137","post","type-post","status-publish","format-standard","hentry","category-4o-epo","category-lengua-castellana-y-literatura-4o-epo","tag-expresion-escrita","tag-expresion-oral","tag-homero","tag-la-odisea"],"jetpack_publicize_connections":[],"jetpack_featured_media_url":"","jetpack_sharing_enabled":true,"jetpack_shortlink":"https:\/\/wp.me\/p4lw4c-5eN","_links":{"self":[{"href":"https:\/\/www.alqueria.es\/blogs\/alqueriasegundociclo\/wp-json\/wp\/v2\/posts\/20137","targetHints":{"allow":["GET"]}}],"collection":[{"href":"https:\/\/www.alqueria.es\/blogs\/alqueriasegundociclo\/wp-json\/wp\/v2\/posts"}],"about":[{"href":"https:\/\/www.alqueria.es\/blogs\/alqueriasegundociclo\/wp-json\/wp\/v2\/types\/post"}],"author":[{"embeddable":true,"href":"https:\/\/www.alqueria.es\/blogs\/alqueriasegundociclo\/wp-json\/wp\/v2\/users\/16"}],"replies":[{"embeddable":true,"href":"https:\/\/www.alqueria.es\/blogs\/alqueriasegundociclo\/wp-json\/wp\/v2\/comments?post=20137"}],"version-history":[{"count":0,"href":"https:\/\/www.alqueria.es\/blogs\/alqueriasegundociclo\/wp-json\/wp\/v2\/posts\/20137\/revisions"}],"wp:attachment":[{"href":"https:\/\/www.alqueria.es\/blogs\/alqueriasegundociclo\/wp-json\/wp\/v2\/media?parent=20137"}],"wp:term":[{"taxonomy":"category","embeddable":true,"href":"https:\/\/www.alqueria.es\/blogs\/alqueriasegundociclo\/wp-json\/wp\/v2\/categories?post=20137"},{"taxonomy":"post_tag","embeddable":true,"href":"https:\/\/www.alqueria.es\/blogs\/alqueriasegundociclo\/wp-json\/wp\/v2\/tags?post=20137"}],"curies":[{"name":"wp","href":"https:\/\/api.w.org\/{rel}","templated":true}]}}