{"id":20546,"date":"2019-09-28T12:05:23","date_gmt":"2019-09-28T10:05:23","guid":{"rendered":"http:\/\/www.alqueria.es\/blogs\/alqueriasegundociclo\/?p=20546"},"modified":"2019-09-28T12:05:57","modified_gmt":"2019-09-28T10:05:57","slug":"semanario-de-3o-semana-del-23-al-27-de-septiembre","status":"publish","type":"post","link":"https:\/\/www.alqueria.es\/blogs\/alqueriasegundociclo\/2019\/09\/28\/semanario-de-3o-semana-del-23-al-27-de-septiembre\/","title":{"rendered":"Semanario de 4\u00ba. Semana del 23 al 27 de septiembre"},"content":{"rendered":"<p>Estimadas familias, poco a poco se va cogiendo el ritmo de trabajo y nos metemos de lleno en las distintas actividades que nos van a acompa\u00f1ar a lo largo del curso.<\/p>\n<p style=\"text-align: center\"><span style=\"color: #0000ff\">LA NUTRICI\u00d3N<\/span><\/p>\n<p>En el \u00e1rea de investigaci\u00f3n de ciencias, Ricardo ha sido el primer protagonista, investigando y preparando su conferencia sobre el tema que se est\u00e1 indagando en el aula. Nos ha acercado a conceptos de la nutrici\u00f3n con su exposici\u00f3n oral. Se lo agradecemos y felicitamos por el esfuerzo y dedicaci\u00f3n.<br \/>\n<div class=\"a25-CTUOC-hidding-box\" data-original-content=\"&lt;iframe src=&quot;https:\/\/www.slideshare.net\/slideshow\/embed_code\/177059791&quot; width=&quot;474&quot; height=&quot;389&quot; sandbox=&quot;allow-popups allow-scripts allow-same-origin allow-presentation&quot; allowfullscreen webkitallowfullscreen mozallowfullscreen&gt;&lt;\/iframe&gt;\">Esta p\u00e1gina incluye contenido multimedia que requiere aceptar todas las cookies. Pulse aqu\u00ed para abrir la configuraci\u00f3n de cookies.<\/div><\/p>\n<p>En gran grupo continuamos con la investigaci\u00f3n, lectura y comprensi\u00f3n, para dar respuesta a los ep\u00edgrafes del tema. Por ahora se ha distinguido entre la nutrici\u00f3n y la alimentaci\u00f3n, qu\u00e9 interviene en nuestro cuerpo para la alimentaci\u00f3n y su funci\u00f3n (la boca, gl\u00e1ndulas salibares, los dientes&#8230;), el origen de los alimentos, su clasificaci\u00f3n y las sustancias que tienen los alimentos, quedando claro lo que son y para qu\u00e9 sirven las grasas y las prote\u00ednas. Se continuar\u00e1 con las investigaciones.<\/p>\n<p style=\"text-align: center\"><span style=\"color: #0000ff\">TALLER DE FANTAS\u00cdA<\/span><\/p>\n<p>Se ha iniciado con la investigaci\u00f3n y la preparaci\u00f3n de la exposici\u00f3n oral por parte de Guillermo que ha preparado el nacimiento del h\u00e9roe Heracles.<\/p>\n<p><div class=\"a25-CTUOC-hidding-box\" data-original-content=\"&lt;iframe src=&quot;https:\/\/www.slideshare.net\/slideshow\/embed_code\/177060627&quot; width=&quot;474&quot; height=&quot;389&quot; sandbox=&quot;allow-popups allow-scripts allow-same-origin allow-presentation&quot; allowfullscreen webkitallowfullscreen mozallowfullscreen&gt;&lt;\/iframe&gt;\">Esta p\u00e1gina incluye contenido multimedia que requiere aceptar todas las cookies. Pulse aqu\u00ed para abrir la configuraci\u00f3n de cookies.<\/div><br \/>\nTodo el grupo ha estado expectante, con gran concentraci\u00f3n para comprender y retener datos. <em><span style=\"color: #800080\">Las historias les apasionan<\/span><\/em>. Han anotado ideas y nombres para posteriormente realizar su texto y as\u00ed comenzar el grandioso trabajo de realizar la versi\u00f3n sobre la vida del h\u00e9roe. No se olvida todo aquello aprendido sobre la creaci\u00f3n de textos e incorporan esas <em><span style=\"color: #800080\">palabras regaladas<\/span><\/em> : sietemesino, vigorosas y henchido.<\/p>\n<p style=\"text-align: center\"><span style=\"color: #0000ff\">N\u00daMEROS Y OPERACIONES<\/span><\/p>\n<p>Se domina la lectura y la escritura de n\u00fameros.<\/p>\n<p>Se profundiza y recuerda:<\/p>\n<ul>\n<li><span style=\"color: #ff0000\">La composici\u00f3n y descomposici\u00f3n.<\/span><\/li>\n<li><span style=\"color: #008000\">La aproximaci\u00f3n.<\/span><\/li>\n<\/ul>\n<p>Se proponen nuevos retos:<\/p>\n<p><span style=\"color: #ff6600\">\u00bfCu\u00e1ntas unidades son 2,3 C?<\/span><\/p>\n<p>Gran parte del tiempo se ha dedicado al recordatorio de las operaciones b\u00e1sicas de suma, resta, multiplicaci\u00f3n y divisi\u00f3n.<\/p>\n<p>Profundizamos en las dobles operaciones:<\/p>\n<ul>\n<li>Doble resta.<\/li>\n<li>Doble suma<\/li>\n<li>Sumirestas.<\/li>\n<\/ul>\n<p>No nos olvidamos de juegos de gran grupo con los n\u00fameros romanos.<\/p>\n<p style=\"text-align: center\"><span style=\"color: #0000ff\">Algunas agrupaciones y juegos de patio espont\u00e1neas:<\/span><\/p>\n<p>Juegos de ritmos de percusi\u00f3n que ense\u00f1a parte del grupo de 6\u00ba<\/p>\n<p><img decoding=\"async\" data-attachment-id=\"20561\" data-permalink=\"https:\/\/www.alqueria.es\/blogs\/alqueriasegundociclo\/2019\/09\/28\/semanario-de-3o-semana-del-23-al-27-de-septiembre\/20190927_135128\/\" data-orig-file=\"https:\/\/cloud.alqueria.es\/wp-content\/uploads\/sites\/7\/2019\/09\/20190927_135128.jpg\" data-orig-size=\"576,1024\" data-comments-opened=\"1\" data-image-meta=\"{&quot;aperture&quot;:&quot;0&quot;,&quot;credit&quot;:&quot;&quot;,&quot;camera&quot;:&quot;&quot;,&quot;caption&quot;:&quot;&quot;,&quot;created_timestamp&quot;:&quot;0&quot;,&quot;copyright&quot;:&quot;&quot;,&quot;focal_length&quot;:&quot;0&quot;,&quot;iso&quot;:&quot;0&quot;,&quot;shutter_speed&quot;:&quot;0&quot;,&quot;title&quot;:&quot;&quot;,&quot;orientation&quot;:&quot;0&quot;}\" data-image-title=\"20190927_135128\" data-image-description=\"\" data-image-caption=\"\" data-large-file=\"https:\/\/cloud.alqueria.es\/wp-content\/uploads\/sites\/7\/2019\/09\/20190927_135128-576x1024.jpg\" class=\"size-medium wp-image-20561 alignleft\" src=\"https:\/\/cloud.alqueria.es\/wp-content\/uploads\/sites\/7\/2019\/09\/20190927_135128.jpg\" alt=\"\" width=\"169\" height=\"300\" srcset=\"https:\/\/cloud.alqueria.es\/wp-content\/uploads\/sites\/7\/2019\/09\/20190927_135128.jpg 576w, https:\/\/cloud.alqueria.es\/wp-content\/uploads\/sites\/7\/2019\/09\/20190927_135128.jpg 169w\" sizes=\"(max-width: 169px) 100vw, 169px\" \/> <img decoding=\"async\" data-attachment-id=\"20563\" data-permalink=\"https:\/\/www.alqueria.es\/blogs\/alqueriasegundociclo\/2019\/09\/28\/semanario-de-3o-semana-del-23-al-27-de-septiembre\/20190927_135138\/\" data-orig-file=\"https:\/\/cloud.alqueria.es\/wp-content\/uploads\/sites\/7\/2019\/09\/20190927_135138.jpg\" data-orig-size=\"576,1024\" data-comments-opened=\"1\" data-image-meta=\"{&quot;aperture&quot;:&quot;0&quot;,&quot;credit&quot;:&quot;&quot;,&quot;camera&quot;:&quot;&quot;,&quot;caption&quot;:&quot;&quot;,&quot;created_timestamp&quot;:&quot;0&quot;,&quot;copyright&quot;:&quot;&quot;,&quot;focal_length&quot;:&quot;0&quot;,&quot;iso&quot;:&quot;0&quot;,&quot;shutter_speed&quot;:&quot;0&quot;,&quot;title&quot;:&quot;&quot;,&quot;orientation&quot;:&quot;0&quot;}\" data-image-title=\"20190927_135138\" data-image-description=\"\" data-image-caption=\"\" data-large-file=\"https:\/\/cloud.alqueria.es\/wp-content\/uploads\/sites\/7\/2019\/09\/20190927_135138-576x1024.jpg\" class=\"size-medium wp-image-20563 alignleft\" src=\"https:\/\/cloud.alqueria.es\/wp-content\/uploads\/sites\/7\/2019\/09\/20190927_135138.jpg\" alt=\"\" width=\"169\" height=\"300\" srcset=\"https:\/\/cloud.alqueria.es\/wp-content\/uploads\/sites\/7\/2019\/09\/20190927_135138.jpg 576w, https:\/\/cloud.alqueria.es\/wp-content\/uploads\/sites\/7\/2019\/09\/20190927_135138.jpg 169w\" sizes=\"(max-width: 169px) 100vw, 169px\" \/><\/p>\n<p>&nbsp;<\/p>\n<p>&nbsp;<\/p>\n<p>&nbsp;<\/p>\n<p>&nbsp;<\/p>\n<p>&nbsp;<\/p>\n<p>&nbsp;<\/p>\n<p>&nbsp;<\/p>\n<p>Los trompos:<img decoding=\"async\" data-attachment-id=\"20565\" data-permalink=\"https:\/\/www.alqueria.es\/blogs\/alqueriasegundociclo\/2019\/09\/28\/semanario-de-3o-semana-del-23-al-27-de-septiembre\/20190927_135407\/\" data-orig-file=\"https:\/\/cloud.alqueria.es\/wp-content\/uploads\/sites\/7\/2019\/09\/20190927_135407.jpg\" data-orig-size=\"576,1024\" data-comments-opened=\"1\" data-image-meta=\"{&quot;aperture&quot;:&quot;0&quot;,&quot;credit&quot;:&quot;&quot;,&quot;camera&quot;:&quot;&quot;,&quot;caption&quot;:&quot;&quot;,&quot;created_timestamp&quot;:&quot;0&quot;,&quot;copyright&quot;:&quot;&quot;,&quot;focal_length&quot;:&quot;0&quot;,&quot;iso&quot;:&quot;0&quot;,&quot;shutter_speed&quot;:&quot;0&quot;,&quot;title&quot;:&quot;&quot;,&quot;orientation&quot;:&quot;0&quot;}\" data-image-title=\"20190927_135407\" data-image-description=\"\" data-image-caption=\"\" data-large-file=\"https:\/\/cloud.alqueria.es\/wp-content\/uploads\/sites\/7\/2019\/09\/20190927_135407-576x1024.jpg\" class=\"size-medium wp-image-20565 alignleft\" src=\"https:\/\/cloud.alqueria.es\/wp-content\/uploads\/sites\/7\/2019\/09\/20190927_135407.jpg\" alt=\"\" width=\"169\" height=\"300\" srcset=\"https:\/\/cloud.alqueria.es\/wp-content\/uploads\/sites\/7\/2019\/09\/20190927_135407.jpg 576w, https:\/\/cloud.alqueria.es\/wp-content\/uploads\/sites\/7\/2019\/09\/20190927_135407.jpg 169w\" sizes=\"(max-width: 169px) 100vw, 169px\" \/> <img decoding=\"async\" data-attachment-id=\"20560\" data-permalink=\"https:\/\/www.alqueria.es\/blogs\/alqueriasegundociclo\/2019\/09\/28\/semanario-de-3o-semana-del-23-al-27-de-septiembre\/20190927_134917\/\" data-orig-file=\"https:\/\/cloud.alqueria.es\/wp-content\/uploads\/sites\/7\/2019\/09\/20190927_134917.jpg\" data-orig-size=\"1024,576\" data-comments-opened=\"1\" data-image-meta=\"{&quot;aperture&quot;:&quot;0&quot;,&quot;credit&quot;:&quot;&quot;,&quot;camera&quot;:&quot;&quot;,&quot;caption&quot;:&quot;&quot;,&quot;created_timestamp&quot;:&quot;0&quot;,&quot;copyright&quot;:&quot;&quot;,&quot;focal_length&quot;:&quot;0&quot;,&quot;iso&quot;:&quot;0&quot;,&quot;shutter_speed&quot;:&quot;0&quot;,&quot;title&quot;:&quot;&quot;,&quot;orientation&quot;:&quot;0&quot;}\" data-image-title=\"20190927_134917\" data-image-description=\"\" data-image-caption=\"\" data-large-file=\"https:\/\/cloud.alqueria.es\/wp-content\/uploads\/sites\/7\/2019\/09\/20190927_134917-1024x576.jpg\" class=\"size-medium wp-image-20560 alignleft\" src=\"https:\/\/cloud.alqueria.es\/wp-content\/uploads\/sites\/7\/2019\/09\/20190927_134917.jpg\" alt=\"\" width=\"300\" height=\"169\" srcset=\"https:\/\/cloud.alqueria.es\/wp-content\/uploads\/sites\/7\/2019\/09\/20190927_134917.jpg 1024w, https:\/\/cloud.alqueria.es\/wp-content\/uploads\/sites\/7\/2019\/09\/20190927_134917.jpg 300w, https:\/\/cloud.alqueria.es\/wp-content\/uploads\/sites\/7\/2019\/09\/20190927_134917.jpg 768w\" sizes=\"(max-width: 300px) 100vw, 300px\" \/> <img decoding=\"async\" data-attachment-id=\"20553\" data-permalink=\"https:\/\/www.alqueria.es\/blogs\/alqueriasegundociclo\/2019\/09\/28\/semanario-de-3o-semana-del-23-al-27-de-septiembre\/20190927_134103\/\" data-orig-file=\"https:\/\/cloud.alqueria.es\/wp-content\/uploads\/sites\/7\/2019\/09\/20190927_134103.jpg\" data-orig-size=\"1024,576\" data-comments-opened=\"1\" data-image-meta=\"{&quot;aperture&quot;:&quot;0&quot;,&quot;credit&quot;:&quot;&quot;,&quot;camera&quot;:&quot;&quot;,&quot;caption&quot;:&quot;&quot;,&quot;created_timestamp&quot;:&quot;0&quot;,&quot;copyright&quot;:&quot;&quot;,&quot;focal_length&quot;:&quot;0&quot;,&quot;iso&quot;:&quot;0&quot;,&quot;shutter_speed&quot;:&quot;0&quot;,&quot;title&quot;:&quot;&quot;,&quot;orientation&quot;:&quot;0&quot;}\" data-image-title=\"20190927_134103\" data-image-description=\"\" data-image-caption=\"\" data-large-file=\"https:\/\/cloud.alqueria.es\/wp-content\/uploads\/sites\/7\/2019\/09\/20190927_134103-1024x576.jpg\" class=\"size-medium wp-image-20553 alignleft\" src=\"https:\/\/cloud.alqueria.es\/wp-content\/uploads\/sites\/7\/2019\/09\/20190927_134103.jpg\" alt=\"\" width=\"300\" height=\"169\" srcset=\"https:\/\/cloud.alqueria.es\/wp-content\/uploads\/sites\/7\/2019\/09\/20190927_134103.jpg 1024w, https:\/\/cloud.alqueria.es\/wp-content\/uploads\/sites\/7\/2019\/09\/20190927_134103.jpg 300w, https:\/\/cloud.alqueria.es\/wp-content\/uploads\/sites\/7\/2019\/09\/20190927_134103.jpg 768w\" sizes=\"(max-width: 300px) 100vw, 300px\" \/> <img decoding=\"async\" data-attachment-id=\"20552\" data-permalink=\"https:\/\/www.alqueria.es\/blogs\/alqueriasegundociclo\/2019\/09\/28\/semanario-de-3o-semana-del-23-al-27-de-septiembre\/20190927_134042\/\" data-orig-file=\"https:\/\/cloud.alqueria.es\/wp-content\/uploads\/sites\/7\/2019\/09\/20190927_134042.jpg\" data-orig-size=\"1024,576\" data-comments-opened=\"1\" data-image-meta=\"{&quot;aperture&quot;:&quot;0&quot;,&quot;credit&quot;:&quot;&quot;,&quot;camera&quot;:&quot;&quot;,&quot;caption&quot;:&quot;&quot;,&quot;created_timestamp&quot;:&quot;0&quot;,&quot;copyright&quot;:&quot;&quot;,&quot;focal_length&quot;:&quot;0&quot;,&quot;iso&quot;:&quot;0&quot;,&quot;shutter_speed&quot;:&quot;0&quot;,&quot;title&quot;:&quot;&quot;,&quot;orientation&quot;:&quot;0&quot;}\" data-image-title=\"20190927_134042\" data-image-description=\"\" data-image-caption=\"\" data-large-file=\"https:\/\/cloud.alqueria.es\/wp-content\/uploads\/sites\/7\/2019\/09\/20190927_134042-1024x576.jpg\" class=\"size-medium wp-image-20552 alignright\" src=\"https:\/\/cloud.alqueria.es\/wp-content\/uploads\/sites\/7\/2019\/09\/20190927_134042.jpg\" alt=\"\" width=\"300\" height=\"169\" srcset=\"https:\/\/cloud.alqueria.es\/wp-content\/uploads\/sites\/7\/2019\/09\/20190927_134042.jpg 1024w, https:\/\/cloud.alqueria.es\/wp-content\/uploads\/sites\/7\/2019\/09\/20190927_134042.jpg 300w, https:\/\/cloud.alqueria.es\/wp-content\/uploads\/sites\/7\/2019\/09\/20190927_134042.jpg 768w\" sizes=\"(max-width: 300px) 100vw, 300px\" \/> <img decoding=\"async\" data-attachment-id=\"20550\" data-permalink=\"https:\/\/www.alqueria.es\/blogs\/alqueriasegundociclo\/2019\/09\/28\/semanario-de-3o-semana-del-23-al-27-de-septiembre\/20190927_133940\/\" data-orig-file=\"https:\/\/cloud.alqueria.es\/wp-content\/uploads\/sites\/7\/2019\/09\/20190927_133940.jpg\" data-orig-size=\"576,1024\" data-comments-opened=\"1\" data-image-meta=\"{&quot;aperture&quot;:&quot;0&quot;,&quot;credit&quot;:&quot;&quot;,&quot;camera&quot;:&quot;&quot;,&quot;caption&quot;:&quot;&quot;,&quot;created_timestamp&quot;:&quot;0&quot;,&quot;copyright&quot;:&quot;&quot;,&quot;focal_length&quot;:&quot;0&quot;,&quot;iso&quot;:&quot;0&quot;,&quot;shutter_speed&quot;:&quot;0&quot;,&quot;title&quot;:&quot;&quot;,&quot;orientation&quot;:&quot;0&quot;}\" data-image-title=\"20190927_133940\" data-image-description=\"\" data-image-caption=\"\" data-large-file=\"https:\/\/cloud.alqueria.es\/wp-content\/uploads\/sites\/7\/2019\/09\/20190927_133940-576x1024.jpg\" class=\"size-medium wp-image-20550 alignright\" src=\"https:\/\/cloud.alqueria.es\/wp-content\/uploads\/sites\/7\/2019\/09\/20190927_133940.jpg\" alt=\"\" width=\"169\" height=\"300\" srcset=\"https:\/\/cloud.alqueria.es\/wp-content\/uploads\/sites\/7\/2019\/09\/20190927_133940.jpg 576w, https:\/\/cloud.alqueria.es\/wp-content\/uploads\/sites\/7\/2019\/09\/20190927_133940.jpg 169w\" sizes=\"(max-width: 169px) 100vw, 169px\" \/><\/p>\n<p>&nbsp;<\/p>\n<p>&nbsp;<\/p>\n<p>&nbsp;<\/p>\n<p>&nbsp;<\/p>\n<p>&nbsp;<\/p>\n<p>&nbsp;<\/p>\n<p>&nbsp;<\/p>\n<p>&nbsp;<\/p>\n<p>&nbsp;<\/p>\n<p>&nbsp;<\/p>\n<p>&nbsp;<\/p>\n<p>&nbsp;<\/p>\n<p>&nbsp;<\/p>\n<p>&nbsp;<\/p>\n<p>&nbsp;<\/p>\n<p>&nbsp;<\/p>\n<p>&nbsp;<\/p>\n<p>Contar historias y cantar canciones:<\/p>\n<p><img decoding=\"async\" data-attachment-id=\"20549\" data-permalink=\"https:\/\/www.alqueria.es\/blogs\/alqueriasegundociclo\/2019\/09\/28\/semanario-de-3o-semana-del-23-al-27-de-septiembre\/20190926_140052\/\" data-orig-file=\"https:\/\/cloud.alqueria.es\/wp-content\/uploads\/sites\/7\/2019\/09\/20190926_140052.jpg\" data-orig-size=\"1024,576\" data-comments-opened=\"1\" data-image-meta=\"{&quot;aperture&quot;:&quot;0&quot;,&quot;credit&quot;:&quot;&quot;,&quot;camera&quot;:&quot;&quot;,&quot;caption&quot;:&quot;&quot;,&quot;created_timestamp&quot;:&quot;0&quot;,&quot;copyright&quot;:&quot;&quot;,&quot;focal_length&quot;:&quot;0&quot;,&quot;iso&quot;:&quot;0&quot;,&quot;shutter_speed&quot;:&quot;0&quot;,&quot;title&quot;:&quot;&quot;,&quot;orientation&quot;:&quot;0&quot;}\" data-image-title=\"20190926_140052\" data-image-description=\"\" data-image-caption=\"\" data-large-file=\"https:\/\/cloud.alqueria.es\/wp-content\/uploads\/sites\/7\/2019\/09\/20190926_140052-1024x576.jpg\" class=\"size-medium wp-image-20549 alignleft\" src=\"https:\/\/cloud.alqueria.es\/wp-content\/uploads\/sites\/7\/2019\/09\/20190926_140052.jpg\" alt=\"\" width=\"300\" height=\"169\" srcset=\"https:\/\/cloud.alqueria.es\/wp-content\/uploads\/sites\/7\/2019\/09\/20190926_140052.jpg 1024w, https:\/\/cloud.alqueria.es\/wp-content\/uploads\/sites\/7\/2019\/09\/20190926_140052.jpg 300w, https:\/\/cloud.alqueria.es\/wp-content\/uploads\/sites\/7\/2019\/09\/20190926_140052.jpg 768w\" sizes=\"(max-width: 300px) 100vw, 300px\" \/> <img decoding=\"async\" data-attachment-id=\"20548\" data-permalink=\"https:\/\/www.alqueria.es\/blogs\/alqueriasegundociclo\/2019\/09\/28\/semanario-de-3o-semana-del-23-al-27-de-septiembre\/20190926_135947\/\" data-orig-file=\"https:\/\/cloud.alqueria.es\/wp-content\/uploads\/sites\/7\/2019\/09\/20190926_135947.jpg\" data-orig-size=\"1024,576\" data-comments-opened=\"1\" data-image-meta=\"{&quot;aperture&quot;:&quot;0&quot;,&quot;credit&quot;:&quot;&quot;,&quot;camera&quot;:&quot;&quot;,&quot;caption&quot;:&quot;&quot;,&quot;created_timestamp&quot;:&quot;0&quot;,&quot;copyright&quot;:&quot;&quot;,&quot;focal_length&quot;:&quot;0&quot;,&quot;iso&quot;:&quot;0&quot;,&quot;shutter_speed&quot;:&quot;0&quot;,&quot;title&quot;:&quot;&quot;,&quot;orientation&quot;:&quot;0&quot;}\" data-image-title=\"20190926_135947\" data-image-description=\"\" data-image-caption=\"\" data-large-file=\"https:\/\/cloud.alqueria.es\/wp-content\/uploads\/sites\/7\/2019\/09\/20190926_135947-1024x576.jpg\" class=\"size-medium wp-image-20548 alignleft\" src=\"https:\/\/cloud.alqueria.es\/wp-content\/uploads\/sites\/7\/2019\/09\/20190926_135947.jpg\" alt=\"\" width=\"300\" height=\"169\" srcset=\"https:\/\/cloud.alqueria.es\/wp-content\/uploads\/sites\/7\/2019\/09\/20190926_135947.jpg 1024w, https:\/\/cloud.alqueria.es\/wp-content\/uploads\/sites\/7\/2019\/09\/20190926_135947.jpg 300w, https:\/\/cloud.alqueria.es\/wp-content\/uploads\/sites\/7\/2019\/09\/20190926_135947.jpg 768w\" sizes=\"(max-width: 300px) 100vw, 300px\" \/><\/p>\n<p>&nbsp;<\/p>\n<p>&nbsp;<\/p>\n<p>&nbsp;<\/p>\n<p>&nbsp;<\/p>\n<p>&nbsp;<\/p>\n<p>&nbsp;<\/p>\n<p>&nbsp;<\/p>\n<p>&nbsp;<\/p>\n<p>La flexibilidad y los pinos:<\/p>\n<p><img decoding=\"async\" data-attachment-id=\"20556\" data-permalink=\"https:\/\/www.alqueria.es\/blogs\/alqueriasegundociclo\/2019\/09\/28\/semanario-de-3o-semana-del-23-al-27-de-septiembre\/20190927_134607\/\" data-orig-file=\"https:\/\/cloud.alqueria.es\/wp-content\/uploads\/sites\/7\/2019\/09\/20190927_134607.jpg\" data-orig-size=\"1024,576\" data-comments-opened=\"1\" data-image-meta=\"{&quot;aperture&quot;:&quot;0&quot;,&quot;credit&quot;:&quot;&quot;,&quot;camera&quot;:&quot;&quot;,&quot;caption&quot;:&quot;&quot;,&quot;created_timestamp&quot;:&quot;0&quot;,&quot;copyright&quot;:&quot;&quot;,&quot;focal_length&quot;:&quot;0&quot;,&quot;iso&quot;:&quot;0&quot;,&quot;shutter_speed&quot;:&quot;0&quot;,&quot;title&quot;:&quot;&quot;,&quot;orientation&quot;:&quot;0&quot;}\" data-image-title=\"20190927_134607\" data-image-description=\"\" data-image-caption=\"\" data-large-file=\"https:\/\/cloud.alqueria.es\/wp-content\/uploads\/sites\/7\/2019\/09\/20190927_134607-1024x576.jpg\" class=\"size-medium wp-image-20556 alignright\" src=\"https:\/\/cloud.alqueria.es\/wp-content\/uploads\/sites\/7\/2019\/09\/20190927_134607.jpg\" alt=\"\" width=\"300\" height=\"169\" srcset=\"https:\/\/cloud.alqueria.es\/wp-content\/uploads\/sites\/7\/2019\/09\/20190927_134607.jpg 1024w, https:\/\/cloud.alqueria.es\/wp-content\/uploads\/sites\/7\/2019\/09\/20190927_134607.jpg 300w, https:\/\/cloud.alqueria.es\/wp-content\/uploads\/sites\/7\/2019\/09\/20190927_134607.jpg 768w\" sizes=\"(max-width: 300px) 100vw, 300px\" \/><\/p>\n<p>&nbsp;<\/p>\n<p>&nbsp;<\/p>\n<p>&nbsp;<\/p>\n<p>Historias y juegos de aventuras:<\/p>\n<p><img decoding=\"async\" data-attachment-id=\"20558\" data-permalink=\"https:\/\/www.alqueria.es\/blogs\/alqueriasegundociclo\/2019\/09\/28\/semanario-de-3o-semana-del-23-al-27-de-septiembre\/20190927_134656\/\" data-orig-file=\"https:\/\/cloud.alqueria.es\/wp-content\/uploads\/sites\/7\/2019\/09\/20190927_134656.jpg\" data-orig-size=\"1024,576\" data-comments-opened=\"1\" data-image-meta=\"{&quot;aperture&quot;:&quot;0&quot;,&quot;credit&quot;:&quot;&quot;,&quot;camera&quot;:&quot;&quot;,&quot;caption&quot;:&quot;&quot;,&quot;created_timestamp&quot;:&quot;0&quot;,&quot;copyright&quot;:&quot;&quot;,&quot;focal_length&quot;:&quot;0&quot;,&quot;iso&quot;:&quot;0&quot;,&quot;shutter_speed&quot;:&quot;0&quot;,&quot;title&quot;:&quot;&quot;,&quot;orientation&quot;:&quot;0&quot;}\" data-image-title=\"20190927_134656\" data-image-description=\"\" data-image-caption=\"\" data-large-file=\"https:\/\/cloud.alqueria.es\/wp-content\/uploads\/sites\/7\/2019\/09\/20190927_134656-1024x576.jpg\" class=\"aligncenter size-medium wp-image-20558\" src=\"https:\/\/cloud.alqueria.es\/wp-content\/uploads\/sites\/7\/2019\/09\/20190927_134656.jpg\" alt=\"\" width=\"300\" height=\"169\" srcset=\"https:\/\/cloud.alqueria.es\/wp-content\/uploads\/sites\/7\/2019\/09\/20190927_134656.jpg 1024w, https:\/\/cloud.alqueria.es\/wp-content\/uploads\/sites\/7\/2019\/09\/20190927_134656.jpg 300w, https:\/\/cloud.alqueria.es\/wp-content\/uploads\/sites\/7\/2019\/09\/20190927_134656.jpg 768w\" sizes=\"(max-width: 300px) 100vw, 300px\" \/> <img decoding=\"async\" data-attachment-id=\"20554\" data-permalink=\"https:\/\/www.alqueria.es\/blogs\/alqueriasegundociclo\/2019\/09\/28\/semanario-de-3o-semana-del-23-al-27-de-septiembre\/20190927_134650\/\" data-orig-file=\"https:\/\/cloud.alqueria.es\/wp-content\/uploads\/sites\/7\/2019\/09\/20190927_134650.jpg\" data-orig-size=\"1024,576\" data-comments-opened=\"1\" data-image-meta=\"{&quot;aperture&quot;:&quot;0&quot;,&quot;credit&quot;:&quot;&quot;,&quot;camera&quot;:&quot;&quot;,&quot;caption&quot;:&quot;&quot;,&quot;created_timestamp&quot;:&quot;0&quot;,&quot;copyright&quot;:&quot;&quot;,&quot;focal_length&quot;:&quot;0&quot;,&quot;iso&quot;:&quot;0&quot;,&quot;shutter_speed&quot;:&quot;0&quot;,&quot;title&quot;:&quot;&quot;,&quot;orientation&quot;:&quot;0&quot;}\" data-image-title=\"20190927_134650\" data-image-description=\"\" data-image-caption=\"\" data-large-file=\"https:\/\/cloud.alqueria.es\/wp-content\/uploads\/sites\/7\/2019\/09\/20190927_134650-1024x576.jpg\" class=\"aligncenter size-medium wp-image-20554\" src=\"https:\/\/cloud.alqueria.es\/wp-content\/uploads\/sites\/7\/2019\/09\/20190927_134650.jpg\" alt=\"\" width=\"300\" height=\"169\" srcset=\"https:\/\/cloud.alqueria.es\/wp-content\/uploads\/sites\/7\/2019\/09\/20190927_134650.jpg 1024w, https:\/\/cloud.alqueria.es\/wp-content\/uploads\/sites\/7\/2019\/09\/20190927_134650.jpg 300w, https:\/\/cloud.alqueria.es\/wp-content\/uploads\/sites\/7\/2019\/09\/20190927_134650.jpg 768w\" sizes=\"(max-width: 300px) 100vw, 300px\" \/> <img decoding=\"async\" data-attachment-id=\"20565\" data-permalink=\"https:\/\/www.alqueria.es\/blogs\/alqueriasegundociclo\/2019\/09\/28\/semanario-de-3o-semana-del-23-al-27-de-septiembre\/20190927_135407\/\" data-orig-file=\"https:\/\/cloud.alqueria.es\/wp-content\/uploads\/sites\/7\/2019\/09\/20190927_135407.jpg\" data-orig-size=\"576,1024\" data-comments-opened=\"1\" data-image-meta=\"{&quot;aperture&quot;:&quot;0&quot;,&quot;credit&quot;:&quot;&quot;,&quot;camera&quot;:&quot;&quot;,&quot;caption&quot;:&quot;&quot;,&quot;created_timestamp&quot;:&quot;0&quot;,&quot;copyright&quot;:&quot;&quot;,&quot;focal_length&quot;:&quot;0&quot;,&quot;iso&quot;:&quot;0&quot;,&quot;shutter_speed&quot;:&quot;0&quot;,&quot;title&quot;:&quot;&quot;,&quot;orientation&quot;:&quot;0&quot;}\" data-image-title=\"20190927_135407\" data-image-description=\"\" data-image-caption=\"\" data-large-file=\"https:\/\/cloud.alqueria.es\/wp-content\/uploads\/sites\/7\/2019\/09\/20190927_135407-576x1024.jpg\" class=\"aligncenter size-medium wp-image-20565\" src=\"https:\/\/cloud.alqueria.es\/wp-content\/uploads\/sites\/7\/2019\/09\/20190927_135407.jpg\" alt=\"\" width=\"169\" height=\"300\" srcset=\"https:\/\/cloud.alqueria.es\/wp-content\/uploads\/sites\/7\/2019\/09\/20190927_135407.jpg 576w, https:\/\/cloud.alqueria.es\/wp-content\/uploads\/sites\/7\/2019\/09\/20190927_135407.jpg 169w\" sizes=\"(max-width: 169px) 100vw, 169px\" \/> <img decoding=\"async\" data-attachment-id=\"20559\" data-permalink=\"https:\/\/www.alqueria.es\/blogs\/alqueriasegundociclo\/2019\/09\/28\/semanario-de-3o-semana-del-23-al-27-de-septiembre\/20190927_134901\/\" data-orig-file=\"https:\/\/cloud.alqueria.es\/wp-content\/uploads\/sites\/7\/2019\/09\/20190927_134901.jpg\" data-orig-size=\"1024,576\" data-comments-opened=\"1\" data-image-meta=\"{&quot;aperture&quot;:&quot;0&quot;,&quot;credit&quot;:&quot;&quot;,&quot;camera&quot;:&quot;&quot;,&quot;caption&quot;:&quot;&quot;,&quot;created_timestamp&quot;:&quot;0&quot;,&quot;copyright&quot;:&quot;&quot;,&quot;focal_length&quot;:&quot;0&quot;,&quot;iso&quot;:&quot;0&quot;,&quot;shutter_speed&quot;:&quot;0&quot;,&quot;title&quot;:&quot;&quot;,&quot;orientation&quot;:&quot;0&quot;}\" data-image-title=\"20190927_134901\" data-image-description=\"\" data-image-caption=\"\" data-large-file=\"https:\/\/cloud.alqueria.es\/wp-content\/uploads\/sites\/7\/2019\/09\/20190927_134901-1024x576.jpg\" class=\"aligncenter size-medium wp-image-20559\" src=\"https:\/\/cloud.alqueria.es\/wp-content\/uploads\/sites\/7\/2019\/09\/20190927_134901.jpg\" alt=\"\" width=\"300\" height=\"169\" srcset=\"https:\/\/cloud.alqueria.es\/wp-content\/uploads\/sites\/7\/2019\/09\/20190927_134901.jpg 1024w, https:\/\/cloud.alqueria.es\/wp-content\/uploads\/sites\/7\/2019\/09\/20190927_134901.jpg 300w, https:\/\/cloud.alqueria.es\/wp-content\/uploads\/sites\/7\/2019\/09\/20190927_134901.jpg 768w\" sizes=\"(max-width: 300px) 100vw, 300px\" \/><\/p>\n<p><em><span style=\"color: #800080\">Y muchas m\u00e1s agrupaciones\u00a0espont\u00e1neas\u00a0y entretenidas de los patios. No se paran de mover y agruparse seg\u00fan sus intereses en los juegos propuestos.<\/span><\/em><\/p>\n<p style=\"text-align: center\"><span style=\"color: #ff6600\"><a style=\"color: #ff6600\" href=\"https:\/\/www.alqueria.es\/blogs\/alqueriaenglish\/\">D\u00cdA EUROPEO DE LAS LENGUAS<\/a><\/span><\/p>\n<p><span style=\"color: #0000ff\"><a style=\"color: #0000ff\" href=\"https:\/\/www.alqueria.es\/blogs\/alqueriaenglish\/\">Javi nos ha regalado una pegatina para personalizar nuestros cuadernos, \u00e9sta conmemora el d\u00eda europeo de las lenguas. Cada pegatina tiene escrito \u00bb Hablame\u00bb en idioma diferente. Con este reparto y el de una bandera \u00a0representativa de un pa\u00eds, se han comenzado a agrupar con el alumnado de los dem\u00e1s grupos de primaria para rotar por aulas y asistir a&#8230;<\/a><\/span><\/p>\n<p><a href=\"https:\/\/www.alqueria.es\/blogs\/alqueriaenglish\/\"><span style=\"color: #000000\">Pinchad sobre la imagen<\/span><img decoding=\"async\" data-attachment-id=\"20564\" data-permalink=\"https:\/\/www.alqueria.es\/blogs\/alqueriasegundociclo\/2019\/09\/28\/semanario-de-3o-semana-del-23-al-27-de-septiembre\/20190927_153423\/\" data-orig-file=\"https:\/\/cloud.alqueria.es\/wp-content\/uploads\/sites\/7\/2019\/09\/20190927_153423.jpg\" data-orig-size=\"1024,576\" data-comments-opened=\"1\" data-image-meta=\"{&quot;aperture&quot;:&quot;0&quot;,&quot;credit&quot;:&quot;&quot;,&quot;camera&quot;:&quot;&quot;,&quot;caption&quot;:&quot;&quot;,&quot;created_timestamp&quot;:&quot;0&quot;,&quot;copyright&quot;:&quot;&quot;,&quot;focal_length&quot;:&quot;0&quot;,&quot;iso&quot;:&quot;0&quot;,&quot;shutter_speed&quot;:&quot;0&quot;,&quot;title&quot;:&quot;&quot;,&quot;orientation&quot;:&quot;0&quot;}\" data-image-title=\"20190927_153423\" data-image-description=\"\" data-image-caption=\"\" data-large-file=\"https:\/\/cloud.alqueria.es\/wp-content\/uploads\/sites\/7\/2019\/09\/20190927_153423-1024x576.jpg\" class=\"aligncenter wp-image-20564 size-medium\" src=\"https:\/\/cloud.alqueria.es\/wp-content\/uploads\/sites\/7\/2019\/09\/20190927_153423.jpg\" alt=\"\" width=\"300\" height=\"169\" srcset=\"https:\/\/cloud.alqueria.es\/wp-content\/uploads\/sites\/7\/2019\/09\/20190927_153423.jpg 1024w, https:\/\/cloud.alqueria.es\/wp-content\/uploads\/sites\/7\/2019\/09\/20190927_153423.jpg 300w, https:\/\/cloud.alqueria.es\/wp-content\/uploads\/sites\/7\/2019\/09\/20190927_153423.jpg 768w\" sizes=\"(max-width: 300px) 100vw, 300px\" \/><\/a><\/p>\n<p>La celebraci\u00f3n culmina con una merienda y degustaci\u00f3n de dulces de diferentes pa\u00edses.<\/p>\n<p>Gracias por vuestra colaboraci\u00f3n.<\/p>\n<p>Un abrazo y que teng\u00e1is un buen fin de semana.<\/p>\n<p>Juanjo<\/p>\n<p>&nbsp;<\/p>\n<p>&nbsp;<\/p>\n<p>&nbsp;<\/p>\n","protected":false},"excerpt":{"rendered":"<p>Estimadas familias, poco a poco se va cogiendo el ritmo de trabajo y nos metemos de lleno en las distintas actividades que nos van a acompa\u00f1ar a lo largo del curso. LA NUTRICI\u00d3N En el \u00e1rea de investigaci\u00f3n de ciencias, Ricardo ha sido el primer protagonista, investigando y preparando su conferencia sobre el tema que &hellip; <a href=\"https:\/\/www.alqueria.es\/blogs\/alqueriasegundociclo\/2019\/09\/28\/semanario-de-3o-semana-del-23-al-27-de-septiembre\/\" class=\"more-link\">Seguir leyendo <span class=\"screen-reader-text\">Semanario de 4\u00ba. Semana del 23 al 27 de septiembre<\/span> <span class=\"meta-nav\">&rarr;<\/span><\/a><\/p>\n","protected":false},"author":16,"featured_media":0,"comment_status":"open","ping_status":"open","sticky":false,"template":"","format":"standard","meta":{"jetpack_post_was_ever_published":false,"_jetpack_newsletter_access":"","_jetpack_dont_email_post_to_subs":false,"_jetpack_newsletter_tier_id":0,"_jetpack_memberships_contains_paywalled_content":false,"_jetpack_memberships_contains_paid_content":false,"footnotes":"","jetpack_publicize_message":"","jetpack_publicize_feature_enabled":true,"jetpack_social_post_already_shared":true,"jetpack_social_options":{"image_generator_settings":{"template":"highway","default_image_id":0,"font":"","enabled":false},"version":2}},"categories":[6,8,248,9,25,60],"tags":[],"class_list":["post-20546","post","type-post","status-publish","format-standard","hentry","category-4o-epo","category-conferencias","category-conferencias-taller-de-fantasia-4o","category-conocimiento-del-medio-y-social-4o-epo","category-la-nutricion-y-los-alimentos","category-semanario-4o"],"jetpack_publicize_connections":[],"jetpack_featured_media_url":"","jetpack_sharing_enabled":true,"jetpack_shortlink":"https:\/\/wp.me\/p4lw4c-5lo","_links":{"self":[{"href":"https:\/\/www.alqueria.es\/blogs\/alqueriasegundociclo\/wp-json\/wp\/v2\/posts\/20546","targetHints":{"allow":["GET"]}}],"collection":[{"href":"https:\/\/www.alqueria.es\/blogs\/alqueriasegundociclo\/wp-json\/wp\/v2\/posts"}],"about":[{"href":"https:\/\/www.alqueria.es\/blogs\/alqueriasegundociclo\/wp-json\/wp\/v2\/types\/post"}],"author":[{"embeddable":true,"href":"https:\/\/www.alqueria.es\/blogs\/alqueriasegundociclo\/wp-json\/wp\/v2\/users\/16"}],"replies":[{"embeddable":true,"href":"https:\/\/www.alqueria.es\/blogs\/alqueriasegundociclo\/wp-json\/wp\/v2\/comments?post=20546"}],"version-history":[{"count":0,"href":"https:\/\/www.alqueria.es\/blogs\/alqueriasegundociclo\/wp-json\/wp\/v2\/posts\/20546\/revisions"}],"wp:attachment":[{"href":"https:\/\/www.alqueria.es\/blogs\/alqueriasegundociclo\/wp-json\/wp\/v2\/media?parent=20546"}],"wp:term":[{"taxonomy":"category","embeddable":true,"href":"https:\/\/www.alqueria.es\/blogs\/alqueriasegundociclo\/wp-json\/wp\/v2\/categories?post=20546"},{"taxonomy":"post_tag","embeddable":true,"href":"https:\/\/www.alqueria.es\/blogs\/alqueriasegundociclo\/wp-json\/wp\/v2\/tags?post=20546"}],"curies":[{"name":"wp","href":"https:\/\/api.w.org\/{rel}","templated":true}]}}