{"id":20582,"date":"2019-10-02T13:35:32","date_gmt":"2019-10-02T11:35:32","guid":{"rendered":"http:\/\/www.alqueria.es\/blogs\/alqueriasegundociclo\/?p=20582"},"modified":"2019-10-02T13:35:32","modified_gmt":"2019-10-02T11:35:32","slug":"taller-de-fantasia","status":"publish","type":"post","link":"https:\/\/www.alqueria.es\/blogs\/alqueriasegundociclo\/2019\/10\/02\/taller-de-fantasia\/","title":{"rendered":"TALLER DE FANTAS\u00cdA"},"content":{"rendered":"<p>Ya en la reuni\u00f3n hice una presentaci\u00f3n de nuestro \u00abtaller estrella\u00bb, el <strong><span style=\"color: #ff00ff\">TALLER DE FANTAS\u00cdA<\/span><\/strong>. Ahora os cuento con m\u00e1s detalle c\u00f3mo ha sido la introducci\u00f3n a esta actividad.<\/p>\n<p>En una primera asamblea de ideas previas les lanc\u00e9 la pregunta <em><strong>\u00ab\u00bfQU\u00c9 ES LA FANTAS\u00cdA?\u00bb<\/strong><\/em> Las respuestas fueron muy acertadas y la participaci\u00f3n, casi, del grupo al completo, por tanto unas respuestas iban enriqueci\u00e9ndose con otras:<\/p>\n<ul>\n<li>lo que no es realidad,<\/li>\n<li>lo que imaginamos,<\/li>\n<li>lo que so\u00f1amos,<\/li>\n<li>lo que no es verdad pero me lo invento,<\/li>\n<li>lo que quiero que ocurra&#8230;<\/li>\n<\/ul>\n<p>Estas y otras respuestas estaban acompa\u00f1adas de ejemplos, historias o sue\u00f1os que relataban con mucho sentido del humor. Por lo general sal\u00edan siempre temas y personajes muy disparatados, en situaciones graciosas. Tras una asamblea totalmente entregada al tema, concluimos que deb\u00edamos diferenciar entre:<\/p>\n<p style=\"text-align: center\"><strong>REALIDAD- IMAGINACI\u00d3N- FANTAS\u00cdA<\/strong><\/p>\n<p>Una vez creado la expectaci\u00f3n necesaria, les present\u00e9 a la autora del libro que ser\u00e1 el protagonista de nuestro taller en las pr\u00f3ximas semanas, LAURA GALLEGO. Eran los menos quienes la conoc\u00edan, alguno ten\u00eda alguna de sus obras en el pupitre y dio lugar a hablar un poquito sobre sus libros.<\/p>\n<p><img decoding=\"async\" class=\"aligncenter\" src=\"http:\/\/www.bibliofiloenmascarado.com\/wp-content\/uploads\/2012\/11\/Laura-Gallego3.jpg\" alt=\"Resultado de imagen de laura gallego\" width=\"347\" height=\"208\" \/><\/p>\n<p>Lleg\u00f3 el momento m\u00e1s esperado, empezaba la lectura de un libro del que desconocemos su t\u00edtulo, su portada, sus ilustraciones&#8230; por tanto no hay ninguna idea previa, no hay expectativas. As\u00ed pues, vamos a disfrutar, a imaginar, a fantasear a medida que vayamos avanzando y conociendo la historia y sus personajes.<\/p>\n<p>Le\u00ed el pr\u00f3logo del libro, dos p\u00e1ginas, las suficientes para vislumbrar en sus rostros y en sus ojos que aquello hab\u00eda sido un buen comienzo. \u00a1Estaban totalmente absortos en la lectura y no quer\u00edan que concluyese! De eso se trataba, de crear expectaci\u00f3n.<\/p>\n<p>Ahora toca esperar una semana para continuar con la lectura del libro. \u00a1Qu\u00e9 bien nos viene trabajar sobre la inmediatez!<\/p>\n<p>Mientras trabajaremos nuestro taller de fantas\u00eda desde la expresi\u00f3n escrita. En breve os cuento qu\u00e9 nos traemos entre manos.<\/p>\n<p>Laura Justicia<\/p>\n","protected":false},"excerpt":{"rendered":"<p>Ya en la reuni\u00f3n hice una presentaci\u00f3n de nuestro \u00abtaller estrella\u00bb, el TALLER DE FANTAS\u00cdA. Ahora os cuento con m\u00e1s detalle c\u00f3mo ha sido la introducci\u00f3n a esta actividad. En una primera asamblea de ideas previas les lanc\u00e9 la pregunta \u00ab\u00bfQU\u00c9 ES LA FANTAS\u00cdA?\u00bb Las respuestas fueron muy acertadas y la participaci\u00f3n, casi, del grupo &hellip; <a href=\"https:\/\/www.alqueria.es\/blogs\/alqueriasegundociclo\/2019\/10\/02\/taller-de-fantasia\/\" class=\"more-link\">Seguir leyendo <span class=\"screen-reader-text\">TALLER DE FANTAS\u00cdA<\/span> <span class=\"meta-nav\">&rarr;<\/span><\/a><\/p>\n","protected":false},"author":16,"featured_media":0,"comment_status":"open","ping_status":"open","sticky":false,"template":"","format":"standard","meta":{"jetpack_post_was_ever_published":false,"_jetpack_newsletter_access":"","_jetpack_dont_email_post_to_subs":false,"_jetpack_newsletter_tier_id":0,"_jetpack_memberships_contains_paywalled_content":false,"_jetpack_memberships_contains_paid_content":false,"footnotes":"","jetpack_publicize_message":"","jetpack_publicize_feature_enabled":true,"jetpack_social_post_already_shared":true,"jetpack_social_options":{"image_generator_settings":{"template":"highway","default_image_id":0,"font":"","enabled":false},"version":2}},"categories":[5,28,65],"tags":[468,201],"class_list":["post-20582","post","type-post","status-publish","format-standard","hentry","category-3o-epo","category-lengua-castellana-y-literatura-3o","category-taller-de-fantasia","tag-laura-gallego","tag-taller-de-fantasia-2"],"jetpack_publicize_connections":[],"jetpack_featured_media_url":"","jetpack_sharing_enabled":true,"jetpack_shortlink":"https:\/\/wp.me\/p4lw4c-5lY","_links":{"self":[{"href":"https:\/\/www.alqueria.es\/blogs\/alqueriasegundociclo\/wp-json\/wp\/v2\/posts\/20582","targetHints":{"allow":["GET"]}}],"collection":[{"href":"https:\/\/www.alqueria.es\/blogs\/alqueriasegundociclo\/wp-json\/wp\/v2\/posts"}],"about":[{"href":"https:\/\/www.alqueria.es\/blogs\/alqueriasegundociclo\/wp-json\/wp\/v2\/types\/post"}],"author":[{"embeddable":true,"href":"https:\/\/www.alqueria.es\/blogs\/alqueriasegundociclo\/wp-json\/wp\/v2\/users\/16"}],"replies":[{"embeddable":true,"href":"https:\/\/www.alqueria.es\/blogs\/alqueriasegundociclo\/wp-json\/wp\/v2\/comments?post=20582"}],"version-history":[{"count":0,"href":"https:\/\/www.alqueria.es\/blogs\/alqueriasegundociclo\/wp-json\/wp\/v2\/posts\/20582\/revisions"}],"wp:attachment":[{"href":"https:\/\/www.alqueria.es\/blogs\/alqueriasegundociclo\/wp-json\/wp\/v2\/media?parent=20582"}],"wp:term":[{"taxonomy":"category","embeddable":true,"href":"https:\/\/www.alqueria.es\/blogs\/alqueriasegundociclo\/wp-json\/wp\/v2\/categories?post=20582"},{"taxonomy":"post_tag","embeddable":true,"href":"https:\/\/www.alqueria.es\/blogs\/alqueriasegundociclo\/wp-json\/wp\/v2\/tags?post=20582"}],"curies":[{"name":"wp","href":"https:\/\/api.w.org\/{rel}","templated":true}]}}