{"id":20590,"date":"2019-10-03T23:33:26","date_gmt":"2019-10-03T21:33:26","guid":{"rendered":"http:\/\/www.alqueria.es\/blogs\/alqueriasegundociclo\/?p=20590"},"modified":"2019-10-03T23:37:33","modified_gmt":"2019-10-03T21:37:33","slug":"taller-de-escritura-fantastica","status":"publish","type":"post","link":"https:\/\/www.alqueria.es\/blogs\/alqueriasegundociclo\/2019\/10\/03\/taller-de-escritura-fantastica\/","title":{"rendered":"Taller de escritura \u00abfant\u00e1stica\u00bb"},"content":{"rendered":"<p>Si hab\u00e9is le\u00eddo la entrada anterior&#8230; estar\u00e9is deseosos por conocer qu\u00e9 es eso tan interesante que nos traemos entre manos. Os cuento&#8230;<\/p>\n<p>Tras la lectura de esas dos fascinantes p\u00e1ginas, les propuse una actividad de creaci\u00f3n literaria, donde la fantas\u00eda fuera la protagonista. Qu\u00e9 mejor forma de hacerlo que creando, individualmente, <strong>\u00abMI PERSONAJE FANT\u00c1STICO\u00bb. <\/strong>\u00a1Ten\u00edais que haber visto sus caras!, y sus preguntas del tipo:<strong><em>\u00abPero&#8230;\u00bfqu\u00e9 me lo invente yo?\u00bb,\u00a0\u00ab\u00bfC\u00f3mo yo quiera?\u00bb,\u00a0\u00ab\u00bfY puede tener poderes?\u00bb&#8230;<\/em><\/strong><\/p>\n<p><strong>EL BORRADOR<\/strong><\/p>\n<p>Por supuesto, la respuesta era contundente a todas ellas S\u00cd. Se trataba de inventar un ser fant\u00e1stico que no existiese entre los que ya conocemos. Para facilitar un poco la tarea a aquellos que no saben por d\u00f3nde empezar (porque aunque no lo cre\u00e1is, cuanto m\u00e1s abierto es el abanico de posibilidades m\u00e1s tedioso es centrar el tema), les propongo que piensen en varios seres fant\u00e1sticos, los que m\u00e1s les gusten y los mezclen. \u00ab\u00a1Quiero ver 27 diferentes!\u00bb, les digo.<\/p>\n<p>Antes de empezar el texto doy unas orientaciones sobre c\u00f3mo podemos organizar este trabajo:<\/p>\n<ol>\n<li><strong>poner la fecha (a la derecha, ja);<\/strong><\/li>\n<li><strong>escribir el t\u00edtulo, si a\u00fan no saben c\u00f3mo se va a llamar, no pasa nada, al finalizar el texto seguro que le han buscado nombre;<\/strong><\/li>\n<li><strong>empezar a desarrollar la descripci\u00f3n f\u00edsica intentando seguir un orden l\u00f3gico (de abajo-arriba o al rev\u00e9s, luego la ropa y dem\u00e1s abalorios);<\/strong><\/li>\n<li><strong>describir cu\u00e1les son cualidades personales, lo que no vemos, ah\u00ed cab\u00eda su personalidad, sus poderes, su h\u00e1bitat, sus gustos, sus amistades&#8230;han metido un poquito de todo, \u00a1imaginaci\u00f3n no les falta!<\/strong><\/li>\n<\/ol>\n<p>Ahora algunas premisas m\u00e1s formales como:<\/p>\n<ol>\n<li style=\"text-align: left\"><strong>uso de may\u00fascula al principio de cada frase;<\/strong><\/li>\n<li style=\"text-align: left\"><strong>uso de dos p\u00e1rrafos (introducimos sutilmente el punto y aparte) uno para \u00abcada descripci\u00f3n\u00bb;<\/strong><\/li>\n<li style=\"text-align: left\"><strong>escribir dentro de la pauta de la libreta con la mejor letra;<\/strong><\/li>\n<li style=\"text-align: left\"><strong>crear un texto de al menos 15 renglones.<\/strong><\/li>\n<\/ol>\n<p>Ha sido un trabajo maravilloso el de la creaci\u00f3n, \u00a1hay tanta motivaci\u00f3n y esfuerzo en cada uno de ellos! Unos por el \u00a0uso de la min\u00fascula, otros a la hora de organizar las ideas, otros por el esfuerzo de crear algo de la nada, etc. Puedo deciros que se produjo un momento m\u00e1gico en el que cada cual estaba inmerso en su producci\u00f3n, con toda la atenci\u00f3n en su creaci\u00f3n, con la ilusi\u00f3n de sorprender a los dem\u00e1s una vez finalizado.<\/p>\n<p><strong>MEJORAR EL TEXTO<\/strong><\/p>\n<p>Los primeros trabajos fueron llegando a mis manos. Ahora tocaba pasar, previa felicitaci\u00f3n personal, a la siguiente fase: mejorar lo escrito con mi ayuda. Intentamos conseguir un orden, sustituir algunas palabras por otras para enriquecer el texto, e incluso nos atrevemos con algunas faltas de ortograf\u00eda (si lo vamos viendo bien escrito&#8230; interiorizamos la correcta).<\/p>\n<p><strong>ILUSTRACI\u00d3N<\/strong><\/p>\n<p>\u00ab\u00bfY ahora qu\u00e9 hago que ya he terminado?\u00bb, \u00abpues ahora toca hacer una ilustraci\u00f3n de tu personaje\u00bb, les digo. \u00a0\u00ab\u00bfY eso que es?\u00bb Hablamos de la diferencia entre dibujar e ilustrar. Acordamos ocupar todo el papel, o el m\u00e1ximo, y usar siempre l\u00e1pices para darle color.<\/p>\n<p><strong>TEXTO DEFINITIVO<\/strong><\/p>\n<p>Orgullosos de sus seres, les propongo otro reto m\u00e1s: PASAR A LIMPIO. Ay, y ahora qu\u00e9, eso c\u00f3mo se hace. Les presento la herramienta de la plantilla (o falsilla), para qu\u00e9 sirve y c\u00f3mo se usa. Sin pensarlo, s\u00f3lo con algunas premisas como d\u00f3nde se pone el nombre, la fecha y el t\u00edtulo (con letra diferenciada), aconsej\u00e1ndoles que saquen punta para que la letra sea m\u00e1s \u00ablimpia\u00bb&#8230; se ponen a ello. Qu\u00e9 tarea, tiempo y esfuerzo, mucho, es lo que ha implicado esta actividad. Pero como todos sabemos, todo esfuerzo tiene su recompensa, y eso es lo que ellos han sentido, pues han podido ver \u00abLO REQUETEBONITOS\u00bb que est\u00e1n sus textos, tanto que dudamos mucho que pod\u00e1is reconocer cu\u00e1l es el de vuestro hijo.<\/p>\n<p>Ellos est\u00e1n orgullosos, no hacen m\u00e1s que mirar el tabl\u00f3n, recrearse, sentirse satisfechos, porque todos han dado (con mucho esfuerzo) lo mejor de ellos mismos. Y yo, orgullosa de ellos.<\/p>\n<p>Pod\u00e9is verlos en el tabl\u00f3n. A\u00fan faltan algunos que se est\u00e1n ultimando, en breve estar\u00e1n.<\/p>\n<p>Un saludo.<\/p>\n<p>Laura Justicia<\/p>\n<p>&nbsp;<\/p>\n<p>&nbsp;<\/p>\n","protected":false},"excerpt":{"rendered":"<p>Si hab\u00e9is le\u00eddo la entrada anterior&#8230; estar\u00e9is deseosos por conocer qu\u00e9 es eso tan interesante que nos traemos entre manos. Os cuento&#8230; Tras la lectura de esas dos fascinantes p\u00e1ginas, les propuse una actividad de creaci\u00f3n literaria, donde la fantas\u00eda fuera la protagonista. Qu\u00e9 mejor forma de hacerlo que creando, individualmente, \u00abMI PERSONAJE FANT\u00c1STICO\u00bb. \u00a1Ten\u00edais &hellip; <a href=\"https:\/\/www.alqueria.es\/blogs\/alqueriasegundociclo\/2019\/10\/03\/taller-de-escritura-fantastica\/\" class=\"more-link\">Seguir leyendo <span class=\"screen-reader-text\">Taller de escritura \u00abfant\u00e1stica\u00bb<\/span> <span class=\"meta-nav\">&rarr;<\/span><\/a><\/p>\n","protected":false},"author":16,"featured_media":0,"comment_status":"open","ping_status":"open","sticky":false,"template":"","format":"standard","meta":{"jetpack_post_was_ever_published":false,"_jetpack_newsletter_access":"","_jetpack_dont_email_post_to_subs":false,"_jetpack_newsletter_tier_id":0,"_jetpack_memberships_contains_paywalled_content":false,"_jetpack_memberships_contains_paid_content":false,"footnotes":"","jetpack_publicize_message":"","jetpack_publicize_feature_enabled":true,"jetpack_social_post_already_shared":true,"jetpack_social_options":{"image_generator_settings":{"template":"highway","default_image_id":0,"font":"","enabled":false},"version":2}},"categories":[5,28,65],"tags":[],"class_list":["post-20590","post","type-post","status-publish","format-standard","hentry","category-3o-epo","category-lengua-castellana-y-literatura-3o","category-taller-de-fantasia"],"jetpack_publicize_connections":[],"jetpack_featured_media_url":"","jetpack_sharing_enabled":true,"jetpack_shortlink":"https:\/\/wp.me\/p4lw4c-5m6","_links":{"self":[{"href":"https:\/\/www.alqueria.es\/blogs\/alqueriasegundociclo\/wp-json\/wp\/v2\/posts\/20590","targetHints":{"allow":["GET"]}}],"collection":[{"href":"https:\/\/www.alqueria.es\/blogs\/alqueriasegundociclo\/wp-json\/wp\/v2\/posts"}],"about":[{"href":"https:\/\/www.alqueria.es\/blogs\/alqueriasegundociclo\/wp-json\/wp\/v2\/types\/post"}],"author":[{"embeddable":true,"href":"https:\/\/www.alqueria.es\/blogs\/alqueriasegundociclo\/wp-json\/wp\/v2\/users\/16"}],"replies":[{"embeddable":true,"href":"https:\/\/www.alqueria.es\/blogs\/alqueriasegundociclo\/wp-json\/wp\/v2\/comments?post=20590"}],"version-history":[{"count":0,"href":"https:\/\/www.alqueria.es\/blogs\/alqueriasegundociclo\/wp-json\/wp\/v2\/posts\/20590\/revisions"}],"wp:attachment":[{"href":"https:\/\/www.alqueria.es\/blogs\/alqueriasegundociclo\/wp-json\/wp\/v2\/media?parent=20590"}],"wp:term":[{"taxonomy":"category","embeddable":true,"href":"https:\/\/www.alqueria.es\/blogs\/alqueriasegundociclo\/wp-json\/wp\/v2\/categories?post=20590"},{"taxonomy":"post_tag","embeddable":true,"href":"https:\/\/www.alqueria.es\/blogs\/alqueriasegundociclo\/wp-json\/wp\/v2\/tags?post=20590"}],"curies":[{"name":"wp","href":"https:\/\/api.w.org\/{rel}","templated":true}]}}