{"id":2075,"date":"2012-09-21T15:46:16","date_gmt":"2012-09-21T13:46:16","guid":{"rendered":"http:\/\/alqueriasegundociclo.wordpress.com\/?p=2075"},"modified":"2014-02-24T10:37:03","modified_gmt":"2014-02-24T10:37:03","slug":"semanario-3o-e-p-o-del-17-al-21-de-septiembre-de-2012","status":"publish","type":"post","link":"https:\/\/www.alqueria.es\/blogs\/alqueriasegundociclo\/2012\/09\/21\/semanario-3o-e-p-o-del-17-al-21-de-septiembre-de-2012\/","title":{"rendered":"Semanario 3\u00ba E.P.O. del 17 al 21 de septiembre de 2012"},"content":{"rendered":"<p style=\"text-align:justify\">Estimadas familias,<\/p>\n<p style=\"text-align:justify\">ya se acaba la primera semana de este nuevo curso y tengo que deciros que ha ido muy bien. Nos hemos ido iniciando en las tareas de 3\u00ba E.P.O. poquito a poco.<\/p>\n<p style=\"text-align:justify\">En matem\u00e1ticas hemos comenzado el primer tema \u00abEL SISTEMA DE NUMERACI\u00d3N D\u00c9CIMAL\u00bb, cuyo \u00edndice han pegado en su libreta del \u00e1rea para poder seguir por d\u00f3nde vamos trabajando. Hablamos de la historia de los n\u00fameros, con la lectura de un libro; una breve introducci\u00f3n a los n\u00fameros romanos y pronto pasamos a los n\u00fameros de tres cifras: lectura, escritura, el valor de sus cifras, composici\u00f3n y descomposici\u00f3n (tarea que supone un poquito m\u00e1s de esfuerzo). Tambi\u00e9n hemos realizado algunos enigmas en el aula, con el prop\u00f3sito de trabajar la manera de resolverlos y animar a los que a\u00fan no han decidido sumergirse en esta actividad.<\/p>\n<p style=\"text-align:justify\">En conocimiento del medio hemos empezado por conocer los libros de texto que utilizaremos en nuestras investigaciones y \u00abproyectos\u00bb de aula. Trabajaremos con varias editoriales, y no en todas el \u00edndice se encuentra en el mismo lugar, ni la informaci\u00f3n que queremos buscar tiene el mismo t\u00edtulo, ni siquiera la informaci\u00f3n que nos proporcionan es la misma. Por esto dedicamos mucho tiempo a explicar, ver y conocer la estructura de estos libros: d\u00f3nde est\u00e1 el \u00edndice, c\u00f3mo podemos buscar en ellos, c\u00f3mo localizar una informaci\u00f3n que no corresponde con el t\u00edtulo de la informaci\u00f3n que estoy buscando&#8230;<\/p>\n<p style=\"text-align:justify\"><img decoding=\"async\" data-attachment-id=\"2079\" data-permalink=\"https:\/\/www.alqueria.es\/blogs\/alqueriasegundociclo\/dsc02968-2\/\" data-orig-file=\"https:\/\/www.alqueria.es\/blogs\/alqueriasegundociclo\/wp-content\/uploads\/sites\/7\/2012\/09\/dsc029681.jpg\" data-orig-size=\"640,480\" data-comments-opened=\"1\" data-image-meta=\"{&quot;aperture&quot;:&quot;0&quot;,&quot;credit&quot;:&quot;&quot;,&quot;camera&quot;:&quot;&quot;,&quot;caption&quot;:&quot;&quot;,&quot;created_timestamp&quot;:&quot;0&quot;,&quot;copyright&quot;:&quot;&quot;,&quot;focal_length&quot;:&quot;0&quot;,&quot;iso&quot;:&quot;0&quot;,&quot;shutter_speed&quot;:&quot;0&quot;,&quot;title&quot;:&quot;&quot;}\" data-image-title=\"DSC02968\" data-image-description=\"\" data-image-caption=\"\" data-large-file=\"https:\/\/www.alqueria.es\/blogs\/alqueriasegundociclo\/wp-content\/uploads\/sites\/7\/2012\/09\/dsc029681.jpg\" class=\"alignleft  wp-image-2079\" title=\"DSC02968\" src=\"https:\/\/cloud.alqueria.es\/wp-content\/uploads\/sites\/7\/2012\/09\/dsc0296811.jpg\" alt=\"\" width=\"239\" height=\"180\" \/>Presentamos el primer tema de cono \u00abDE FLOR EN FLOR\u00bb. Hacemos una lluvia de ideas, donde cada cual aporta ideas sobre el tema, y las vamos anotando en la pizarra, de modo que, pasado un rato, tenemos un mapa de ideas. Despu\u00e9s le d\u00ed el gui\u00f3n del tema, con sus aportaciones, y otras que son propias del ciclo,\u00a0 y empezamos a buscar la informaci\u00f3n para elaborar el tema. \u00a1Empezamos a investigar en gran grupo! Esta es una tarea que nos ocupar\u00e1 gran parte de las sesiones de conocimiento del medio, hasta que vayan haci\u00e9ndose con la din\u00e1mica.<\/p>\n<p style=\"text-align:justify\">En lengua y literatura, el segundo ciclo centra su inter\u00e9s en la fantas\u00eda, a trav\u00e9s de la que trabajamos los contenidos de esta \u00e1rea. Empec\u00e9 a leer un libro de fantas\u00eda de la autora Laura Gallego, cuyo t\u00edtulo a\u00fan no he dicho y que les tiene entusiasmados. Partiendo de esta lectura, un cap\u00edtulo cada d\u00eda, nos iniciamos en la tertulia literaria, empezamos a crear nuestro primeros textos para elaborar nuestro \u00abbestiario\u00bb, y trabajamos la ortograf\u00eda y la lectura, pues cada personaje fant\u00e1stico que aparece nos da pie a hacer una\u00a0 lectura corta sobre \u00e9l.<\/p>\n<p style=\"text-align:justify\"><img decoding=\"async\" data-attachment-id=\"2080\" data-permalink=\"https:\/\/www.alqueria.es\/blogs\/alqueriasegundociclo\/dsc03038\/\" data-orig-file=\"https:\/\/www.alqueria.es\/blogs\/alqueriasegundociclo\/wp-content\/uploads\/sites\/7\/2012\/09\/dsc03038.jpg\" data-orig-size=\"640,480\" data-comments-opened=\"1\" data-image-meta=\"{&quot;aperture&quot;:&quot;0&quot;,&quot;credit&quot;:&quot;&quot;,&quot;camera&quot;:&quot;&quot;,&quot;caption&quot;:&quot;&quot;,&quot;created_timestamp&quot;:&quot;0&quot;,&quot;copyright&quot;:&quot;&quot;,&quot;focal_length&quot;:&quot;0&quot;,&quot;iso&quot;:&quot;0&quot;,&quot;shutter_speed&quot;:&quot;0&quot;,&quot;title&quot;:&quot;&quot;}\" data-image-title=\"DSC03038\" data-image-description=\"\" data-image-caption=\"\" data-large-file=\"https:\/\/www.alqueria.es\/blogs\/alqueriasegundociclo\/wp-content\/uploads\/sites\/7\/2012\/09\/dsc03038.jpg\" class=\"alignleft  wp-image-2080\" title=\"DSC03038\" src=\"https:\/\/cloud.alqueria.es\/wp-content\/uploads\/sites\/7\/2012\/09\/dsc030381.jpg\" alt=\"\" width=\"202\" height=\"151\" \/><\/p>\n<p><img decoding=\"async\" data-attachment-id=\"2082\" data-permalink=\"https:\/\/www.alqueria.es\/blogs\/alqueriasegundociclo\/dsc03039-2\/\" data-orig-file=\"https:\/\/www.alqueria.es\/blogs\/alqueriasegundociclo\/wp-content\/uploads\/sites\/7\/2012\/09\/dsc030391.jpg\" data-orig-size=\"640,480\" data-comments-opened=\"1\" data-image-meta=\"{&quot;aperture&quot;:&quot;0&quot;,&quot;credit&quot;:&quot;&quot;,&quot;camera&quot;:&quot;&quot;,&quot;caption&quot;:&quot;&quot;,&quot;created_timestamp&quot;:&quot;0&quot;,&quot;copyright&quot;:&quot;&quot;,&quot;focal_length&quot;:&quot;0&quot;,&quot;iso&quot;:&quot;0&quot;,&quot;shutter_speed&quot;:&quot;0&quot;,&quot;title&quot;:&quot;&quot;}\" data-image-title=\"DSC03039\" data-image-description=\"\" data-image-caption=\"\" data-large-file=\"https:\/\/www.alqueria.es\/blogs\/alqueriasegundociclo\/wp-content\/uploads\/sites\/7\/2012\/09\/dsc030391.jpg\" class=\"wp-image-2082 alignleft\" title=\"DSC03039\" src=\"https:\/\/cloud.alqueria.es\/wp-content\/uploads\/sites\/7\/2012\/09\/dsc0303911.jpg\" alt=\"\" width=\"202\" height=\"152\" \/><\/p>\n<p style=\"text-align:justify\">\n<p style=\"text-align:justify\">\n<p style=\"text-align:justify\">\n<p style=\"text-align:justify\">\n<p style=\"text-align:justify\">\n<p style=\"text-align:justify\">\n<p style=\"text-align:justify\">\n<p style=\"text-align:justify\">\n<p style=\"text-align:justify\">\n<p style=\"text-align:justify\">\n<p style=\"text-align:justify\">\n<p style=\"text-align:justify\">\n<p style=\"text-align:justify\">\n<p style=\"text-align:justify\">\n<p style=\"text-align:justify\">En \u00e9tica comenzamos a elaborar nuestra normativa de aula, consensuada por todos y que quedar\u00e1 expuesta en el aula para que podamos recordarlas facilmente cuando sea necesario.<\/p>\n<p style=\"text-align:justify\">Buen fin de semana, un saludo<\/p>\n<p style=\"text-align:justify\">Laura<\/p>\n","protected":false},"excerpt":{"rendered":"<p>Estimadas familias, ya se acaba la primera semana de este nuevo curso y tengo que deciros que ha ido muy bien. Nos hemos ido iniciando en las tareas de 3\u00ba E.P.O. poquito a poco. En matem\u00e1ticas hemos comenzado el primer tema \u00abEL SISTEMA DE NUMERACI\u00d3N D\u00c9CIMAL\u00bb, cuyo \u00edndice han pegado en su libreta del \u00e1rea &hellip; <a href=\"https:\/\/www.alqueria.es\/blogs\/alqueriasegundociclo\/2012\/09\/21\/semanario-3o-e-p-o-del-17-al-21-de-septiembre-de-2012\/\" class=\"more-link\">Seguir leyendo <span class=\"screen-reader-text\">Semanario 3\u00ba E.P.O. del 17 al 21 de septiembre de 2012<\/span> <span class=\"meta-nav\">&rarr;<\/span><\/a><\/p>\n","protected":false},"author":14,"featured_media":0,"comment_status":"open","ping_status":"open","sticky":false,"template":"","format":"standard","meta":{"jetpack_post_was_ever_published":false,"_jetpack_newsletter_access":"","_jetpack_dont_email_post_to_subs":false,"_jetpack_newsletter_tier_id":0,"_jetpack_memberships_contains_paywalled_content":false,"_jetpack_memberships_contains_paid_content":false,"footnotes":"","jetpack_publicize_message":"","jetpack_publicize_feature_enabled":true,"jetpack_social_post_already_shared":true,"jetpack_social_options":{"image_generator_settings":{"template":"highway","default_image_id":0,"font":"","enabled":false},"version":2}},"categories":[5,36,59],"tags":[],"class_list":["post-2075","post","type-post","status-publish","format-standard","hentry","category-3o-epo","category-noticias","category-semanario-3o"],"jetpack_publicize_connections":[],"jetpack_featured_media_url":"","jetpack_sharing_enabled":true,"jetpack_shortlink":"https:\/\/wp.me\/p4lw4c-xt","_links":{"self":[{"href":"https:\/\/www.alqueria.es\/blogs\/alqueriasegundociclo\/wp-json\/wp\/v2\/posts\/2075","targetHints":{"allow":["GET"]}}],"collection":[{"href":"https:\/\/www.alqueria.es\/blogs\/alqueriasegundociclo\/wp-json\/wp\/v2\/posts"}],"about":[{"href":"https:\/\/www.alqueria.es\/blogs\/alqueriasegundociclo\/wp-json\/wp\/v2\/types\/post"}],"author":[{"embeddable":true,"href":"https:\/\/www.alqueria.es\/blogs\/alqueriasegundociclo\/wp-json\/wp\/v2\/users\/14"}],"replies":[{"embeddable":true,"href":"https:\/\/www.alqueria.es\/blogs\/alqueriasegundociclo\/wp-json\/wp\/v2\/comments?post=2075"}],"version-history":[{"count":0,"href":"https:\/\/www.alqueria.es\/blogs\/alqueriasegundociclo\/wp-json\/wp\/v2\/posts\/2075\/revisions"}],"wp:attachment":[{"href":"https:\/\/www.alqueria.es\/blogs\/alqueriasegundociclo\/wp-json\/wp\/v2\/media?parent=2075"}],"wp:term":[{"taxonomy":"category","embeddable":true,"href":"https:\/\/www.alqueria.es\/blogs\/alqueriasegundociclo\/wp-json\/wp\/v2\/categories?post=2075"},{"taxonomy":"post_tag","embeddable":true,"href":"https:\/\/www.alqueria.es\/blogs\/alqueriasegundociclo\/wp-json\/wp\/v2\/tags?post=2075"}],"curies":[{"name":"wp","href":"https:\/\/api.w.org\/{rel}","templated":true}]}}