{"id":21023,"date":"2020-02-09T20:42:30","date_gmt":"2020-02-09T19:42:30","guid":{"rendered":"http:\/\/www.alqueria.es\/blogs\/alqueriasegundociclo\/?p=21023"},"modified":"2020-02-09T20:43:42","modified_gmt":"2020-02-09T19:43:42","slug":"semanario-de-4o-20","status":"publish","type":"post","link":"https:\/\/www.alqueria.es\/blogs\/alqueriasegundociclo\/2020\/02\/09\/semanario-de-4o-20\/","title":{"rendered":"Semanario de 4\u00ba"},"content":{"rendered":"<p><span style=\"color: #0000ff\">Lectura expresiva<\/span><\/p>\n<p>Sois sabedores del gran trabajo que se realiza en la lectura compartida con el grupo de primero. Nuestro grupo contin\u00faa, con gran ilusi\u00f3n, el seguimiento y los grandes avances en la lectura. El inter\u00e9s, la paciencia y el afecto juegan un gran papel.<\/p>\n<p>Primero nos lee y cuarto les lee.<\/p>\n<p>Cada semana colaboramos cant\u00e1ndoles, recit\u00e1ndoles o ley\u00e9ndoles en voz alta, todos juntos, dependiendo de la lectura que se practica en casa y en clase a lo largo de la semana.<\/p>\n<p style=\"text-align: center\"><span style=\"color: #666699\"><em>Quedan encantados y encantadas.<\/em><\/span><\/p>\n<p>Los viernes se realiza la entrega de la siguiente lectura a trabajar y sobre ella se trabaja con una primera lectura:<\/p>\n<ul>\n<li><span style=\"color: #800000\">La entonaci\u00f3n.<\/span><\/li>\n<li><span style=\"color: #ff0000\">La fluidez.<\/span><\/li>\n<li><span style=\"color: #ff6600\">El respeto a los distintos signos de puntuaci\u00f3n.<\/span><\/li>\n<li><span style=\"color: #800080\">El vocabulario.<\/span><\/li>\n<li>La dicci\u00f3n po\u00e9tica.<\/li>\n<li><span style=\"color: #008000\">Etc.<\/span><\/li>\n<\/ul>\n<p>Este viernes se ha trabajado sobre esta poes\u00eda<\/p>\n<p><img decoding=\"async\" data-attachment-id=\"21025\" data-permalink=\"https:\/\/www.alqueria.es\/blogs\/alqueriasegundociclo\/2020\/02\/09\/semanario-de-4o-20\/para-hacer-el-retrato-de-un-pajaro\/\" data-orig-file=\"https:\/\/cloud.alqueria.es\/wp-content\/uploads\/sites\/7\/2020\/02\/Para-hacer-el-retrato-de-un-pa%CC%81jaro.jpg\" data-orig-size=\"485,485\" data-comments-opened=\"1\" data-image-meta=\"{&quot;aperture&quot;:&quot;0&quot;,&quot;credit&quot;:&quot;&quot;,&quot;camera&quot;:&quot;&quot;,&quot;caption&quot;:&quot;&quot;,&quot;created_timestamp&quot;:&quot;0&quot;,&quot;copyright&quot;:&quot;&quot;,&quot;focal_length&quot;:&quot;0&quot;,&quot;iso&quot;:&quot;0&quot;,&quot;shutter_speed&quot;:&quot;0&quot;,&quot;title&quot;:&quot;&quot;,&quot;orientation&quot;:&quot;0&quot;}\" data-image-title=\"Para-hacer-el-retrato-de-un-pa\u0301jaro\" data-image-description=\"\" data-image-caption=\"\" data-large-file=\"https:\/\/cloud.alqueria.es\/wp-content\/uploads\/sites\/7\/2020\/02\/Para-hacer-el-retrato-de-un-pa%CC%81jaro.jpg\" class=\"aligncenter size-medium wp-image-21025\" src=\"https:\/\/cloud.alqueria.es\/wp-content\/uploads\/sites\/7\/2020\/02\/Para-hacer-el-retrato-de-un-pa%CC%81jaro.jpg\" alt=\"\" width=\"300\" height=\"300\" srcset=\"https:\/\/cloud.alqueria.es\/wp-content\/uploads\/sites\/7\/2020\/02\/Para-hacer-el-retrato-de-un-pa%CC%81jaro.jpg 485w, https:\/\/cloud.alqueria.es\/wp-content\/uploads\/sites\/7\/2020\/02\/Para-hacer-el-retrato-de-un-pa%CC%81jaro.jpg 150w, https:\/\/cloud.alqueria.es\/wp-content\/uploads\/sites\/7\/2020\/02\/Para-hacer-el-retrato-de-un-pa%CC%81jaro.jpg 300w\" sizes=\"(max-width: 300px) 100vw, 300px\" \/><\/p>\n<p><span style=\"color: #800080\">PARA HACER EL RETRATO DE UN P\u00c1JARO<\/span><br \/>\n<span style=\"color: #008000\">POUR FAIRE LE PORTRAIT D\u2019UN OISEAU<\/span><\/p>\n<p><span style=\"color: #333399\"><em>Pintar primero una jaula<\/em><\/span><br \/>\n<span style=\"color: #333399\"><em>con una puerta abierta,<\/em><\/span><br \/>\n<span style=\"color: #333399\"><em>pintar despu\u00e9s<\/em><\/span><br \/>\n<span style=\"color: #333399\"><em>algo bonito,<\/em><\/span><br \/>\n<span style=\"color: #333399\"><em>algo simple,<\/em><\/span><br \/>\n<span style=\"color: #333399\"><em>algo bello,<\/em><\/span><br \/>\n<span style=\"color: #333399\"><em>algo \u00fatil<\/em><\/span><br \/>\n<span style=\"color: #333399\"><em>para el p\u00e1jaro,<\/em><\/span><br \/>\n<span style=\"color: #333399\"><em>apoyaar despu\u00e9s la tela contra un \u00e1rbol<\/em><\/span><br \/>\n<span style=\"color: #333399\"><em>en un jard\u00edn,<\/em><\/span><br \/>\n<span style=\"color: #333399\"><em>en un soto,<\/em><\/span><br \/>\n<span style=\"color: #333399\"><em>o en un bosque,<\/em><\/span><br \/>\n<span style=\"color: #333399\"><em>esconderse detr\u00e1s del \u00e1rbol<\/em><\/span><br \/>\n<span style=\"color: #333399\"><em>sin decir nada<\/em><\/span><br \/>\n<span style=\"color: #333399\"><em>sin moverse\u2026<\/em><\/span><br \/>\n<span style=\"color: #333399\"><em>A veces el p\u00e1jaro llega enseguida,<\/em><\/span><br \/>\n<span style=\"color: #333399\"><em>pero puede tardar a\u00f1os<\/em><\/span><br \/>\n<span style=\"color: #333399\"><em>tantes de decidirse,\u00a0<\/em><\/span><br \/>\n<span style=\"color: #333399\"><em>hay que esperar,<\/em><\/span><br \/>\n<span style=\"color: #333399\"><em>esperar, si es necesario durante a\u00f1os<\/em><\/span><br \/>\n<span style=\"color: #333399\"><em>la celeridad o la tardanza en la llegada del p\u00e1jaro<\/em><\/span><\/p>\n<p><span style=\"color: #333399\"><em>no tiene nada que ver<\/em><\/span><br \/>\n<span style=\"color: #333399\"><em>con la calidad del cuadro.<\/em><\/span><br \/>\n<span style=\"color: #333399\"><em>Cuando el p\u00e1jaro llegua,<\/em><\/span><br \/>\n<span style=\"color: #333399\"><em>si llega,<\/em><\/span><br \/>\n<span style=\"color: #333399\"><em>observar el m\u00e1s profundo silencio,<\/em><\/span><br \/>\n<span style=\"color: #333399\"><em>esperar que el p\u00e1jaro entre en la jaula<\/em><\/span><br \/>\n<span style=\"color: #333399\"><em>y, una vez que haya entrad0,<\/em><\/span><br \/>\n<span style=\"color: #333399\"><em>cerrar suavemente la puerta con el pincel;<\/em><\/span><br \/>\n<span style=\"color: #333399\"><em>despu\u00e9s,<\/em><\/span><br \/>\n<span style=\"color: #333399\"><em>borrar uno a uno todos los barrotes<\/em><\/span><br \/>\n<span style=\"color: #333399\"><em>cuidando de no tocar ninguna pluma del p\u00e1jaro.<\/em><\/span><br \/>\n<span style=\"color: #333399\"><em>Hacer acto seguidoel retrato del \u00e1rbol<\/em><\/span><br \/>\n<span style=\"color: #333399\"><em>escogiendo la la rama m\u00e1s bella\u00a0<\/em><\/span><br \/>\n<span style=\"color: #333399\"><em>para el p\u00e1jaro,<\/em><\/span><br \/>\n<span style=\"color: #333399\"><em>pintar tambi\u00e9n el verde follaje y la frescura del viento,<\/em><\/span><br \/>\n<span style=\"color: #333399\"><em>el polvo del sol<\/em><\/span><br \/>\n<span style=\"color: #333399\"><em>y el ruido de los bichos de la hierba <\/em><\/span><\/p>\n<p><span style=\"color: #333399\"><em>en el calor estival,<\/em><\/span><br \/>\n<span style=\"color: #333399\"><em>y despu\u00e9s, que el p\u00e1jaro se decida a cantar,\u00a0<\/em><\/span><br \/>\n<span style=\"color: #333399\"><em>Si el p\u00e1jaro no canta,<\/em><\/span><br \/>\n<span style=\"color: #333399\"><em>mal se\u00f1al,\u00a0<\/em><\/span><br \/>\n<span style=\"color: #333399\"><em>se\u00f1al de que el cuadro es malo,<\/em><\/span><br \/>\n<span style=\"color: #333399\"><em>pero si canta, es buen se\u00f1al,<\/em><\/span><br \/>\n<span style=\"color: #333399\"><em>se\u00f1al de que pod\u00e9is firmar.<\/em><\/span><br \/>\n<span style=\"color: #333399\"><em>Entonces, arrancadle delicadamente\u00a0<\/em><\/span><br \/>\n<span style=\"color: #333399\"><em>una pluma al p\u00e1jaro<\/em><\/span><br \/>\n<span style=\"color: #333399\"><em>y escribid vuestro nombre en un \u00e1ngulo del cuadro.<\/em><\/span><\/p>\n<p>de Jacques Pr\u00e9ver<\/p>\n<p>Seguro que en casa os leen las lecturas y la preparan para compartir con su expresividad con todo el grupo.<\/p>\n<p>Otra forma de aprender la dicci\u00f3n po\u00e9tica es escuchando.<\/p>\n<p><span class=\"embed-youtube\" style=\"text-align:center; display: block;\"><div class=\"a25-CTUOC-hidding-box\" data-original-content=\"&lt;iframe loading=&quot;lazy&quot; class=&quot;youtube-player&quot; width=&quot;474&quot; height=&quot;267&quot; src=&quot;https:\/\/www.youtube.com\/embed\/HM0Iqvhub-8?version=3&amp;#038;rel=1&amp;#038;showsearch=0&amp;#038;showinfo=1&amp;#038;iv_load_policy=1&amp;#038;fs=1&amp;#038;hl=es-ES&amp;#038;autohide=2&amp;#038;wmode=transparent&quot; allowfullscreen=&quot;true&quot; style=&quot;border:0;&quot; sandbox=&quot;allow-scripts allow-same-origin allow-popups allow-presentation allow-popups-to-escape-sandbox&quot;&gt;&lt;\/iframe&gt;\">Esta p\u00e1gina incluye contenido multimedia que requiere aceptar todas las cookies. Pulse aqu\u00ed para abrir la configuraci\u00f3n de cookies.<\/div><\/span><\/p>\n<p>&nbsp;<\/p>\n<p>Un saludo<\/p>\n<p>Juanjo<\/p>\n","protected":false},"excerpt":{"rendered":"<p>Lectura expresiva Sois sabedores del gran trabajo que se realiza en la lectura compartida con el grupo de primero. Nuestro grupo contin\u00faa, con gran ilusi\u00f3n, el seguimiento y los grandes avances en la lectura. El inter\u00e9s, la paciencia y el afecto juegan un gran papel. Primero nos lee y cuarto les lee. Cada semana colaboramos &hellip; <a href=\"https:\/\/www.alqueria.es\/blogs\/alqueriasegundociclo\/2020\/02\/09\/semanario-de-4o-20\/\" class=\"more-link\">Seguir leyendo <span class=\"screen-reader-text\">Semanario de 4\u00ba<\/span> <span class=\"meta-nav\">&rarr;<\/span><\/a><\/p>\n","protected":false},"author":16,"featured_media":0,"comment_status":"open","ping_status":"open","sticky":false,"template":"","format":"standard","meta":{"jetpack_post_was_ever_published":false,"_jetpack_newsletter_access":"","_jetpack_dont_email_post_to_subs":false,"_jetpack_newsletter_tier_id":0,"_jetpack_memberships_contains_paywalled_content":false,"_jetpack_memberships_contains_paid_content":false,"footnotes":"","jetpack_publicize_message":"","jetpack_publicize_feature_enabled":true,"jetpack_social_post_already_shared":true,"jetpack_social_options":{"image_generator_settings":{"template":"highway","default_image_id":0,"font":"","enabled":false},"version":2}},"categories":[6,27,60],"tags":[],"class_list":["post-21023","post","type-post","status-publish","format-standard","hentry","category-4o-epo","category-lengua-castellana-y-literatura-4o-epo","category-semanario-4o"],"jetpack_publicize_connections":[],"jetpack_featured_media_url":"","jetpack_sharing_enabled":true,"jetpack_shortlink":"https:\/\/wp.me\/p4lw4c-5t5","_links":{"self":[{"href":"https:\/\/www.alqueria.es\/blogs\/alqueriasegundociclo\/wp-json\/wp\/v2\/posts\/21023","targetHints":{"allow":["GET"]}}],"collection":[{"href":"https:\/\/www.alqueria.es\/blogs\/alqueriasegundociclo\/wp-json\/wp\/v2\/posts"}],"about":[{"href":"https:\/\/www.alqueria.es\/blogs\/alqueriasegundociclo\/wp-json\/wp\/v2\/types\/post"}],"author":[{"embeddable":true,"href":"https:\/\/www.alqueria.es\/blogs\/alqueriasegundociclo\/wp-json\/wp\/v2\/users\/16"}],"replies":[{"embeddable":true,"href":"https:\/\/www.alqueria.es\/blogs\/alqueriasegundociclo\/wp-json\/wp\/v2\/comments?post=21023"}],"version-history":[{"count":3,"href":"https:\/\/www.alqueria.es\/blogs\/alqueriasegundociclo\/wp-json\/wp\/v2\/posts\/21023\/revisions"}],"predecessor-version":[{"id":21027,"href":"https:\/\/www.alqueria.es\/blogs\/alqueriasegundociclo\/wp-json\/wp\/v2\/posts\/21023\/revisions\/21027"}],"wp:attachment":[{"href":"https:\/\/www.alqueria.es\/blogs\/alqueriasegundociclo\/wp-json\/wp\/v2\/media?parent=21023"}],"wp:term":[{"taxonomy":"category","embeddable":true,"href":"https:\/\/www.alqueria.es\/blogs\/alqueriasegundociclo\/wp-json\/wp\/v2\/categories?post=21023"},{"taxonomy":"post_tag","embeddable":true,"href":"https:\/\/www.alqueria.es\/blogs\/alqueriasegundociclo\/wp-json\/wp\/v2\/tags?post=21023"}],"curies":[{"name":"wp","href":"https:\/\/api.w.org\/{rel}","templated":true}]}}