{"id":21312,"date":"2020-03-08T11:23:34","date_gmt":"2020-03-08T10:23:34","guid":{"rendered":"http:\/\/www.alqueria.es\/blogs\/alqueriasegundociclo\/?p=21312"},"modified":"2020-03-08T11:23:34","modified_gmt":"2020-03-08T10:23:34","slug":"andalucia-2","status":"publish","type":"post","link":"https:\/\/www.alqueria.es\/blogs\/alqueriasegundociclo\/2020\/03\/08\/andalucia-2\/","title":{"rendered":"Andaluc\u00eda"},"content":{"rendered":"<p style=\"text-align: center\"><span style=\"color: #008000\">D\u00eda de Andaluc\u00eda<\/span><br \/>\nCarmen nos ha introducido en la nueva tem\u00e1tica de estudio sobre nuestra tierra, Andaluc\u00eda.<br \/>\nHa realizado un recorrido por la historia y aquellas civilizaciones m\u00e1s importantes que han dejado huella en nuestra cultura, desde los tartesos hasta nuestros d\u00edas.<\/p>\n<p>Se centra en aclararnos qu\u00e9 es un monumento para dar paso a aquellos monumentos, que ella ha elegido para investigar, para ubic\u00e1rnoslos en el tiempo, en la cultura y en el lugar.<\/p>\n<p>El territorio y el lugar es muy importante, para ello nos ha mostrado un mapa de Andaluc\u00eda con la ubicaci\u00f3n de sus provincias y nos ha ido explicando algunos de sus monumentos m\u00e1s representativos de ellas.<\/p>\n<p><div class=\"a25-CTUOC-hidding-box\" data-original-content=\"&lt;iframe src=&quot;https:\/\/www.slideshare.net\/slideshow\/embed_code\/229875972&quot; width=&quot;474&quot; height=&quot;389&quot; sandbox=&quot;allow-popups allow-scripts allow-same-origin allow-presentation&quot; allowfullscreen webkitallowfullscreen mozallowfullscreen&gt;&lt;\/iframe&gt;\">Esta p\u00e1gina incluye contenido multimedia que requiere aceptar todas las cookies. Pulse aqu\u00ed para abrir la configuraci\u00f3n de cookies.<\/div><br \/>\n<img decoding=\"async\" data-attachment-id=\"21276\" data-permalink=\"https:\/\/www.alqueria.es\/blogs\/alqueriasegundociclo\/2020\/03\/08\/semanario-de-4o-22\/20200303_091149\/\" data-orig-file=\"https:\/\/cloud.alqueria.es\/wp-content\/uploads\/sites\/7\/2020\/03\/20200303_091149-e1583662570674.jpg\" data-orig-size=\"1024,576\" data-comments-opened=\"1\" data-image-meta=\"{&quot;aperture&quot;:&quot;2.6&quot;,&quot;credit&quot;:&quot;&quot;,&quot;camera&quot;:&quot;LG-M160&quot;,&quot;caption&quot;:&quot;&quot;,&quot;created_timestamp&quot;:&quot;1583226709&quot;,&quot;copyright&quot;:&quot;&quot;,&quot;focal_length&quot;:&quot;2.66&quot;,&quot;iso&quot;:&quot;50&quot;,&quot;shutter_speed&quot;:&quot;0.05&quot;,&quot;title&quot;:&quot;&quot;,&quot;orientation&quot;:&quot;1&quot;}\" data-image-title=\"20200303_091149\" data-image-description=\"\" data-image-caption=\"\" data-large-file=\"https:\/\/cloud.alqueria.es\/wp-content\/uploads\/sites\/7\/2020\/03\/20200303_091149-e1583662570674-1024x576.jpg\" class=\"wp-image-21276 size-medium alignleft\" src=\"https:\/\/cloud.alqueria.es\/wp-content\/uploads\/sites\/7\/2020\/03\/20200303_091149-e1583662570674.jpg\" alt=\"\" width=\"300\" height=\"169\" srcset=\"https:\/\/cloud.alqueria.es\/wp-content\/uploads\/sites\/7\/2020\/03\/20200303_091149-e1583662570674.jpg 1024w, https:\/\/cloud.alqueria.es\/wp-content\/uploads\/sites\/7\/2020\/03\/20200303_091149-e1583662570674.jpg 300w, https:\/\/cloud.alqueria.es\/wp-content\/uploads\/sites\/7\/2020\/03\/20200303_091149-e1583662570674.jpg 768w\" sizes=\"(max-width: 300px) 100vw, 300px\" \/>Para continuar conmemorando el d\u00eda de nuestra autonom\u00eda, de nuestra tierra, se ha aprovechado el estudio de la geometr\u00eda, los contenidos geom\u00e9tricos y las habilidades con las herramientas (uso de regla y comp\u00e1s) para crear y conseguir el relieve a trav\u00e9s de los colores de nuestra bandera.<img decoding=\"async\" data-attachment-id=\"21323\" data-permalink=\"https:\/\/www.alqueria.es\/blogs\/alqueriasegundociclo\/2020\/03\/08\/andalucia-2\/20200306_120057\/\" data-orig-file=\"https:\/\/cloud.alqueria.es\/wp-content\/uploads\/sites\/7\/2020\/03\/20200306_120057-e1583662698919.jpg\" data-orig-size=\"576,1024\" data-comments-opened=\"1\" data-image-meta=\"{&quot;aperture&quot;:&quot;2.6&quot;,&quot;credit&quot;:&quot;&quot;,&quot;camera&quot;:&quot;LG-M160&quot;,&quot;caption&quot;:&quot;&quot;,&quot;created_timestamp&quot;:&quot;1583496057&quot;,&quot;copyright&quot;:&quot;&quot;,&quot;focal_length&quot;:&quot;2.66&quot;,&quot;iso&quot;:&quot;50&quot;,&quot;shutter_speed&quot;:&quot;0.058823529411765&quot;,&quot;title&quot;:&quot;&quot;,&quot;orientation&quot;:&quot;1&quot;}\" data-image-title=\"20200306_120057\" data-image-description=\"\" data-image-caption=\"\" data-large-file=\"https:\/\/cloud.alqueria.es\/wp-content\/uploads\/sites\/7\/2020\/03\/20200306_120057-e1583662698919-576x1024.jpg\" class=\"alignright wp-image-21323 size-medium\" src=\"https:\/\/cloud.alqueria.es\/wp-content\/uploads\/sites\/7\/2020\/03\/20200306_120057-e1583662698919.jpg\" alt=\"\" width=\"169\" height=\"300\" srcset=\"https:\/\/cloud.alqueria.es\/wp-content\/uploads\/sites\/7\/2020\/03\/20200306_120057-e1583662698919.jpg 576w, https:\/\/cloud.alqueria.es\/wp-content\/uploads\/sites\/7\/2020\/03\/20200306_120057-e1583662698919.jpg 169w\" sizes=\"(max-width: 169px) 100vw, 169px\" \/><\/p>\n<p><img decoding=\"async\" data-attachment-id=\"21322\" data-permalink=\"https:\/\/www.alqueria.es\/blogs\/alqueriasegundociclo\/2020\/03\/08\/andalucia-2\/20200305_163010\/\" data-orig-file=\"https:\/\/cloud.alqueria.es\/wp-content\/uploads\/sites\/7\/2020\/03\/20200305_163010.jpg\" data-orig-size=\"1024,576\" data-comments-opened=\"1\" data-image-meta=\"{&quot;aperture&quot;:&quot;2.6&quot;,&quot;credit&quot;:&quot;&quot;,&quot;camera&quot;:&quot;LG-M160&quot;,&quot;caption&quot;:&quot;&quot;,&quot;created_timestamp&quot;:&quot;1583425810&quot;,&quot;copyright&quot;:&quot;&quot;,&quot;focal_length&quot;:&quot;2.66&quot;,&quot;iso&quot;:&quot;50&quot;,&quot;shutter_speed&quot;:&quot;0.04&quot;,&quot;title&quot;:&quot;&quot;,&quot;orientation&quot;:&quot;1&quot;}\" data-image-title=\"20200305_163010\" data-image-description=\"\" data-image-caption=\"\" data-large-file=\"https:\/\/cloud.alqueria.es\/wp-content\/uploads\/sites\/7\/2020\/03\/20200305_163010-1024x576.jpg\" class=\"alignleft wp-image-21322 size-thumbnail\" src=\"https:\/\/cloud.alqueria.es\/wp-content\/uploads\/sites\/7\/2020\/03\/20200305_163010.jpg\" alt=\"\" width=\"150\" height=\"150\" \/><br \/>\n<img decoding=\"async\" data-attachment-id=\"21314\" data-permalink=\"https:\/\/www.alqueria.es\/blogs\/alqueriasegundociclo\/2020\/03\/08\/andalucia-2\/20200303_104448\/\" data-orig-file=\"https:\/\/cloud.alqueria.es\/wp-content\/uploads\/sites\/7\/2020\/03\/20200303_104448.jpg\" data-orig-size=\"1024,576\" data-comments-opened=\"1\" data-image-meta=\"{&quot;aperture&quot;:&quot;2.6&quot;,&quot;credit&quot;:&quot;&quot;,&quot;camera&quot;:&quot;LG-M160&quot;,&quot;caption&quot;:&quot;&quot;,&quot;created_timestamp&quot;:&quot;1583232288&quot;,&quot;copyright&quot;:&quot;&quot;,&quot;focal_length&quot;:&quot;2.66&quot;,&quot;iso&quot;:&quot;100&quot;,&quot;shutter_speed&quot;:&quot;0.076923076923077&quot;,&quot;title&quot;:&quot;&quot;,&quot;orientation&quot;:&quot;1&quot;}\" data-image-title=\"20200303_104448\" data-image-description=\"\" data-image-caption=\"\" data-large-file=\"https:\/\/cloud.alqueria.es\/wp-content\/uploads\/sites\/7\/2020\/03\/20200303_104448-1024x576.jpg\" class=\"aligncenter size-medium wp-image-21314\" src=\"https:\/\/cloud.alqueria.es\/wp-content\/uploads\/sites\/7\/2020\/03\/20200303_104448.jpg\" alt=\"\" width=\"300\" height=\"169\" srcset=\"https:\/\/cloud.alqueria.es\/wp-content\/uploads\/sites\/7\/2020\/03\/20200303_104448.jpg 1024w, https:\/\/cloud.alqueria.es\/wp-content\/uploads\/sites\/7\/2020\/03\/20200303_104448.jpg 300w, https:\/\/cloud.alqueria.es\/wp-content\/uploads\/sites\/7\/2020\/03\/20200303_104448.jpg 768w\" sizes=\"(max-width: 300px) 100vw, 300px\" \/><\/p>\n<p>Un gran trabajo de concentraci\u00f3n, habilidad y creatividad.<\/p>\n<p>Un saludo. Juanjo<\/p>\n<p>&nbsp;<\/p>\n","protected":false},"excerpt":{"rendered":"<p>D\u00eda de Andaluc\u00eda Carmen nos ha introducido en la nueva tem\u00e1tica de estudio sobre nuestra tierra, Andaluc\u00eda. Ha realizado un recorrido por la historia y aquellas civilizaciones m\u00e1s importantes que han dejado huella en nuestra cultura, desde los tartesos hasta nuestros d\u00edas. Se centra en aclararnos qu\u00e9 es un monumento para dar paso a aquellos &hellip; <a href=\"https:\/\/www.alqueria.es\/blogs\/alqueriasegundociclo\/2020\/03\/08\/andalucia-2\/\" class=\"more-link\">Seguir leyendo <span class=\"screen-reader-text\">Andaluc\u00eda<\/span> <span class=\"meta-nav\">&rarr;<\/span><\/a><\/p>\n","protected":false},"author":16,"featured_media":0,"comment_status":"open","ping_status":"open","sticky":false,"template":"","format":"standard","meta":{"jetpack_post_was_ever_published":false,"_jetpack_newsletter_access":"","_jetpack_dont_email_post_to_subs":false,"_jetpack_newsletter_tier_id":0,"_jetpack_memberships_contains_paywalled_content":false,"_jetpack_memberships_contains_paid_content":false,"footnotes":"","jetpack_publicize_message":"","jetpack_publicize_feature_enabled":true,"jetpack_social_post_already_shared":true,"jetpack_social_options":{"image_generator_settings":{"template":"highway","default_image_id":0,"font":"","enabled":false},"version":2}},"categories":[6,8,9,60,66],"tags":[],"class_list":["post-21312","post","type-post","status-publish","format-standard","hentry","category-4o-epo","category-conferencias","category-conocimiento-del-medio-y-social-4o-epo","category-semanario-4o","category-territorio-de-andalucia-y-espana"],"jetpack_publicize_connections":[],"jetpack_featured_media_url":"","jetpack_sharing_enabled":true,"jetpack_shortlink":"https:\/\/wp.me\/p4lw4c-5xK","_links":{"self":[{"href":"https:\/\/www.alqueria.es\/blogs\/alqueriasegundociclo\/wp-json\/wp\/v2\/posts\/21312","targetHints":{"allow":["GET"]}}],"collection":[{"href":"https:\/\/www.alqueria.es\/blogs\/alqueriasegundociclo\/wp-json\/wp\/v2\/posts"}],"about":[{"href":"https:\/\/www.alqueria.es\/blogs\/alqueriasegundociclo\/wp-json\/wp\/v2\/types\/post"}],"author":[{"embeddable":true,"href":"https:\/\/www.alqueria.es\/blogs\/alqueriasegundociclo\/wp-json\/wp\/v2\/users\/16"}],"replies":[{"embeddable":true,"href":"https:\/\/www.alqueria.es\/blogs\/alqueriasegundociclo\/wp-json\/wp\/v2\/comments?post=21312"}],"version-history":[{"count":2,"href":"https:\/\/www.alqueria.es\/blogs\/alqueriasegundociclo\/wp-json\/wp\/v2\/posts\/21312\/revisions"}],"predecessor-version":[{"id":21326,"href":"https:\/\/www.alqueria.es\/blogs\/alqueriasegundociclo\/wp-json\/wp\/v2\/posts\/21312\/revisions\/21326"}],"wp:attachment":[{"href":"https:\/\/www.alqueria.es\/blogs\/alqueriasegundociclo\/wp-json\/wp\/v2\/media?parent=21312"}],"wp:term":[{"taxonomy":"category","embeddable":true,"href":"https:\/\/www.alqueria.es\/blogs\/alqueriasegundociclo\/wp-json\/wp\/v2\/categories?post=21312"},{"taxonomy":"post_tag","embeddable":true,"href":"https:\/\/www.alqueria.es\/blogs\/alqueriasegundociclo\/wp-json\/wp\/v2\/tags?post=21312"}],"curies":[{"name":"wp","href":"https:\/\/api.w.org\/{rel}","templated":true}]}}