{"id":23022,"date":"2020-12-07T11:03:36","date_gmt":"2020-12-07T10:03:36","guid":{"rendered":"http:\/\/www.alqueria.es\/blogs\/alqueriasegundociclo\/?p=23022"},"modified":"2020-12-07T11:09:21","modified_gmt":"2020-12-07T10:09:21","slug":"semanario-de-3o-semana-del-1-al-4-de-diciembre","status":"publish","type":"post","link":"https:\/\/www.alqueria.es\/blogs\/alqueriasegundociclo\/2020\/12\/07\/semanario-de-3o-semana-del-1-al-4-de-diciembre\/","title":{"rendered":"Semanario de 3\u00ba. Semana del 1 al 4 de diciembre"},"content":{"rendered":"<h2><span style=\"color: #800080\">Bienvenido diciembre<\/span><img decoding=\"async\" data-attachment-id=\"23036\" data-permalink=\"https:\/\/www.alqueria.es\/blogs\/alqueriasegundociclo\/2020\/12\/07\/semanario-de-3o-semana-del-1-al-4-de-diciembre\/20201204_135545\/\" data-orig-file=\"https:\/\/cloud.alqueria.es\/wp-content\/uploads\/sites\/7\/2020\/12\/20201204_135545.jpg\" data-orig-size=\"576,1024\" data-comments-opened=\"1\" data-image-meta=\"{&quot;aperture&quot;:&quot;0&quot;,&quot;credit&quot;:&quot;&quot;,&quot;camera&quot;:&quot;&quot;,&quot;caption&quot;:&quot;&quot;,&quot;created_timestamp&quot;:&quot;0&quot;,&quot;copyright&quot;:&quot;&quot;,&quot;focal_length&quot;:&quot;0&quot;,&quot;iso&quot;:&quot;0&quot;,&quot;shutter_speed&quot;:&quot;0&quot;,&quot;title&quot;:&quot;&quot;,&quot;orientation&quot;:&quot;0&quot;}\" data-image-title=\"20201204_135545\" data-image-description=\"\" data-image-caption=\"\" data-large-file=\"https:\/\/cloud.alqueria.es\/wp-content\/uploads\/sites\/7\/2020\/12\/20201204_135545.jpg\" class=\"size-medium wp-image-23036 alignright\" src=\"https:\/\/cloud.alqueria.es\/wp-content\/uploads\/sites\/7\/2020\/12\/20201204_135545-169x300.jpg\" alt=\"\" width=\"169\" height=\"300\" srcset=\"https:\/\/cloud.alqueria.es\/wp-content\/uploads\/sites\/7\/2020\/12\/20201204_135545-169x300.jpg 169w, https:\/\/cloud.alqueria.es\/wp-content\/uploads\/sites\/7\/2020\/12\/20201204_135545.jpg 576w\" sizes=\"(max-width: 169px) 100vw, 169px\" \/><\/h2>\n<p>&nbsp;<\/p>\n<p>&nbsp;<\/p>\n<p>&nbsp;<\/p>\n<p>&nbsp;<\/p>\n<p>&nbsp;<\/p>\n<p>&nbsp;<\/p>\n<p><span style=\"color: #0000ff\">\u00c1rea de ciencias.<\/span><\/p>\n<p>Durante la semana ha terminado de exponer los peque\u00f1os grupos de trabajo.\u00a0Han expuesto:<\/p>\n<p><img decoding=\"async\" data-attachment-id=\"23034\" data-permalink=\"https:\/\/www.alqueria.es\/blogs\/alqueriasegundociclo\/2020\/12\/07\/semanario-de-3o-semana-del-1-al-4-de-diciembre\/20201204_084405\/\" data-orig-file=\"https:\/\/cloud.alqueria.es\/wp-content\/uploads\/sites\/7\/2020\/12\/20201204_084405.jpg\" data-orig-size=\"1024,576\" data-comments-opened=\"1\" data-image-meta=\"{&quot;aperture&quot;:&quot;0&quot;,&quot;credit&quot;:&quot;&quot;,&quot;camera&quot;:&quot;&quot;,&quot;caption&quot;:&quot;&quot;,&quot;created_timestamp&quot;:&quot;0&quot;,&quot;copyright&quot;:&quot;&quot;,&quot;focal_length&quot;:&quot;0&quot;,&quot;iso&quot;:&quot;0&quot;,&quot;shutter_speed&quot;:&quot;0&quot;,&quot;title&quot;:&quot;&quot;,&quot;orientation&quot;:&quot;0&quot;}\" data-image-title=\"20201204_084405\" data-image-description=\"\" data-image-caption=\"\" data-large-file=\"https:\/\/cloud.alqueria.es\/wp-content\/uploads\/sites\/7\/2020\/12\/20201204_084405.jpg\" class=\"size-medium wp-image-23034 alignright\" src=\"https:\/\/cloud.alqueria.es\/wp-content\/uploads\/sites\/7\/2020\/12\/20201204_084405-300x169.jpg\" alt=\"\" width=\"300\" height=\"169\" srcset=\"https:\/\/cloud.alqueria.es\/wp-content\/uploads\/sites\/7\/2020\/12\/20201204_084405-300x169.jpg 300w, https:\/\/cloud.alqueria.es\/wp-content\/uploads\/sites\/7\/2020\/12\/20201204_084405-768x432.jpg 768w, https:\/\/cloud.alqueria.es\/wp-content\/uploads\/sites\/7\/2020\/12\/20201204_084405.jpg 1024w\" sizes=\"(max-width: 300px) 100vw, 300px\" \/><\/p>\n<p><span style=\"color: #333399\">Las flores<\/span><img decoding=\"async\" data-attachment-id=\"23035\" data-permalink=\"https:\/\/www.alqueria.es\/blogs\/alqueriasegundociclo\/2020\/12\/07\/semanario-de-3o-semana-del-1-al-4-de-diciembre\/20201204_084411\/\" data-orig-file=\"https:\/\/cloud.alqueria.es\/wp-content\/uploads\/sites\/7\/2020\/12\/20201204_084411.jpg\" data-orig-size=\"1024,576\" data-comments-opened=\"1\" data-image-meta=\"{&quot;aperture&quot;:&quot;0&quot;,&quot;credit&quot;:&quot;&quot;,&quot;camera&quot;:&quot;&quot;,&quot;caption&quot;:&quot;&quot;,&quot;created_timestamp&quot;:&quot;0&quot;,&quot;copyright&quot;:&quot;&quot;,&quot;focal_length&quot;:&quot;0&quot;,&quot;iso&quot;:&quot;0&quot;,&quot;shutter_speed&quot;:&quot;0&quot;,&quot;title&quot;:&quot;&quot;,&quot;orientation&quot;:&quot;0&quot;}\" data-image-title=\"20201204_084411\" data-image-description=\"\" data-image-caption=\"\" data-large-file=\"https:\/\/cloud.alqueria.es\/wp-content\/uploads\/sites\/7\/2020\/12\/20201204_084411.jpg\" class=\"aligncenter size-medium wp-image-23035\" src=\"https:\/\/cloud.alqueria.es\/wp-content\/uploads\/sites\/7\/2020\/12\/20201204_084411-300x169.jpg\" alt=\"\" width=\"300\" height=\"169\" srcset=\"https:\/\/cloud.alqueria.es\/wp-content\/uploads\/sites\/7\/2020\/12\/20201204_084411-300x169.jpg 300w, https:\/\/cloud.alqueria.es\/wp-content\/uploads\/sites\/7\/2020\/12\/20201204_084411-768x432.jpg 768w, https:\/\/cloud.alqueria.es\/wp-content\/uploads\/sites\/7\/2020\/12\/20201204_084411.jpg 1024w\" sizes=\"(max-width: 300px) 100vw, 300px\" \/><\/p>\n<p><img decoding=\"async\" data-attachment-id=\"23032\" data-permalink=\"https:\/\/www.alqueria.es\/blogs\/alqueriasegundociclo\/2020\/12\/07\/semanario-de-3o-semana-del-1-al-4-de-diciembre\/20201204_084349\/\" data-orig-file=\"https:\/\/cloud.alqueria.es\/wp-content\/uploads\/sites\/7\/2020\/12\/20201204_084349.jpg\" data-orig-size=\"1024,576\" data-comments-opened=\"1\" data-image-meta=\"{&quot;aperture&quot;:&quot;0&quot;,&quot;credit&quot;:&quot;&quot;,&quot;camera&quot;:&quot;&quot;,&quot;caption&quot;:&quot;&quot;,&quot;created_timestamp&quot;:&quot;0&quot;,&quot;copyright&quot;:&quot;&quot;,&quot;focal_length&quot;:&quot;0&quot;,&quot;iso&quot;:&quot;0&quot;,&quot;shutter_speed&quot;:&quot;0&quot;,&quot;title&quot;:&quot;&quot;,&quot;orientation&quot;:&quot;0&quot;}\" data-image-title=\"20201204_084349\" data-image-description=\"\" data-image-caption=\"\" data-large-file=\"https:\/\/cloud.alqueria.es\/wp-content\/uploads\/sites\/7\/2020\/12\/20201204_084349.jpg\" class=\"size-medium wp-image-23032 alignleft\" src=\"https:\/\/cloud.alqueria.es\/wp-content\/uploads\/sites\/7\/2020\/12\/20201204_084349-300x169.jpg\" alt=\"\" width=\"300\" height=\"169\" srcset=\"https:\/\/cloud.alqueria.es\/wp-content\/uploads\/sites\/7\/2020\/12\/20201204_084349-300x169.jpg 300w, https:\/\/cloud.alqueria.es\/wp-content\/uploads\/sites\/7\/2020\/12\/20201204_084349-768x432.jpg 768w, https:\/\/cloud.alqueria.es\/wp-content\/uploads\/sites\/7\/2020\/12\/20201204_084349.jpg 1024w\" sizes=\"(max-width: 300px) 100vw, 300px\" \/><\/p>\n<p><span style=\"color: #800000\">Los frutos<\/span><br \/>\n<img decoding=\"async\" data-attachment-id=\"23033\" data-permalink=\"https:\/\/www.alqueria.es\/blogs\/alqueriasegundociclo\/2020\/12\/07\/semanario-de-3o-semana-del-1-al-4-de-diciembre\/20201204_084353\/\" data-orig-file=\"https:\/\/cloud.alqueria.es\/wp-content\/uploads\/sites\/7\/2020\/12\/20201204_084353.jpg\" data-orig-size=\"1024,576\" data-comments-opened=\"1\" data-image-meta=\"{&quot;aperture&quot;:&quot;0&quot;,&quot;credit&quot;:&quot;&quot;,&quot;camera&quot;:&quot;&quot;,&quot;caption&quot;:&quot;&quot;,&quot;created_timestamp&quot;:&quot;0&quot;,&quot;copyright&quot;:&quot;&quot;,&quot;focal_length&quot;:&quot;0&quot;,&quot;iso&quot;:&quot;0&quot;,&quot;shutter_speed&quot;:&quot;0&quot;,&quot;title&quot;:&quot;&quot;,&quot;orientation&quot;:&quot;0&quot;}\" data-image-title=\"20201204_084353\" data-image-description=\"\" data-image-caption=\"\" data-large-file=\"https:\/\/cloud.alqueria.es\/wp-content\/uploads\/sites\/7\/2020\/12\/20201204_084353.jpg\" class=\"aligncenter size-medium wp-image-23033\" src=\"https:\/\/cloud.alqueria.es\/wp-content\/uploads\/sites\/7\/2020\/12\/20201204_084353-300x169.jpg\" alt=\"\" width=\"300\" height=\"169\" srcset=\"https:\/\/cloud.alqueria.es\/wp-content\/uploads\/sites\/7\/2020\/12\/20201204_084353-300x169.jpg 300w, https:\/\/cloud.alqueria.es\/wp-content\/uploads\/sites\/7\/2020\/12\/20201204_084353-768x432.jpg 768w, https:\/\/cloud.alqueria.es\/wp-content\/uploads\/sites\/7\/2020\/12\/20201204_084353.jpg 1024w\" sizes=\"(max-width: 300px) 100vw, 300px\" \/><\/p>\n<p><img decoding=\"async\" data-attachment-id=\"23030\" data-permalink=\"https:\/\/www.alqueria.es\/blogs\/alqueriasegundociclo\/2020\/12\/07\/semanario-de-3o-semana-del-1-al-4-de-diciembre\/20201204_084335\/\" data-orig-file=\"https:\/\/cloud.alqueria.es\/wp-content\/uploads\/sites\/7\/2020\/12\/20201204_084335.jpg\" data-orig-size=\"1024,576\" data-comments-opened=\"1\" data-image-meta=\"{&quot;aperture&quot;:&quot;0&quot;,&quot;credit&quot;:&quot;&quot;,&quot;camera&quot;:&quot;&quot;,&quot;caption&quot;:&quot;&quot;,&quot;created_timestamp&quot;:&quot;0&quot;,&quot;copyright&quot;:&quot;&quot;,&quot;focal_length&quot;:&quot;0&quot;,&quot;iso&quot;:&quot;0&quot;,&quot;shutter_speed&quot;:&quot;0&quot;,&quot;title&quot;:&quot;&quot;,&quot;orientation&quot;:&quot;0&quot;}\" data-image-title=\"20201204_084335\" data-image-description=\"\" data-image-caption=\"\" data-large-file=\"https:\/\/cloud.alqueria.es\/wp-content\/uploads\/sites\/7\/2020\/12\/20201204_084335.jpg\" class=\"size-medium wp-image-23030 alignright\" src=\"https:\/\/cloud.alqueria.es\/wp-content\/uploads\/sites\/7\/2020\/12\/20201204_084335-300x169.jpg\" alt=\"\" width=\"300\" height=\"169\" srcset=\"https:\/\/cloud.alqueria.es\/wp-content\/uploads\/sites\/7\/2020\/12\/20201204_084335-300x169.jpg 300w, https:\/\/cloud.alqueria.es\/wp-content\/uploads\/sites\/7\/2020\/12\/20201204_084335-768x432.jpg 768w, https:\/\/cloud.alqueria.es\/wp-content\/uploads\/sites\/7\/2020\/12\/20201204_084335.jpg 1024w\" sizes=\"(max-width: 300px) 100vw, 300px\" \/><\/p>\n<p><span style=\"color: #800080\">La reproducci\u00f3n de las plantas.<\/span><\/p>\n<p>&nbsp;<\/p>\n<p>&nbsp;<\/p>\n<p>&nbsp;<\/p>\n<p>Continuamos trabajando sobre las plantas, en especial con los frutos. Muchos frutos se comen una vez maduros, otros hay que tratarlos.<\/p>\n<p>Julia y Mat\u00edas nos han aportado aceitunas. Para poder comerlas hay que realizar un tratamiento, que muchos ya saben por las experiencias anteriores en cursos pasados.<\/p>\n<p>Comenzamos a rajarlas y curarlas para su posterior ali\u00f1o.<\/p>\n<p class=\"jetpack-slideshow-noscript robots-nocontent\">El pase de diapositivas requiere JavaScript.<\/p><div id=\"gallery-23022-1-slideshow\" class=\"jetpack-slideshow-window jetpack-slideshow jetpack-slideshow-black\" data-trans=\"fade\" data-autostart=\"1\" data-gallery=\"[{&quot;src&quot;:&quot;https:\\\/\\\/cloud.alqueria.es\\\/wp-content\\\/uploads\\\/sites\\\/7\\\/2020\\\/12\\\/20201203_143000.jpg&quot;,&quot;id&quot;:&quot;23027&quot;,&quot;title&quot;:&quot;20201203_143000&quot;,&quot;alt&quot;:&quot;&quot;,&quot;caption&quot;:&quot;&quot;,&quot;itemprop&quot;:&quot;image&quot;},{&quot;src&quot;:&quot;https:\\\/\\\/cloud.alqueria.es\\\/wp-content\\\/uploads\\\/sites\\\/7\\\/2020\\\/12\\\/20201203_144749.jpg&quot;,&quot;id&quot;:&quot;23028&quot;,&quot;title&quot;:&quot;20201203_144749&quot;,&quot;alt&quot;:&quot;&quot;,&quot;caption&quot;:&quot;&quot;,&quot;itemprop&quot;:&quot;image&quot;},{&quot;src&quot;:&quot;https:\\\/\\\/cloud.alqueria.es\\\/wp-content\\\/uploads\\\/sites\\\/7\\\/2020\\\/12\\\/20201203_142954.jpg&quot;,&quot;id&quot;:&quot;23026&quot;,&quot;title&quot;:&quot;20201203_142954&quot;,&quot;alt&quot;:&quot;&quot;,&quot;caption&quot;:&quot;&quot;,&quot;itemprop&quot;:&quot;image&quot;},{&quot;src&quot;:&quot;https:\\\/\\\/cloud.alqueria.es\\\/wp-content\\\/uploads\\\/sites\\\/7\\\/2020\\\/12\\\/20201201_145140.jpg&quot;,&quot;id&quot;:&quot;23025&quot;,&quot;title&quot;:&quot;20201201_145140&quot;,&quot;alt&quot;:&quot;&quot;,&quot;caption&quot;:&quot;&quot;,&quot;itemprop&quot;:&quot;image&quot;},{&quot;src&quot;:&quot;https:\\\/\\\/cloud.alqueria.es\\\/wp-content\\\/uploads\\\/sites\\\/7\\\/2020\\\/12\\\/20201201_145131.jpg&quot;,&quot;id&quot;:&quot;23024&quot;,&quot;title&quot;:&quot;20201201_145131&quot;,&quot;alt&quot;:&quot;&quot;,&quot;caption&quot;:&quot;&quot;,&quot;itemprop&quot;:&quot;image&quot;},{&quot;src&quot;:&quot;https:\\\/\\\/cloud.alqueria.es\\\/wp-content\\\/uploads\\\/sites\\\/7\\\/2020\\\/12\\\/20201204_145944.jpg&quot;,&quot;id&quot;:&quot;23039&quot;,&quot;title&quot;:&quot;20201204_145944&quot;,&quot;alt&quot;:&quot;&quot;,&quot;caption&quot;:&quot;&quot;,&quot;itemprop&quot;:&quot;image&quot;},{&quot;src&quot;:&quot;https:\\\/\\\/cloud.alqueria.es\\\/wp-content\\\/uploads\\\/sites\\\/7\\\/2020\\\/12\\\/20201204_145938.jpg&quot;,&quot;id&quot;:&quot;23038&quot;,&quot;title&quot;:&quot;20201204_145938&quot;,&quot;alt&quot;:&quot;&quot;,&quot;caption&quot;:&quot;&quot;,&quot;itemprop&quot;:&quot;image&quot;}]\" itemscope itemtype=\"https:\/\/schema.org\/ImageGallery\"><\/div>\n<p>Nuestros \u00e1rboles frutales de oto\u00f1o nos han regalado, especialmente, estos magn\u00edficos membrillos.<\/p>\n<p>\u00bfQu\u00e9 hacer con ellos?<\/p>\n<p class=\"jetpack-slideshow-noscript robots-nocontent\">El pase de diapositivas requiere JavaScript.<\/p><div id=\"gallery-23022-2-slideshow\" class=\"jetpack-slideshow-window jetpack-slideshow jetpack-slideshow-black\" data-trans=\"fade\" data-autostart=\"1\" data-gallery=\"[{&quot;src&quot;:&quot;https:\\\/\\\/cloud.alqueria.es\\\/wp-content\\\/uploads\\\/sites\\\/7\\\/2020\\\/12\\\/20201204_173800.jpg&quot;,&quot;id&quot;:&quot;23050&quot;,&quot;title&quot;:&quot;20201204_173800&quot;,&quot;alt&quot;:&quot;&quot;,&quot;caption&quot;:&quot;&quot;,&quot;itemprop&quot;:&quot;image&quot;},{&quot;src&quot;:&quot;https:\\\/\\\/cloud.alqueria.es\\\/wp-content\\\/uploads\\\/sites\\\/7\\\/2020\\\/12\\\/20201204_164442.jpg&quot;,&quot;id&quot;:&quot;23049&quot;,&quot;title&quot;:&quot;20201204_164442&quot;,&quot;alt&quot;:&quot;&quot;,&quot;caption&quot;:&quot;&quot;,&quot;itemprop&quot;:&quot;image&quot;},{&quot;src&quot;:&quot;https:\\\/\\\/cloud.alqueria.es\\\/wp-content\\\/uploads\\\/sites\\\/7\\\/2020\\\/12\\\/20201204_163052.jpg&quot;,&quot;id&quot;:&quot;23040&quot;,&quot;title&quot;:&quot;20201204_163052&quot;,&quot;alt&quot;:&quot;&quot;,&quot;caption&quot;:&quot;&quot;,&quot;itemprop&quot;:&quot;image&quot;}]\" itemscope itemtype=\"https:\/\/schema.org\/ImageGallery\"><\/div>\n<p>&nbsp;<\/p>\n<p>Nuestra biblioteca nos ha prestado numerosos libros sobre nuestro pr\u00f3ximo tema a investigar, \u00ablos animales\u00bb. Tras algunas lecturas y visualizaciones de los numerosos materiales, corresponde profundizar sobre los animales vertebrados y han eleg\u00edos grupo y subtema para iniciar el estudio:<\/p>\n<ul>\n<li><span style=\"color: #800000\">Qu\u00e9 son los animales y su clasificaci\u00f3n<\/span>: Mia, \u00c1ngel y Marina.<\/li>\n<li><span style=\"color: #ff6600\">Los anfibios<\/span>: Adri\u00e1n E., Adri\u00e1n U y Sergio.<\/li>\n<li><span style=\"color: #0000ff\">Los mam\u00edferos<\/span>: Cayetana, Marcos y Miguel.<\/li>\n<li><span style=\"color: #800080\">Los reptiles<\/span>: Julia, Matias e Isabela<\/li>\n<li><span style=\"color: #008000\">Los peces:<\/span> Tom\u00e1s, Irene y Ainhoa.<\/li>\n<li><span style=\"color: #ff0000\">Las aves:<\/span> Pablo, David y Manel.<\/li>\n<\/ul>\n<p><span style=\"color: #0000ff\">\u00c1rea de matem\u00e1ticas.<\/span><\/p>\n<p>Destaca nuestro avance sobre el <span style=\"color: #ff6600\">c\u00e1lculo r\u00e1pido<\/span>. Ya se est\u00e1 cogiendo la concentraci\u00f3n necesaria para terminar las operaciones en el tiempo reglamentario.<\/p>\n<p>Continuamos con el an\u00e1lisis de datos, la comprensi\u00f3n de los enunciados, el correcto planteamiento y <span style=\"color: #ff6600\">resoluci\u00f3n de los problemas<\/span> de monedas a trav\u00e9s de las compras y los cambios.<\/p>\n<p>Se realiza una revisi\u00f3n completa sobre:<\/p>\n<ul>\n<li><span style=\"color: #800000\">Lectura y escritura de n\u00fameros.<\/span><\/li>\n<li><span style=\"color: #008000\">El valor posicional de las cifras.<\/span><\/li>\n<li><span style=\"color: #800080\">Distintas aproximaciones a las decenas, centenas y unidad de millar.<\/span><\/li>\n<li><span style=\"color: #0000ff\">Los n\u00fameros ordinales y cardinales.<\/span><\/li>\n<li><span style=\"color: #ff0000\">Las operaciones b\u00e1sicas.<\/span><\/li>\n<li><span style=\"color: #000080\">La lectura y an\u00e1lisis de los problemas.<\/span><\/li>\n<li><span style=\"color: #800000\">Distintas estrategias de c\u00e1lculo.<\/span><\/li>\n<li>&#8230;<\/li>\n<\/ul>\n<p style=\"text-align: center\"><span style=\"color: #0000ff\">\u00c1rea de \u00e9tica.<\/span><\/p>\n<p style=\"text-align: center\"><span style=\"color: #ff6600\">La constituci\u00f3n<\/span><\/p>\n<p>Retomamos el trabajo que realizamos sobre <span style=\"color: #0000ff\">qu\u00e9 es la \u00e9tica.<\/span><\/p>\n<p>Continuamos trabajando sobre la constituci\u00f3n. Tras comprender qu\u00e9 es y c\u00f3mo se recogieron las normas por las que nos regimos en nuestro pa\u00eds, se afina sobre las primeras normas que se plantearon en el aula para una buena convivencia.<\/p>\n<p>Estas normas han sido creadas por el grupo a partir de la reflexi\u00f3n y la investigaci\u00f3n sobre qu\u00e9 es la \u00e9tica. Se aportaron numerosas frases y contenidos en los que destacan:<\/p>\n<ul>\n<li><span style=\"color: #800000\">S\u00e9 sabio y ser\u00e1s bueno.<\/span><\/li>\n<li><span style=\"color: #008000\">La \u00e9tica trata del BIEN y del MAL.<\/span><\/li>\n<li><span style=\"color: #800080\">Es el conjunto de normas para que exista una buena relaci\u00f3n entre los seres humanos.<\/span><\/li>\n<li><span style=\"color: #ff0000\">Es el saber comportarse respetando a los dem\u00e1s y a uno mismo.<\/span><\/li>\n<li><span style=\"color: #008000\">Son valores que nos orientan en la vida.<\/span><\/li>\n<li><span style=\"color: #0000ff\">La \u00e9tica forma parte del ser humano.<\/span><\/li>\n<li><span style=\"color: #333399\">La \u00e9tica hace las reglas de la convivencia.<\/span><\/li>\n<li><span style=\"color: #ff6600\">Es la ciencia del saber ser.<\/span><\/li>\n<\/ul>\n<p>Llegamos a la conclusi\u00f3n que <strong>la \u00e9tica estudia las normas de comportamiento que nos permiten convivir respet\u00e1ndonos, hablamos de los derechos y los deberes como seres humano.<\/strong><\/p>\n<p style=\"text-align: center\"><span style=\"color: #800000\">\u00bfQu\u00e9 significa el ser buena persona?<\/span><\/p>\n<p>Tras la recopilaci\u00f3n de las primeras normas, hacemos uso de ellas y las redactamos de tal manera en el que la negaci\u00f3n, imposici\u00f3n no aparezca quedando as\u00ed nuestra peque\u00f1a <span style=\"color: #0000ff\">\u00abConstituci\u00f3n\u00bb<\/span> del aula.<\/p>\n<table width=\"684\">\n<tbody>\n<tr>\n<td width=\"684\">\n<h3><span style=\"color: #800000\"><em>&#8211; Hablar adecuadamente haciendo buen uso del vocabulario.<\/em><\/span><\/h3>\n<\/td>\n<\/tr>\n<tr>\n<td width=\"684\">\n<h3><span style=\"color: #ff0000\"><em>&#8211; Participar cuando se indique sin interrumpir.<\/em><\/span><\/h3>\n<\/td>\n<\/tr>\n<tr>\n<td width=\"684\">\n<h3><span style=\"color: #993300\"><em>&#8211; Trabajar sin provocar ruido.<\/em><\/span><\/h3>\n<\/td>\n<\/tr>\n<tr>\n<td width=\"684\">\n<h3><span style=\"color: #008000\"><em>&#8211; Mantener la compostura, sentarse bien.<\/em><\/span><\/h3>\n<\/td>\n<\/tr>\n<tr>\n<td width=\"684\">\n<h3><span style=\"color: #800080\"><em>&#8211; Prestar y mantener la atenci\u00f3n en lo que realizamos.<\/em><\/span><\/h3>\n<\/td>\n<\/tr>\n<tr>\n<td width=\"684\">\n<h3><span style=\"color: #ff6600\"><em>&#8211; Respetar y ayudar a las dem\u00e1s personas.<\/em><\/span><\/h3>\n<\/td>\n<\/tr>\n<tr>\n<td width=\"684\">\n<h3><span style=\"color: #0000ff\"><em>&#8211; Levantarse del asiento cuando sea necesario y cuando se indique.<\/em><\/span><\/h3>\n<\/td>\n<\/tr>\n<tr>\n<td width=\"684\">\n<h3><span style=\"color: #800000\"><em>&#8211; Pedir las cosas con cortes\u00eda.<\/em><\/span><\/h3>\n<\/td>\n<\/tr>\n<tr>\n<td width=\"684\">\n<h3><span style=\"color: #ff0000\"><em>&#8211; Hacer buen uso del material.<\/em><\/span><\/h3>\n<\/td>\n<\/tr>\n<tr>\n<td width=\"684\">\n<h3><span style=\"color: #ff00ff\"><em>&#8211; Cuando me levanto me desplazo tranquilamente.<\/em><\/span><\/h3>\n<\/td>\n<\/tr>\n<tr>\n<td width=\"684\">\n<h3><span style=\"color: #800080\"><em>&#8211; Levantar la mano si se quiere participar, opinar, preguntar.<\/em><\/span><\/h3>\n<\/td>\n<\/tr>\n<tr>\n<td width=\"684\">\n<h3><span style=\"color: #993300\"><em>&#8211; Cuidar y mantener la higiene de nuestro cuerpo y del entorno.<\/em><\/span><\/h3>\n<\/td>\n<\/tr>\n<tr>\n<td width=\"684\">\n<h3><span style=\"color: #0000ff\"><em>&#8211; Respetar y cuidar los seres vivos y los inertes.<\/em><\/span><\/h3>\n<\/td>\n<\/tr>\n<\/tbody>\n<\/table>\n<p>Este trabajo minucioso nos acompa\u00f1ar\u00e1 a lo largo de nuestro curso y continuaremos reflexionando sobre \u00e9l.<\/p>\n<p>El grupo de 4\u00ba nos ha escrito una carta sobre su reflexi\u00f3n, en art\u00edstica, sobre los \u00e1rboles y su importancia. Nos invitan a abrazar los \u00e1rboles. <span style=\"color: #008080\"><em>Continuaremos trabajando sobre el por qu\u00e9 hay que querer a los \u00e1rboles.<\/em><\/span><\/p>\n<p class=\"jetpack-slideshow-noscript robots-nocontent\">El pase de diapositivas requiere JavaScript.<\/p><div id=\"gallery-23022-3-slideshow\" class=\"jetpack-slideshow-window jetpack-slideshow jetpack-slideshow-black\" data-trans=\"fade\" data-autostart=\"1\" data-gallery=\"[{&quot;src&quot;:&quot;https:\\\/\\\/cloud.alqueria.es\\\/wp-content\\\/uploads\\\/sites\\\/7\\\/2020\\\/12\\\/20201204_163310.jpg&quot;,&quot;id&quot;:&quot;23048&quot;,&quot;title&quot;:&quot;20201204_163310&quot;,&quot;alt&quot;:&quot;&quot;,&quot;caption&quot;:&quot;&quot;,&quot;itemprop&quot;:&quot;image&quot;},{&quot;src&quot;:&quot;https:\\\/\\\/cloud.alqueria.es\\\/wp-content\\\/uploads\\\/sites\\\/7\\\/2020\\\/12\\\/20201204_163303.jpg&quot;,&quot;id&quot;:&quot;23047&quot;,&quot;title&quot;:&quot;20201204_163303&quot;,&quot;alt&quot;:&quot;&quot;,&quot;caption&quot;:&quot;&quot;,&quot;itemprop&quot;:&quot;image&quot;},{&quot;src&quot;:&quot;https:\\\/\\\/cloud.alqueria.es\\\/wp-content\\\/uploads\\\/sites\\\/7\\\/2020\\\/12\\\/20201204_163300.jpg&quot;,&quot;id&quot;:&quot;23046&quot;,&quot;title&quot;:&quot;20201204_163300&quot;,&quot;alt&quot;:&quot;&quot;,&quot;caption&quot;:&quot;&quot;,&quot;itemprop&quot;:&quot;image&quot;},{&quot;src&quot;:&quot;https:\\\/\\\/cloud.alqueria.es\\\/wp-content\\\/uploads\\\/sites\\\/7\\\/2020\\\/12\\\/20201204_163135.jpg&quot;,&quot;id&quot;:&quot;23041&quot;,&quot;title&quot;:&quot;20201204_163135&quot;,&quot;alt&quot;:&quot;&quot;,&quot;caption&quot;:&quot;&quot;,&quot;itemprop&quot;:&quot;image&quot;},{&quot;src&quot;:&quot;https:\\\/\\\/cloud.alqueria.es\\\/wp-content\\\/uploads\\\/sites\\\/7\\\/2020\\\/12\\\/20201204_163152.jpg&quot;,&quot;id&quot;:&quot;23042&quot;,&quot;title&quot;:&quot;20201204_163152&quot;,&quot;alt&quot;:&quot;&quot;,&quot;caption&quot;:&quot;&quot;,&quot;itemprop&quot;:&quot;image&quot;},{&quot;src&quot;:&quot;https:\\\/\\\/cloud.alqueria.es\\\/wp-content\\\/uploads\\\/sites\\\/7\\\/2020\\\/12\\\/20201204_163216.jpg&quot;,&quot;id&quot;:&quot;23043&quot;,&quot;title&quot;:&quot;20201204_163216&quot;,&quot;alt&quot;:&quot;&quot;,&quot;caption&quot;:&quot;&quot;,&quot;itemprop&quot;:&quot;image&quot;},{&quot;src&quot;:&quot;https:\\\/\\\/cloud.alqueria.es\\\/wp-content\\\/uploads\\\/sites\\\/7\\\/2020\\\/12\\\/20201204_163229.jpg&quot;,&quot;id&quot;:&quot;23044&quot;,&quot;title&quot;:&quot;20201204_163229&quot;,&quot;alt&quot;:&quot;&quot;,&quot;caption&quot;:&quot;&quot;,&quot;itemprop&quot;:&quot;image&quot;},{&quot;src&quot;:&quot;https:\\\/\\\/cloud.alqueria.es\\\/wp-content\\\/uploads\\\/sites\\\/7\\\/2020\\\/12\\\/20201204_163235.jpg&quot;,&quot;id&quot;:&quot;23045&quot;,&quot;title&quot;:&quot;20201204_163235&quot;,&quot;alt&quot;:&quot;&quot;,&quot;caption&quot;:&quot;&quot;,&quot;itemprop&quot;:&quot;image&quot;}]\" itemscope itemtype=\"https:\/\/schema.org\/ImageGallery\"><\/div>\n<p>No olvid\u00e9is visitar los distintos blog de Alquer\u00eda, hoy en especial la entrada \u00abAbrazo un \u00e1rbol\u00bb en el blog de art\u00edstica.<\/p>\n<p><span style=\"color: #0000ff\">\u00c1rea de lengua.<\/span><\/p>\n<p><span style=\"color: #ff6600\">La lectura expresiva<\/span> de esta semana ha dado mucho de s\u00ed. Tras el trabajo de la lectura, se ha analizado la inferencia, lo que el texto nos transmite a nivel individual. <span style=\"color: #ff6600\"><em><span style=\"color: #ff0000\">Todo texto nos env\u00eda un mensaje.<\/span><\/em> <em><span style=\"color: #000000\">Ser\u00eda bueno que la leyeseis en familia y que os comenten en trasfondo del cuento.<\/span><\/em><\/span><\/p>\n<p><span style=\"color: #ff6600\">Expresi\u00f3n escrita<\/span>. Esta semana, Isabela nos ha dado a conocer a la diosa Pers\u00e9fone con su exposici\u00f3n oral. Ya se sabe el por qu\u00e9 del cambio de las estaciones seg\u00fan la cultura griega, adem\u00e1s de muchas otras historias.<\/p>\n<p>Os dejo aqu\u00ed el trabajo de Irene sobre la diosa Hera y el de Isabela sobre la diosa Pers\u00e9fone. Un gran agradecimiento a su esfuerzo y su buen hacer.<\/p>\n<p><div class=\"a25-CTUOC-hidding-box\" data-original-content=\"&lt;iframe src=&quot;https:\/\/www.slideshare.net\/slideshow\/embed_code\/239840533&quot; width=&quot;474&quot; height=&quot;389&quot; sandbox=&quot;allow-popups allow-scripts allow-same-origin allow-presentation&quot; allowfullscreen webkitallowfullscreen mozallowfullscreen&gt;&lt;\/iframe&gt;\">Esta p\u00e1gina incluye contenido multimedia que requiere aceptar todas las cookies. Pulse aqu\u00ed para abrir la configuraci\u00f3n de cookies.<\/div><br \/>\n<div class=\"a25-CTUOC-hidding-box\" data-original-content=\"&lt;iframe src=&quot;https:\/\/www.slideshare.net\/slideshow\/embed_code\/239840647&quot; width=&quot;474&quot; height=&quot;389&quot; sandbox=&quot;allow-popups allow-scripts allow-same-origin allow-presentation&quot; allowfullscreen webkitallowfullscreen mozallowfullscreen&gt;&lt;\/iframe&gt;\">Esta p\u00e1gina incluye contenido multimedia que requiere aceptar todas las cookies. Pulse aqu\u00ed para abrir la configuraci\u00f3n de cookies.<\/div><br \/>\nTras terminar los temas I y II de lengua, iniciamos el nuevo tema con la lectura del \u00edndice, sus contenidos y las ideas previas que se tiene.<\/p>\n<p>Por \u00faltimo,\u00a0esta semana hemos realizado ya la primera de las charlas formativas del programa <span style=\"color: #0000ff\">\u00ab7\u00d77 formaci\u00f3n\u00bb<\/span> cuya informaci\u00f3n recibisteis en vuestro mail, y que ha tenido en su estreno una gran participaci\u00f3n y aceptaci\u00f3n por parte de las personas inscritas.<br \/>\n<a href=\"https:\/\/areamaster.cfireinaisabel.com\/7x7-formacion\/\"><img decoding=\"async\" data-attachment-id=\"8261\" data-permalink=\"https:\/\/www.alqueria.es\/blogs\/alqueriasegundociclo\/2014\/10\/02\/lectura-y-descomposicion\/captura-de-pantalla-2012-09-23-a-las-11-28-55-2\/\" data-orig-file=\"https:\/\/www.alqueria.es\/blogs\/alqueriasegundociclo\/wp-content\/uploads\/sites\/7\/2013\/09\/captura-de-pantalla-2012-09-23-a-las-11-28-55.png\" data-orig-size=\"300,138\" data-comments-opened=\"1\" data-image-meta=\"{&quot;aperture&quot;:&quot;0&quot;,&quot;credit&quot;:&quot;&quot;,&quot;camera&quot;:&quot;&quot;,&quot;caption&quot;:&quot;&quot;,&quot;created_timestamp&quot;:&quot;0&quot;,&quot;copyright&quot;:&quot;&quot;,&quot;focal_length&quot;:&quot;0&quot;,&quot;iso&quot;:&quot;0&quot;,&quot;shutter_speed&quot;:&quot;0&quot;,&quot;title&quot;:&quot;&quot;}\" data-image-title=\"captura-de-pantalla-2012-09-23-a-las-11-28-55\" data-image-description=\"\" data-image-caption=\"\" data-large-file=\"https:\/\/www.alqueria.es\/blogs\/alqueriasegundociclo\/wp-content\/uploads\/sites\/7\/2013\/09\/captura-de-pantalla-2012-09-23-a-las-11-28-55.png\" class=\"lazyloaded aligncenter wp-image-8261 size-thumbnail\" src=\"https:\/\/cloud.alqueria.es\/wp-content\/uploads\/sites\/5\/2020\/11\/7x7-150x150.jpg\" alt=\"\" width=\"150\" height=\"150\" data-attachment-id=\"8261\" data-permalink=\"https:\/\/www.alqueria.es\/blogs\/colegioalqueriatercerciclo\/2020\/11\/28\/conferencias-en-6o-primaria\/7x7\/\" data-orig-file=\"https:\/\/cloud.alqueria.es\/wp-content\/uploads\/sites\/5\/2020\/11\/7x7.jpg\" data-orig-size=\"341,475\" data-comments-opened=\"1\" data-image-meta=\"{&quot;aperture&quot;:&quot;0&quot;,&quot;credit&quot;:&quot;&quot;,&quot;camera&quot;:&quot;&quot;,&quot;caption&quot;:&quot;&quot;,&quot;created_timestamp&quot;:&quot;0&quot;,&quot;copyright&quot;:&quot;&quot;,&quot;focal_length&quot;:&quot;0&quot;,&quot;iso&quot;:&quot;0&quot;,&quot;shutter_speed&quot;:&quot;0&quot;,&quot;title&quot;:&quot;&quot;,&quot;orientation&quot;:&quot;0&quot;}\" data-image-title=\"7\u00d77\" data-image-description=\"\" data-medium-file=\"https:\/\/cloud.alqueria.es\/wp-content\/uploads\/sites\/5\/2020\/11\/7x7-215x300.jpg\" data-large-file=\"https:\/\/cloud.alqueria.es\/wp-content\/uploads\/sites\/5\/2020\/11\/7x7.jpg\" data-src=\"https:\/\/cloud.alqueria.es\/wp-content\/uploads\/sites\/5\/2020\/11\/7x7-150x150.jpg\" \/><\/a><br \/>\nOs recordamos que est\u00e1is a tiempo de inscribiros en las seis charlas formativas que todav\u00eda nos quedan, o en la que m\u00e1s os interese por supuesto, y os informamos que el jueves 17 de diciembre realizamos la pr\u00f3xima con la tem\u00e1tica de \u00abEducaci\u00f3n Emocional\u00bb.<\/p>\n<p>Puedes obtener m\u00e1s informaci\u00f3n e inscribirte a trav\u00e9s del enlace de la anterior imagen.<\/p>\n<p>Un saludo.<\/p>\n<p>Juanjo<\/p>\n<p>&nbsp;<\/p>\n<p>&nbsp;<\/p>\n","protected":false},"excerpt":{"rendered":"<p>Bienvenido diciembre &nbsp; &nbsp; &nbsp; &nbsp; &nbsp; &nbsp; \u00c1rea de ciencias. Durante la semana ha terminado de exponer los peque\u00f1os grupos de trabajo.\u00a0Han expuesto: Las flores Los frutos La reproducci\u00f3n de las plantas. &nbsp; &nbsp; &nbsp; Continuamos trabajando sobre las plantas, en especial con los frutos. Muchos frutos se comen una vez maduros, otros hay &hellip; <a href=\"https:\/\/www.alqueria.es\/blogs\/alqueriasegundociclo\/2020\/12\/07\/semanario-de-3o-semana-del-1-al-4-de-diciembre\/\" class=\"more-link\">Seguir leyendo <span class=\"screen-reader-text\">Semanario de 3\u00ba. Semana del 1 al 4 de diciembre<\/span> <span class=\"meta-nav\">&rarr;<\/span><\/a><\/p>\n","protected":false},"author":16,"featured_media":0,"comment_status":"open","ping_status":"open","sticky":false,"template":"","format":"standard","meta":{"jetpack_post_was_ever_published":false,"_jetpack_newsletter_access":"","_jetpack_dont_email_post_to_subs":false,"_jetpack_newsletter_tier_id":0,"_jetpack_memberships_contains_paywalled_content":false,"_jetpack_memberships_contains_paid_content":false,"footnotes":"","jetpack_publicize_message":"","jetpack_publicize_feature_enabled":true,"jetpack_social_post_already_shared":true,"jetpack_social_options":{"image_generator_settings":{"template":"highway","default_image_id":0,"font":"","enabled":false},"version":2}},"categories":[5,8,84,59,65],"tags":[],"class_list":["post-23022","post","type-post","status-publish","format-standard","hentry","category-3o-epo","category-conferencias","category-conferencias-de-fantasia","category-semanario-3o","category-taller-de-fantasia"],"jetpack_publicize_connections":[],"jetpack_featured_media_url":"","jetpack_sharing_enabled":true,"jetpack_shortlink":"https:\/\/wp.me\/p4lw4c-5Zk","_links":{"self":[{"href":"https:\/\/www.alqueria.es\/blogs\/alqueriasegundociclo\/wp-json\/wp\/v2\/posts\/23022","targetHints":{"allow":["GET"]}}],"collection":[{"href":"https:\/\/www.alqueria.es\/blogs\/alqueriasegundociclo\/wp-json\/wp\/v2\/posts"}],"about":[{"href":"https:\/\/www.alqueria.es\/blogs\/alqueriasegundociclo\/wp-json\/wp\/v2\/types\/post"}],"author":[{"embeddable":true,"href":"https:\/\/www.alqueria.es\/blogs\/alqueriasegundociclo\/wp-json\/wp\/v2\/users\/16"}],"replies":[{"embeddable":true,"href":"https:\/\/www.alqueria.es\/blogs\/alqueriasegundociclo\/wp-json\/wp\/v2\/comments?post=23022"}],"version-history":[{"count":12,"href":"https:\/\/www.alqueria.es\/blogs\/alqueriasegundociclo\/wp-json\/wp\/v2\/posts\/23022\/revisions"}],"predecessor-version":[{"id":23061,"href":"https:\/\/www.alqueria.es\/blogs\/alqueriasegundociclo\/wp-json\/wp\/v2\/posts\/23022\/revisions\/23061"}],"wp:attachment":[{"href":"https:\/\/www.alqueria.es\/blogs\/alqueriasegundociclo\/wp-json\/wp\/v2\/media?parent=23022"}],"wp:term":[{"taxonomy":"category","embeddable":true,"href":"https:\/\/www.alqueria.es\/blogs\/alqueriasegundociclo\/wp-json\/wp\/v2\/categories?post=23022"},{"taxonomy":"post_tag","embeddable":true,"href":"https:\/\/www.alqueria.es\/blogs\/alqueriasegundociclo\/wp-json\/wp\/v2\/tags?post=23022"}],"curies":[{"name":"wp","href":"https:\/\/api.w.org\/{rel}","templated":true}]}}