{"id":23646,"date":"2021-02-19T20:12:51","date_gmt":"2021-02-19T19:12:51","guid":{"rendered":"http:\/\/www.alqueria.es\/blogs\/alqueriasegundociclo\/?p=23646"},"modified":"2021-02-19T20:12:51","modified_gmt":"2021-02-19T19:12:51","slug":"semana-cultural-mediterraneo-dia-4-en-4o","status":"publish","type":"post","link":"https:\/\/www.alqueria.es\/blogs\/alqueriasegundociclo\/2021\/02\/19\/semana-cultural-mediterraneo-dia-4-en-4o\/","title":{"rendered":"SEMANA CULTURAL MEDITERR\u00c1NEO. D\u00cdA 4 EN 4\u00ba"},"content":{"rendered":"<h5><span style=\"color: #008000\"><strong>LA DIETA MEDITERR\u00c1NEA<\/strong><\/span><\/h5>\n<p>La \u00faltima jornada la empezamos con la conferencia sobre <span style=\"color: #008000\"><strong>\u00abLA DEITA MEDITERR\u00c1NEA\u00bb \u00a0a cargo de Beatriz<\/strong><\/span>. Como todas las exposiciones de esta semana, hemos establecido conexi\u00f3n por zoom con la clase de 3\u00ba para que pudiera tener acceso a esta actividad (as\u00ed seguimos nuestro protocolo).<\/p>\n<p><img decoding=\"async\" data-attachment-id=\"23795\" data-permalink=\"https:\/\/www.alqueria.es\/blogs\/alqueriasegundociclo\/2021\/02\/19\/semana-cultural-mediterraneo-dia-4-en-4o\/attachment\/23\/\" data-orig-file=\"https:\/\/cloud.alqueria.es\/wp-content\/uploads\/sites\/7\/2021\/02\/23.jpg\" data-orig-size=\"1024,768\" data-comments-opened=\"1\" data-image-meta=\"{&quot;aperture&quot;:&quot;0&quot;,&quot;credit&quot;:&quot;&quot;,&quot;camera&quot;:&quot;&quot;,&quot;caption&quot;:&quot;&quot;,&quot;created_timestamp&quot;:&quot;0&quot;,&quot;copyright&quot;:&quot;&quot;,&quot;focal_length&quot;:&quot;0&quot;,&quot;iso&quot;:&quot;0&quot;,&quot;shutter_speed&quot;:&quot;0&quot;,&quot;title&quot;:&quot;&quot;,&quot;orientation&quot;:&quot;0&quot;}\" data-image-title=\"23\" data-image-description=\"\" data-image-caption=\"\" data-large-file=\"https:\/\/cloud.alqueria.es\/wp-content\/uploads\/sites\/7\/2021\/02\/23.jpg\" class=\"aligncenter size-medium wp-image-23795\" src=\"https:\/\/cloud.alqueria.es\/wp-content\/uploads\/sites\/7\/2021\/02\/23-300x225.jpg\" alt=\"\" width=\"300\" height=\"225\" srcset=\"https:\/\/cloud.alqueria.es\/wp-content\/uploads\/sites\/7\/2021\/02\/23-300x225.jpg 300w, https:\/\/cloud.alqueria.es\/wp-content\/uploads\/sites\/7\/2021\/02\/23-768x576.jpg 768w, https:\/\/cloud.alqueria.es\/wp-content\/uploads\/sites\/7\/2021\/02\/23.jpg 1024w\" sizes=\"(max-width: 300px) 100vw, 300px\" \/><\/p>\n<p>En ella, entre otros contenidos, nos habla de los principales alimentos que la componen, lo que nos da lugar a comentar acerca de los m\u00faltiples beneficios de estos alimentos&#8230; adem\u00e1s nos proporciona un ejemplo de men\u00fa mediterr\u00e1neo en el que observamos las clases de alimentos recomendados.<\/p>\n<p>Tras ello, llega uno de los momentos m\u00e1s esperados:\u00a0<strong><span style=\"color: #0000ff\">\u00a1DEGUSTACI\u00d3N DE DESAYUNO MEDITERR\u00c1NEO-GRIEGO!\u00a0<\/span><\/strong>Para ello, en el comedor con todas la medidas de higiene y seguridad siguiendo el protocolo COVID, ambos grupos se sientan a la mesa para disfrutar de un desayuno riqu\u00edsimo, cuyos alimentos eran: <span style=\"color: #0000ff\">YOGUR GRIEGO<\/span> de elaboraci\u00f3n casera (lo preparamos el d\u00eda anterior), <span style=\"color: #0000ff\">PAN, AOVE, MIEL, ACEITUNAS NEGRAS Y VERDES, NUECES Y FRUTA FRESCA. \u00a0<\/span><\/p>\n<p><img decoding=\"async\" data-attachment-id=\"23799\" data-permalink=\"https:\/\/www.alqueria.es\/blogs\/alqueriasegundociclo\/2021\/02\/19\/semana-cultural-mediterraneo-dia-4-en-4o\/unknown1-3\/\" data-orig-file=\"https:\/\/cloud.alqueria.es\/wp-content\/uploads\/sites\/7\/2021\/02\/Unknown1.jpg\" data-orig-size=\"1024,362\" data-comments-opened=\"1\" data-image-meta=\"{&quot;aperture&quot;:&quot;0&quot;,&quot;credit&quot;:&quot;&quot;,&quot;camera&quot;:&quot;&quot;,&quot;caption&quot;:&quot;&quot;,&quot;created_timestamp&quot;:&quot;0&quot;,&quot;copyright&quot;:&quot;&quot;,&quot;focal_length&quot;:&quot;0&quot;,&quot;iso&quot;:&quot;0&quot;,&quot;shutter_speed&quot;:&quot;0&quot;,&quot;title&quot;:&quot;&quot;,&quot;orientation&quot;:&quot;0&quot;}\" data-image-title=\"Unknown1\" data-image-description=\"\" data-image-caption=\"\" data-large-file=\"https:\/\/cloud.alqueria.es\/wp-content\/uploads\/sites\/7\/2021\/02\/Unknown1.jpg\" class=\"aligncenter size-medium wp-image-23799\" src=\"https:\/\/cloud.alqueria.es\/wp-content\/uploads\/sites\/7\/2021\/02\/Unknown1-300x106.jpg\" alt=\"\" width=\"300\" height=\"106\" srcset=\"https:\/\/cloud.alqueria.es\/wp-content\/uploads\/sites\/7\/2021\/02\/Unknown1-300x106.jpg 300w, https:\/\/cloud.alqueria.es\/wp-content\/uploads\/sites\/7\/2021\/02\/Unknown1-768x272.jpg 768w, https:\/\/cloud.alqueria.es\/wp-content\/uploads\/sites\/7\/2021\/02\/Unknown1.jpg 1024w\" sizes=\"(max-width: 300px) 100vw, 300px\" \/><\/p>\n<p>Como pod\u00e9is imaginar se decidieron a degustar todos y cada uno de los alimentos ofrecidos, algunos\/as tuvieron la capacidad de esperar a tenerlo todo preparado en su plato, y otros no pod\u00edan resistir la tentaci\u00f3n e iban comiendo seg\u00fan se les iba sirviendo. Por supuesto, contaron con unos camareros de excepci\u00f3n venidos de la antigua Grecia (jajaja, no hay nada que no \u00abali\u00f1emos\u00bb con alg\u00fan atuendo).<\/p>\n<p class=\"jetpack-slideshow-noscript robots-nocontent\">El pase de diapositivas requiere JavaScript.<\/p><div id=\"gallery-23646-1-slideshow\" class=\"jetpack-slideshow-window jetpack-slideshow jetpack-slideshow-black\" data-trans=\"fade\" data-autostart=\"1\" data-gallery=\"[{&quot;src&quot;:&quot;https:\\\/\\\/cloud.alqueria.es\\\/wp-content\\\/uploads\\\/sites\\\/7\\\/2021\\\/02\\\/7.jpg&quot;,&quot;id&quot;:&quot;23780&quot;,&quot;title&quot;:&quot;7&quot;,&quot;alt&quot;:&quot;&quot;,&quot;caption&quot;:&quot;&quot;,&quot;itemprop&quot;:&quot;image&quot;},{&quot;src&quot;:&quot;https:\\\/\\\/cloud.alqueria.es\\\/wp-content\\\/uploads\\\/sites\\\/7\\\/2021\\\/02\\\/4.jpg&quot;,&quot;id&quot;:&quot;23777&quot;,&quot;title&quot;:&quot;4&quot;,&quot;alt&quot;:&quot;&quot;,&quot;caption&quot;:&quot;&quot;,&quot;itemprop&quot;:&quot;image&quot;},{&quot;src&quot;:&quot;https:\\\/\\\/cloud.alqueria.es\\\/wp-content\\\/uploads\\\/sites\\\/7\\\/2021\\\/02\\\/5.jpg&quot;,&quot;id&quot;:&quot;23778&quot;,&quot;title&quot;:&quot;5&quot;,&quot;alt&quot;:&quot;&quot;,&quot;caption&quot;:&quot;&quot;,&quot;itemprop&quot;:&quot;image&quot;},{&quot;src&quot;:&quot;https:\\\/\\\/cloud.alqueria.es\\\/wp-content\\\/uploads\\\/sites\\\/7\\\/2021\\\/02\\\/6.jpg&quot;,&quot;id&quot;:&quot;23779&quot;,&quot;title&quot;:&quot;6&quot;,&quot;alt&quot;:&quot;&quot;,&quot;caption&quot;:&quot;&quot;,&quot;itemprop&quot;:&quot;image&quot;},{&quot;src&quot;:&quot;https:\\\/\\\/cloud.alqueria.es\\\/wp-content\\\/uploads\\\/sites\\\/7\\\/2021\\\/02\\\/3.jpg&quot;,&quot;id&quot;:&quot;23776&quot;,&quot;title&quot;:&quot;3&quot;,&quot;alt&quot;:&quot;&quot;,&quot;caption&quot;:&quot;&quot;,&quot;itemprop&quot;:&quot;image&quot;},{&quot;src&quot;:&quot;https:\\\/\\\/cloud.alqueria.es\\\/wp-content\\\/uploads\\\/sites\\\/7\\\/2021\\\/02\\\/2.jpg&quot;,&quot;id&quot;:&quot;23775&quot;,&quot;title&quot;:&quot;2&quot;,&quot;alt&quot;:&quot;&quot;,&quot;caption&quot;:&quot;&quot;,&quot;itemprop&quot;:&quot;image&quot;},{&quot;src&quot;:&quot;https:\\\/\\\/cloud.alqueria.es\\\/wp-content\\\/uploads\\\/sites\\\/7\\\/2021\\\/02\\\/1.jpg&quot;,&quot;id&quot;:&quot;23774&quot;,&quot;title&quot;:&quot;1&quot;,&quot;alt&quot;:&quot;&quot;,&quot;caption&quot;:&quot;&quot;,&quot;itemprop&quot;:&quot;image&quot;}]\" itemscope itemtype=\"https:\/\/schema.org\/ImageGallery\"><\/div>\n<p>Despu\u00e9s de tanta energ\u00eda adquirida con el desayuno, un buen rato de juego en el patio antes de la actividad que el alumnado de 6\u00ba ten\u00eda preparada con el \u00e1rea de ingl\u00e9s.<\/p>\n<h5><span style=\"color: #ff00ff\"><strong>H\u00c9ROES DEL MEDITERR\u00c1NEO<\/strong><\/span><\/h5>\n<p>El grupo de sexto realiza, individualmente, la exposici\u00f3n de las biograf\u00edas de personajes de la antig\u00fcedad y de la \u00e9poca moderna relacionados con la cultura mediterr\u00e1nea. Toda la exposici\u00f3n se desarrolla en ingl\u00e9s. Algunos de ellos eran:\u00a0S\u00f3crates, Julio C\u00e9sar, Dante, Hip\u00f3crates, Roxelana, Isaac Rabin, Pit\u00e1goras, Grace Kelly, Hypatia de Alejandr\u00eda&#8230; Muchas gracias a los mayores del cole, por esta actividad que siempre les encanta.<\/p>\n<p class=\"jetpack-slideshow-noscript robots-nocontent\">El pase de diapositivas requiere JavaScript.<\/p><div id=\"gallery-23646-2-slideshow\" class=\"jetpack-slideshow-window jetpack-slideshow jetpack-slideshow-black\" data-trans=\"fade\" data-autostart=\"1\" data-gallery=\"[{&quot;src&quot;:&quot;https:\\\/\\\/cloud.alqueria.es\\\/wp-content\\\/uploads\\\/sites\\\/7\\\/2021\\\/02\\\/22.jpg&quot;,&quot;id&quot;:&quot;23794&quot;,&quot;title&quot;:&quot;22&quot;,&quot;alt&quot;:&quot;&quot;,&quot;caption&quot;:&quot;&quot;,&quot;itemprop&quot;:&quot;image&quot;},{&quot;src&quot;:&quot;https:\\\/\\\/cloud.alqueria.es\\\/wp-content\\\/uploads\\\/sites\\\/7\\\/2021\\\/02\\\/21.jpg&quot;,&quot;id&quot;:&quot;23793&quot;,&quot;title&quot;:&quot;21&quot;,&quot;alt&quot;:&quot;&quot;,&quot;caption&quot;:&quot;&quot;,&quot;itemprop&quot;:&quot;image&quot;},{&quot;src&quot;:&quot;https:\\\/\\\/cloud.alqueria.es\\\/wp-content\\\/uploads\\\/sites\\\/7\\\/2021\\\/02\\\/20.jpg&quot;,&quot;id&quot;:&quot;23792&quot;,&quot;title&quot;:&quot;20&quot;,&quot;alt&quot;:&quot;&quot;,&quot;caption&quot;:&quot;&quot;,&quot;itemprop&quot;:&quot;image&quot;},{&quot;src&quot;:&quot;https:\\\/\\\/cloud.alqueria.es\\\/wp-content\\\/uploads\\\/sites\\\/7\\\/2021\\\/02\\\/19.jpg&quot;,&quot;id&quot;:&quot;23791&quot;,&quot;title&quot;:&quot;19&quot;,&quot;alt&quot;:&quot;&quot;,&quot;caption&quot;:&quot;&quot;,&quot;itemprop&quot;:&quot;image&quot;},{&quot;src&quot;:&quot;https:\\\/\\\/cloud.alqueria.es\\\/wp-content\\\/uploads\\\/sites\\\/7\\\/2021\\\/02\\\/18.jpg&quot;,&quot;id&quot;:&quot;23790&quot;,&quot;title&quot;:&quot;18&quot;,&quot;alt&quot;:&quot;&quot;,&quot;caption&quot;:&quot;&quot;,&quot;itemprop&quot;:&quot;image&quot;},{&quot;src&quot;:&quot;https:\\\/\\\/cloud.alqueria.es\\\/wp-content\\\/uploads\\\/sites\\\/7\\\/2021\\\/02\\\/13.jpg&quot;,&quot;id&quot;:&quot;23785&quot;,&quot;title&quot;:&quot;13&quot;,&quot;alt&quot;:&quot;&quot;,&quot;caption&quot;:&quot;&quot;,&quot;itemprop&quot;:&quot;image&quot;},{&quot;src&quot;:&quot;https:\\\/\\\/cloud.alqueria.es\\\/wp-content\\\/uploads\\\/sites\\\/7\\\/2021\\\/02\\\/14.jpg&quot;,&quot;id&quot;:&quot;23786&quot;,&quot;title&quot;:&quot;14&quot;,&quot;alt&quot;:&quot;&quot;,&quot;caption&quot;:&quot;&quot;,&quot;itemprop&quot;:&quot;image&quot;},{&quot;src&quot;:&quot;https:\\\/\\\/cloud.alqueria.es\\\/wp-content\\\/uploads\\\/sites\\\/7\\\/2021\\\/02\\\/15.jpg&quot;,&quot;id&quot;:&quot;23787&quot;,&quot;title&quot;:&quot;15&quot;,&quot;alt&quot;:&quot;&quot;,&quot;caption&quot;:&quot;&quot;,&quot;itemprop&quot;:&quot;image&quot;},{&quot;src&quot;:&quot;https:\\\/\\\/cloud.alqueria.es\\\/wp-content\\\/uploads\\\/sites\\\/7\\\/2021\\\/02\\\/16.jpg&quot;,&quot;id&quot;:&quot;23788&quot;,&quot;title&quot;:&quot;16&quot;,&quot;alt&quot;:&quot;&quot;,&quot;caption&quot;:&quot;&quot;,&quot;itemprop&quot;:&quot;image&quot;},{&quot;src&quot;:&quot;https:\\\/\\\/cloud.alqueria.es\\\/wp-content\\\/uploads\\\/sites\\\/7\\\/2021\\\/02\\\/17.jpg&quot;,&quot;id&quot;:&quot;23789&quot;,&quot;title&quot;:&quot;17&quot;,&quot;alt&quot;:&quot;&quot;,&quot;caption&quot;:&quot;&quot;,&quot;itemprop&quot;:&quot;image&quot;},{&quot;src&quot;:&quot;https:\\\/\\\/cloud.alqueria.es\\\/wp-content\\\/uploads\\\/sites\\\/7\\\/2021\\\/02\\\/12.jpg&quot;,&quot;id&quot;:&quot;23784&quot;,&quot;title&quot;:&quot;12&quot;,&quot;alt&quot;:&quot;&quot;,&quot;caption&quot;:&quot;&quot;,&quot;itemprop&quot;:&quot;image&quot;},{&quot;src&quot;:&quot;https:\\\/\\\/cloud.alqueria.es\\\/wp-content\\\/uploads\\\/sites\\\/7\\\/2021\\\/02\\\/11.jpg&quot;,&quot;id&quot;:&quot;23783&quot;,&quot;title&quot;:&quot;11&quot;,&quot;alt&quot;:&quot;&quot;,&quot;caption&quot;:&quot;&quot;,&quot;itemprop&quot;:&quot;image&quot;},{&quot;src&quot;:&quot;https:\\\/\\\/cloud.alqueria.es\\\/wp-content\\\/uploads\\\/sites\\\/7\\\/2021\\\/02\\\/9.jpg&quot;,&quot;id&quot;:&quot;23782&quot;,&quot;title&quot;:&quot;9&quot;,&quot;alt&quot;:&quot;&quot;,&quot;caption&quot;:&quot;&quot;,&quot;itemprop&quot;:&quot;image&quot;},{&quot;src&quot;:&quot;https:\\\/\\\/cloud.alqueria.es\\\/wp-content\\\/uploads\\\/sites\\\/7\\\/2021\\\/02\\\/8.jpg&quot;,&quot;id&quot;:&quot;23781&quot;,&quot;title&quot;:&quot;8&quot;,&quot;alt&quot;:&quot;&quot;,&quot;caption&quot;:&quot;&quot;,&quot;itemprop&quot;:&quot;image&quot;}]\" itemscope itemtype=\"https:\/\/schema.org\/ImageGallery\"><\/div>\n<h5><strong><span style=\"color: #00ccff\">JUEGOS DEL MEDITERR\u00c1NEO. CLAUSURA<\/span><\/strong><\/h5>\n<p>Por la tarde llega el momento de dar cierre a esta maravillosa semana que ha estado cargada de actividades, sin perder ni una pizca de ilusi\u00f3n y mucha diversi\u00f3n.<\/p>\n<p>El departamento de Educaci\u00f3n F\u00edsica y M\u00fasica juntos, ofreciendo un repertorio de juegos tradicionales del Mediterr\u00e1neo.<\/p>\n<p><strong>Bueno, pues hasta aqu\u00ed esta Semana Cultural, muy, muy especial, en la que hemos puesto todo nuestro esfuerzo, cari\u00f1o e ilusi\u00f3n para que siga siendo fant\u00e1stica a pesar de las mascarillas, las distancias y los espacios diferenciados.\u00a0<\/strong><\/p>\n<p><strong>Y lo siguiente&#8230;\u00a0\u00faltimo ensayo para\u00a0<span style=\"color: #ff00ff\">CAR<\/span><span style=\"color: #3366ff\">NA<\/span><span style=\"color: #ff6600\">VAL,<\/span> <span style=\"color: #339966\">CAR<\/span><span style=\"color: #ff0000\">NA<\/span><span style=\"color: #00ccff\">VAL<\/span>!!!<\/strong><\/p>\n<p><img decoding=\"async\" data-attachment-id=\"23797\" data-permalink=\"https:\/\/www.alqueria.es\/blogs\/alqueriasegundociclo\/2021\/02\/19\/semana-cultural-mediterraneo-dia-4-en-4o\/attachment\/25\/\" data-orig-file=\"https:\/\/cloud.alqueria.es\/wp-content\/uploads\/sites\/7\/2021\/02\/25.jpg\" data-orig-size=\"1024,768\" data-comments-opened=\"1\" data-image-meta=\"{&quot;aperture&quot;:&quot;0&quot;,&quot;credit&quot;:&quot;&quot;,&quot;camera&quot;:&quot;&quot;,&quot;caption&quot;:&quot;&quot;,&quot;created_timestamp&quot;:&quot;0&quot;,&quot;copyright&quot;:&quot;&quot;,&quot;focal_length&quot;:&quot;0&quot;,&quot;iso&quot;:&quot;0&quot;,&quot;shutter_speed&quot;:&quot;0&quot;,&quot;title&quot;:&quot;&quot;,&quot;orientation&quot;:&quot;0&quot;}\" data-image-title=\"25\" data-image-description=\"\" data-image-caption=\"\" data-large-file=\"https:\/\/cloud.alqueria.es\/wp-content\/uploads\/sites\/7\/2021\/02\/25.jpg\" class=\"aligncenter size-medium wp-image-23797\" src=\"https:\/\/cloud.alqueria.es\/wp-content\/uploads\/sites\/7\/2021\/02\/25-300x225.jpg\" alt=\"\" width=\"300\" height=\"225\" srcset=\"https:\/\/cloud.alqueria.es\/wp-content\/uploads\/sites\/7\/2021\/02\/25-300x225.jpg 300w, https:\/\/cloud.alqueria.es\/wp-content\/uploads\/sites\/7\/2021\/02\/25-768x576.jpg 768w, https:\/\/cloud.alqueria.es\/wp-content\/uploads\/sites\/7\/2021\/02\/25.jpg 1024w\" sizes=\"(max-width: 300px) 100vw, 300px\" \/><\/p>\n<p><strong>Un abrazo<\/strong><\/p>\n<p><strong>Laura<\/strong><\/p>\n","protected":false},"excerpt":{"rendered":"<p>LA DIETA MEDITERR\u00c1NEA La \u00faltima jornada la empezamos con la conferencia sobre \u00abLA DEITA MEDITERR\u00c1NEA\u00bb \u00a0a cargo de Beatriz. Como todas las exposiciones de esta semana, hemos establecido conexi\u00f3n por zoom con la clase de 3\u00ba para que pudiera tener acceso a esta actividad (as\u00ed seguimos nuestro protocolo). En ella, entre otros contenidos, nos habla &hellip; <a href=\"https:\/\/www.alqueria.es\/blogs\/alqueriasegundociclo\/2021\/02\/19\/semana-cultural-mediterraneo-dia-4-en-4o\/\" class=\"more-link\">Seguir leyendo <span class=\"screen-reader-text\">SEMANA CULTURAL MEDITERR\u00c1NEO. D\u00cdA 4 EN 4\u00ba<\/span> <span class=\"meta-nav\">&rarr;<\/span><\/a><\/p>\n","protected":false},"author":16,"featured_media":0,"comment_status":"open","ping_status":"open","sticky":false,"template":"","format":"standard","meta":{"jetpack_post_was_ever_published":false,"_jetpack_newsletter_access":"","_jetpack_dont_email_post_to_subs":false,"_jetpack_newsletter_tier_id":0,"_jetpack_memberships_contains_paywalled_content":false,"_jetpack_memberships_contains_paid_content":false,"footnotes":"","jetpack_publicize_message":"","jetpack_publicize_feature_enabled":true,"jetpack_social_post_already_shared":true,"jetpack_social_options":{"image_generator_settings":{"template":"highway","default_image_id":0,"font":"","enabled":false},"version":2}},"categories":[6,513,60],"tags":[],"class_list":["post-23646","post","type-post","status-publish","format-standard","hentry","category-4o-epo","category-semana-cultural-el-mediterraneo","category-semanario-4o"],"jetpack_publicize_connections":[],"jetpack_featured_media_url":"","jetpack_sharing_enabled":true,"jetpack_shortlink":"https:\/\/wp.me\/p4lw4c-69o","_links":{"self":[{"href":"https:\/\/www.alqueria.es\/blogs\/alqueriasegundociclo\/wp-json\/wp\/v2\/posts\/23646","targetHints":{"allow":["GET"]}}],"collection":[{"href":"https:\/\/www.alqueria.es\/blogs\/alqueriasegundociclo\/wp-json\/wp\/v2\/posts"}],"about":[{"href":"https:\/\/www.alqueria.es\/blogs\/alqueriasegundociclo\/wp-json\/wp\/v2\/types\/post"}],"author":[{"embeddable":true,"href":"https:\/\/www.alqueria.es\/blogs\/alqueriasegundociclo\/wp-json\/wp\/v2\/users\/16"}],"replies":[{"embeddable":true,"href":"https:\/\/www.alqueria.es\/blogs\/alqueriasegundociclo\/wp-json\/wp\/v2\/comments?post=23646"}],"version-history":[{"count":2,"href":"https:\/\/www.alqueria.es\/blogs\/alqueriasegundociclo\/wp-json\/wp\/v2\/posts\/23646\/revisions"}],"predecessor-version":[{"id":23800,"href":"https:\/\/www.alqueria.es\/blogs\/alqueriasegundociclo\/wp-json\/wp\/v2\/posts\/23646\/revisions\/23800"}],"wp:attachment":[{"href":"https:\/\/www.alqueria.es\/blogs\/alqueriasegundociclo\/wp-json\/wp\/v2\/media?parent=23646"}],"wp:term":[{"taxonomy":"category","embeddable":true,"href":"https:\/\/www.alqueria.es\/blogs\/alqueriasegundociclo\/wp-json\/wp\/v2\/categories?post=23646"},{"taxonomy":"post_tag","embeddable":true,"href":"https:\/\/www.alqueria.es\/blogs\/alqueriasegundociclo\/wp-json\/wp\/v2\/tags?post=23646"}],"curies":[{"name":"wp","href":"https:\/\/api.w.org\/{rel}","templated":true}]}}