{"id":2407,"date":"2012-09-06T19:25:56","date_gmt":"2012-09-06T17:25:56","guid":{"rendered":"http:\/\/alqueriasegundociclo.wordpress.com\/?p=2407"},"modified":"2014-02-24T10:47:00","modified_gmt":"2014-02-24T10:47:00","slug":"aumentativo-diminutivo-y-despectivo","status":"publish","type":"post","link":"https:\/\/www.alqueria.es\/blogs\/alqueriasegundociclo\/2012\/09\/06\/aumentativo-diminutivo-y-despectivo\/","title":{"rendered":"AUMENTATIVO, DIMINUTIVO Y DESPECTIVO"},"content":{"rendered":"<p><!--more--><code><\/code><\/p>\n<ul>\n<li><code>Sobre esta aplicaci\u00f3n se puede jugar para repasar la formaci\u00f3n de las palabras que indican mayor o menor tama\u00f1o. No olvid\u00e9is los sufijos de cada una (terminaciones de las palabras que cambien el significado).<\/code><\/li>\n<li><code><a title=\"Aumentativo, despectivo y diminutivo\" href=\"http:\/\/www.juntadeandalucia.es\/averroes\/carambolo\/WEB%20JCLIC2\/Agrega\/Lengua\/Palabras\/Aumentativo%20diminutivo%20despectivo\/contenido\/index.html\"><img decoding=\"async\" data-attachment-id=\"2408\" data-permalink=\"https:\/\/www.alqueria.es\/blogs\/alqueriasegundociclo\/captura-de-pantalla-2012-10-06-a-las-19-23-35\/\" data-orig-file=\"https:\/\/www.alqueria.es\/blogs\/alqueriasegundociclo\/wp-content\/uploads\/sites\/7\/2012\/10\/captura-de-pantalla-2012-10-06-a-las-19-23-35.png\" data-orig-size=\"1024,638\" data-comments-opened=\"1\" data-image-meta=\"{&quot;aperture&quot;:&quot;0&quot;,&quot;credit&quot;:&quot;&quot;,&quot;camera&quot;:&quot;&quot;,&quot;caption&quot;:&quot;&quot;,&quot;created_timestamp&quot;:&quot;0&quot;,&quot;copyright&quot;:&quot;&quot;,&quot;focal_length&quot;:&quot;0&quot;,&quot;iso&quot;:&quot;0&quot;,&quot;shutter_speed&quot;:&quot;0&quot;,&quot;title&quot;:&quot;&quot;}\" data-image-title=\"Captura de pantalla 2012-10-06 a la(s) 19.23.35\" data-image-description=\"\" data-image-caption=\"\" data-large-file=\"https:\/\/www.alqueria.es\/blogs\/alqueriasegundociclo\/wp-content\/uploads\/sites\/7\/2012\/10\/captura-de-pantalla-2012-10-06-a-las-19-23-35-1024x638.png\" class=\"aligncenter size-medium wp-image-2408\" title=\"Captura de pantalla 2012-10-06 a la(s) 19.23.35\" alt=\"\" src=\"https:\/\/cloud.alqueria.es\/wp-content\/uploads\/sites\/7\/2012\/09\/captura-de-pantalla-2012-10-06-a-las-19-23-35.png\" width=\"300\" height=\"186\" \/><\/a><\/code><\/li>\n<\/ul>\n","protected":false},"excerpt":{"rendered":"","protected":false},"author":16,"featured_media":0,"comment_status":"open","ping_status":"open","sticky":false,"template":"","format":"image","meta":{"jetpack_post_was_ever_published":false,"_jetpack_newsletter_access":"","_jetpack_dont_email_post_to_subs":false,"_jetpack_newsletter_tier_id":0,"_jetpack_memberships_contains_paywalled_content":false,"_jetpack_memberships_contains_paid_content":false,"footnotes":"","jetpack_publicize_message":"","jetpack_publicize_feature_enabled":true,"jetpack_social_post_already_shared":true,"jetpack_social_options":{"image_generator_settings":{"template":"highway","default_image_id":0,"font":"","enabled":false},"version":2}},"categories":[5,28,74],"tags":[],"class_list":["post-2407","post","type-post","status-publish","format-image","hentry","category-3o-epo","category-lengua-castellana-y-literatura-3o","category-vocabulario-3o","post_format-post-format-image"],"jetpack_publicize_connections":[],"jetpack_featured_media_url":"","jetpack_sharing_enabled":true,"jetpack_shortlink":"https:\/\/wp.me\/p4lw4c-CP","_links":{"self":[{"href":"https:\/\/www.alqueria.es\/blogs\/alqueriasegundociclo\/wp-json\/wp\/v2\/posts\/2407","targetHints":{"allow":["GET"]}}],"collection":[{"href":"https:\/\/www.alqueria.es\/blogs\/alqueriasegundociclo\/wp-json\/wp\/v2\/posts"}],"about":[{"href":"https:\/\/www.alqueria.es\/blogs\/alqueriasegundociclo\/wp-json\/wp\/v2\/types\/post"}],"author":[{"embeddable":true,"href":"https:\/\/www.alqueria.es\/blogs\/alqueriasegundociclo\/wp-json\/wp\/v2\/users\/16"}],"replies":[{"embeddable":true,"href":"https:\/\/www.alqueria.es\/blogs\/alqueriasegundociclo\/wp-json\/wp\/v2\/comments?post=2407"}],"version-history":[{"count":0,"href":"https:\/\/www.alqueria.es\/blogs\/alqueriasegundociclo\/wp-json\/wp\/v2\/posts\/2407\/revisions"}],"wp:attachment":[{"href":"https:\/\/www.alqueria.es\/blogs\/alqueriasegundociclo\/wp-json\/wp\/v2\/media?parent=2407"}],"wp:term":[{"taxonomy":"category","embeddable":true,"href":"https:\/\/www.alqueria.es\/blogs\/alqueriasegundociclo\/wp-json\/wp\/v2\/categories?post=2407"},{"taxonomy":"post_tag","embeddable":true,"href":"https:\/\/www.alqueria.es\/blogs\/alqueriasegundociclo\/wp-json\/wp\/v2\/tags?post=2407"}],"curies":[{"name":"wp","href":"https:\/\/api.w.org\/{rel}","templated":true}]}}