{"id":24778,"date":"2021-10-30T11:25:36","date_gmt":"2021-10-30T09:25:36","guid":{"rendered":"https:\/\/www.alqueria.es\/blogs\/alqueriasegundociclo\/?p=24778"},"modified":"2021-10-30T11:28:20","modified_gmt":"2021-10-30T09:28:20","slug":"semanario-de-3o-semana-del-25-al-29-de-septiembre","status":"publish","type":"post","link":"https:\/\/www.alqueria.es\/blogs\/alqueriasegundociclo\/2021\/10\/30\/semanario-de-3o-semana-del-25-al-29-de-septiembre\/","title":{"rendered":"Semanario de 3\u00ba. Semana del 25 al 29 de septiembre"},"content":{"rendered":"<p style=\"text-align: center\"><span style=\"color: #0000ff\">Interaccionamos con el mundo vegetal<\/span><\/p>\n<p><img decoding=\"async\" data-attachment-id=\"24812\" data-permalink=\"https:\/\/www.alqueria.es\/blogs\/alqueriasegundociclo\/2021\/10\/30\/semanario-de-3o-semana-del-25-al-29-de-septiembre\/whatsapp-image-2021-10-29-at-07-21-22-3\/\" data-orig-file=\"https:\/\/cloud.alqueria.es\/wp-content\/uploads\/sites\/7\/2021\/10\/WhatsApp-Image-2021-10-29-at-07.21.22-3.jpeg\" data-orig-size=\"2048,1536\" data-comments-opened=\"1\" data-image-meta=\"{&quot;aperture&quot;:&quot;0&quot;,&quot;credit&quot;:&quot;&quot;,&quot;camera&quot;:&quot;&quot;,&quot;caption&quot;:&quot;&quot;,&quot;created_timestamp&quot;:&quot;0&quot;,&quot;copyright&quot;:&quot;&quot;,&quot;focal_length&quot;:&quot;0&quot;,&quot;iso&quot;:&quot;0&quot;,&quot;shutter_speed&quot;:&quot;0&quot;,&quot;title&quot;:&quot;&quot;,&quot;orientation&quot;:&quot;0&quot;}\" data-image-title=\"WhatsApp Image 2021-10-29 at 07.21.22-3\" data-image-description=\"\" data-image-caption=\"\" data-large-file=\"https:\/\/cloud.alqueria.es\/wp-content\/uploads\/sites\/7\/2021\/10\/WhatsApp-Image-2021-10-29-at-07.21.22-3-1024x768.jpeg\" class=\"alignright wp-image-24812 size-thumbnail\" src=\"https:\/\/cloud.alqueria.es\/wp-content\/uploads\/sites\/7\/2021\/10\/WhatsApp-Image-2021-10-29-at-07.21.22-3-150x150.jpeg\" alt=\"\" width=\"150\" height=\"150\" \/><\/p>\n<p>Se contin\u00faa con el trabajo y el\u00a0aprendizaje de las plantas. Son muchas las fuentes de investigaci\u00f3n utilizadas y ha sido y ser\u00e1 imprescindible nuestro jard\u00edn y huerto.<\/p>\n<p><img decoding=\"async\" data-attachment-id=\"24814\" data-permalink=\"https:\/\/www.alqueria.es\/blogs\/alqueriasegundociclo\/2021\/10\/30\/semanario-de-3o-semana-del-25-al-29-de-septiembre\/whatsapp-image-2021-10-29-at-07-22-16-2\/\" data-orig-file=\"https:\/\/cloud.alqueria.es\/wp-content\/uploads\/sites\/7\/2021\/10\/WhatsApp-Image-2021-10-29-at-07.22.16-2.jpeg\" data-orig-size=\"2048,1536\" data-comments-opened=\"1\" data-image-meta=\"{&quot;aperture&quot;:&quot;0&quot;,&quot;credit&quot;:&quot;&quot;,&quot;camera&quot;:&quot;&quot;,&quot;caption&quot;:&quot;&quot;,&quot;created_timestamp&quot;:&quot;0&quot;,&quot;copyright&quot;:&quot;&quot;,&quot;focal_length&quot;:&quot;0&quot;,&quot;iso&quot;:&quot;0&quot;,&quot;shutter_speed&quot;:&quot;0&quot;,&quot;title&quot;:&quot;&quot;,&quot;orientation&quot;:&quot;0&quot;}\" data-image-title=\"WhatsApp Image 2021-10-29 at 07.22.16-2\" data-image-description=\"\" data-image-caption=\"\" data-large-file=\"https:\/\/cloud.alqueria.es\/wp-content\/uploads\/sites\/7\/2021\/10\/WhatsApp-Image-2021-10-29-at-07.22.16-2-1024x768.jpeg\" class=\"alignleft wp-image-24814 size-thumbnail\" src=\"https:\/\/cloud.alqueria.es\/wp-content\/uploads\/sites\/7\/2021\/10\/WhatsApp-Image-2021-10-29-at-07.22.16-2-150x150.jpeg\" alt=\"\" width=\"150\" height=\"150\" \/><\/p>\n<p>&nbsp;<\/p>\n<p>&nbsp;<\/p>\n<p>&nbsp;<\/p>\n<p>&nbsp;<\/p>\n<p>Mario ha iniciado las presentaciones con una interesante y complet\u00edsima conferencia<span style=\"color: #ff6600\"> \u00ablas plantas\u00bb<\/span>, en donde ha motivado, y lo ha conseguido con algunos, a crear un herbolario, as\u00ed como la propuesta de una actividad en el jard\u00edn para apreciar mejor las hojas y poder clasificarlas.<\/p>\n<p><img decoding=\"async\" data-attachment-id=\"24815\" data-permalink=\"https:\/\/www.alqueria.es\/blogs\/alqueriasegundociclo\/2021\/10\/30\/semanario-de-3o-semana-del-25-al-29-de-septiembre\/whatsapp-image-2021-10-29-at-07-22-16\/\" data-orig-file=\"https:\/\/cloud.alqueria.es\/wp-content\/uploads\/sites\/7\/2021\/10\/WhatsApp-Image-2021-10-29-at-07.22.16.jpeg\" data-orig-size=\"2048,1536\" data-comments-opened=\"1\" data-image-meta=\"{&quot;aperture&quot;:&quot;0&quot;,&quot;credit&quot;:&quot;&quot;,&quot;camera&quot;:&quot;&quot;,&quot;caption&quot;:&quot;&quot;,&quot;created_timestamp&quot;:&quot;0&quot;,&quot;copyright&quot;:&quot;&quot;,&quot;focal_length&quot;:&quot;0&quot;,&quot;iso&quot;:&quot;0&quot;,&quot;shutter_speed&quot;:&quot;0&quot;,&quot;title&quot;:&quot;&quot;,&quot;orientation&quot;:&quot;0&quot;}\" data-image-title=\"WhatsApp Image 2021-10-29 at 07.22.16\" data-image-description=\"\" data-image-caption=\"\" data-large-file=\"https:\/\/cloud.alqueria.es\/wp-content\/uploads\/sites\/7\/2021\/10\/WhatsApp-Image-2021-10-29-at-07.22.16-1024x768.jpeg\" class=\"size-medium wp-image-24815 alignright\" src=\"https:\/\/cloud.alqueria.es\/wp-content\/uploads\/sites\/7\/2021\/10\/WhatsApp-Image-2021-10-29-at-07.22.16-300x225.jpeg\" alt=\"\" width=\"300\" height=\"225\" srcset=\"https:\/\/cloud.alqueria.es\/wp-content\/uploads\/sites\/7\/2021\/10\/WhatsApp-Image-2021-10-29-at-07.22.16-300x225.jpeg 300w, https:\/\/cloud.alqueria.es\/wp-content\/uploads\/sites\/7\/2021\/10\/WhatsApp-Image-2021-10-29-at-07.22.16-1024x768.jpeg 1024w, https:\/\/cloud.alqueria.es\/wp-content\/uploads\/sites\/7\/2021\/10\/WhatsApp-Image-2021-10-29-at-07.22.16-768x576.jpeg 768w, https:\/\/cloud.alqueria.es\/wp-content\/uploads\/sites\/7\/2021\/10\/WhatsApp-Image-2021-10-29-at-07.22.16-1536x1152.jpeg 1536w, https:\/\/cloud.alqueria.es\/wp-content\/uploads\/sites\/7\/2021\/10\/WhatsApp-Image-2021-10-29-at-07.22.16.jpeg 2048w\" sizes=\"(max-width: 300px) 100vw, 300px\" \/><\/p>\n<p>\u00c1ngel ha realizado la presentaci\u00f3n al grupo de su gran trabajo sobre el tema, con la identificaci\u00f3n de elementos relacionados con las plantas, recibiendo un gran aplauso y expresando su gran satisfacci\u00f3n por el buen hacer.<\/p>\n<p>Contin\u00faan las exposiciones de investigaci\u00f3n en el aula y exponen los grupos de:<\/p>\n<ul>\n<li style=\"list-style-type: none\">\n<ul>\n<li style=\"list-style-type: none\">\n<ul>\n<li style=\"list-style-type: none\">\n<ul>\n<li style=\"list-style-type: none\">\n<ul>\n<li><span style=\"color: #800000\">La ra\u00edz.<\/span><\/li>\n<li><span style=\"color: #ff00ff\">El tallo.<\/span><\/li>\n<li><span style=\"color: #008000\">Las hojas.<\/span><\/li>\n<li><span style=\"color: #3366ff\">Las flores.<\/span><\/li>\n<li><span style=\"color: #800080\">La nutrici\u00f3n de las plantas, \u00abla fotos\u00edntesis\u00bb.<\/span><\/li>\n<\/ul>\n<\/li>\n<\/ul>\n<\/li>\n<\/ul>\n<\/li>\n<\/ul>\n<\/li>\n<\/ul>\n<p>La manipulaci\u00f3n la observaci\u00f3n y relacionar los contenidos estudiados ha formado parte de la investigaci\u00f3n. Nuestro rinc\u00f3n de experimentos va en aumento y as\u00ed tenemos por ahora:<\/p>\n<ul>\n<li><span style=\"color: #993366\">Los tallos con sus partes.<\/span><\/li>\n<li><span style=\"color: #0000ff\">Hojas seg\u00fan su limbo y su borde.<\/span><\/li>\n<li><span style=\"color: #008000\">Las flores, sus partes y el experimentos para apreciar los vasos le\u00f1osos.<\/span><\/li>\n<li><span style=\"color: #ff6600\">Los frutos secos y carnosos.<\/span><\/li>\n<li><span style=\"color: #ff0000\">Clasificaciones de distintas semillas.<\/span><\/li>\n<li><span style=\"color: #000080\">La reproducci\u00f3n a trav\u00e9s de:\u00a0<\/span>\n<ul>\n<li style=\"list-style-type: none\">\n<ul>\n<li><span style=\"color: #3366ff\">Tallos.<\/span><\/li>\n<li><span style=\"color: #3366ff\">Hojas.<\/span><\/li>\n<li><span style=\"color: #3366ff\">Estolones.<\/span><\/li>\n<li><span style=\"color: #3366ff\">semillas.<\/span><\/li>\n<li><span style=\"color: #3366ff\">Bulbos.<\/span><\/li>\n<\/ul>\n<\/li>\n<\/ul>\n<\/li>\n<\/ul>\n<p class=\"jetpack-slideshow-noscript robots-nocontent\">El pase de diapositivas requiere JavaScript.<\/p><div id=\"gallery-24778-1-slideshow\" class=\"jetpack-slideshow-window jetpack-slideshow jetpack-slideshow-black\" data-trans=\"fade\" data-autostart=\"1\" data-gallery=\"[{&quot;src&quot;:&quot;https:\\\/\\\/cloud.alqueria.es\\\/wp-content\\\/uploads\\\/sites\\\/7\\\/2021\\\/10\\\/WhatsApp-Image-2021-10-29-at-07.21.21.jpeg&quot;,&quot;id&quot;:&quot;24810&quot;,&quot;title&quot;:&quot;WhatsApp Image 2021-10-29 at 07.21.21&quot;,&quot;alt&quot;:&quot;&quot;,&quot;caption&quot;:&quot;&quot;,&quot;itemprop&quot;:&quot;image&quot;},{&quot;src&quot;:&quot;https:\\\/\\\/cloud.alqueria.es\\\/wp-content\\\/uploads\\\/sites\\\/7\\\/2021\\\/10\\\/WhatsApp-Image-2021-10-29-at-07.21.21-6.jpeg&quot;,&quot;id&quot;:&quot;24809&quot;,&quot;title&quot;:&quot;WhatsApp Image 2021-10-29 at 07.21.21-6&quot;,&quot;alt&quot;:&quot;&quot;,&quot;caption&quot;:&quot;&quot;,&quot;itemprop&quot;:&quot;image&quot;},{&quot;src&quot;:&quot;https:\\\/\\\/cloud.alqueria.es\\\/wp-content\\\/uploads\\\/sites\\\/7\\\/2021\\\/10\\\/WhatsApp-Image-2021-10-29-at-07.21.21-5.jpeg&quot;,&quot;id&quot;:&quot;24808&quot;,&quot;title&quot;:&quot;WhatsApp Image 2021-10-29 at 07.21.21-5&quot;,&quot;alt&quot;:&quot;&quot;,&quot;caption&quot;:&quot;&quot;,&quot;itemprop&quot;:&quot;image&quot;},{&quot;src&quot;:&quot;https:\\\/\\\/cloud.alqueria.es\\\/wp-content\\\/uploads\\\/sites\\\/7\\\/2021\\\/10\\\/WhatsApp-Image-2021-10-29-at-07.21.21-4.jpeg&quot;,&quot;id&quot;:&quot;24807&quot;,&quot;title&quot;:&quot;WhatsApp Image 2021-10-29 at 07.21.21-4&quot;,&quot;alt&quot;:&quot;&quot;,&quot;caption&quot;:&quot;&quot;,&quot;itemprop&quot;:&quot;image&quot;},{&quot;src&quot;:&quot;https:\\\/\\\/cloud.alqueria.es\\\/wp-content\\\/uploads\\\/sites\\\/7\\\/2021\\\/10\\\/WhatsApp-Image-2021-10-29-at-07.21.21-3.jpeg&quot;,&quot;id&quot;:&quot;24806&quot;,&quot;title&quot;:&quot;WhatsApp Image 2021-10-29 at 07.21.21-3&quot;,&quot;alt&quot;:&quot;&quot;,&quot;caption&quot;:&quot;&quot;,&quot;itemprop&quot;:&quot;image&quot;},{&quot;src&quot;:&quot;https:\\\/\\\/cloud.alqueria.es\\\/wp-content\\\/uploads\\\/sites\\\/7\\\/2021\\\/10\\\/WhatsApp-Image-2021-10-29-at-07.21.20.jpeg&quot;,&quot;id&quot;:&quot;24804&quot;,&quot;title&quot;:&quot;WhatsApp Image 2021-10-29 at 07.21.20&quot;,&quot;alt&quot;:&quot;&quot;,&quot;caption&quot;:&quot;&quot;,&quot;itemprop&quot;:&quot;image&quot;},{&quot;src&quot;:&quot;https:\\\/\\\/cloud.alqueria.es\\\/wp-content\\\/uploads\\\/sites\\\/7\\\/2021\\\/10\\\/WhatsApp-Image-2021-10-29-at-07.21.21-2.jpeg&quot;,&quot;id&quot;:&quot;24805&quot;,&quot;title&quot;:&quot;WhatsApp Image 2021-10-29 at 07.21.21-2&quot;,&quot;alt&quot;:&quot;&quot;,&quot;caption&quot;:&quot;&quot;,&quot;itemprop&quot;:&quot;image&quot;}]\" itemscope itemtype=\"https:\/\/schema.org\/ImageGallery\"><\/div>\n<p>Todas estas actividades se est\u00e1n exponiendo en el rinc\u00f3n de experimentos para su mejor apreciaci\u00f3n y aprendizaje a lo largo del tiempo. Estamos experimentando y experimentar implica observaci\u00f3n, manipulaci\u00f3n, recogida ordenada de datos&#8230; y sobre todo paciencia.<\/p>\n<p>Candela nos introduce en el mundo maravilloso de <span style=\"color: #ff6600\">\u00ablas plantas medicinales\u00bb<\/span> y sus principios activos. Ha ense\u00f1ado el proceso de las infusiones y pronto degustaremos algunas en donde experimentaremos con los principios activos de algunas partes de las plantas.<\/p>\n<p style=\"text-align: center\"><span style=\"color: #0000ff\">Nuestro huerto<\/span><\/p>\n<p><img decoding=\"async\" data-attachment-id=\"24813\" data-permalink=\"https:\/\/www.alqueria.es\/blogs\/alqueriasegundociclo\/2021\/10\/30\/semanario-de-3o-semana-del-25-al-29-de-septiembre\/whatsapp-image-2021-10-29-at-07-21-22\/\" data-orig-file=\"https:\/\/cloud.alqueria.es\/wp-content\/uploads\/sites\/7\/2021\/10\/WhatsApp-Image-2021-10-29-at-07.21.22.jpeg\" data-orig-size=\"2048,1536\" data-comments-opened=\"1\" data-image-meta=\"{&quot;aperture&quot;:&quot;0&quot;,&quot;credit&quot;:&quot;&quot;,&quot;camera&quot;:&quot;&quot;,&quot;caption&quot;:&quot;&quot;,&quot;created_timestamp&quot;:&quot;0&quot;,&quot;copyright&quot;:&quot;&quot;,&quot;focal_length&quot;:&quot;0&quot;,&quot;iso&quot;:&quot;0&quot;,&quot;shutter_speed&quot;:&quot;0&quot;,&quot;title&quot;:&quot;&quot;,&quot;orientation&quot;:&quot;0&quot;}\" data-image-title=\"WhatsApp Image 2021-10-29 at 07.21.22\" data-image-description=\"\" data-image-caption=\"\" data-large-file=\"https:\/\/cloud.alqueria.es\/wp-content\/uploads\/sites\/7\/2021\/10\/WhatsApp-Image-2021-10-29-at-07.21.22-1024x768.jpeg\" class=\"size-medium wp-image-24813 alignleft\" src=\"https:\/\/cloud.alqueria.es\/wp-content\/uploads\/sites\/7\/2021\/10\/WhatsApp-Image-2021-10-29-at-07.21.22-300x225.jpeg\" alt=\"\" width=\"300\" height=\"225\" srcset=\"https:\/\/cloud.alqueria.es\/wp-content\/uploads\/sites\/7\/2021\/10\/WhatsApp-Image-2021-10-29-at-07.21.22-300x225.jpeg 300w, https:\/\/cloud.alqueria.es\/wp-content\/uploads\/sites\/7\/2021\/10\/WhatsApp-Image-2021-10-29-at-07.21.22-1024x768.jpeg 1024w, https:\/\/cloud.alqueria.es\/wp-content\/uploads\/sites\/7\/2021\/10\/WhatsApp-Image-2021-10-29-at-07.21.22-768x576.jpeg 768w, https:\/\/cloud.alqueria.es\/wp-content\/uploads\/sites\/7\/2021\/10\/WhatsApp-Image-2021-10-29-at-07.21.22-1536x1152.jpeg 1536w, https:\/\/cloud.alqueria.es\/wp-content\/uploads\/sites\/7\/2021\/10\/WhatsApp-Image-2021-10-29-at-07.21.22.jpeg 2048w\" sizes=\"(max-width: 300px) 100vw, 300px\" \/>Tras la preparaci\u00f3n y el enriquecimiento del terreno por parte de nuestro grupo, el grupo de 4\u00ba ha trabajado las medidas llegando a parcelar e indicando el lugar que nos corresponde para la siembra de las semillas de las habas.<img decoding=\"async\" data-attachment-id=\"24811\" data-permalink=\"https:\/\/www.alqueria.es\/blogs\/alqueriasegundociclo\/2021\/10\/30\/semanario-de-3o-semana-del-25-al-29-de-septiembre\/whatsapp-image-2021-10-29-at-07-21-22-2\/\" data-orig-file=\"https:\/\/cloud.alqueria.es\/wp-content\/uploads\/sites\/7\/2021\/10\/WhatsApp-Image-2021-10-29-at-07.21.22-2.jpeg\" data-orig-size=\"2048,1536\" data-comments-opened=\"1\" data-image-meta=\"{&quot;aperture&quot;:&quot;0&quot;,&quot;credit&quot;:&quot;&quot;,&quot;camera&quot;:&quot;&quot;,&quot;caption&quot;:&quot;&quot;,&quot;created_timestamp&quot;:&quot;0&quot;,&quot;copyright&quot;:&quot;&quot;,&quot;focal_length&quot;:&quot;0&quot;,&quot;iso&quot;:&quot;0&quot;,&quot;shutter_speed&quot;:&quot;0&quot;,&quot;title&quot;:&quot;&quot;,&quot;orientation&quot;:&quot;0&quot;}\" data-image-title=\"WhatsApp Image 2021-10-29 at 07.21.22-2\" data-image-description=\"\" data-image-caption=\"\" data-large-file=\"https:\/\/cloud.alqueria.es\/wp-content\/uploads\/sites\/7\/2021\/10\/WhatsApp-Image-2021-10-29-at-07.21.22-2-1024x768.jpeg\" class=\"aligncenter size-medium wp-image-24811\" src=\"https:\/\/cloud.alqueria.es\/wp-content\/uploads\/sites\/7\/2021\/10\/WhatsApp-Image-2021-10-29-at-07.21.22-2-300x225.jpeg\" alt=\"\" width=\"300\" height=\"225\" srcset=\"https:\/\/cloud.alqueria.es\/wp-content\/uploads\/sites\/7\/2021\/10\/WhatsApp-Image-2021-10-29-at-07.21.22-2-300x225.jpeg 300w, https:\/\/cloud.alqueria.es\/wp-content\/uploads\/sites\/7\/2021\/10\/WhatsApp-Image-2021-10-29-at-07.21.22-2-1024x768.jpeg 1024w, https:\/\/cloud.alqueria.es\/wp-content\/uploads\/sites\/7\/2021\/10\/WhatsApp-Image-2021-10-29-at-07.21.22-2-768x576.jpeg 768w, https:\/\/cloud.alqueria.es\/wp-content\/uploads\/sites\/7\/2021\/10\/WhatsApp-Image-2021-10-29-at-07.21.22-2-1536x1152.jpeg 1536w, https:\/\/cloud.alqueria.es\/wp-content\/uploads\/sites\/7\/2021\/10\/WhatsApp-Image-2021-10-29-at-07.21.22-2.jpeg 2048w\" sizes=\"(max-width: 300px) 100vw, 300px\" \/><\/p>\n<p>Tras la visualizaci\u00f3n y la explicaci\u00f3n pertinente se pasa a la siembra de las habas. Se continuar\u00e1 con distintos trabajos en los dem\u00e1s parterres de siembra y posterior seguimiento y cuidado.<\/p>\n<p style=\"text-align: center\"><span style=\"color: #0000ff\">La multiplicaci\u00f3n<\/span><\/p>\n<p>Poco a poco se van familiarizando con el algoritmo de la multiplicaci\u00f3n. Se analiza la facilitaci\u00f3n de la misma para llegar a una soluci\u00f3n problem\u00e1tica sin tener que sumar sucesivamente, ya que la multiplicaci\u00f3n es la suma sucesiva.<\/p>\n<p>Por ahora se ha trabajado la multiplicaci\u00f3n <span style=\"color: #ff6600\">por 2<\/span>. Es dominio de los dobles es fant\u00e1stico si los n\u00fameros son pares y aparece cierta dificultad con los pares.<\/p>\n<p>El trabajo y la mecanizaci\u00f3n de multiplicar por 10 se asume con facilidad y nos vale para trabajar la multiplicaci\u00f3n por 5, ya que es la mitad.<\/p>\n<p>Se dan estrategias a seguir, pero cada uno y cada una sigue las suyas ya que le es m\u00e1s c\u00f3modo, pero se insiste en aplicar la l\u00f3gica:<\/p>\n<ul>\n<li><span style=\"color: #008000\"> \u00bfQu\u00e9 estoy haciendo? <\/span><\/li>\n<li><span style=\"color: #008000\">\u00bfPor qu\u00e9 lo hago? <\/span><\/li>\n<li><span style=\"color: #008000\">\u00bfPara qu\u00e9 me sirve?<\/span><\/li>\n<li><span style=\"color: #008000\">Maneras diferentes de resolver.<\/span><\/li>\n<li><span style=\"color: #008000\">&#8230;<\/span><\/li>\n<\/ul>\n<p>Todo esto para posteriormente llegar a la mecanizaci\u00f3n de las tablas de multiplicar pero hay que conocer su verdadero significado.<\/p>\n<p>Se contin\u00faa jugando en parejas, con los dados de distintas caras, para practicar esas multiplicaciones y se pasa al trabajo sobre papel en donde se prosigue con el dominio de las tablas de trabajo de doble entrada.<\/p>\n<p style=\"text-align: center\"><span style=\"color: #0000ff\">\u00bfC\u00f3mo escribir un problema?<\/span><\/p>\n<p>Ha sido muy interesante el trabajo realizado para crear problemas, el escribirlos partiendo de unos datos y cuestion\u00e1ndose algo.<\/p>\n<p>Por ahora se ha trabajado sobre problemas simples incidiendo en la coherencia de los datos y en la pregunta, pero pronto se comenzar\u00e1 a trabajar sobre distintos enunciados y para ello es muy necesaria la lectura comprensiva sobre la que se contin\u00faa incidiendo.<\/p>\n<p><img decoding=\"async\" data-attachment-id=\"24816\" data-permalink=\"https:\/\/www.alqueria.es\/blogs\/alqueriasegundociclo\/2021\/10\/30\/semanario-de-3o-semana-del-25-al-29-de-septiembre\/niveles-de-comprension-lectora\/\" data-orig-file=\"https:\/\/cloud.alqueria.es\/wp-content\/uploads\/sites\/7\/2021\/10\/Niveles-de-comprension-lectora.jpeg\" data-orig-size=\"749,1500\" data-comments-opened=\"1\" data-image-meta=\"{&quot;aperture&quot;:&quot;0&quot;,&quot;credit&quot;:&quot;&quot;,&quot;camera&quot;:&quot;&quot;,&quot;caption&quot;:&quot;&quot;,&quot;created_timestamp&quot;:&quot;0&quot;,&quot;copyright&quot;:&quot;&quot;,&quot;focal_length&quot;:&quot;0&quot;,&quot;iso&quot;:&quot;0&quot;,&quot;shutter_speed&quot;:&quot;0&quot;,&quot;title&quot;:&quot;&quot;,&quot;orientation&quot;:&quot;0&quot;}\" data-image-title=\"Niveles-de-comprensi\u00f3n-lectora\" data-image-description=\"\" data-image-caption=\"\" data-large-file=\"https:\/\/cloud.alqueria.es\/wp-content\/uploads\/sites\/7\/2021\/10\/Niveles-de-comprension-lectora-511x1024.jpeg\" class=\"aligncenter wp-image-24816 size-large\" src=\"https:\/\/cloud.alqueria.es\/wp-content\/uploads\/sites\/7\/2021\/10\/Niveles-de-comprension-lectora-511x1024.jpeg\" alt=\"\" width=\"474\" height=\"950\" srcset=\"https:\/\/cloud.alqueria.es\/wp-content\/uploads\/sites\/7\/2021\/10\/Niveles-de-comprension-lectora-511x1024.jpeg 511w, https:\/\/cloud.alqueria.es\/wp-content\/uploads\/sites\/7\/2021\/10\/Niveles-de-comprension-lectora-150x300.jpeg 150w, https:\/\/cloud.alqueria.es\/wp-content\/uploads\/sites\/7\/2021\/10\/Niveles-de-comprension-lectora.jpeg 749w\" sizes=\"(max-width: 474px) 100vw, 474px\" \/><\/p>\n<p style=\"text-align: center\"><span style=\"color: #0000ff\">El Ocho y Medio<\/span><\/p>\n<p>La mayor\u00eda del grupo ya ha corregido el n\u00ba 1 y est\u00e1n trabajando sobre el n\u00ba 2. Ha habido un recordatorio sobre la organizaci\u00f3n del trabajo con respecto a la labor a realizar a largo plazo y responsabilidad para su cumplimiento.<\/p>\n<p style=\"text-align: center\"><span style=\"color: #0000ff\">El Cancerbero<\/span><\/p>\n<p>Diego nos ha realizado su exposici\u00f3n oral sobre el Cancerbero. Sobre este ser se ha realizado el trabajo del texto creativo en donde se ha profundizado el los sin\u00f3nimos para no reiterar palabras, en los p\u00e1rrafos, \u00a0en la organizaci\u00f3n de las ideas y los puntos aparte. Se aclaran diferentes maneras de visualizar los p\u00e1rrafos con las sangr\u00edas o con la separaci\u00f3n de espacios.<\/p>\n<p>Sus trabajos tras el borrador, son corregidos, analizados y mejorados para su posterior pasado a limpio. Estos est\u00e1n en su carpeta de classroom para que los le\u00e1is conjuntamente y en especial para su valoraci\u00f3n, la motivaci\u00f3n, el inter\u00e9s y el progreso contin\u00faa.<\/p>\n<p>Todas las conferencias realizadas en clase las comparto con el grupo en classroom para continuar \u00a0visualiz\u00e1ndolas y aprendiendo, es un material de clase.<\/p>\n<p style=\"text-align: center\"><span style=\"color: #0000ff\">Fiesta de Oto\u00f1o<\/span><\/p>\n<p>El viernes celebramos la<span style=\"color: #ff6600\"> fiesta de Oto\u00f1o.<\/span><\/p>\n<p><img decoding=\"async\" data-attachment-id=\"24803\" data-permalink=\"https:\/\/www.alqueria.es\/blogs\/alqueriasegundociclo\/2021\/10\/30\/semanario-de-3o-semana-del-25-al-29-de-septiembre\/whatsapp-image-2021-10-26-at-20-05-20\/\" data-orig-file=\"https:\/\/cloud.alqueria.es\/wp-content\/uploads\/sites\/7\/2021\/10\/WhatsApp-Image-2021-10-26-at-20.05.20.jpeg\" data-orig-size=\"2048,1536\" data-comments-opened=\"1\" data-image-meta=\"{&quot;aperture&quot;:&quot;0&quot;,&quot;credit&quot;:&quot;&quot;,&quot;camera&quot;:&quot;&quot;,&quot;caption&quot;:&quot;&quot;,&quot;created_timestamp&quot;:&quot;0&quot;,&quot;copyright&quot;:&quot;&quot;,&quot;focal_length&quot;:&quot;0&quot;,&quot;iso&quot;:&quot;0&quot;,&quot;shutter_speed&quot;:&quot;0&quot;,&quot;title&quot;:&quot;&quot;,&quot;orientation&quot;:&quot;0&quot;}\" data-image-title=\"WhatsApp Image 2021-10-26 at 20.05.20\" data-image-description=\"\" data-image-caption=\"\" data-large-file=\"https:\/\/cloud.alqueria.es\/wp-content\/uploads\/sites\/7\/2021\/10\/WhatsApp-Image-2021-10-26-at-20.05.20-1024x768.jpeg\" class=\"size-medium wp-image-24803 alignleft\" src=\"https:\/\/cloud.alqueria.es\/wp-content\/uploads\/sites\/7\/2021\/10\/WhatsApp-Image-2021-10-26-at-20.05.20-300x225.jpeg\" alt=\"\" width=\"300\" height=\"225\" srcset=\"https:\/\/cloud.alqueria.es\/wp-content\/uploads\/sites\/7\/2021\/10\/WhatsApp-Image-2021-10-26-at-20.05.20-300x225.jpeg 300w, https:\/\/cloud.alqueria.es\/wp-content\/uploads\/sites\/7\/2021\/10\/WhatsApp-Image-2021-10-26-at-20.05.20-1024x768.jpeg 1024w, https:\/\/cloud.alqueria.es\/wp-content\/uploads\/sites\/7\/2021\/10\/WhatsApp-Image-2021-10-26-at-20.05.20-768x576.jpeg 768w, https:\/\/cloud.alqueria.es\/wp-content\/uploads\/sites\/7\/2021\/10\/WhatsApp-Image-2021-10-26-at-20.05.20-1536x1152.jpeg 1536w, https:\/\/cloud.alqueria.es\/wp-content\/uploads\/sites\/7\/2021\/10\/WhatsApp-Image-2021-10-26-at-20.05.20.jpeg 2048w\" sizes=\"(max-width: 300px) 100vw, 300px\" \/><\/p>\n<p>Nuestro grupo est\u00e1\u00a0preparando para el encuentro de toda primaria, canciones populares de corro. Clara, Andrea y Sof\u00eda nos han propuesto unas y nos la han estado ense\u00f1ando a lo largo de la semana.<\/p>\n<p>El jueves realizaremos el taller de cocina y he animado a aportar un delantal, asimismo, he sugerido venir el viernes con una vestimenta oto\u00f1al, con colores llamativos del oto\u00f1o.<\/p>\n<p>Os deseo unos buenos momentos en estos d\u00edas en donde se celebra algo tradicional, especialmente la degustaci\u00f3n &#8230;<\/p>\n<p><img decoding=\"async\" data-attachment-id=\"24820\" data-permalink=\"https:\/\/www.alqueria.es\/blogs\/alqueriasegundociclo\/2021\/10\/30\/semanario-de-3o-semana-del-25-al-29-de-septiembre\/450_1000\/\" data-orig-file=\"https:\/\/cloud.alqueria.es\/wp-content\/uploads\/sites\/7\/2021\/10\/450_1000.jpg\" data-orig-size=\"450,303\" data-comments-opened=\"1\" data-image-meta=\"{&quot;aperture&quot;:&quot;0&quot;,&quot;credit&quot;:&quot;&quot;,&quot;camera&quot;:&quot;&quot;,&quot;caption&quot;:&quot;&quot;,&quot;created_timestamp&quot;:&quot;0&quot;,&quot;copyright&quot;:&quot;&quot;,&quot;focal_length&quot;:&quot;0&quot;,&quot;iso&quot;:&quot;0&quot;,&quot;shutter_speed&quot;:&quot;0&quot;,&quot;title&quot;:&quot;&quot;,&quot;orientation&quot;:&quot;0&quot;}\" data-image-title=\"450_1000\" data-image-description=\"\" data-image-caption=\"\" data-large-file=\"https:\/\/cloud.alqueria.es\/wp-content\/uploads\/sites\/7\/2021\/10\/450_1000.jpg\" class=\"aligncenter size-medium wp-image-24820\" src=\"https:\/\/cloud.alqueria.es\/wp-content\/uploads\/sites\/7\/2021\/10\/450_1000-300x202.jpg\" alt=\"\" width=\"300\" height=\"202\" srcset=\"https:\/\/cloud.alqueria.es\/wp-content\/uploads\/sites\/7\/2021\/10\/450_1000-300x202.jpg 300w, https:\/\/cloud.alqueria.es\/wp-content\/uploads\/sites\/7\/2021\/10\/450_1000.jpg 450w\" sizes=\"(max-width: 300px) 100vw, 300px\" \/><\/p>\n<p>El martes <span style=\"color: #ff6600\">\u00abEl d\u00eda de los difuntos\u00bb<\/span><\/p>\n<p>Un abrazo.<\/p>\n<p>Juanjo<\/p>\n","protected":false},"excerpt":{"rendered":"<p>Interaccionamos con el mundo vegetal Se contin\u00faa con el trabajo y el\u00a0aprendizaje de las plantas. Son muchas las fuentes de investigaci\u00f3n utilizadas y ha sido y ser\u00e1 imprescindible nuestro jard\u00edn y huerto. &nbsp; &nbsp; &nbsp; &nbsp; Mario ha iniciado las presentaciones con una interesante y complet\u00edsima conferencia \u00ablas plantas\u00bb, en donde ha motivado, y lo &hellip; <a href=\"https:\/\/www.alqueria.es\/blogs\/alqueriasegundociclo\/2021\/10\/30\/semanario-de-3o-semana-del-25-al-29-de-septiembre\/\" class=\"more-link\">Seguir leyendo <span class=\"screen-reader-text\">Semanario de 3\u00ba. Semana del 25 al 29 de septiembre<\/span> <span class=\"meta-nav\">&rarr;<\/span><\/a><\/p>\n","protected":false},"author":16,"featured_media":0,"comment_status":"open","ping_status":"open","sticky":false,"template":"","format":"standard","meta":{"jetpack_post_was_ever_published":false,"_jetpack_newsletter_access":"","_jetpack_dont_email_post_to_subs":false,"_jetpack_newsletter_tier_id":0,"_jetpack_memberships_contains_paywalled_content":false,"_jetpack_memberships_contains_paid_content":false,"footnotes":"","jetpack_publicize_message":"","jetpack_publicize_feature_enabled":true,"jetpack_social_post_already_shared":true,"jetpack_social_options":{"image_generator_settings":{"template":"highway","default_image_id":0,"font":"","enabled":false},"version":2}},"categories":[5,60,1],"tags":[],"class_list":["post-24778","post","type-post","status-publish","format-standard","hentry","category-3o-epo","category-semanario-4o","category-sin-categoria"],"jetpack_publicize_connections":[],"jetpack_featured_media_url":"","jetpack_sharing_enabled":true,"jetpack_shortlink":"https:\/\/wp.me\/p4lw4c-6rE","_links":{"self":[{"href":"https:\/\/www.alqueria.es\/blogs\/alqueriasegundociclo\/wp-json\/wp\/v2\/posts\/24778","targetHints":{"allow":["GET"]}}],"collection":[{"href":"https:\/\/www.alqueria.es\/blogs\/alqueriasegundociclo\/wp-json\/wp\/v2\/posts"}],"about":[{"href":"https:\/\/www.alqueria.es\/blogs\/alqueriasegundociclo\/wp-json\/wp\/v2\/types\/post"}],"author":[{"embeddable":true,"href":"https:\/\/www.alqueria.es\/blogs\/alqueriasegundociclo\/wp-json\/wp\/v2\/users\/16"}],"replies":[{"embeddable":true,"href":"https:\/\/www.alqueria.es\/blogs\/alqueriasegundociclo\/wp-json\/wp\/v2\/comments?post=24778"}],"version-history":[{"count":4,"href":"https:\/\/www.alqueria.es\/blogs\/alqueriasegundociclo\/wp-json\/wp\/v2\/posts\/24778\/revisions"}],"predecessor-version":[{"id":24824,"href":"https:\/\/www.alqueria.es\/blogs\/alqueriasegundociclo\/wp-json\/wp\/v2\/posts\/24778\/revisions\/24824"}],"wp:attachment":[{"href":"https:\/\/www.alqueria.es\/blogs\/alqueriasegundociclo\/wp-json\/wp\/v2\/media?parent=24778"}],"wp:term":[{"taxonomy":"category","embeddable":true,"href":"https:\/\/www.alqueria.es\/blogs\/alqueriasegundociclo\/wp-json\/wp\/v2\/categories?post=24778"},{"taxonomy":"post_tag","embeddable":true,"href":"https:\/\/www.alqueria.es\/blogs\/alqueriasegundociclo\/wp-json\/wp\/v2\/tags?post=24778"}],"curies":[{"name":"wp","href":"https:\/\/api.w.org\/{rel}","templated":true}]}}