{"id":2501,"date":"2012-10-09T12:38:15","date_gmt":"2012-10-09T10:38:15","guid":{"rendered":"http:\/\/alqueriasegundociclo.wordpress.com\/?p=2501"},"modified":"2014-02-24T10:44:28","modified_gmt":"2014-02-24T10:44:28","slug":"semanario-del-8-al-12-de-octubre-4o-e-p-o","status":"publish","type":"post","link":"https:\/\/www.alqueria.es\/blogs\/alqueriasegundociclo\/2012\/10\/09\/semanario-del-8-al-12-de-octubre-4o-e-p-o\/","title":{"rendered":"Semanario del 8  al 12 de octubre. 4\u00ba E.P.O."},"content":{"rendered":"<p>Queridas familias.<\/p>\n<p><strong>Taller de fantas\u00eda y literario<\/strong>. En esta semana han dado comienzo las <strong>conferencias<\/strong> del alumnado. Ha comenzado Miguel V. con su ponencia sobre el gran h\u00e9roe, de la mitolog\u00eda griega, <span style=\"color:#0000ff\">Heracles<\/span>. \u00c9l, va ha exponer su trabajo de investigaci\u00f3n todos las semanas a lo largo de este primer trimestre. Su tarea consistir\u00e1 en ir narrando los distintos apartados en los que ha dividido su tema, acompa\u00f1ado con su power point .<\/p>\n<p>El grupo clase, debatir\u00e1, preguntar\u00e1 para quedar adecuadamente informado, se analiza vocabulario, etc.; para esto, juega un papel muy importante la concentraci\u00f3n y la comprensi\u00f3n oral.<\/p>\n<p>Posteriormente, se continuar\u00e1 con el trabajo de creaci\u00f3n de texto. El texto, debe recoger \u00a0informaci\u00f3n fiel, (no vale inventar, escribir lo que no se ha hablado o cambiar contenidos), una informaci\u00f3n adecuada en contenido y forma. Estos aspectos se trabajan en borrador, para posteriormente, mejorarlos con la autocorrecci\u00f3n y correcci\u00f3n individualizada del adulto. Mejorado el borrador, el texto se pasa a formato definitivo, a limpio y acompa\u00f1ado de unas peque\u00f1as ilustraciones. El alumnado realizar\u00e1, finalizadas las exposiciones de Miguel, un libro narrativo individual sobre Heracles.<\/p>\n<p>A la vez que van avanzando las sesiones, se ir\u00e1 trabajando diferentes aspectos del \u00e1rea de legua, quedando plasmados estos en los trabajos escritos. Sobre este primer trabajo <span style=\"color:#0000ff\">\u00abEl nacimiento de Heracles\u00bb<\/span>, se incidido en: la presentaci\u00f3n, (la graf\u00eda, m\u00e1rgenes), el uso de las may\u00fasculas, las concordancias, uso adecuado de vocabulario, los p\u00e1rrafos, la estructura del texto en el orden narrativo. Los trabajos est\u00e1n expuestos en el tabl\u00f3n exterior del aula, merece la pena echarle un vistazo y apreciar la evoluci\u00f3n a lo largo del trabajo.<\/p>\n<p>El acercamiento a la cultura juega un papel primordial en el trabajo de aula. Gracias a la ponencia de Miguel, nos hemos acercado al famoso cuadro de Rubens y conocemos el origen del nombre de nuestra galaxia, seg\u00fan una leyenda griega.<\/p>\n<p><a href=\"http:\/\/alqueriasegundociclo.files.wordpress.com\/2012\/10\/rubens-la-via-lactea1.jpg\"><img decoding=\"async\" data-attachment-id=\"2503\" data-permalink=\"https:\/\/www.alqueria.es\/blogs\/alqueriasegundociclo\/rubens-la-via-lactea-2\/\" data-orig-file=\"https:\/\/www.alqueria.es\/blogs\/alqueriasegundociclo\/wp-content\/uploads\/sites\/7\/2012\/10\/rubens-la-via-lactea1.jpg\" data-orig-size=\"700,487\" data-comments-opened=\"1\" data-image-meta=\"{&quot;aperture&quot;:&quot;0&quot;,&quot;credit&quot;:&quot;&quot;,&quot;camera&quot;:&quot;&quot;,&quot;caption&quot;:&quot;&quot;,&quot;created_timestamp&quot;:&quot;0&quot;,&quot;copyright&quot;:&quot;&quot;,&quot;focal_length&quot;:&quot;0&quot;,&quot;iso&quot;:&quot;0&quot;,&quot;shutter_speed&quot;:&quot;0&quot;,&quot;title&quot;:&quot;&quot;}\" data-image-title=\"rubens-la-via-lactea\" data-image-description=\"\" data-image-caption=\"\" data-large-file=\"https:\/\/www.alqueria.es\/blogs\/alqueriasegundociclo\/wp-content\/uploads\/sites\/7\/2012\/10\/rubens-la-via-lactea1.jpg\" class=\"aligncenter size-medium wp-image-2503\" title=\"rubens-la-via-lactea\" alt=\"\" src=\"https:\/\/cloud.alqueria.es\/wp-content\/uploads\/sites\/7\/2012\/10\/rubens-la-via-lactea11.jpg\" height=\"208\" width=\"300\" \/><\/a><\/p>\n<p style=\"text-align:center\">El origen de la V\u00eda Lactea. Rubens (1577-1640). Museo El Prado, Madrid<\/p>\n<p style=\"text-align:center\">\n<p style=\"text-align:left\">El jueves, Miguel ha continuado su segunda parte de la conferencia con el t\u00edtulo \u00abLa juventud de Heracles\u00bb. Nos ha narrado c\u00f3mo fue crecimiento y la educaci\u00f3n que recibi\u00f3 de sus grandes maestros, que intentaron educarlo en todas las disciplinas:<\/p>\n<p style=\"text-align:left\">&#8211; El manejo de las armas.<\/p>\n<p style=\"text-align:left\">&#8211; La gimnasia.<\/p>\n<p style=\"text-align:left\">&#8211; Las artes y la m\u00fasica.<\/p>\n<p style=\"text-align:left\">&#8211; La astronom\u00eda y la medicina.<\/p>\n<p style=\"text-align:left\">Ha sido de gran validez para la clase cuando cont\u00f3 la decisi\u00f3n tan importante que tuvo que tomar Heracles en una de sus reflexiones por el bosque. Fue seducido constantemente por dos bellas ninfas: &#8211; Deber, &#8211; Placer. Tras larga toma de decisi\u00f3n, Heracles, astutamente, eligi\u00f3 a Deber, ayudando \u00e9sta en sus continuas haza\u00f1as y procurando el \u00e9xito, esfuerzo y constancia.<\/p>\n<p style=\"text-align:left\">Sobre el texto escrito, se ha trabajado el gui\u00f3n (-) y la raya en aclaraciones, en enumeraciones, etc.<\/p>\n<p style=\"text-align:left\"><a href=\"https:\/\/cloud.alqueria.es\/wp-content\/uploads\/sites\/7\/2012\/10\/images.jpe\"><img decoding=\"async\" data-attachment-id=\"2514\" data-permalink=\"https:\/\/www.alqueria.es\/blogs\/alqueriasegundociclo\/images-15\/\" data-orig-file=\"https:\/\/www.alqueria.es\/blogs\/alqueriasegundociclo\/wp-content\/uploads\/sites\/7\/2012\/10\/images.jpeg\" data-orig-size=\"218,231\" data-comments-opened=\"1\" data-image-meta=\"{&quot;aperture&quot;:&quot;0&quot;,&quot;credit&quot;:&quot;&quot;,&quot;camera&quot;:&quot;&quot;,&quot;caption&quot;:&quot;&quot;,&quot;created_timestamp&quot;:&quot;0&quot;,&quot;copyright&quot;:&quot;&quot;,&quot;focal_length&quot;:&quot;0&quot;,&quot;iso&quot;:&quot;0&quot;,&quot;shutter_speed&quot;:&quot;0&quot;,&quot;title&quot;:&quot;&quot;}\" data-image-title=\"images\" data-image-description=\"\" data-image-caption=\"\" data-large-file=\"https:\/\/www.alqueria.es\/blogs\/alqueriasegundociclo\/wp-content\/uploads\/sites\/7\/2012\/10\/images.jpeg\" class=\"aligncenter size-full wp-image-2514\" title=\"images\" alt=\"\" src=\"https:\/\/cloud.alqueria.es\/wp-content\/uploads\/sites\/7\/2012\/10\/images.jpe\" height=\"231\" width=\"218\" \/><\/a><\/p>\n<p style=\"text-align:left\">\n<p style=\"text-align:left\">\n","protected":false},"excerpt":{"rendered":"<p>Queridas familias. Taller de fantas\u00eda y literario. En esta semana han dado comienzo las conferencias del alumnado. Ha comenzado Miguel V. con su ponencia sobre el gran h\u00e9roe, de la mitolog\u00eda griega, Heracles. \u00c9l, va ha exponer su trabajo de investigaci\u00f3n todos las semanas a lo largo de este primer trimestre. Su tarea consistir\u00e1 en &hellip; <a href=\"https:\/\/www.alqueria.es\/blogs\/alqueriasegundociclo\/2012\/10\/09\/semanario-del-8-al-12-de-octubre-4o-e-p-o\/\" class=\"more-link\">Seguir leyendo <span class=\"screen-reader-text\">Semanario del 8  al 12 de octubre. 4\u00ba E.P.O.<\/span> <span class=\"meta-nav\">&rarr;<\/span><\/a><\/p>\n","protected":false},"author":16,"featured_media":0,"comment_status":"open","ping_status":"open","sticky":false,"template":"","format":"standard","meta":{"jetpack_post_was_ever_published":false,"_jetpack_newsletter_access":"","_jetpack_dont_email_post_to_subs":false,"_jetpack_newsletter_tier_id":0,"_jetpack_memberships_contains_paywalled_content":false,"_jetpack_memberships_contains_paid_content":false,"footnotes":"","jetpack_publicize_message":"","jetpack_publicize_feature_enabled":true,"jetpack_social_post_already_shared":true,"jetpack_social_options":{"image_generator_settings":{"template":"highway","default_image_id":0,"font":"","enabled":false},"version":2}},"categories":[6,84,27,60,65],"tags":[],"class_list":["post-2501","post","type-post","status-publish","format-standard","hentry","category-4o-epo","category-conferencias-de-fantasia","category-lengua-castellana-y-literatura-4o-epo","category-semanario-4o","category-taller-de-fantasia"],"jetpack_publicize_connections":[],"jetpack_featured_media_url":"","jetpack_sharing_enabled":true,"jetpack_shortlink":"https:\/\/wp.me\/p4lw4c-El","_links":{"self":[{"href":"https:\/\/www.alqueria.es\/blogs\/alqueriasegundociclo\/wp-json\/wp\/v2\/posts\/2501","targetHints":{"allow":["GET"]}}],"collection":[{"href":"https:\/\/www.alqueria.es\/blogs\/alqueriasegundociclo\/wp-json\/wp\/v2\/posts"}],"about":[{"href":"https:\/\/www.alqueria.es\/blogs\/alqueriasegundociclo\/wp-json\/wp\/v2\/types\/post"}],"author":[{"embeddable":true,"href":"https:\/\/www.alqueria.es\/blogs\/alqueriasegundociclo\/wp-json\/wp\/v2\/users\/16"}],"replies":[{"embeddable":true,"href":"https:\/\/www.alqueria.es\/blogs\/alqueriasegundociclo\/wp-json\/wp\/v2\/comments?post=2501"}],"version-history":[{"count":0,"href":"https:\/\/www.alqueria.es\/blogs\/alqueriasegundociclo\/wp-json\/wp\/v2\/posts\/2501\/revisions"}],"wp:attachment":[{"href":"https:\/\/www.alqueria.es\/blogs\/alqueriasegundociclo\/wp-json\/wp\/v2\/media?parent=2501"}],"wp:term":[{"taxonomy":"category","embeddable":true,"href":"https:\/\/www.alqueria.es\/blogs\/alqueriasegundociclo\/wp-json\/wp\/v2\/categories?post=2501"},{"taxonomy":"post_tag","embeddable":true,"href":"https:\/\/www.alqueria.es\/blogs\/alqueriasegundociclo\/wp-json\/wp\/v2\/tags?post=2501"}],"curies":[{"name":"wp","href":"https:\/\/api.w.org\/{rel}","templated":true}]}}