{"id":265,"date":"2012-04-18T19:54:27","date_gmt":"2012-04-18T19:54:27","guid":{"rendered":"http:\/\/alqueriasegundociclo.wordpress.com\/?p=265"},"modified":"2012-04-18T19:54:27","modified_gmt":"2012-04-18T19:54:27","slug":"lo-fenomenos-meteorologicos","status":"publish","type":"post","link":"https:\/\/www.alqueria.es\/blogs\/alqueriasegundociclo\/2012\/04\/18\/lo-fenomenos-meteorologicos\/","title":{"rendered":"LO FEN\u00d3MENOS METEOROL\u00d3GICOS"},"content":{"rendered":"<p>Jose Miguel nos ha deleitado con su conferencia de los fen\u00f3menos meteorol\u00f3gicos.<\/p>\n<div class=\"a25-CTUOC-hidding-box\" data-original-content=\"&lt;iframe title=&quot;Los fen\u00f3menos meteorol\u00f3gicos&quot; src=&quot;https:\/\/www.slideshare.net\/slideshow\/embed_code\/key\/C1853QjJA8asj&quot; width=&quot;427&quot; height=&quot;356&quot; frameborder=&quot;0&quot; marginwidth=&quot;0&quot; marginheight=&quot;0&quot; scrolling=&quot;no&quot; style=&quot;border:1px solid #CCC; border-width:1px; margin-bottom:5px; max-width: 100%;&quot; allowfullscreen&gt; &lt;\/iframe&gt;\">Esta p\u00e1gina incluye contenido multimedia que requiere aceptar todas las cookies. Pulse aqu\u00ed para abrir la configuraci\u00f3n de cookies.<\/div>\n<div style=\"margin-bottom:5px\"> <strong> <a href=\"https:\/\/es.slideshare.net\/juanjofuro\/los-fenmenos-meteorolgicos-12812188\" title=\"Los fen\u00f3menos meteorol\u00f3gicos\" target=\"_blank\">Los fen\u00f3menos meteorol\u00f3gicos<\/a> <\/strong> from <strong><a href=\"https:\/\/www.slideshare.net\/juanjofuro\" target=\"_blank\">juanjofuro<\/a><\/strong> <\/div>\n","protected":false},"excerpt":{"rendered":"<p>Jose Miguel nos ha deleitado con su conferencia de los fen\u00f3menos meteorol\u00f3gicos. Esta p\u00e1gina incluye contenido multimedia que requiere aceptar todas las cookies. Pulse aqu\u00ed para abrir la configuraci\u00f3n de cookies. Los fen\u00f3menos meteorol\u00f3gicos from juanjofuro<\/p>\n","protected":false},"author":15,"featured_media":0,"comment_status":"open","ping_status":"open","sticky":false,"template":"","format":"standard","meta":{"jetpack_post_was_ever_published":false,"_jetpack_newsletter_access":"","_jetpack_dont_email_post_to_subs":false,"_jetpack_newsletter_tier_id":0,"_jetpack_memberships_contains_paywalled_content":false,"_jetpack_memberships_contains_paid_content":false,"footnotes":"","jetpack_publicize_message":"","jetpack_publicize_feature_enabled":true,"jetpack_social_post_already_shared":true,"jetpack_social_options":{"image_generator_settings":{"template":"highway","default_image_id":0,"font":"","enabled":false},"version":2}},"categories":[5,10,13],"tags":[],"class_list":["post-265","post","type-post","status-publish","format-standard","hentry","category-3o-epo","category-conocimiento-del-medio-y-social-3o","category-el-clima"],"jetpack_publicize_connections":[],"jetpack_featured_media_url":"","jetpack_sharing_enabled":true,"jetpack_shortlink":"https:\/\/wp.me\/p4lw4c-4h","_links":{"self":[{"href":"https:\/\/www.alqueria.es\/blogs\/alqueriasegundociclo\/wp-json\/wp\/v2\/posts\/265","targetHints":{"allow":["GET"]}}],"collection":[{"href":"https:\/\/www.alqueria.es\/blogs\/alqueriasegundociclo\/wp-json\/wp\/v2\/posts"}],"about":[{"href":"https:\/\/www.alqueria.es\/blogs\/alqueriasegundociclo\/wp-json\/wp\/v2\/types\/post"}],"author":[{"embeddable":true,"href":"https:\/\/www.alqueria.es\/blogs\/alqueriasegundociclo\/wp-json\/wp\/v2\/users\/15"}],"replies":[{"embeddable":true,"href":"https:\/\/www.alqueria.es\/blogs\/alqueriasegundociclo\/wp-json\/wp\/v2\/comments?post=265"}],"version-history":[{"count":0,"href":"https:\/\/www.alqueria.es\/blogs\/alqueriasegundociclo\/wp-json\/wp\/v2\/posts\/265\/revisions"}],"wp:attachment":[{"href":"https:\/\/www.alqueria.es\/blogs\/alqueriasegundociclo\/wp-json\/wp\/v2\/media?parent=265"}],"wp:term":[{"taxonomy":"category","embeddable":true,"href":"https:\/\/www.alqueria.es\/blogs\/alqueriasegundociclo\/wp-json\/wp\/v2\/categories?post=265"},{"taxonomy":"post_tag","embeddable":true,"href":"https:\/\/www.alqueria.es\/blogs\/alqueriasegundociclo\/wp-json\/wp\/v2\/tags?post=265"}],"curies":[{"name":"wp","href":"https:\/\/api.w.org\/{rel}","templated":true}]}}