{"id":28048,"date":"2023-02-26T11:29:22","date_gmt":"2023-02-26T10:29:22","guid":{"rendered":"https:\/\/www.alqueria.es\/blogs\/alqueriasegundociclo\/?p=28048"},"modified":"2023-02-26T11:29:22","modified_gmt":"2023-02-26T10:29:22","slug":"el-olivo-y-los-animales","status":"publish","type":"post","link":"https:\/\/www.alqueria.es\/blogs\/alqueriasegundociclo\/2023\/02\/26\/el-olivo-y-los-animales\/","title":{"rendered":"EL OLIVO y LOS ANIMALES"},"content":{"rendered":"<p>Esta semana va de conferencias centradas en animales, sobre todo, y tambi\u00e9n en una planta muy caracter\u00edstica de nuestra comunidad aut\u00f3noma, Andaluc\u00eda.<\/p>\n<p><span style=\"color: #008000\"><strong>D\u00cdA DE ANDALUC\u00cdA<\/strong><\/span><\/p>\n<p><span style=\"color: #008000\">El pr\u00f3ximo martes 28 de febrero es d\u00eda festivo, celebramos el D\u00eda de Andaluc\u00eda.<br \/>\n<img decoding=\"async\" data-attachment-id=\"28054\" data-permalink=\"https:\/\/www.alqueria.es\/blogs\/alqueriasegundociclo\/2023\/02\/26\/el-olivo-y-los-animales\/cba98ece-ed16-41e9-a226-d29401edf6e8\/\" data-orig-file=\"https:\/\/cloud.alqueria.es\/wp-content\/uploads\/sites\/7\/2023\/02\/CBA98ECE-ED16-41E9-A226-D29401EDF6E8.jpeg\" data-orig-size=\"1200,1600\" data-comments-opened=\"1\" data-image-meta=\"{&quot;aperture&quot;:&quot;0&quot;,&quot;credit&quot;:&quot;&quot;,&quot;camera&quot;:&quot;&quot;,&quot;caption&quot;:&quot;&quot;,&quot;created_timestamp&quot;:&quot;0&quot;,&quot;copyright&quot;:&quot;&quot;,&quot;focal_length&quot;:&quot;0&quot;,&quot;iso&quot;:&quot;0&quot;,&quot;shutter_speed&quot;:&quot;0&quot;,&quot;title&quot;:&quot;&quot;,&quot;orientation&quot;:&quot;0&quot;}\" data-image-title=\"CBA98ECE-ED16-41E9-A226-D29401EDF6E8\" data-image-description=\"\" data-image-caption=\"\" data-large-file=\"https:\/\/cloud.alqueria.es\/wp-content\/uploads\/sites\/7\/2023\/02\/CBA98ECE-ED16-41E9-A226-D29401EDF6E8-768x1024.jpeg\" class=\"aligncenter size-large wp-image-28054\" src=\"https:\/\/cloud.alqueria.es\/wp-content\/uploads\/sites\/7\/2023\/02\/CBA98ECE-ED16-41E9-A226-D29401EDF6E8-768x1024.jpeg\" alt=\"\" width=\"474\" height=\"632\" srcset=\"https:\/\/cloud.alqueria.es\/wp-content\/uploads\/sites\/7\/2023\/02\/CBA98ECE-ED16-41E9-A226-D29401EDF6E8-768x1024.jpeg 768w, https:\/\/cloud.alqueria.es\/wp-content\/uploads\/sites\/7\/2023\/02\/CBA98ECE-ED16-41E9-A226-D29401EDF6E8-225x300.jpeg 225w, https:\/\/cloud.alqueria.es\/wp-content\/uploads\/sites\/7\/2023\/02\/CBA98ECE-ED16-41E9-A226-D29401EDF6E8-1152x1536.jpeg 1152w, https:\/\/cloud.alqueria.es\/wp-content\/uploads\/sites\/7\/2023\/02\/CBA98ECE-ED16-41E9-A226-D29401EDF6E8.jpeg 1200w\" sizes=\"(max-width: 474px) 100vw, 474px\" \/><br \/>\n<\/span><\/p>\n<p><span style=\"color: #008000\">Maribel, madre de Jaime S., ha tenido el gusto de venir a colaborar en este d\u00eda con una presentaci\u00f3n sobre EL OLIVO en la que ella y Jaime nos han acercado a este \u00e1rbol tan caracter\u00edstico de Andaluc\u00eda.\u00a0<\/span><\/p>\n<p><span style=\"color: #008000\"><img decoding=\"async\" data-attachment-id=\"28052\" data-permalink=\"https:\/\/www.alqueria.es\/blogs\/alqueriasegundociclo\/2023\/02\/26\/el-olivo-y-los-animales\/ff6483aa-e891-474b-8d66-2cec93a9e75e\/\" data-orig-file=\"https:\/\/cloud.alqueria.es\/wp-content\/uploads\/sites\/7\/2023\/02\/FF6483AA-E891-474B-8D66-2CEC93A9E75E.jpeg\" data-orig-size=\"1200,1600\" data-comments-opened=\"1\" data-image-meta=\"{&quot;aperture&quot;:&quot;0&quot;,&quot;credit&quot;:&quot;&quot;,&quot;camera&quot;:&quot;&quot;,&quot;caption&quot;:&quot;&quot;,&quot;created_timestamp&quot;:&quot;0&quot;,&quot;copyright&quot;:&quot;&quot;,&quot;focal_length&quot;:&quot;0&quot;,&quot;iso&quot;:&quot;0&quot;,&quot;shutter_speed&quot;:&quot;0&quot;,&quot;title&quot;:&quot;&quot;,&quot;orientation&quot;:&quot;0&quot;}\" data-image-title=\"FF6483AA-E891-474B-8D66-2CEC93A9E75E\" data-image-description=\"\" data-image-caption=\"\" data-large-file=\"https:\/\/cloud.alqueria.es\/wp-content\/uploads\/sites\/7\/2023\/02\/FF6483AA-E891-474B-8D66-2CEC93A9E75E-768x1024.jpeg\" class=\"aligncenter size-large wp-image-28052\" src=\"https:\/\/cloud.alqueria.es\/wp-content\/uploads\/sites\/7\/2023\/02\/FF6483AA-E891-474B-8D66-2CEC93A9E75E-768x1024.jpeg\" alt=\"\" width=\"474\" height=\"632\" srcset=\"https:\/\/cloud.alqueria.es\/wp-content\/uploads\/sites\/7\/2023\/02\/FF6483AA-E891-474B-8D66-2CEC93A9E75E-768x1024.jpeg 768w, https:\/\/cloud.alqueria.es\/wp-content\/uploads\/sites\/7\/2023\/02\/FF6483AA-E891-474B-8D66-2CEC93A9E75E-225x300.jpeg 225w, https:\/\/cloud.alqueria.es\/wp-content\/uploads\/sites\/7\/2023\/02\/FF6483AA-E891-474B-8D66-2CEC93A9E75E-1152x1536.jpeg 1152w, https:\/\/cloud.alqueria.es\/wp-content\/uploads\/sites\/7\/2023\/02\/FF6483AA-E891-474B-8D66-2CEC93A9E75E.jpeg 1200w\" sizes=\"(max-width: 474px) 100vw, 474px\" \/> <img decoding=\"async\" data-attachment-id=\"28053\" data-permalink=\"https:\/\/www.alqueria.es\/blogs\/alqueriasegundociclo\/2023\/02\/26\/el-olivo-y-los-animales\/6a98b6e2-1441-4b65-9b46-273f763fc685\/\" data-orig-file=\"https:\/\/cloud.alqueria.es\/wp-content\/uploads\/sites\/7\/2023\/02\/6A98B6E2-1441-4B65-9B46-273F763FC685.jpeg\" data-orig-size=\"1600,1200\" data-comments-opened=\"1\" data-image-meta=\"{&quot;aperture&quot;:&quot;0&quot;,&quot;credit&quot;:&quot;&quot;,&quot;camera&quot;:&quot;&quot;,&quot;caption&quot;:&quot;&quot;,&quot;created_timestamp&quot;:&quot;0&quot;,&quot;copyright&quot;:&quot;&quot;,&quot;focal_length&quot;:&quot;0&quot;,&quot;iso&quot;:&quot;0&quot;,&quot;shutter_speed&quot;:&quot;0&quot;,&quot;title&quot;:&quot;&quot;,&quot;orientation&quot;:&quot;0&quot;}\" data-image-title=\"6A98B6E2-1441-4B65-9B46-273F763FC685\" data-image-description=\"\" data-image-caption=\"\" data-large-file=\"https:\/\/cloud.alqueria.es\/wp-content\/uploads\/sites\/7\/2023\/02\/6A98B6E2-1441-4B65-9B46-273F763FC685-1024x768.jpeg\" class=\"alignnone size-medium wp-image-28053\" src=\"https:\/\/cloud.alqueria.es\/wp-content\/uploads\/sites\/7\/2023\/02\/6A98B6E2-1441-4B65-9B46-273F763FC685-300x225.jpeg\" alt=\"\" width=\"300\" height=\"225\" srcset=\"https:\/\/cloud.alqueria.es\/wp-content\/uploads\/sites\/7\/2023\/02\/6A98B6E2-1441-4B65-9B46-273F763FC685-300x225.jpeg 300w, https:\/\/cloud.alqueria.es\/wp-content\/uploads\/sites\/7\/2023\/02\/6A98B6E2-1441-4B65-9B46-273F763FC685-1024x768.jpeg 1024w, https:\/\/cloud.alqueria.es\/wp-content\/uploads\/sites\/7\/2023\/02\/6A98B6E2-1441-4B65-9B46-273F763FC685-768x576.jpeg 768w, https:\/\/cloud.alqueria.es\/wp-content\/uploads\/sites\/7\/2023\/02\/6A98B6E2-1441-4B65-9B46-273F763FC685-1536x1152.jpeg 1536w, https:\/\/cloud.alqueria.es\/wp-content\/uploads\/sites\/7\/2023\/02\/6A98B6E2-1441-4B65-9B46-273F763FC685.jpeg 1600w\" sizes=\"(max-width: 300px) 100vw, 300px\" \/><br \/>\nMaribel trabaja en una f\u00e1brica de aceite y lo conoce a la perfecci\u00f3n. Nos cuenta que ella es la responsable de clasificar el aceite seg\u00fan su calidad, pero antes de llegar a ese punto nos cuenta todo el proceso. Empiezan explicando la planta, su partes, de d\u00f3nde proviene la planta y su nombre, sus caracter\u00edsticas, se centran en el fruto. Aqu\u00ed nos cuenta los usos de la aceituna una vez recolectada, para aceitunas o para aceite; contin\u00faa la exposici\u00f3n con este segundo uso. Con una imagen acompa\u00f1ada de una muy cercana explicaci\u00f3n van relatando el proceso de elaboraci\u00f3n del AOV, \u00a1nos ha hecho mucho hincapi\u00e9 en esta V del final, es muy importante! Preguntad a vuestros hijos\/as por esto. Por \u00faltimo Jaime, que le encanta la imagen y lo que significa, nos cuenta que el olivo forma parte del s\u00edmbolo de la ONU.\u00a0<\/span><\/p>\n<div class=\"a25-CTUOC-hidding-box\" data-original-content=\"&lt;iframe title=&quot;EL OLIVO&quot; src=&quot;https:\/\/www.slideshare.net\/slideshow\/embed_code\/key\/nepXQlKXy5sV1Q&quot; width=&quot;427&quot; height=&quot;356&quot; frameborder=&quot;0&quot; marginwidth=&quot;0&quot; marginheight=&quot;0&quot; scrolling=&quot;no&quot; style=&quot;border:1px solid #CCC; border-width:1px; margin-bottom:5px; max-width: 100%;&quot; allowfullscreen&gt; &lt;\/iframe&gt;\">Esta p\u00e1gina incluye contenido multimedia que requiere aceptar todas las cookies. Pulse aqu\u00ed para abrir la configuraci\u00f3n de cookies.<\/div>\n<div style=\"margin-bottom:5px\"> <strong> <a href=\"https:\/\/es.slideshare.net\/laurajj\/el-olivo-256092139\" title=\"EL OLIVO\" target=\"_blank\">EL OLIVO<\/a> <\/strong> from <strong><a href=\"https:\/\/www.slideshare.net\/laurajj\" target=\"_blank\">laurajj<\/a><\/strong> <\/div>\n<p><span style=\"color: #008000\">No cre\u00e1is que aqu\u00ed ha acabado todo! Hemos tenido un taller de \u00abCATA DE ACEITE\u00bb.\u00a0<\/span><\/p>\n<p><span style=\"color: #008000\">Maribel nos ha explicado las caracter\u00edsticas de los diferentes tipos de aceites que probar\u00edamos. Nos disponemos entonces a catar el aceite y distinguir los aromas, sabores (frutados, amargos, picantes) de los mismos, el gusto en la lengua y luego en la garganta.\u00a0<\/span><\/p>\n<p>&nbsp;<\/p>\n<p><span style=\"color: #008000\">As\u00ed pues, degustamos (con ayuda de pan) ARBEQUINO, PICUAL, HOJIBLANCA, COUPAGE y ACEITE DE OLIVA (sin el apellido \u00abvirgen\u00bb).<br \/>\n<img decoding=\"async\" data-attachment-id=\"28055\" data-permalink=\"https:\/\/www.alqueria.es\/blogs\/alqueriasegundociclo\/2023\/02\/26\/el-olivo-y-los-animales\/f9cea2d3-80a9-4cfe-acd3-21b2d75961e2\/\" data-orig-file=\"https:\/\/cloud.alqueria.es\/wp-content\/uploads\/sites\/7\/2023\/02\/F9CEA2D3-80A9-4CFE-ACD3-21B2D75961E2.jpeg\" data-orig-size=\"1600,1200\" data-comments-opened=\"1\" data-image-meta=\"{&quot;aperture&quot;:&quot;0&quot;,&quot;credit&quot;:&quot;&quot;,&quot;camera&quot;:&quot;&quot;,&quot;caption&quot;:&quot;&quot;,&quot;created_timestamp&quot;:&quot;0&quot;,&quot;copyright&quot;:&quot;&quot;,&quot;focal_length&quot;:&quot;0&quot;,&quot;iso&quot;:&quot;0&quot;,&quot;shutter_speed&quot;:&quot;0&quot;,&quot;title&quot;:&quot;&quot;,&quot;orientation&quot;:&quot;0&quot;}\" data-image-title=\"F9CEA2D3-80A9-4CFE-ACD3-21B2D75961E2\" data-image-description=\"\" data-image-caption=\"\" data-large-file=\"https:\/\/cloud.alqueria.es\/wp-content\/uploads\/sites\/7\/2023\/02\/F9CEA2D3-80A9-4CFE-ACD3-21B2D75961E2-1024x768.jpeg\" class=\"aligncenter size-medium wp-image-28055\" src=\"https:\/\/cloud.alqueria.es\/wp-content\/uploads\/sites\/7\/2023\/02\/F9CEA2D3-80A9-4CFE-ACD3-21B2D75961E2-300x225.jpeg\" alt=\"\" width=\"300\" height=\"225\" srcset=\"https:\/\/cloud.alqueria.es\/wp-content\/uploads\/sites\/7\/2023\/02\/F9CEA2D3-80A9-4CFE-ACD3-21B2D75961E2-300x225.jpeg 300w, https:\/\/cloud.alqueria.es\/wp-content\/uploads\/sites\/7\/2023\/02\/F9CEA2D3-80A9-4CFE-ACD3-21B2D75961E2-1024x768.jpeg 1024w, https:\/\/cloud.alqueria.es\/wp-content\/uploads\/sites\/7\/2023\/02\/F9CEA2D3-80A9-4CFE-ACD3-21B2D75961E2-768x576.jpeg 768w, https:\/\/cloud.alqueria.es\/wp-content\/uploads\/sites\/7\/2023\/02\/F9CEA2D3-80A9-4CFE-ACD3-21B2D75961E2-1536x1152.jpeg 1536w, https:\/\/cloud.alqueria.es\/wp-content\/uploads\/sites\/7\/2023\/02\/F9CEA2D3-80A9-4CFE-ACD3-21B2D75961E2.jpeg 1600w\" sizes=\"(max-width: 300px) 100vw, 300px\" \/> <img decoding=\"async\" data-attachment-id=\"28056\" data-permalink=\"https:\/\/www.alqueria.es\/blogs\/alqueriasegundociclo\/2023\/02\/26\/el-olivo-y-los-animales\/38281f5c-2868-40a5-98a4-69064bc37bfd\/\" data-orig-file=\"https:\/\/cloud.alqueria.es\/wp-content\/uploads\/sites\/7\/2023\/02\/38281F5C-2868-40A5-98A4-69064BC37BFD.jpeg\" data-orig-size=\"1600,1200\" data-comments-opened=\"1\" data-image-meta=\"{&quot;aperture&quot;:&quot;0&quot;,&quot;credit&quot;:&quot;&quot;,&quot;camera&quot;:&quot;&quot;,&quot;caption&quot;:&quot;&quot;,&quot;created_timestamp&quot;:&quot;0&quot;,&quot;copyright&quot;:&quot;&quot;,&quot;focal_length&quot;:&quot;0&quot;,&quot;iso&quot;:&quot;0&quot;,&quot;shutter_speed&quot;:&quot;0&quot;,&quot;title&quot;:&quot;&quot;,&quot;orientation&quot;:&quot;0&quot;}\" data-image-title=\"38281F5C-2868-40A5-98A4-69064BC37BFD\" data-image-description=\"\" data-image-caption=\"\" data-large-file=\"https:\/\/cloud.alqueria.es\/wp-content\/uploads\/sites\/7\/2023\/02\/38281F5C-2868-40A5-98A4-69064BC37BFD-1024x768.jpeg\" class=\"aligncenter size-large wp-image-28056\" src=\"https:\/\/cloud.alqueria.es\/wp-content\/uploads\/sites\/7\/2023\/02\/38281F5C-2868-40A5-98A4-69064BC37BFD-1024x768.jpeg\" alt=\"\" width=\"474\" height=\"356\" srcset=\"https:\/\/cloud.alqueria.es\/wp-content\/uploads\/sites\/7\/2023\/02\/38281F5C-2868-40A5-98A4-69064BC37BFD-1024x768.jpeg 1024w, https:\/\/cloud.alqueria.es\/wp-content\/uploads\/sites\/7\/2023\/02\/38281F5C-2868-40A5-98A4-69064BC37BFD-300x225.jpeg 300w, https:\/\/cloud.alqueria.es\/wp-content\/uploads\/sites\/7\/2023\/02\/38281F5C-2868-40A5-98A4-69064BC37BFD-768x576.jpeg 768w, https:\/\/cloud.alqueria.es\/wp-content\/uploads\/sites\/7\/2023\/02\/38281F5C-2868-40A5-98A4-69064BC37BFD-1536x1152.jpeg 1536w, https:\/\/cloud.alqueria.es\/wp-content\/uploads\/sites\/7\/2023\/02\/38281F5C-2868-40A5-98A4-69064BC37BFD.jpeg 1600w\" sizes=\"(max-width: 474px) 100vw, 474px\" \/> <img decoding=\"async\" data-attachment-id=\"28057\" data-permalink=\"https:\/\/www.alqueria.es\/blogs\/alqueriasegundociclo\/2023\/02\/26\/el-olivo-y-los-animales\/69601d93-a974-45e6-9d06-78adb26a0b5d\/\" data-orig-file=\"https:\/\/cloud.alqueria.es\/wp-content\/uploads\/sites\/7\/2023\/02\/69601D93-A974-45E6-9D06-78ADB26A0B5D.jpeg\" data-orig-size=\"1200,1600\" data-comments-opened=\"1\" data-image-meta=\"{&quot;aperture&quot;:&quot;0&quot;,&quot;credit&quot;:&quot;&quot;,&quot;camera&quot;:&quot;&quot;,&quot;caption&quot;:&quot;&quot;,&quot;created_timestamp&quot;:&quot;0&quot;,&quot;copyright&quot;:&quot;&quot;,&quot;focal_length&quot;:&quot;0&quot;,&quot;iso&quot;:&quot;0&quot;,&quot;shutter_speed&quot;:&quot;0&quot;,&quot;title&quot;:&quot;&quot;,&quot;orientation&quot;:&quot;0&quot;}\" data-image-title=\"69601D93-A974-45E6-9D06-78ADB26A0B5D\" data-image-description=\"\" data-image-caption=\"\" data-large-file=\"https:\/\/cloud.alqueria.es\/wp-content\/uploads\/sites\/7\/2023\/02\/69601D93-A974-45E6-9D06-78ADB26A0B5D-768x1024.jpeg\" class=\"aligncenter size-large wp-image-28057\" src=\"https:\/\/cloud.alqueria.es\/wp-content\/uploads\/sites\/7\/2023\/02\/69601D93-A974-45E6-9D06-78ADB26A0B5D-768x1024.jpeg\" alt=\"\" width=\"474\" height=\"632\" srcset=\"https:\/\/cloud.alqueria.es\/wp-content\/uploads\/sites\/7\/2023\/02\/69601D93-A974-45E6-9D06-78ADB26A0B5D-768x1024.jpeg 768w, https:\/\/cloud.alqueria.es\/wp-content\/uploads\/sites\/7\/2023\/02\/69601D93-A974-45E6-9D06-78ADB26A0B5D-225x300.jpeg 225w, https:\/\/cloud.alqueria.es\/wp-content\/uploads\/sites\/7\/2023\/02\/69601D93-A974-45E6-9D06-78ADB26A0B5D-1152x1536.jpeg 1152w, https:\/\/cloud.alqueria.es\/wp-content\/uploads\/sites\/7\/2023\/02\/69601D93-A974-45E6-9D06-78ADB26A0B5D.jpeg 1200w\" sizes=\"(max-width: 474px) 100vw, 474px\" \/> <img decoding=\"async\" data-attachment-id=\"28058\" data-permalink=\"https:\/\/www.alqueria.es\/blogs\/alqueriasegundociclo\/2023\/02\/26\/el-olivo-y-los-animales\/4b4e14ca-0bee-4c17-acc1-feee7210df15\/\" data-orig-file=\"https:\/\/cloud.alqueria.es\/wp-content\/uploads\/sites\/7\/2023\/02\/4B4E14CA-0BEE-4C17-ACC1-FEEE7210DF15.jpeg\" data-orig-size=\"1200,1600\" data-comments-opened=\"1\" data-image-meta=\"{&quot;aperture&quot;:&quot;0&quot;,&quot;credit&quot;:&quot;&quot;,&quot;camera&quot;:&quot;&quot;,&quot;caption&quot;:&quot;&quot;,&quot;created_timestamp&quot;:&quot;0&quot;,&quot;copyright&quot;:&quot;&quot;,&quot;focal_length&quot;:&quot;0&quot;,&quot;iso&quot;:&quot;0&quot;,&quot;shutter_speed&quot;:&quot;0&quot;,&quot;title&quot;:&quot;&quot;,&quot;orientation&quot;:&quot;0&quot;}\" data-image-title=\"4B4E14CA-0BEE-4C17-ACC1-FEEE7210DF15\" data-image-description=\"\" data-image-caption=\"\" data-large-file=\"https:\/\/cloud.alqueria.es\/wp-content\/uploads\/sites\/7\/2023\/02\/4B4E14CA-0BEE-4C17-ACC1-FEEE7210DF15-768x1024.jpeg\" class=\"aligncenter size-large wp-image-28058\" src=\"https:\/\/cloud.alqueria.es\/wp-content\/uploads\/sites\/7\/2023\/02\/4B4E14CA-0BEE-4C17-ACC1-FEEE7210DF15-768x1024.jpeg\" alt=\"\" width=\"474\" height=\"632\" srcset=\"https:\/\/cloud.alqueria.es\/wp-content\/uploads\/sites\/7\/2023\/02\/4B4E14CA-0BEE-4C17-ACC1-FEEE7210DF15-768x1024.jpeg 768w, https:\/\/cloud.alqueria.es\/wp-content\/uploads\/sites\/7\/2023\/02\/4B4E14CA-0BEE-4C17-ACC1-FEEE7210DF15-225x300.jpeg 225w, https:\/\/cloud.alqueria.es\/wp-content\/uploads\/sites\/7\/2023\/02\/4B4E14CA-0BEE-4C17-ACC1-FEEE7210DF15-1152x1536.jpeg 1152w, https:\/\/cloud.alqueria.es\/wp-content\/uploads\/sites\/7\/2023\/02\/4B4E14CA-0BEE-4C17-ACC1-FEEE7210DF15.jpeg 1200w\" sizes=\"(max-width: 474px) 100vw, 474px\" \/> <img decoding=\"async\" data-attachment-id=\"28059\" data-permalink=\"https:\/\/www.alqueria.es\/blogs\/alqueriasegundociclo\/2023\/02\/26\/el-olivo-y-los-animales\/5bf22b49-1403-4358-a5a5-ae03597e586b\/\" data-orig-file=\"https:\/\/cloud.alqueria.es\/wp-content\/uploads\/sites\/7\/2023\/02\/5BF22B49-1403-4358-A5A5-AE03597E586B.jpeg\" data-orig-size=\"1200,1600\" data-comments-opened=\"1\" data-image-meta=\"{&quot;aperture&quot;:&quot;0&quot;,&quot;credit&quot;:&quot;&quot;,&quot;camera&quot;:&quot;&quot;,&quot;caption&quot;:&quot;&quot;,&quot;created_timestamp&quot;:&quot;0&quot;,&quot;copyright&quot;:&quot;&quot;,&quot;focal_length&quot;:&quot;0&quot;,&quot;iso&quot;:&quot;0&quot;,&quot;shutter_speed&quot;:&quot;0&quot;,&quot;title&quot;:&quot;&quot;,&quot;orientation&quot;:&quot;0&quot;}\" data-image-title=\"5BF22B49-1403-4358-A5A5-AE03597E586B\" data-image-description=\"\" data-image-caption=\"\" data-large-file=\"https:\/\/cloud.alqueria.es\/wp-content\/uploads\/sites\/7\/2023\/02\/5BF22B49-1403-4358-A5A5-AE03597E586B-768x1024.jpeg\" class=\"aligncenter size-large wp-image-28059\" src=\"https:\/\/cloud.alqueria.es\/wp-content\/uploads\/sites\/7\/2023\/02\/5BF22B49-1403-4358-A5A5-AE03597E586B-768x1024.jpeg\" alt=\"\" width=\"474\" height=\"632\" srcset=\"https:\/\/cloud.alqueria.es\/wp-content\/uploads\/sites\/7\/2023\/02\/5BF22B49-1403-4358-A5A5-AE03597E586B-768x1024.jpeg 768w, https:\/\/cloud.alqueria.es\/wp-content\/uploads\/sites\/7\/2023\/02\/5BF22B49-1403-4358-A5A5-AE03597E586B-225x300.jpeg 225w, https:\/\/cloud.alqueria.es\/wp-content\/uploads\/sites\/7\/2023\/02\/5BF22B49-1403-4358-A5A5-AE03597E586B-1152x1536.jpeg 1152w, https:\/\/cloud.alqueria.es\/wp-content\/uploads\/sites\/7\/2023\/02\/5BF22B49-1403-4358-A5A5-AE03597E586B.jpeg 1200w\" sizes=\"(max-width: 474px) 100vw, 474px\" \/> <img decoding=\"async\" data-attachment-id=\"28060\" data-permalink=\"https:\/\/www.alqueria.es\/blogs\/alqueriasegundociclo\/2023\/02\/26\/el-olivo-y-los-animales\/8239265a-a226-4028-a7ad-3f0191e94114\/\" data-orig-file=\"https:\/\/cloud.alqueria.es\/wp-content\/uploads\/sites\/7\/2023\/02\/8239265A-A226-4028-A7AD-3F0191E94114.jpeg\" data-orig-size=\"1200,1600\" data-comments-opened=\"1\" data-image-meta=\"{&quot;aperture&quot;:&quot;0&quot;,&quot;credit&quot;:&quot;&quot;,&quot;camera&quot;:&quot;&quot;,&quot;caption&quot;:&quot;&quot;,&quot;created_timestamp&quot;:&quot;0&quot;,&quot;copyright&quot;:&quot;&quot;,&quot;focal_length&quot;:&quot;0&quot;,&quot;iso&quot;:&quot;0&quot;,&quot;shutter_speed&quot;:&quot;0&quot;,&quot;title&quot;:&quot;&quot;,&quot;orientation&quot;:&quot;0&quot;}\" data-image-title=\"8239265A-A226-4028-A7AD-3F0191E94114\" data-image-description=\"\" data-image-caption=\"\" data-large-file=\"https:\/\/cloud.alqueria.es\/wp-content\/uploads\/sites\/7\/2023\/02\/8239265A-A226-4028-A7AD-3F0191E94114-768x1024.jpeg\" class=\"aligncenter size-large wp-image-28060\" src=\"https:\/\/cloud.alqueria.es\/wp-content\/uploads\/sites\/7\/2023\/02\/8239265A-A226-4028-A7AD-3F0191E94114-768x1024.jpeg\" alt=\"\" width=\"474\" height=\"632\" srcset=\"https:\/\/cloud.alqueria.es\/wp-content\/uploads\/sites\/7\/2023\/02\/8239265A-A226-4028-A7AD-3F0191E94114-768x1024.jpeg 768w, https:\/\/cloud.alqueria.es\/wp-content\/uploads\/sites\/7\/2023\/02\/8239265A-A226-4028-A7AD-3F0191E94114-225x300.jpeg 225w, https:\/\/cloud.alqueria.es\/wp-content\/uploads\/sites\/7\/2023\/02\/8239265A-A226-4028-A7AD-3F0191E94114-1152x1536.jpeg 1152w, https:\/\/cloud.alqueria.es\/wp-content\/uploads\/sites\/7\/2023\/02\/8239265A-A226-4028-A7AD-3F0191E94114.jpeg 1200w\" sizes=\"(max-width: 474px) 100vw, 474px\" \/> <img decoding=\"async\" data-attachment-id=\"28061\" data-permalink=\"https:\/\/www.alqueria.es\/blogs\/alqueriasegundociclo\/2023\/02\/26\/el-olivo-y-los-animales\/119a4b98-58f2-4581-99ee-97d988901af1\/\" data-orig-file=\"https:\/\/cloud.alqueria.es\/wp-content\/uploads\/sites\/7\/2023\/02\/119A4B98-58F2-4581-99EE-97D988901AF1.jpeg\" data-orig-size=\"1200,1600\" data-comments-opened=\"1\" data-image-meta=\"{&quot;aperture&quot;:&quot;0&quot;,&quot;credit&quot;:&quot;&quot;,&quot;camera&quot;:&quot;&quot;,&quot;caption&quot;:&quot;&quot;,&quot;created_timestamp&quot;:&quot;0&quot;,&quot;copyright&quot;:&quot;&quot;,&quot;focal_length&quot;:&quot;0&quot;,&quot;iso&quot;:&quot;0&quot;,&quot;shutter_speed&quot;:&quot;0&quot;,&quot;title&quot;:&quot;&quot;,&quot;orientation&quot;:&quot;0&quot;}\" data-image-title=\"119A4B98-58F2-4581-99EE-97D988901AF1\" data-image-description=\"\" data-image-caption=\"\" data-large-file=\"https:\/\/cloud.alqueria.es\/wp-content\/uploads\/sites\/7\/2023\/02\/119A4B98-58F2-4581-99EE-97D988901AF1-768x1024.jpeg\" class=\"aligncenter size-large wp-image-28061\" src=\"https:\/\/cloud.alqueria.es\/wp-content\/uploads\/sites\/7\/2023\/02\/119A4B98-58F2-4581-99EE-97D988901AF1-768x1024.jpeg\" alt=\"\" width=\"474\" height=\"632\" srcset=\"https:\/\/cloud.alqueria.es\/wp-content\/uploads\/sites\/7\/2023\/02\/119A4B98-58F2-4581-99EE-97D988901AF1-768x1024.jpeg 768w, https:\/\/cloud.alqueria.es\/wp-content\/uploads\/sites\/7\/2023\/02\/119A4B98-58F2-4581-99EE-97D988901AF1-225x300.jpeg 225w, https:\/\/cloud.alqueria.es\/wp-content\/uploads\/sites\/7\/2023\/02\/119A4B98-58F2-4581-99EE-97D988901AF1-1152x1536.jpeg 1152w, https:\/\/cloud.alqueria.es\/wp-content\/uploads\/sites\/7\/2023\/02\/119A4B98-58F2-4581-99EE-97D988901AF1.jpeg 1200w\" sizes=\"(max-width: 474px) 100vw, 474px\" \/><br \/>\n<\/span><\/p>\n<p><span style=\"color: #008000\">Luego, todo el que ha querido ha elegido el que m\u00e1s le ha gustado y lo ha catado como un aut\u00e9ntico profesional, en vaso. Las sensaciones en paladar y garganta ahora eran distintas.<br \/>\n<img decoding=\"async\" data-attachment-id=\"28063\" data-permalink=\"https:\/\/www.alqueria.es\/blogs\/alqueriasegundociclo\/2023\/02\/26\/el-olivo-y-los-animales\/f577b2b8-1ca8-49f4-8346-39828e603a7a\/\" data-orig-file=\"https:\/\/cloud.alqueria.es\/wp-content\/uploads\/sites\/7\/2023\/02\/F577B2B8-1CA8-49F4-8346-39828E603A7A.jpeg\" data-orig-size=\"1200,1600\" data-comments-opened=\"1\" data-image-meta=\"{&quot;aperture&quot;:&quot;0&quot;,&quot;credit&quot;:&quot;&quot;,&quot;camera&quot;:&quot;&quot;,&quot;caption&quot;:&quot;&quot;,&quot;created_timestamp&quot;:&quot;0&quot;,&quot;copyright&quot;:&quot;&quot;,&quot;focal_length&quot;:&quot;0&quot;,&quot;iso&quot;:&quot;0&quot;,&quot;shutter_speed&quot;:&quot;0&quot;,&quot;title&quot;:&quot;&quot;,&quot;orientation&quot;:&quot;0&quot;}\" data-image-title=\"F577B2B8-1CA8-49F4-8346-39828E603A7A\" data-image-description=\"\" data-image-caption=\"\" data-large-file=\"https:\/\/cloud.alqueria.es\/wp-content\/uploads\/sites\/7\/2023\/02\/F577B2B8-1CA8-49F4-8346-39828E603A7A-768x1024.jpeg\" class=\"aligncenter size-large wp-image-28063\" src=\"https:\/\/cloud.alqueria.es\/wp-content\/uploads\/sites\/7\/2023\/02\/F577B2B8-1CA8-49F4-8346-39828E603A7A-768x1024.jpeg\" alt=\"\" width=\"474\" height=\"632\" srcset=\"https:\/\/cloud.alqueria.es\/wp-content\/uploads\/sites\/7\/2023\/02\/F577B2B8-1CA8-49F4-8346-39828E603A7A-768x1024.jpeg 768w, https:\/\/cloud.alqueria.es\/wp-content\/uploads\/sites\/7\/2023\/02\/F577B2B8-1CA8-49F4-8346-39828E603A7A-225x300.jpeg 225w, https:\/\/cloud.alqueria.es\/wp-content\/uploads\/sites\/7\/2023\/02\/F577B2B8-1CA8-49F4-8346-39828E603A7A-1152x1536.jpeg 1152w, https:\/\/cloud.alqueria.es\/wp-content\/uploads\/sites\/7\/2023\/02\/F577B2B8-1CA8-49F4-8346-39828E603A7A.jpeg 1200w\" sizes=\"(max-width: 474px) 100vw, 474px\" \/> <img decoding=\"async\" data-attachment-id=\"28064\" data-permalink=\"https:\/\/www.alqueria.es\/blogs\/alqueriasegundociclo\/2023\/02\/26\/el-olivo-y-los-animales\/cd9dabf4-f661-4c97-ae3f-661b133a72da\/\" data-orig-file=\"https:\/\/cloud.alqueria.es\/wp-content\/uploads\/sites\/7\/2023\/02\/CD9DABF4-F661-4C97-AE3F-661B133A72DA.jpeg\" data-orig-size=\"1200,1600\" data-comments-opened=\"1\" data-image-meta=\"{&quot;aperture&quot;:&quot;0&quot;,&quot;credit&quot;:&quot;&quot;,&quot;camera&quot;:&quot;&quot;,&quot;caption&quot;:&quot;&quot;,&quot;created_timestamp&quot;:&quot;0&quot;,&quot;copyright&quot;:&quot;&quot;,&quot;focal_length&quot;:&quot;0&quot;,&quot;iso&quot;:&quot;0&quot;,&quot;shutter_speed&quot;:&quot;0&quot;,&quot;title&quot;:&quot;&quot;,&quot;orientation&quot;:&quot;0&quot;}\" data-image-title=\"CD9DABF4-F661-4C97-AE3F-661B133A72DA\" data-image-description=\"\" data-image-caption=\"\" data-large-file=\"https:\/\/cloud.alqueria.es\/wp-content\/uploads\/sites\/7\/2023\/02\/CD9DABF4-F661-4C97-AE3F-661B133A72DA-768x1024.jpeg\" class=\"aligncenter size-large wp-image-28064\" src=\"https:\/\/cloud.alqueria.es\/wp-content\/uploads\/sites\/7\/2023\/02\/CD9DABF4-F661-4C97-AE3F-661B133A72DA-768x1024.jpeg\" alt=\"\" width=\"474\" height=\"632\" srcset=\"https:\/\/cloud.alqueria.es\/wp-content\/uploads\/sites\/7\/2023\/02\/CD9DABF4-F661-4C97-AE3F-661B133A72DA-768x1024.jpeg 768w, https:\/\/cloud.alqueria.es\/wp-content\/uploads\/sites\/7\/2023\/02\/CD9DABF4-F661-4C97-AE3F-661B133A72DA-225x300.jpeg 225w, https:\/\/cloud.alqueria.es\/wp-content\/uploads\/sites\/7\/2023\/02\/CD9DABF4-F661-4C97-AE3F-661B133A72DA-1152x1536.jpeg 1152w, https:\/\/cloud.alqueria.es\/wp-content\/uploads\/sites\/7\/2023\/02\/CD9DABF4-F661-4C97-AE3F-661B133A72DA.jpeg 1200w\" sizes=\"(max-width: 474px) 100vw, 474px\" \/> <img decoding=\"async\" data-attachment-id=\"28065\" data-permalink=\"https:\/\/www.alqueria.es\/blogs\/alqueriasegundociclo\/2023\/02\/26\/el-olivo-y-los-animales\/ebd3f9e8-1fed-42c1-82e3-949698778c24\/\" data-orig-file=\"https:\/\/cloud.alqueria.es\/wp-content\/uploads\/sites\/7\/2023\/02\/EBD3F9E8-1FED-42C1-82E3-949698778C24.jpeg\" data-orig-size=\"1200,1600\" data-comments-opened=\"1\" data-image-meta=\"{&quot;aperture&quot;:&quot;0&quot;,&quot;credit&quot;:&quot;&quot;,&quot;camera&quot;:&quot;&quot;,&quot;caption&quot;:&quot;&quot;,&quot;created_timestamp&quot;:&quot;0&quot;,&quot;copyright&quot;:&quot;&quot;,&quot;focal_length&quot;:&quot;0&quot;,&quot;iso&quot;:&quot;0&quot;,&quot;shutter_speed&quot;:&quot;0&quot;,&quot;title&quot;:&quot;&quot;,&quot;orientation&quot;:&quot;0&quot;}\" data-image-title=\"EBD3F9E8-1FED-42C1-82E3-949698778C24\" data-image-description=\"\" data-image-caption=\"\" data-large-file=\"https:\/\/cloud.alqueria.es\/wp-content\/uploads\/sites\/7\/2023\/02\/EBD3F9E8-1FED-42C1-82E3-949698778C24-768x1024.jpeg\" class=\"aligncenter size-large wp-image-28065\" src=\"https:\/\/cloud.alqueria.es\/wp-content\/uploads\/sites\/7\/2023\/02\/EBD3F9E8-1FED-42C1-82E3-949698778C24-768x1024.jpeg\" alt=\"\" width=\"474\" height=\"632\" srcset=\"https:\/\/cloud.alqueria.es\/wp-content\/uploads\/sites\/7\/2023\/02\/EBD3F9E8-1FED-42C1-82E3-949698778C24-768x1024.jpeg 768w, https:\/\/cloud.alqueria.es\/wp-content\/uploads\/sites\/7\/2023\/02\/EBD3F9E8-1FED-42C1-82E3-949698778C24-225x300.jpeg 225w, https:\/\/cloud.alqueria.es\/wp-content\/uploads\/sites\/7\/2023\/02\/EBD3F9E8-1FED-42C1-82E3-949698778C24-1152x1536.jpeg 1152w, https:\/\/cloud.alqueria.es\/wp-content\/uploads\/sites\/7\/2023\/02\/EBD3F9E8-1FED-42C1-82E3-949698778C24.jpeg 1200w\" sizes=\"(max-width: 474px) 100vw, 474px\" \/> <img decoding=\"async\" data-attachment-id=\"28066\" data-permalink=\"https:\/\/www.alqueria.es\/blogs\/alqueriasegundociclo\/2023\/02\/26\/el-olivo-y-los-animales\/c6bf827a-a816-41cf-82dc-15abe3c5d928\/\" data-orig-file=\"https:\/\/cloud.alqueria.es\/wp-content\/uploads\/sites\/7\/2023\/02\/C6BF827A-A816-41CF-82DC-15ABE3C5D928.jpeg\" data-orig-size=\"1200,1600\" data-comments-opened=\"1\" data-image-meta=\"{&quot;aperture&quot;:&quot;0&quot;,&quot;credit&quot;:&quot;&quot;,&quot;camera&quot;:&quot;&quot;,&quot;caption&quot;:&quot;&quot;,&quot;created_timestamp&quot;:&quot;0&quot;,&quot;copyright&quot;:&quot;&quot;,&quot;focal_length&quot;:&quot;0&quot;,&quot;iso&quot;:&quot;0&quot;,&quot;shutter_speed&quot;:&quot;0&quot;,&quot;title&quot;:&quot;&quot;,&quot;orientation&quot;:&quot;0&quot;}\" data-image-title=\"C6BF827A-A816-41CF-82DC-15ABE3C5D928\" data-image-description=\"\" data-image-caption=\"\" data-large-file=\"https:\/\/cloud.alqueria.es\/wp-content\/uploads\/sites\/7\/2023\/02\/C6BF827A-A816-41CF-82DC-15ABE3C5D928-768x1024.jpeg\" class=\"aligncenter size-large wp-image-28066\" src=\"https:\/\/cloud.alqueria.es\/wp-content\/uploads\/sites\/7\/2023\/02\/C6BF827A-A816-41CF-82DC-15ABE3C5D928-768x1024.jpeg\" alt=\"\" width=\"474\" height=\"632\" srcset=\"https:\/\/cloud.alqueria.es\/wp-content\/uploads\/sites\/7\/2023\/02\/C6BF827A-A816-41CF-82DC-15ABE3C5D928-768x1024.jpeg 768w, https:\/\/cloud.alqueria.es\/wp-content\/uploads\/sites\/7\/2023\/02\/C6BF827A-A816-41CF-82DC-15ABE3C5D928-225x300.jpeg 225w, https:\/\/cloud.alqueria.es\/wp-content\/uploads\/sites\/7\/2023\/02\/C6BF827A-A816-41CF-82DC-15ABE3C5D928-1152x1536.jpeg 1152w, https:\/\/cloud.alqueria.es\/wp-content\/uploads\/sites\/7\/2023\/02\/C6BF827A-A816-41CF-82DC-15ABE3C5D928.jpeg 1200w\" sizes=\"(max-width: 474px) 100vw, 474px\" \/> <img decoding=\"async\" data-attachment-id=\"28067\" data-permalink=\"https:\/\/www.alqueria.es\/blogs\/alqueriasegundociclo\/2023\/02\/26\/el-olivo-y-los-animales\/7eedc102-1839-4661-9744-95e61a5c1c7c\/\" data-orig-file=\"https:\/\/cloud.alqueria.es\/wp-content\/uploads\/sites\/7\/2023\/02\/7EEDC102-1839-4661-9744-95E61A5C1C7C.jpeg\" data-orig-size=\"1600,1200\" data-comments-opened=\"1\" data-image-meta=\"{&quot;aperture&quot;:&quot;0&quot;,&quot;credit&quot;:&quot;&quot;,&quot;camera&quot;:&quot;&quot;,&quot;caption&quot;:&quot;&quot;,&quot;created_timestamp&quot;:&quot;0&quot;,&quot;copyright&quot;:&quot;&quot;,&quot;focal_length&quot;:&quot;0&quot;,&quot;iso&quot;:&quot;0&quot;,&quot;shutter_speed&quot;:&quot;0&quot;,&quot;title&quot;:&quot;&quot;,&quot;orientation&quot;:&quot;0&quot;}\" data-image-title=\"7EEDC102-1839-4661-9744-95E61A5C1C7C\" data-image-description=\"\" data-image-caption=\"\" data-large-file=\"https:\/\/cloud.alqueria.es\/wp-content\/uploads\/sites\/7\/2023\/02\/7EEDC102-1839-4661-9744-95E61A5C1C7C-1024x768.jpeg\" class=\"aligncenter size-large wp-image-28067\" src=\"https:\/\/cloud.alqueria.es\/wp-content\/uploads\/sites\/7\/2023\/02\/7EEDC102-1839-4661-9744-95E61A5C1C7C-1024x768.jpeg\" alt=\"\" width=\"474\" height=\"356\" srcset=\"https:\/\/cloud.alqueria.es\/wp-content\/uploads\/sites\/7\/2023\/02\/7EEDC102-1839-4661-9744-95E61A5C1C7C-1024x768.jpeg 1024w, https:\/\/cloud.alqueria.es\/wp-content\/uploads\/sites\/7\/2023\/02\/7EEDC102-1839-4661-9744-95E61A5C1C7C-300x225.jpeg 300w, https:\/\/cloud.alqueria.es\/wp-content\/uploads\/sites\/7\/2023\/02\/7EEDC102-1839-4661-9744-95E61A5C1C7C-768x576.jpeg 768w, https:\/\/cloud.alqueria.es\/wp-content\/uploads\/sites\/7\/2023\/02\/7EEDC102-1839-4661-9744-95E61A5C1C7C-1536x1152.jpeg 1536w, https:\/\/cloud.alqueria.es\/wp-content\/uploads\/sites\/7\/2023\/02\/7EEDC102-1839-4661-9744-95E61A5C1C7C.jpeg 1600w\" sizes=\"(max-width: 474px) 100vw, 474px\" \/> <img decoding=\"async\" data-attachment-id=\"28068\" data-permalink=\"https:\/\/www.alqueria.es\/blogs\/alqueriasegundociclo\/2023\/02\/26\/el-olivo-y-los-animales\/1870e8b8-788b-4cb0-a514-2fa6e476dbd2\/\" data-orig-file=\"https:\/\/cloud.alqueria.es\/wp-content\/uploads\/sites\/7\/2023\/02\/1870E8B8-788B-4CB0-A514-2FA6E476DBD2.jpeg\" data-orig-size=\"1200,1600\" data-comments-opened=\"1\" data-image-meta=\"{&quot;aperture&quot;:&quot;0&quot;,&quot;credit&quot;:&quot;&quot;,&quot;camera&quot;:&quot;&quot;,&quot;caption&quot;:&quot;&quot;,&quot;created_timestamp&quot;:&quot;0&quot;,&quot;copyright&quot;:&quot;&quot;,&quot;focal_length&quot;:&quot;0&quot;,&quot;iso&quot;:&quot;0&quot;,&quot;shutter_speed&quot;:&quot;0&quot;,&quot;title&quot;:&quot;&quot;,&quot;orientation&quot;:&quot;0&quot;}\" data-image-title=\"1870E8B8-788B-4CB0-A514-2FA6E476DBD2\" data-image-description=\"\" data-image-caption=\"\" data-large-file=\"https:\/\/cloud.alqueria.es\/wp-content\/uploads\/sites\/7\/2023\/02\/1870E8B8-788B-4CB0-A514-2FA6E476DBD2-768x1024.jpeg\" class=\"aligncenter size-large wp-image-28068\" src=\"https:\/\/cloud.alqueria.es\/wp-content\/uploads\/sites\/7\/2023\/02\/1870E8B8-788B-4CB0-A514-2FA6E476DBD2-768x1024.jpeg\" alt=\"\" width=\"474\" height=\"632\" srcset=\"https:\/\/cloud.alqueria.es\/wp-content\/uploads\/sites\/7\/2023\/02\/1870E8B8-788B-4CB0-A514-2FA6E476DBD2-768x1024.jpeg 768w, https:\/\/cloud.alqueria.es\/wp-content\/uploads\/sites\/7\/2023\/02\/1870E8B8-788B-4CB0-A514-2FA6E476DBD2-225x300.jpeg 225w, https:\/\/cloud.alqueria.es\/wp-content\/uploads\/sites\/7\/2023\/02\/1870E8B8-788B-4CB0-A514-2FA6E476DBD2-1152x1536.jpeg 1152w, https:\/\/cloud.alqueria.es\/wp-content\/uploads\/sites\/7\/2023\/02\/1870E8B8-788B-4CB0-A514-2FA6E476DBD2.jpeg 1200w\" sizes=\"(max-width: 474px) 100vw, 474px\" \/><br \/>\n<\/span><\/p>\n<p><span style=\"color: #008000\">Ha sido una experiencia \u00fanica, de manos de una gran experta, que nos ha llevado a deleite de todos los sentidos.\u00a0<\/span><\/p>\n<p><strong><span style=\"color: #008000\">Muchas gracias a Jaime y Maribel por compartir con todo el ciclo estos conocimientos y sabores.\u00a0<\/span><\/strong><\/p>\n<p><span style=\"color: #ff6600\"><strong>LAS JIRAFAS<\/strong><\/span><\/p>\n<p><span style=\"color: #ff6600\">Vega comparte con nosotros su investigaci\u00f3n sobre este impresionante mam\u00edfero.\u00a0<\/span><\/p>\n<p><span style=\"color: #ff6600\">Nos habla de sus caracter\u00edsticas como parte de este grupo de animales, del peso y altura, alimentaci\u00f3n, habitat, de los peligros de extinci\u00f3n a los que est\u00e1n sometidos, y lo que m\u00e1s les gusta&#8230; las curiosidades. Vega se va soltando a medida que avanza la exposici\u00f3n, consiguiendo que toda la clase mantenga la atenci\u00f3n en todo momento.\u00a0<\/span><\/p>\n<p><span style=\"color: #ff6600\">Agradecemos a Vega su trabajo y esfuerzo para compartir con nosotros todo lo que sabe.\u00a0<\/span><\/p>\n<div class=\"a25-CTUOC-hidding-box\" data-original-content=\"&lt;iframe title=&quot;Las jirafas &quot; src=&quot;https:\/\/www.slideshare.net\/slideshow\/embed_code\/key\/F2PRUxIT90lXQu&quot; width=&quot;427&quot; height=&quot;356&quot; frameborder=&quot;0&quot; marginwidth=&quot;0&quot; marginheight=&quot;0&quot; scrolling=&quot;no&quot; style=&quot;border:1px solid #CCC; border-width:1px; margin-bottom:5px; max-width: 100%;&quot; allowfullscreen&gt; &lt;\/iframe&gt;\">Esta p\u00e1gina incluye contenido multimedia que requiere aceptar todas las cookies. Pulse aqu\u00ed para abrir la configuraci\u00f3n de cookies.<\/div>\n<div style=\"margin-bottom:5px\"> <strong> <a href=\"https:\/\/es.slideshare.net\/laurajj\/las-jirafas-256092117\" title=\"Las jirafas \" target=\"_blank\">Las jirafas <\/a> <\/strong> from <strong><a href=\"https:\/\/www.slideshare.net\/laurajj\" target=\"_blank\">laurajj<\/a><\/strong> <\/div>\n<p><span style=\"color: #ff00ff\"><strong>LOS CABALLOS<\/strong><\/span><\/p>\n<p><span style=\"color: #ff00ff\">Isaura, experta amazona, siente un profundo amor por estos animales. Ha preparado una conferencia sobre LOS CABALLOS, donde ha compaginado conocimientos previos con investigaciones in situ sobre los mismos.\u00a0<\/span><\/p>\n<p><span style=\"color: #ff00ff\">Nos habla de sus caracter\u00edsticas, de su fisionom\u00eda, de las distintas razas, de los aires (formas de \u00abcaminar\u00bb) del caballo, su h\u00e1bitat, las manadas&#8230; y luego una parte muy personal que es sobre la pr\u00e1ctica de la equitaci\u00f3n: cuidados del caballo, usos del mismo, ropa y materiales espec\u00edficos. A su conferencia a\u00f1adi\u00f3 v\u00eddeos de ella misma montando a caballo, donde pone ejemplos de lo que nos cuenta.\u00a0<\/span><\/p>\n<p><span style=\"color: #ff00ff\">Isaura consigue que el auditorio le preste atenci\u00f3n sostenida y escucha activa durante todo el tiempo que dura su exposici\u00f3n. Felicidades Isaura por el trabajo realizado, durante el proceso y en la \u00abpuesta en escena\u00bb.\u00a0<\/span><\/p>\n<div class=\"a25-CTUOC-hidding-box\" data-original-content=\"&lt;iframe title=&quot;Los caballos&quot; src=&quot;https:\/\/www.slideshare.net\/slideshow\/embed_code\/key\/pHFamFMV3FkGbO&quot; width=&quot;427&quot; height=&quot;356&quot; frameborder=&quot;0&quot; marginwidth=&quot;0&quot; marginheight=&quot;0&quot; scrolling=&quot;no&quot; style=&quot;border:1px solid #CCC; border-width:1px; margin-bottom:5px; max-width: 100%;&quot; allowfullscreen&gt; &lt;\/iframe&gt;\">Esta p\u00e1gina incluye contenido multimedia que requiere aceptar todas las cookies. Pulse aqu\u00ed para abrir la configuraci\u00f3n de cookies.<\/div>\n<div style=\"margin-bottom:5px\"> <strong> <a href=\"https:\/\/es.slideshare.net\/laurajj\/los-caballos-256092107\" title=\"Los caballos\" target=\"_blank\">Los caballos<\/a> <\/strong> from <strong><a href=\"https:\/\/www.slideshare.net\/laurajj\" target=\"_blank\">laurajj<\/a><\/strong> <\/div>\n<p><span style=\"color: #d9112f\"><strong>LOS ARRECIFES DE CORAL<\/strong><\/span><\/p>\n<p><span style=\"color: #d9112f\">Mart\u00edn tuvo especial inter\u00e9s en esta especie de animal invertebrado. Comienza su exposici\u00f3n de una manera muy creativa, consiguiendo as\u00ed atraer la atenci\u00f3n de todo el grupo desde el primer momento.\u00a0<\/span><\/p>\n<p><span style=\"color: #d9112f\">Como sus propios compa\u00f1eros han a\u00f1adido, ha sido una conferencia muy sorprendente por el contenido expuesto durante la misma. Ha tocado muchos conceptos que nos explica de manera muy clara, con soltura relacionando contenidos tales como ecosistema, ecuador-hemisferios-tr\u00f3picos, relaciones simbi\u00f3ticas, gametos, contaminaci\u00f3n marina por micropl\u00e1sticos, Greenpeace&#8230;\u00a0<\/span><\/p>\n<p><span style=\"color: #d9112f\">Muchas gracias a Mart\u00edn por aportar al grupo tantos conocimientos de una forma tan cercana y \u00abcient\u00edfica\u00bb simult\u00e1neamente.\u00a0<\/span><\/p>\n<div class=\"a25-CTUOC-hidding-box\" data-original-content=\"&lt;iframe title=&quot;Arrecifes de coral&quot; src=&quot;https:\/\/www.slideshare.net\/slideshow\/embed_code\/key\/E8vJweAM4kh3zM&quot; width=&quot;427&quot; height=&quot;356&quot; frameborder=&quot;0&quot; marginwidth=&quot;0&quot; marginheight=&quot;0&quot; scrolling=&quot;no&quot; style=&quot;border:1px solid #CCC; border-width:1px; margin-bottom:5px; max-width: 100%;&quot; allowfullscreen&gt; &lt;\/iframe&gt;\">Esta p\u00e1gina incluye contenido multimedia que requiere aceptar todas las cookies. Pulse aqu\u00ed para abrir la configuraci\u00f3n de cookies.<\/div>\n<div style=\"margin-bottom:5px\"> <strong> <a href=\"https:\/\/es.slideshare.net\/laurajj\/arrecifes-de-coral-256092156\" title=\"Arrecifes de coral\" target=\"_blank\">Arrecifes de coral<\/a> <\/strong> from <strong><a href=\"https:\/\/www.slideshare.net\/laurajj\" target=\"_blank\">laurajj<\/a><\/strong> <\/div>\n<p><span style=\"color: #333333\">Os deseo un estupendo puente, nos vemos el jueves.\u00a0<\/span><\/p>\n<p>Laura<\/p>\n<p>&nbsp;<\/p>\n<p>&nbsp;<\/p>\n","protected":false},"excerpt":{"rendered":"<p>Esta semana va de conferencias centradas en animales, sobre todo, y tambi\u00e9n en una planta muy caracter\u00edstica de nuestra comunidad aut\u00f3noma, Andaluc\u00eda. D\u00cdA DE ANDALUC\u00cdA El pr\u00f3ximo martes 28 de febrero es d\u00eda festivo, celebramos el D\u00eda de Andaluc\u00eda. Maribel, madre de Jaime S., ha tenido el gusto de venir a colaborar en este d\u00eda &hellip; <a href=\"https:\/\/www.alqueria.es\/blogs\/alqueriasegundociclo\/2023\/02\/26\/el-olivo-y-los-animales\/\" class=\"more-link\">Seguir leyendo <span class=\"screen-reader-text\">EL OLIVO y LOS ANIMALES<\/span> <span class=\"meta-nav\">&rarr;<\/span><\/a><\/p>\n","protected":false},"author":16,"featured_media":0,"comment_status":"open","ping_status":"open","sticky":false,"template":"","format":"standard","meta":{"jetpack_post_was_ever_published":false,"_jetpack_newsletter_access":"","_jetpack_dont_email_post_to_subs":false,"_jetpack_newsletter_tier_id":0,"_jetpack_memberships_contains_paywalled_content":false,"_jetpack_memberships_contains_paid_content":false,"footnotes":"","jetpack_publicize_message":"","jetpack_publicize_feature_enabled":true,"jetpack_social_post_already_shared":true,"jetpack_social_options":{"image_generator_settings":{"template":"highway","default_image_id":0,"font":"","enabled":false},"version":2}},"categories":[5,10],"tags":[],"class_list":["post-28048","post","type-post","status-publish","format-standard","hentry","category-3o-epo","category-conocimiento-del-medio-y-social-3o"],"jetpack_publicize_connections":[],"jetpack_featured_media_url":"","jetpack_sharing_enabled":true,"jetpack_shortlink":"https:\/\/wp.me\/p4lw4c-7io","_links":{"self":[{"href":"https:\/\/www.alqueria.es\/blogs\/alqueriasegundociclo\/wp-json\/wp\/v2\/posts\/28048","targetHints":{"allow":["GET"]}}],"collection":[{"href":"https:\/\/www.alqueria.es\/blogs\/alqueriasegundociclo\/wp-json\/wp\/v2\/posts"}],"about":[{"href":"https:\/\/www.alqueria.es\/blogs\/alqueriasegundociclo\/wp-json\/wp\/v2\/types\/post"}],"author":[{"embeddable":true,"href":"https:\/\/www.alqueria.es\/blogs\/alqueriasegundociclo\/wp-json\/wp\/v2\/users\/16"}],"replies":[{"embeddable":true,"href":"https:\/\/www.alqueria.es\/blogs\/alqueriasegundociclo\/wp-json\/wp\/v2\/comments?post=28048"}],"version-history":[{"count":3,"href":"https:\/\/www.alqueria.es\/blogs\/alqueriasegundociclo\/wp-json\/wp\/v2\/posts\/28048\/revisions"}],"predecessor-version":[{"id":28069,"href":"https:\/\/www.alqueria.es\/blogs\/alqueriasegundociclo\/wp-json\/wp\/v2\/posts\/28048\/revisions\/28069"}],"wp:attachment":[{"href":"https:\/\/www.alqueria.es\/blogs\/alqueriasegundociclo\/wp-json\/wp\/v2\/media?parent=28048"}],"wp:term":[{"taxonomy":"category","embeddable":true,"href":"https:\/\/www.alqueria.es\/blogs\/alqueriasegundociclo\/wp-json\/wp\/v2\/categories?post=28048"},{"taxonomy":"post_tag","embeddable":true,"href":"https:\/\/www.alqueria.es\/blogs\/alqueriasegundociclo\/wp-json\/wp\/v2\/tags?post=28048"}],"curies":[{"name":"wp","href":"https:\/\/api.w.org\/{rel}","templated":true}]}}