{"id":3051,"date":"2016-11-09T14:50:13","date_gmt":"2016-11-09T13:50:13","guid":{"rendered":"http:\/\/alqueriasegundociclo.wordpress.com\/?p=3051"},"modified":"2016-11-09T15:01:40","modified_gmt":"2016-11-09T14:01:40","slug":"la-multiplicacion-y-la-memoria","status":"publish","type":"post","link":"https:\/\/www.alqueria.es\/blogs\/alqueriasegundociclo\/2016\/11\/09\/la-multiplicacion-y-la-memoria\/","title":{"rendered":"La multiplicaci\u00f3n y la memoria"},"content":{"rendered":"<p>Sobre esta aplicaci\u00f3n pod\u00e9is trabajar la concentraci\u00f3n, memoria y la multiplicaci\u00f3n. Prestar mucha atenci\u00f3n y acordados que el tiempo apremia.<a title=\"Juego de memoria y la multiplicaci\u00f3n\" href=\"http:\/\/www.aplusmath.com\/Games\/Concentration\/Multiplication_Concentration.html\"><img decoding=\"async\" data-attachment-id=\"3052\" data-permalink=\"https:\/\/www.alqueria.es\/blogs\/alqueriasegundociclo\/apples-15\/\" data-orig-file=\"https:\/\/www.alqueria.es\/blogs\/alqueriasegundociclo\/wp-content\/uploads\/sites\/7\/2012\/11\/apples-15.jpg\" data-orig-size=\"260,223\" data-comments-opened=\"1\" data-image-meta=\"{&quot;aperture&quot;:&quot;0&quot;,&quot;credit&quot;:&quot;&quot;,&quot;camera&quot;:&quot;&quot;,&quot;caption&quot;:&quot;&quot;,&quot;created_timestamp&quot;:&quot;0&quot;,&quot;copyright&quot;:&quot;&quot;,&quot;focal_length&quot;:&quot;0&quot;,&quot;iso&quot;:&quot;0&quot;,&quot;shutter_speed&quot;:&quot;0&quot;,&quot;title&quot;:&quot;&quot;}\" data-image-title=\"apples-15\" data-image-description=\"\" data-image-caption=\"\" data-large-file=\"https:\/\/www.alqueria.es\/blogs\/alqueriasegundociclo\/wp-content\/uploads\/sites\/7\/2012\/11\/apples-15.jpg\" class=\"aligncenter size-full wp-image-3052\" title=\"apples-15\" src=\"https:\/\/cloud.alqueria.es\/wp-content\/uploads\/sites\/7\/2012\/11\/apples-151.jpg\" alt=\"\" width=\"260\" height=\"223\" \/><\/a><\/p>\n","protected":false},"excerpt":{"rendered":"<p>Sobre esta aplicaci\u00f3n pod\u00e9is trabajar la concentraci\u00f3n, memoria y la multiplicaci\u00f3n. Prestar mucha atenci\u00f3n y acordados que el tiempo apremia.<\/p>\n","protected":false},"author":16,"featured_media":0,"comment_status":"open","ping_status":"open","sticky":false,"template":"","format":"standard","meta":{"jetpack_post_was_ever_published":false,"_jetpack_newsletter_access":"","_jetpack_dont_email_post_to_subs":true,"_jetpack_newsletter_tier_id":0,"_jetpack_memberships_contains_paywalled_content":false,"_jetpack_memberships_contains_paid_content":false,"footnotes":"","jetpack_publicize_message":"","jetpack_publicize_feature_enabled":true,"jetpack_social_post_already_shared":true,"jetpack_social_options":{"image_generator_settings":{"template":"highway","default_image_id":0,"font":"","enabled":false},"version":2}},"categories":[6,125,32],"tags":[],"class_list":["post-3051","post","type-post","status-publish","format-standard","hentry","category-4o-epo","category-la-multiplicacion-matematicas","category-matematicas"],"jetpack_publicize_connections":[],"jetpack_featured_media_url":"","jetpack_sharing_enabled":true,"jetpack_shortlink":"https:\/\/wp.me\/p4lw4c-Nd","_links":{"self":[{"href":"https:\/\/www.alqueria.es\/blogs\/alqueriasegundociclo\/wp-json\/wp\/v2\/posts\/3051","targetHints":{"allow":["GET"]}}],"collection":[{"href":"https:\/\/www.alqueria.es\/blogs\/alqueriasegundociclo\/wp-json\/wp\/v2\/posts"}],"about":[{"href":"https:\/\/www.alqueria.es\/blogs\/alqueriasegundociclo\/wp-json\/wp\/v2\/types\/post"}],"author":[{"embeddable":true,"href":"https:\/\/www.alqueria.es\/blogs\/alqueriasegundociclo\/wp-json\/wp\/v2\/users\/16"}],"replies":[{"embeddable":true,"href":"https:\/\/www.alqueria.es\/blogs\/alqueriasegundociclo\/wp-json\/wp\/v2\/comments?post=3051"}],"version-history":[{"count":0,"href":"https:\/\/www.alqueria.es\/blogs\/alqueriasegundociclo\/wp-json\/wp\/v2\/posts\/3051\/revisions"}],"wp:attachment":[{"href":"https:\/\/www.alqueria.es\/blogs\/alqueriasegundociclo\/wp-json\/wp\/v2\/media?parent=3051"}],"wp:term":[{"taxonomy":"category","embeddable":true,"href":"https:\/\/www.alqueria.es\/blogs\/alqueriasegundociclo\/wp-json\/wp\/v2\/categories?post=3051"},{"taxonomy":"post_tag","embeddable":true,"href":"https:\/\/www.alqueria.es\/blogs\/alqueriasegundociclo\/wp-json\/wp\/v2\/tags?post=3051"}],"curies":[{"name":"wp","href":"https:\/\/api.w.org\/{rel}","templated":true}]}}