{"id":31375,"date":"2024-11-02T11:15:48","date_gmt":"2024-11-02T10:15:48","guid":{"rendered":"https:\/\/www.alqueria.es\/blogs\/alqueriasegundociclo\/?p=31375"},"modified":"2024-11-02T11:15:49","modified_gmt":"2024-11-02T10:15:49","slug":"salida-a-mercagranada-una-experiencia-de-aprendizaje-y-convivencia","status":"publish","type":"post","link":"https:\/\/www.alqueria.es\/blogs\/alqueriasegundociclo\/2024\/11\/02\/salida-a-mercagranada-una-experiencia-de-aprendizaje-y-convivencia\/","title":{"rendered":"Salida a MERCAGRANADA: una experiencia de aprendizaje y convivencia"},"content":{"rendered":"<p>El pasado mi\u00e9rcoles, el alumnado de 4\u00ba y la clase verde de Infantil compartieron una salida inolvidable a MERCAGRANADA, que se ha convertido en un tradicional proyecto conjunto para ambos grupos.<\/p>\n<p><em><strong>Este tipo de actividades fomenta no solo el aprendizaje, sino tambi\u00e9n valores como la responsabilidad y la colaboraci\u00f3n entre los grupos. Esto no ha hecho m\u00e1s que empezar, tenemos muchas actividades previstas para compartir entre ambos grupos bajo el proyecto \u00abLos alimentos\u00bb.<\/strong><\/em><\/p>\n<p><img decoding=\"async\" src=\"https:\/\/cloud.alqueria.es\/wp-content\/uploads\/sites\/8\/2024\/10\/20241030_095414.jpg?fit=474%2C356&amp;ssl=1\" \/><\/p>\n<div data-carousel-extra='{&quot;blog_id&quot;:7,&quot;permalink&quot;:&quot;https:\/\/www.alqueria.es\/blogs\/alqueriasegundociclo\/2024\/11\/02\/salida-a-mercagranada-una-experiencia-de-aprendizaje-y-convivencia\/&quot;}' id='gallery-1' class='gallery galleryid-31375 gallery-columns-1 gallery-size-full'><figure class='gallery-item'>\n\t\t\t<div class='gallery-icon portrait'>\n\t\t\t\t<img decoding=\"async\" width=\"1536\" height=\"2048\" src=\"https:\/\/cloud.alqueria.es\/wp-content\/uploads\/sites\/7\/2024\/11\/ee047181-cbf6-473b-a0c5-78de65ea39d4.jpg\" class=\"attachment-full size-full\" alt=\"\" srcset=\"https:\/\/cloud.alqueria.es\/wp-content\/uploads\/sites\/7\/2024\/11\/ee047181-cbf6-473b-a0c5-78de65ea39d4.jpg 1536w, https:\/\/cloud.alqueria.es\/wp-content\/uploads\/sites\/7\/2024\/11\/ee047181-cbf6-473b-a0c5-78de65ea39d4-225x300.jpg 225w, https:\/\/cloud.alqueria.es\/wp-content\/uploads\/sites\/7\/2024\/11\/ee047181-cbf6-473b-a0c5-78de65ea39d4-768x1024.jpg 768w, https:\/\/cloud.alqueria.es\/wp-content\/uploads\/sites\/7\/2024\/11\/ee047181-cbf6-473b-a0c5-78de65ea39d4-1152x1536.jpg 1152w\" sizes=\"(max-width: 1536px) 100vw, 1536px\" data-attachment-id=\"31387\" data-permalink=\"https:\/\/www.alqueria.es\/blogs\/alqueriasegundociclo\/2024\/11\/02\/salida-a-mercagranada-una-experiencia-de-aprendizaje-y-convivencia\/ee047181-cbf6-473b-a0c5-78de65ea39d4\/\" data-orig-file=\"https:\/\/cloud.alqueria.es\/wp-content\/uploads\/sites\/7\/2024\/11\/ee047181-cbf6-473b-a0c5-78de65ea39d4.jpg\" data-orig-size=\"1536,2048\" data-comments-opened=\"1\" data-image-meta=\"{&quot;aperture&quot;:&quot;0&quot;,&quot;credit&quot;:&quot;&quot;,&quot;camera&quot;:&quot;&quot;,&quot;caption&quot;:&quot;&quot;,&quot;created_timestamp&quot;:&quot;0&quot;,&quot;copyright&quot;:&quot;&quot;,&quot;focal_length&quot;:&quot;0&quot;,&quot;iso&quot;:&quot;0&quot;,&quot;shutter_speed&quot;:&quot;0&quot;,&quot;title&quot;:&quot;&quot;,&quot;orientation&quot;:&quot;0&quot;}\" data-image-title=\"ee047181-cbf6-473b-a0c5-78de65ea39d4\" data-image-description=\"\" data-image-caption=\"\" data-large-file=\"https:\/\/cloud.alqueria.es\/wp-content\/uploads\/sites\/7\/2024\/11\/ee047181-cbf6-473b-a0c5-78de65ea39d4-768x1024.jpg\" \/>\n\t\t\t<\/div><\/figure>\n\t\t<\/div>\n\n<p>Al llegar a MERCAGRANADA, fuimos recibidos por David, quien se encarg\u00f3 de guiarnos durante toda la visita. Antes de iniciar el recorrido, nos explic\u00f3 en qu\u00e9 consistir\u00eda la actividad y nos pidi\u00f3 que nos pusi\u00e9ramos unos petos identificativos para que fu\u00e9ramos f\u00e1cilmente visibles en el entorno. Adem\u00e1s nos dijo algunas normas b\u00e1sicas de seguridad,\u00a0 para prevenir accidentes en un lugar tan grande y activo como MERCAGRANADA.<\/p>\n<p><img decoding=\"async\" data-attachment-id=\"31380\" data-permalink=\"https:\/\/www.alqueria.es\/blogs\/alqueriasegundociclo\/2024\/11\/02\/salida-a-mercagranada-una-experiencia-de-aprendizaje-y-convivencia\/8c7d25ce-c0fc-4d7d-b187-2915c8ff8645\/\" data-orig-file=\"https:\/\/cloud.alqueria.es\/wp-content\/uploads\/sites\/7\/2024\/11\/8c7d25ce-c0fc-4d7d-b187-2915c8ff8645.jpg\" data-orig-size=\"1600,1200\" data-comments-opened=\"1\" data-image-meta=\"{&quot;aperture&quot;:&quot;0&quot;,&quot;credit&quot;:&quot;&quot;,&quot;camera&quot;:&quot;&quot;,&quot;caption&quot;:&quot;&quot;,&quot;created_timestamp&quot;:&quot;0&quot;,&quot;copyright&quot;:&quot;&quot;,&quot;focal_length&quot;:&quot;0&quot;,&quot;iso&quot;:&quot;0&quot;,&quot;shutter_speed&quot;:&quot;0&quot;,&quot;title&quot;:&quot;&quot;,&quot;orientation&quot;:&quot;0&quot;}\" data-image-title=\"8c7d25ce-c0fc-4d7d-b187-2915c8ff8645\" data-image-description=\"\" data-image-caption=\"\" data-large-file=\"https:\/\/cloud.alqueria.es\/wp-content\/uploads\/sites\/7\/2024\/11\/8c7d25ce-c0fc-4d7d-b187-2915c8ff8645-1024x768.jpg\" class=\"aligncenter size-large wp-image-31380\" src=\"https:\/\/cloud.alqueria.es\/wp-content\/uploads\/sites\/7\/2024\/11\/8c7d25ce-c0fc-4d7d-b187-2915c8ff8645-1024x768.jpg\" alt=\"\" width=\"474\" height=\"356\" srcset=\"https:\/\/cloud.alqueria.es\/wp-content\/uploads\/sites\/7\/2024\/11\/8c7d25ce-c0fc-4d7d-b187-2915c8ff8645-1024x768.jpg 1024w, https:\/\/cloud.alqueria.es\/wp-content\/uploads\/sites\/7\/2024\/11\/8c7d25ce-c0fc-4d7d-b187-2915c8ff8645-300x225.jpg 300w, https:\/\/cloud.alqueria.es\/wp-content\/uploads\/sites\/7\/2024\/11\/8c7d25ce-c0fc-4d7d-b187-2915c8ff8645-768x576.jpg 768w, https:\/\/cloud.alqueria.es\/wp-content\/uploads\/sites\/7\/2024\/11\/8c7d25ce-c0fc-4d7d-b187-2915c8ff8645-1536x1152.jpg 1536w, https:\/\/cloud.alqueria.es\/wp-content\/uploads\/sites\/7\/2024\/11\/8c7d25ce-c0fc-4d7d-b187-2915c8ff8645.jpg 1600w\" sizes=\"(max-width: 474px) 100vw, 474px\" \/><\/p>\n<p>El grupo de 4\u00ba, que hab\u00edan trabajado previamente temas relacionados con la alimentaci\u00f3n, estaban preparados para aprovechar al m\u00e1ximo esta experiencia educativa.<\/p>\n<p>Durante la visita, se hablaron de conceptos como el mercado mayorista, el pol\u00edgono industrial y la distribuci\u00f3n de productos en las diferentes naves de MERCAGRANADA. Aprendieron sobre la procedencia de los alimentos y la importancia de consumir productos de temporada y de proximidad (km0).<\/p>\n<h4 style=\"text-align: center\"><strong>Recorrido por las instalaciones<\/strong><\/h4>\n<p><strong><span style=\"color: #ff00ff\">Visita al banco de alimentos<\/span><\/strong><\/p>\n<p><img decoding=\"async\" class=\"aligncenter\" src=\"https:\/\/cloud.alqueria.es\/wp-content\/uploads\/sites\/8\/2024\/10\/20241030_103240-223x300.jpg?resize=223%2C300&amp;ssl=1\" width=\"264\" height=\"355\" \/><\/p>\n<p>Uno de los momentos m\u00e1s significativos de la visita fue conocer el banco de alimentos. Aprendieron sobre la importante labor que realiza, desde qui\u00e9n dona alimentos hasta la funci\u00f3n del voluntariado.<\/p>\n<p>Nos contaron tambi\u00e9n acerca de las distintas maneras en las que podemos hacer llegar alimentos al banco de alimentos. Aprendimos qu\u00e9 tipos de alimentos aceptan y c\u00f3mo estos se distribuyen entre quienes m\u00e1s los necesitan. Nos mostraron los sistemas de almacenamiento, distinguiendo entre los que necesitan el mantenimiento de la cadena de fr\u00edo y los que no.\u00a0 Todo ello es imprescindible, as\u00ed como el correcto y ordenado almacenamiento de estos, para que los alimentos lleguen en \u00f3ptimas condiciones a quienes los necesitan.<\/p>\n<p><img decoding=\"async\" src=\"https:\/\/cloud.alqueria.es\/wp-content\/uploads\/sites\/8\/2024\/10\/20241030_104004.jpg?fit=474%2C356&amp;ssl=1\" \/><\/p>\n<p><span style=\"color: #008000\"><strong>Nave de fruta y verdura<\/strong><\/span><\/p>\n<p>La nave de color verde. El siguiente destino fue la nave de frutas y verduras, donde los ni\u00f1os reconocieron productos frescos y aprendieron sobre los beneficios de los alimentos de temporada.<\/p>\n<div class=\"tiled-gallery type-square tiled-gallery-unresized\" data-original-width=\"474\" data-carousel-extra='{&quot;blog_id&quot;:7,&quot;permalink&quot;:&quot;https:\\\/\\\/www.alqueria.es\\\/blogs\\\/alqueriasegundociclo\\\/2024\\\/11\\\/02\\\/salida-a-mercagranada-una-experiencia-de-aprendizaje-y-convivencia\\\/&quot;,&quot;likes_blog_id&quot;:64233500}' itemscope itemtype=\"http:\/\/schema.org\/ImageGallery\" > <div class=\"gallery-row\" style=\"width: 474px; height: 474px;\" data-original-width=\"474\" data-original-height=\"474\" > <div class=\"gallery-group\" style=\"width: 474px; height: 474px;\" data-original-width=\"474\" data-original-height=\"474\" > <div class=\"tiled-gallery-item \" itemprop=\"associatedMedia\" itemscope itemtype=\"http:\/\/schema.org\/ImageObject\"> <meta itemprop=\"width\" content=\"470\"> <meta itemprop=\"height\" content=\"470\"> <img decoding=\"async\" class=\"\" data-attachment-id=\"31378\" data-orig-file=\"https:\/\/cloud.alqueria.es\/wp-content\/uploads\/sites\/7\/2024\/11\/2fb492d6-379c-4f71-b597-14134aef9770.jpg\" data-orig-size=\"1536,2048\" data-comments-opened=\"1\" data-image-meta=\"{&quot;aperture&quot;:&quot;0&quot;,&quot;credit&quot;:&quot;&quot;,&quot;camera&quot;:&quot;&quot;,&quot;caption&quot;:&quot;&quot;,&quot;created_timestamp&quot;:&quot;0&quot;,&quot;copyright&quot;:&quot;&quot;,&quot;focal_length&quot;:&quot;0&quot;,&quot;iso&quot;:&quot;0&quot;,&quot;shutter_speed&quot;:&quot;0&quot;,&quot;title&quot;:&quot;&quot;,&quot;orientation&quot;:&quot;0&quot;}\" data-image-title=\"2fb492d6-379c-4f71-b597-14134aef9770\" data-image-description=\"\" data-medium-file=\"https:\/\/cloud.alqueria.es\/wp-content\/uploads\/sites\/7\/2024\/11\/2fb492d6-379c-4f71-b597-14134aef9770-225x300.jpg\" data-large-file=\"https:\/\/cloud.alqueria.es\/wp-content\/uploads\/sites\/7\/2024\/11\/2fb492d6-379c-4f71-b597-14134aef9770-768x1024.jpg\" src=\"https:\/\/i0.wp.com\/cloud.alqueria.es\/wp-content\/uploads\/sites\/7\/2024\/11\/2fb492d6-379c-4f71-b597-14134aef9770.jpg?w=470&#038;h=470&#038;crop=1&#038;ssl=1\" width=\"470\" height=\"470\" loading=\"lazy\" data-original-width=\"470\" data-original-height=\"470\" itemprop=\"http:\/\/schema.org\/image\" title=\"2fb492d6-379c-4f71-b597-14134aef9770\" alt=\"2fb492d6-379c-4f71-b597-14134aef9770\" style=\"width: 470px; height: 470px;\" \/> <\/div> <\/div> <\/div> <\/div>\n<p>&nbsp;<\/p>\n<p>Durante el recorrido tuvimos la oportunidad de hablar sobre el reciclaje, un tema fundamental en instalaciones de gran tama\u00f1o como esta; observaron contenedores de gran capacidad, diferentes a los que est\u00e1n acostumbrados a ver, destinados a materiales como el poliesp\u00e1n y los palets.<\/p>\n<p><img decoding=\"async\" data-attachment-id=\"31382\" data-permalink=\"https:\/\/www.alqueria.es\/blogs\/alqueriasegundociclo\/2024\/11\/02\/salida-a-mercagranada-una-experiencia-de-aprendizaje-y-convivencia\/124a8187-a66f-4797-815a-4d209a265a37\/\" data-orig-file=\"https:\/\/cloud.alqueria.es\/wp-content\/uploads\/sites\/7\/2024\/11\/124a8187-a66f-4797-815a-4d209a265a37.jpg\" data-orig-size=\"1536,2048\" data-comments-opened=\"1\" data-image-meta=\"{&quot;aperture&quot;:&quot;0&quot;,&quot;credit&quot;:&quot;&quot;,&quot;camera&quot;:&quot;&quot;,&quot;caption&quot;:&quot;&quot;,&quot;created_timestamp&quot;:&quot;0&quot;,&quot;copyright&quot;:&quot;&quot;,&quot;focal_length&quot;:&quot;0&quot;,&quot;iso&quot;:&quot;0&quot;,&quot;shutter_speed&quot;:&quot;0&quot;,&quot;title&quot;:&quot;&quot;,&quot;orientation&quot;:&quot;0&quot;}\" data-image-title=\"124a8187-a66f-4797-815a-4d209a265a37\" data-image-description=\"\" data-image-caption=\"\" data-large-file=\"https:\/\/cloud.alqueria.es\/wp-content\/uploads\/sites\/7\/2024\/11\/124a8187-a66f-4797-815a-4d209a265a37-768x1024.jpg\" class=\"aligncenter size-large wp-image-31382\" src=\"https:\/\/cloud.alqueria.es\/wp-content\/uploads\/sites\/7\/2024\/11\/124a8187-a66f-4797-815a-4d209a265a37-768x1024.jpg\" alt=\"\" width=\"474\" height=\"632\" srcset=\"https:\/\/cloud.alqueria.es\/wp-content\/uploads\/sites\/7\/2024\/11\/124a8187-a66f-4797-815a-4d209a265a37-768x1024.jpg 768w, https:\/\/cloud.alqueria.es\/wp-content\/uploads\/sites\/7\/2024\/11\/124a8187-a66f-4797-815a-4d209a265a37-225x300.jpg 225w, https:\/\/cloud.alqueria.es\/wp-content\/uploads\/sites\/7\/2024\/11\/124a8187-a66f-4797-815a-4d209a265a37-1152x1536.jpg 1152w, https:\/\/cloud.alqueria.es\/wp-content\/uploads\/sites\/7\/2024\/11\/124a8187-a66f-4797-815a-4d209a265a37.jpg 1536w\" sizes=\"(max-width: 474px) 100vw, 474px\" \/><\/p>\n<p>All\u00ed, el grupo recibi\u00f3 una deliciosa sorpresa: \u00a1granadas para todos!<\/p>\n<p><img decoding=\"async\" data-attachment-id=\"31390\" data-permalink=\"https:\/\/www.alqueria.es\/blogs\/alqueriasegundociclo\/2024\/11\/02\/salida-a-mercagranada-una-experiencia-de-aprendizaje-y-convivencia\/12ede1f5-9e44-4f3c-a6b0-c7bfb8fd2e00\/\" data-orig-file=\"https:\/\/cloud.alqueria.es\/wp-content\/uploads\/sites\/7\/2024\/11\/12ede1f5-9e44-4f3c-a6b0-c7bfb8fd2e00.jpg\" data-orig-size=\"1536,2048\" data-comments-opened=\"1\" data-image-meta=\"{&quot;aperture&quot;:&quot;0&quot;,&quot;credit&quot;:&quot;&quot;,&quot;camera&quot;:&quot;&quot;,&quot;caption&quot;:&quot;&quot;,&quot;created_timestamp&quot;:&quot;0&quot;,&quot;copyright&quot;:&quot;&quot;,&quot;focal_length&quot;:&quot;0&quot;,&quot;iso&quot;:&quot;0&quot;,&quot;shutter_speed&quot;:&quot;0&quot;,&quot;title&quot;:&quot;&quot;,&quot;orientation&quot;:&quot;0&quot;}\" data-image-title=\"12ede1f5-9e44-4f3c-a6b0-c7bfb8fd2e00\" data-image-description=\"\" data-image-caption=\"\" data-large-file=\"https:\/\/cloud.alqueria.es\/wp-content\/uploads\/sites\/7\/2024\/11\/12ede1f5-9e44-4f3c-a6b0-c7bfb8fd2e00-768x1024.jpg\" class=\"aligncenter size-large wp-image-31390\" src=\"https:\/\/cloud.alqueria.es\/wp-content\/uploads\/sites\/7\/2024\/11\/12ede1f5-9e44-4f3c-a6b0-c7bfb8fd2e00-768x1024.jpg\" alt=\"\" width=\"474\" height=\"632\" srcset=\"https:\/\/cloud.alqueria.es\/wp-content\/uploads\/sites\/7\/2024\/11\/12ede1f5-9e44-4f3c-a6b0-c7bfb8fd2e00-768x1024.jpg 768w, https:\/\/cloud.alqueria.es\/wp-content\/uploads\/sites\/7\/2024\/11\/12ede1f5-9e44-4f3c-a6b0-c7bfb8fd2e00-225x300.jpg 225w, https:\/\/cloud.alqueria.es\/wp-content\/uploads\/sites\/7\/2024\/11\/12ede1f5-9e44-4f3c-a6b0-c7bfb8fd2e00-1152x1536.jpg 1152w, https:\/\/cloud.alqueria.es\/wp-content\/uploads\/sites\/7\/2024\/11\/12ede1f5-9e44-4f3c-a6b0-c7bfb8fd2e00.jpg 1536w\" sizes=\"(max-width: 474px) 100vw, 474px\" \/><\/p>\n<p><span style=\"color: #0000ff\"><strong>Nave del pescado<\/strong><\/span><\/p>\n<p>La nave de color azul. A pesar de que la nave de pescado ya hab\u00eda sido recogida, el grupo pudo conversar sobre las subastas, la conservaci\u00f3n de pescado y las diferencias nutricionales entre pescado blanco y azul. Se compartieron trucos \u00fatiles, como c\u00f3mo identificar si el pescado es fresco, y se profundiz\u00f3 en la importancia de distinguir entre estos tipos de pescado.<\/p>\n<p>Estos temas fueron trabajados en clase por el grupo, llevando a cabo el m\u00e9todo cient\u00edfico de investigaci\u00f3n.<\/p>\n<p><img decoding=\"async\" src=\"https:\/\/cloud.alqueria.es\/wp-content\/uploads\/sites\/8\/2024\/10\/20241030_102911.jpg?w=233&amp;h=233&amp;crop=1&amp;ssl=1\" alt=\"20241030_102911\" \/><\/p>\n<p><span style=\"color: #ff0000\"><strong>Nave polivalente<\/strong><\/span><\/p>\n<p>La nave de color rojo, conocida como la \u00abnave de polivalencia,\u00bb est\u00e1 repleta de productos variados, como carne, huevos, frutos secos y aceitunas, entre otros.<\/p>\n<p><strong><span style=\"color: #ff6600\">Taller en el aula de los sentidos<\/span><\/strong><\/p>\n<p>En el aula de los sentidos, tuvo lugar un taller sensorial donde exploraron frutas, verduras y pescados mediante el tacto y el gusto. Aprendieron a diferenciar entre pescado azul, blanco, pescado y marisco. Los alumnos de 4\u00ba contribuyeron al taller con sus conocimientos sobre nutrientes y su importancia para la salud.<\/p>\n<div class=\"tiled-gallery type-square tiled-gallery-unresized\" data-original-width=\"474\" data-carousel-extra='{&quot;blog_id&quot;:7,&quot;permalink&quot;:&quot;https:\\\/\\\/www.alqueria.es\\\/blogs\\\/alqueriasegundociclo\\\/2024\\\/11\\\/02\\\/salida-a-mercagranada-una-experiencia-de-aprendizaje-y-convivencia\\\/&quot;,&quot;likes_blog_id&quot;:64233500}' itemscope itemtype=\"http:\/\/schema.org\/ImageGallery\" > <div class=\"gallery-row\" style=\"width: 474px; height: 237px;\" data-original-width=\"474\" data-original-height=\"237\" > <div class=\"gallery-group\" style=\"width: 237px; height: 237px;\" data-original-width=\"237\" data-original-height=\"237\" > <div class=\"tiled-gallery-item \" itemprop=\"associatedMedia\" itemscope itemtype=\"http:\/\/schema.org\/ImageObject\"> <meta itemprop=\"width\" content=\"233\"> <meta itemprop=\"height\" content=\"233\"> <img decoding=\"async\" class=\"\" data-attachment-id=\"31388\" data-orig-file=\"https:\/\/cloud.alqueria.es\/wp-content\/uploads\/sites\/7\/2024\/11\/f5dca6dc-6c49-4250-99ed-586f5ad81264.jpg\" data-orig-size=\"1200,1600\" data-comments-opened=\"1\" data-image-meta=\"{&quot;aperture&quot;:&quot;0&quot;,&quot;credit&quot;:&quot;&quot;,&quot;camera&quot;:&quot;&quot;,&quot;caption&quot;:&quot;&quot;,&quot;created_timestamp&quot;:&quot;0&quot;,&quot;copyright&quot;:&quot;&quot;,&quot;focal_length&quot;:&quot;0&quot;,&quot;iso&quot;:&quot;0&quot;,&quot;shutter_speed&quot;:&quot;0&quot;,&quot;title&quot;:&quot;&quot;,&quot;orientation&quot;:&quot;0&quot;}\" data-image-title=\"f5dca6dc-6c49-4250-99ed-586f5ad81264\" data-image-description=\"\" data-medium-file=\"https:\/\/cloud.alqueria.es\/wp-content\/uploads\/sites\/7\/2024\/11\/f5dca6dc-6c49-4250-99ed-586f5ad81264-225x300.jpg\" data-large-file=\"https:\/\/cloud.alqueria.es\/wp-content\/uploads\/sites\/7\/2024\/11\/f5dca6dc-6c49-4250-99ed-586f5ad81264-768x1024.jpg\" src=\"https:\/\/i0.wp.com\/cloud.alqueria.es\/wp-content\/uploads\/sites\/7\/2024\/11\/f5dca6dc-6c49-4250-99ed-586f5ad81264.jpg?w=233&#038;h=233&#038;crop=1&#038;ssl=1\" width=\"233\" height=\"233\" loading=\"lazy\" data-original-width=\"233\" data-original-height=\"233\" itemprop=\"http:\/\/schema.org\/image\" title=\"f5dca6dc-6c49-4250-99ed-586f5ad81264\" alt=\"f5dca6dc-6c49-4250-99ed-586f5ad81264\" style=\"width: 233px; height: 233px;\" \/> <\/div> <\/div> <div class=\"gallery-group\" style=\"width: 237px; height: 237px;\" data-original-width=\"237\" data-original-height=\"237\" > <div class=\"tiled-gallery-item \" itemprop=\"associatedMedia\" itemscope itemtype=\"http:\/\/schema.org\/ImageObject\"> <meta itemprop=\"width\" content=\"233\"> <meta itemprop=\"height\" content=\"233\"> <img decoding=\"async\" class=\"\" data-attachment-id=\"31386\" data-orig-file=\"https:\/\/cloud.alqueria.es\/wp-content\/uploads\/sites\/7\/2024\/11\/e0d11cad-0aaa-4e6f-bf10-8174463d5ad3.jpg\" data-orig-size=\"1200,1600\" data-comments-opened=\"1\" data-image-meta=\"{&quot;aperture&quot;:&quot;0&quot;,&quot;credit&quot;:&quot;&quot;,&quot;camera&quot;:&quot;&quot;,&quot;caption&quot;:&quot;&quot;,&quot;created_timestamp&quot;:&quot;0&quot;,&quot;copyright&quot;:&quot;&quot;,&quot;focal_length&quot;:&quot;0&quot;,&quot;iso&quot;:&quot;0&quot;,&quot;shutter_speed&quot;:&quot;0&quot;,&quot;title&quot;:&quot;&quot;,&quot;orientation&quot;:&quot;0&quot;}\" data-image-title=\"e0d11cad-0aaa-4e6f-bf10-8174463d5ad3\" data-image-description=\"\" data-medium-file=\"https:\/\/cloud.alqueria.es\/wp-content\/uploads\/sites\/7\/2024\/11\/e0d11cad-0aaa-4e6f-bf10-8174463d5ad3-225x300.jpg\" data-large-file=\"https:\/\/cloud.alqueria.es\/wp-content\/uploads\/sites\/7\/2024\/11\/e0d11cad-0aaa-4e6f-bf10-8174463d5ad3-768x1024.jpg\" src=\"https:\/\/i0.wp.com\/cloud.alqueria.es\/wp-content\/uploads\/sites\/7\/2024\/11\/e0d11cad-0aaa-4e6f-bf10-8174463d5ad3.jpg?w=233&#038;h=233&#038;crop=1&#038;ssl=1\" width=\"233\" height=\"233\" loading=\"lazy\" data-original-width=\"233\" data-original-height=\"233\" itemprop=\"http:\/\/schema.org\/image\" title=\"e0d11cad-0aaa-4e6f-bf10-8174463d5ad3\" alt=\"e0d11cad-0aaa-4e6f-bf10-8174463d5ad3\" style=\"width: 233px; height: 233px;\" \/> <\/div> <\/div> <\/div> <div class=\"gallery-row\" style=\"width: 474px; height: 237px;\" data-original-width=\"474\" data-original-height=\"237\" > <div class=\"gallery-group\" style=\"width: 237px; height: 237px;\" data-original-width=\"237\" data-original-height=\"237\" > <div class=\"tiled-gallery-item \" itemprop=\"associatedMedia\" itemscope itemtype=\"http:\/\/schema.org\/ImageObject\"> <meta itemprop=\"width\" content=\"233\"> <meta itemprop=\"height\" content=\"233\"> <img decoding=\"async\" class=\"\" data-attachment-id=\"31385\" data-orig-file=\"https:\/\/cloud.alqueria.es\/wp-content\/uploads\/sites\/7\/2024\/11\/74825168-f880-48ec-906a-6d7295189d1c.jpg\" data-orig-size=\"2048,1536\" data-comments-opened=\"1\" data-image-meta=\"{&quot;aperture&quot;:&quot;0&quot;,&quot;credit&quot;:&quot;&quot;,&quot;camera&quot;:&quot;&quot;,&quot;caption&quot;:&quot;&quot;,&quot;created_timestamp&quot;:&quot;0&quot;,&quot;copyright&quot;:&quot;&quot;,&quot;focal_length&quot;:&quot;0&quot;,&quot;iso&quot;:&quot;0&quot;,&quot;shutter_speed&quot;:&quot;0&quot;,&quot;title&quot;:&quot;&quot;,&quot;orientation&quot;:&quot;0&quot;}\" data-image-title=\"74825168-f880-48ec-906a-6d7295189d1c\" data-image-description=\"\" data-medium-file=\"https:\/\/cloud.alqueria.es\/wp-content\/uploads\/sites\/7\/2024\/11\/74825168-f880-48ec-906a-6d7295189d1c-300x225.jpg\" data-large-file=\"https:\/\/cloud.alqueria.es\/wp-content\/uploads\/sites\/7\/2024\/11\/74825168-f880-48ec-906a-6d7295189d1c-1024x768.jpg\" src=\"https:\/\/i0.wp.com\/cloud.alqueria.es\/wp-content\/uploads\/sites\/7\/2024\/11\/74825168-f880-48ec-906a-6d7295189d1c.jpg?w=233&#038;h=233&#038;crop=1&#038;ssl=1\" width=\"233\" height=\"233\" loading=\"lazy\" data-original-width=\"233\" data-original-height=\"233\" itemprop=\"http:\/\/schema.org\/image\" title=\"74825168-f880-48ec-906a-6d7295189d1c\" alt=\"74825168-f880-48ec-906a-6d7295189d1c\" style=\"width: 233px; height: 233px;\" \/> <\/div> <\/div> <div class=\"gallery-group\" style=\"width: 237px; height: 237px;\" data-original-width=\"237\" data-original-height=\"237\" > <div class=\"tiled-gallery-item \" itemprop=\"associatedMedia\" itemscope itemtype=\"http:\/\/schema.org\/ImageObject\"> <meta itemprop=\"width\" content=\"233\"> <meta itemprop=\"height\" content=\"233\"> <img decoding=\"async\" class=\"\" data-attachment-id=\"31383\" data-orig-file=\"https:\/\/cloud.alqueria.es\/wp-content\/uploads\/sites\/7\/2024\/11\/739adbdd-aede-467a-80c2-3ab83b8b98ad.jpg\" data-orig-size=\"1200,1600\" data-comments-opened=\"1\" data-image-meta=\"{&quot;aperture&quot;:&quot;0&quot;,&quot;credit&quot;:&quot;&quot;,&quot;camera&quot;:&quot;&quot;,&quot;caption&quot;:&quot;&quot;,&quot;created_timestamp&quot;:&quot;0&quot;,&quot;copyright&quot;:&quot;&quot;,&quot;focal_length&quot;:&quot;0&quot;,&quot;iso&quot;:&quot;0&quot;,&quot;shutter_speed&quot;:&quot;0&quot;,&quot;title&quot;:&quot;&quot;,&quot;orientation&quot;:&quot;0&quot;}\" data-image-title=\"739adbdd-aede-467a-80c2-3ab83b8b98ad\" data-image-description=\"\" data-medium-file=\"https:\/\/cloud.alqueria.es\/wp-content\/uploads\/sites\/7\/2024\/11\/739adbdd-aede-467a-80c2-3ab83b8b98ad-225x300.jpg\" data-large-file=\"https:\/\/cloud.alqueria.es\/wp-content\/uploads\/sites\/7\/2024\/11\/739adbdd-aede-467a-80c2-3ab83b8b98ad-768x1024.jpg\" src=\"https:\/\/i0.wp.com\/cloud.alqueria.es\/wp-content\/uploads\/sites\/7\/2024\/11\/739adbdd-aede-467a-80c2-3ab83b8b98ad.jpg?w=233&#038;h=233&#038;crop=1&#038;ssl=1\" width=\"233\" height=\"233\" loading=\"lazy\" data-original-width=\"233\" data-original-height=\"233\" itemprop=\"http:\/\/schema.org\/image\" title=\"739adbdd-aede-467a-80c2-3ab83b8b98ad\" alt=\"739adbdd-aede-467a-80c2-3ab83b8b98ad\" style=\"width: 233px; height: 233px;\" \/> <\/div> <\/div> <\/div> <div class=\"gallery-row\" style=\"width: 474px; height: 237px;\" data-original-width=\"474\" data-original-height=\"237\" > <div class=\"gallery-group\" style=\"width: 237px; height: 237px;\" data-original-width=\"237\" data-original-height=\"237\" > <div class=\"tiled-gallery-item \" itemprop=\"associatedMedia\" itemscope itemtype=\"http:\/\/schema.org\/ImageObject\"> <meta itemprop=\"width\" content=\"233\"> <meta itemprop=\"height\" content=\"233\"> <img decoding=\"async\" class=\"\" data-attachment-id=\"31391\" data-orig-file=\"https:\/\/cloud.alqueria.es\/wp-content\/uploads\/sites\/7\/2024\/11\/11357c00-5e6d-45f9-9414-6fdbf586f699.jpg\" data-orig-size=\"2048,1536\" data-comments-opened=\"1\" data-image-meta=\"{&quot;aperture&quot;:&quot;0&quot;,&quot;credit&quot;:&quot;&quot;,&quot;camera&quot;:&quot;&quot;,&quot;caption&quot;:&quot;&quot;,&quot;created_timestamp&quot;:&quot;0&quot;,&quot;copyright&quot;:&quot;&quot;,&quot;focal_length&quot;:&quot;0&quot;,&quot;iso&quot;:&quot;0&quot;,&quot;shutter_speed&quot;:&quot;0&quot;,&quot;title&quot;:&quot;&quot;,&quot;orientation&quot;:&quot;0&quot;}\" data-image-title=\"11357c00-5e6d-45f9-9414-6fdbf586f699\" data-image-description=\"\" data-medium-file=\"https:\/\/cloud.alqueria.es\/wp-content\/uploads\/sites\/7\/2024\/11\/11357c00-5e6d-45f9-9414-6fdbf586f699-300x225.jpg\" data-large-file=\"https:\/\/cloud.alqueria.es\/wp-content\/uploads\/sites\/7\/2024\/11\/11357c00-5e6d-45f9-9414-6fdbf586f699-1024x768.jpg\" src=\"https:\/\/i0.wp.com\/cloud.alqueria.es\/wp-content\/uploads\/sites\/7\/2024\/11\/11357c00-5e6d-45f9-9414-6fdbf586f699.jpg?w=233&#038;h=233&#038;crop=1&#038;ssl=1\" width=\"233\" height=\"233\" loading=\"lazy\" data-original-width=\"233\" data-original-height=\"233\" itemprop=\"http:\/\/schema.org\/image\" title=\"11357c00-5e6d-45f9-9414-6fdbf586f699\" alt=\"11357c00-5e6d-45f9-9414-6fdbf586f699\" style=\"width: 233px; height: 233px;\" \/> <\/div> <\/div> <div class=\"gallery-group\" style=\"width: 237px; height: 237px;\" data-original-width=\"237\" data-original-height=\"237\" > <div class=\"tiled-gallery-item \" itemprop=\"associatedMedia\" itemscope itemtype=\"http:\/\/schema.org\/ImageObject\"> <meta itemprop=\"width\" content=\"233\"> <meta itemprop=\"height\" content=\"233\"> <img decoding=\"async\" class=\"\" data-attachment-id=\"31392\" data-orig-file=\"https:\/\/cloud.alqueria.es\/wp-content\/uploads\/sites\/7\/2024\/11\/ec5ccd1c-650c-4aef-b6da-be2161f27e82.jpg\" data-orig-size=\"2048,1536\" data-comments-opened=\"1\" data-image-meta=\"{&quot;aperture&quot;:&quot;0&quot;,&quot;credit&quot;:&quot;&quot;,&quot;camera&quot;:&quot;&quot;,&quot;caption&quot;:&quot;&quot;,&quot;created_timestamp&quot;:&quot;0&quot;,&quot;copyright&quot;:&quot;&quot;,&quot;focal_length&quot;:&quot;0&quot;,&quot;iso&quot;:&quot;0&quot;,&quot;shutter_speed&quot;:&quot;0&quot;,&quot;title&quot;:&quot;&quot;,&quot;orientation&quot;:&quot;0&quot;}\" data-image-title=\"ec5ccd1c-650c-4aef-b6da-be2161f27e82\" data-image-description=\"\" data-medium-file=\"https:\/\/cloud.alqueria.es\/wp-content\/uploads\/sites\/7\/2024\/11\/ec5ccd1c-650c-4aef-b6da-be2161f27e82-300x225.jpg\" data-large-file=\"https:\/\/cloud.alqueria.es\/wp-content\/uploads\/sites\/7\/2024\/11\/ec5ccd1c-650c-4aef-b6da-be2161f27e82-1024x768.jpg\" src=\"https:\/\/i0.wp.com\/cloud.alqueria.es\/wp-content\/uploads\/sites\/7\/2024\/11\/ec5ccd1c-650c-4aef-b6da-be2161f27e82.jpg?w=233&#038;h=233&#038;crop=1&#038;ssl=1\" width=\"233\" height=\"233\" loading=\"lazy\" data-original-width=\"233\" data-original-height=\"233\" itemprop=\"http:\/\/schema.org\/image\" title=\"ec5ccd1c-650c-4aef-b6da-be2161f27e82\" alt=\"ec5ccd1c-650c-4aef-b6da-be2161f27e82\" style=\"width: 233px; height: 233px;\" \/> <\/div> <\/div> <\/div> <\/div>\n<p>La salida a MERCAGRANADA ha sido una vivencia enriquecedora que permiti\u00f3 al grupo de 4\u00ba y a los verdecitos fortalecer lazos y aprender en un entorno pr\u00e1ctico y estimulante. Este tipo de actividades no solo fortalecen el conocimiento sobre la alimentaci\u00f3n y el medioambiente, sino que tambi\u00e9n fomentan el compa\u00f1erismo, la responsabilidad y la empat\u00eda entre los alumnos.<\/p>\n<p><img decoding=\"async\" data-attachment-id=\"31393\" data-permalink=\"https:\/\/www.alqueria.es\/blogs\/alqueriasegundociclo\/2024\/11\/02\/salida-a-mercagranada-una-experiencia-de-aprendizaje-y-convivencia\/297db3d6-4efa-4852-9691-9fcb59bf249c\/\" data-orig-file=\"https:\/\/cloud.alqueria.es\/wp-content\/uploads\/sites\/7\/2024\/11\/297db3d6-4efa-4852-9691-9fcb59bf249c.jpg\" data-orig-size=\"2048,1536\" data-comments-opened=\"1\" data-image-meta=\"{&quot;aperture&quot;:&quot;0&quot;,&quot;credit&quot;:&quot;&quot;,&quot;camera&quot;:&quot;&quot;,&quot;caption&quot;:&quot;&quot;,&quot;created_timestamp&quot;:&quot;0&quot;,&quot;copyright&quot;:&quot;&quot;,&quot;focal_length&quot;:&quot;0&quot;,&quot;iso&quot;:&quot;0&quot;,&quot;shutter_speed&quot;:&quot;0&quot;,&quot;title&quot;:&quot;&quot;,&quot;orientation&quot;:&quot;0&quot;}\" data-image-title=\"297db3d6-4efa-4852-9691-9fcb59bf249c\" data-image-description=\"\" data-image-caption=\"\" data-large-file=\"https:\/\/cloud.alqueria.es\/wp-content\/uploads\/sites\/7\/2024\/11\/297db3d6-4efa-4852-9691-9fcb59bf249c-1024x768.jpg\" class=\"aligncenter size-large wp-image-31393\" src=\"https:\/\/cloud.alqueria.es\/wp-content\/uploads\/sites\/7\/2024\/11\/297db3d6-4efa-4852-9691-9fcb59bf249c-1024x768.jpg\" alt=\"\" width=\"474\" height=\"356\" srcset=\"https:\/\/cloud.alqueria.es\/wp-content\/uploads\/sites\/7\/2024\/11\/297db3d6-4efa-4852-9691-9fcb59bf249c-1024x768.jpg 1024w, https:\/\/cloud.alqueria.es\/wp-content\/uploads\/sites\/7\/2024\/11\/297db3d6-4efa-4852-9691-9fcb59bf249c-300x225.jpg 300w, https:\/\/cloud.alqueria.es\/wp-content\/uploads\/sites\/7\/2024\/11\/297db3d6-4efa-4852-9691-9fcb59bf249c-768x576.jpg 768w, https:\/\/cloud.alqueria.es\/wp-content\/uploads\/sites\/7\/2024\/11\/297db3d6-4efa-4852-9691-9fcb59bf249c-1536x1152.jpg 1536w, https:\/\/cloud.alqueria.es\/wp-content\/uploads\/sites\/7\/2024\/11\/297db3d6-4efa-4852-9691-9fcb59bf249c.jpg 2048w\" sizes=\"(max-width: 474px) 100vw, 474px\" \/><\/p>\n<p>\u00a1Regresaron al colegio con una mochila llena de nuevos aprendizajes y experiencias!<\/p>\n<p>Por la tarde, CINE!!!\u00a0 Aprovechando el motivo del puente, vemos COCO, que sigue emocionando a peque\u00f1os y mayores.<\/p>\n<p>Nos vemos el lunes!<\/p>\n<p>Laura Justicia<\/p>\n<p>&nbsp;<\/p>\n","protected":false},"excerpt":{"rendered":"<p>El pasado mi\u00e9rcoles, el alumnado de 4\u00ba y la clase verde de Infantil compartieron una salida inolvidable a MERCAGRANADA, que se ha convertido en un tradicional proyecto conjunto para ambos grupos. Este tipo de actividades fomenta no solo el aprendizaje, sino tambi\u00e9n valores como la responsabilidad y la colaboraci\u00f3n entre los grupos. Esto no ha &hellip; <a href=\"https:\/\/www.alqueria.es\/blogs\/alqueriasegundociclo\/2024\/11\/02\/salida-a-mercagranada-una-experiencia-de-aprendizaje-y-convivencia\/\" class=\"more-link\">Seguir leyendo <span class=\"screen-reader-text\">Salida a MERCAGRANADA: una experiencia de aprendizaje y convivencia<\/span> <span class=\"meta-nav\">&rarr;<\/span><\/a><\/p>\n","protected":false},"author":16,"featured_media":0,"comment_status":"open","ping_status":"open","sticky":false,"template":"","format":"standard","meta":{"jetpack_post_was_ever_published":false,"_jetpack_newsletter_access":"","_jetpack_dont_email_post_to_subs":false,"_jetpack_newsletter_tier_id":0,"_jetpack_memberships_contains_paywalled_content":false,"_jetpack_memberships_contains_paid_content":false,"footnotes":"","jetpack_publicize_message":"","jetpack_publicize_feature_enabled":true,"jetpack_social_post_already_shared":true,"jetpack_social_options":{"image_generator_settings":{"template":"highway","default_image_id":0,"font":"","enabled":false},"version":2}},"categories":[6,60],"tags":[544,336,376],"class_list":["post-31375","post","type-post","status-publish","format-standard","hentry","category-4o-epo","category-semanario-4o","tag-mercagranada","tag-proyectos","tag-salidas"],"jetpack_publicize_connections":[],"jetpack_featured_media_url":"","jetpack_sharing_enabled":true,"jetpack_shortlink":"https:\/\/wp.me\/p4lw4c-8a3","_links":{"self":[{"href":"https:\/\/www.alqueria.es\/blogs\/alqueriasegundociclo\/wp-json\/wp\/v2\/posts\/31375","targetHints":{"allow":["GET"]}}],"collection":[{"href":"https:\/\/www.alqueria.es\/blogs\/alqueriasegundociclo\/wp-json\/wp\/v2\/posts"}],"about":[{"href":"https:\/\/www.alqueria.es\/blogs\/alqueriasegundociclo\/wp-json\/wp\/v2\/types\/post"}],"author":[{"embeddable":true,"href":"https:\/\/www.alqueria.es\/blogs\/alqueriasegundociclo\/wp-json\/wp\/v2\/users\/16"}],"replies":[{"embeddable":true,"href":"https:\/\/www.alqueria.es\/blogs\/alqueriasegundociclo\/wp-json\/wp\/v2\/comments?post=31375"}],"version-history":[{"count":2,"href":"https:\/\/www.alqueria.es\/blogs\/alqueriasegundociclo\/wp-json\/wp\/v2\/posts\/31375\/revisions"}],"predecessor-version":[{"id":31394,"href":"https:\/\/www.alqueria.es\/blogs\/alqueriasegundociclo\/wp-json\/wp\/v2\/posts\/31375\/revisions\/31394"}],"wp:attachment":[{"href":"https:\/\/www.alqueria.es\/blogs\/alqueriasegundociclo\/wp-json\/wp\/v2\/media?parent=31375"}],"wp:term":[{"taxonomy":"category","embeddable":true,"href":"https:\/\/www.alqueria.es\/blogs\/alqueriasegundociclo\/wp-json\/wp\/v2\/categories?post=31375"},{"taxonomy":"post_tag","embeddable":true,"href":"https:\/\/www.alqueria.es\/blogs\/alqueriasegundociclo\/wp-json\/wp\/v2\/tags?post=31375"}],"curies":[{"name":"wp","href":"https:\/\/api.w.org\/{rel}","templated":true}]}}