{"id":31927,"date":"2025-01-25T09:54:29","date_gmt":"2025-01-25T08:54:29","guid":{"rendered":"https:\/\/www.alqueria.es\/blogs\/alqueriasegundociclo\/?p=31927"},"modified":"2025-01-25T09:54:29","modified_gmt":"2025-01-25T08:54:29","slug":"semanario-de-3o-semanas-del-13-al-24-de-enero","status":"publish","type":"post","link":"https:\/\/www.alqueria.es\/blogs\/alqueriasegundociclo\/2025\/01\/25\/semanario-de-3o-semanas-del-13-al-24-de-enero\/","title":{"rendered":"Semanario de 3\u00ba. Semanas del 13 al 24 de enero."},"content":{"rendered":"<p>Estimadas familias, durante este tiempo se ha ido retomando las distintas din\u00e1micas del aula y afianzando en la rentabilizaci\u00f3n del tiempo.<\/p>\n<p style=\"text-align: center\"><span style=\"color: #0000ff\">La empat\u00eda.<\/span><\/p>\n<p>Nuestra Compa\u00f1era Laura H. ha continuado con el taller de las emociones, en especial, profundizar en <strong>las habilidades sociales<\/strong>.<\/p>\n<p>Se analiza en ideas previas el conocimiento que tienen sobre la empat\u00eda y a continuaci\u00f3n nos lee un cuento sobre ella.<\/p>\n<p>Se analizan a los compa\u00f1eros y compa\u00f1eras para mayor conocimiento y \u00abnos metemos en sus zapatos\u00bb para comprender mejor sus sentimientos, sus forma de pensar y sentir.<\/p>\n<p>El autoan\u00e1lisis es muy bueno y ver si nuestros comportamientos y actitudes son de:<\/p>\n<p><img decoding=\"async\" data-attachment-id=\"31933\" data-permalink=\"https:\/\/www.alqueria.es\/blogs\/alqueriasegundociclo\/2025\/01\/25\/semanario-de-3o-semanas-del-13-al-24-de-enero\/whatsapp-image-2025-01-25-at-08-39-01-6\/\" data-orig-file=\"https:\/\/cloud.alqueria.es\/wp-content\/uploads\/sites\/7\/2025\/01\/WhatsApp-Image-2025-01-25-at-08.39.01-6.jpeg\" data-orig-size=\"923,2048\" data-comments-opened=\"1\" data-image-meta=\"{&quot;aperture&quot;:&quot;0&quot;,&quot;credit&quot;:&quot;&quot;,&quot;camera&quot;:&quot;&quot;,&quot;caption&quot;:&quot;&quot;,&quot;created_timestamp&quot;:&quot;0&quot;,&quot;copyright&quot;:&quot;&quot;,&quot;focal_length&quot;:&quot;0&quot;,&quot;iso&quot;:&quot;0&quot;,&quot;shutter_speed&quot;:&quot;0&quot;,&quot;title&quot;:&quot;&quot;,&quot;orientation&quot;:&quot;0&quot;}\" data-image-title=\"WhatsApp Image 2025-01-25 at 08.39.01 (6)\" data-image-description=\"\" data-image-caption=\"\" data-large-file=\"https:\/\/cloud.alqueria.es\/wp-content\/uploads\/sites\/7\/2025\/01\/WhatsApp-Image-2025-01-25-at-08.39.01-6-462x1024.jpeg\" class=\"alignleft wp-image-31933 size-medium\" src=\"https:\/\/cloud.alqueria.es\/wp-content\/uploads\/sites\/7\/2025\/01\/WhatsApp-Image-2025-01-25-at-08.39.01-6-135x300.jpeg\" alt=\"\" width=\"135\" height=\"300\" srcset=\"https:\/\/cloud.alqueria.es\/wp-content\/uploads\/sites\/7\/2025\/01\/WhatsApp-Image-2025-01-25-at-08.39.01-6-135x300.jpeg 135w, https:\/\/cloud.alqueria.es\/wp-content\/uploads\/sites\/7\/2025\/01\/WhatsApp-Image-2025-01-25-at-08.39.01-6-462x1024.jpeg 462w, https:\/\/cloud.alqueria.es\/wp-content\/uploads\/sites\/7\/2025\/01\/WhatsApp-Image-2025-01-25-at-08.39.01-6-768x1704.jpeg 768w, https:\/\/cloud.alqueria.es\/wp-content\/uploads\/sites\/7\/2025\/01\/WhatsApp-Image-2025-01-25-at-08.39.01-6-692x1536.jpeg 692w, https:\/\/cloud.alqueria.es\/wp-content\/uploads\/sites\/7\/2025\/01\/WhatsApp-Image-2025-01-25-at-08.39.01-6.jpeg 923w\" sizes=\"(max-width: 135px) 100vw, 135px\" \/> dragones,<\/p>\n<p>tortugas<img decoding=\"async\" data-attachment-id=\"31931\" data-permalink=\"https:\/\/www.alqueria.es\/blogs\/alqueriasegundociclo\/2025\/01\/25\/semanario-de-3o-semanas-del-13-al-24-de-enero\/whatsapp-image-2025-01-25-at-08-39-01-4\/\" data-orig-file=\"https:\/\/cloud.alqueria.es\/wp-content\/uploads\/sites\/7\/2025\/01\/WhatsApp-Image-2025-01-25-at-08.39.01-4.jpeg\" data-orig-size=\"923,2048\" data-comments-opened=\"1\" data-image-meta=\"{&quot;aperture&quot;:&quot;0&quot;,&quot;credit&quot;:&quot;&quot;,&quot;camera&quot;:&quot;&quot;,&quot;caption&quot;:&quot;&quot;,&quot;created_timestamp&quot;:&quot;0&quot;,&quot;copyright&quot;:&quot;&quot;,&quot;focal_length&quot;:&quot;0&quot;,&quot;iso&quot;:&quot;0&quot;,&quot;shutter_speed&quot;:&quot;0&quot;,&quot;title&quot;:&quot;&quot;,&quot;orientation&quot;:&quot;0&quot;}\" data-image-title=\"WhatsApp Image 2025-01-25 at 08.39.01 (4)\" data-image-description=\"\" data-image-caption=\"\" data-large-file=\"https:\/\/cloud.alqueria.es\/wp-content\/uploads\/sites\/7\/2025\/01\/WhatsApp-Image-2025-01-25-at-08.39.01-4-462x1024.jpeg\" class=\"alignright wp-image-31931 size-medium\" src=\"https:\/\/cloud.alqueria.es\/wp-content\/uploads\/sites\/7\/2025\/01\/WhatsApp-Image-2025-01-25-at-08.39.01-4-135x300.jpeg\" alt=\"\" width=\"135\" height=\"300\" srcset=\"https:\/\/cloud.alqueria.es\/wp-content\/uploads\/sites\/7\/2025\/01\/WhatsApp-Image-2025-01-25-at-08.39.01-4-135x300.jpeg 135w, https:\/\/cloud.alqueria.es\/wp-content\/uploads\/sites\/7\/2025\/01\/WhatsApp-Image-2025-01-25-at-08.39.01-4-462x1024.jpeg 462w, https:\/\/cloud.alqueria.es\/wp-content\/uploads\/sites\/7\/2025\/01\/WhatsApp-Image-2025-01-25-at-08.39.01-4-768x1704.jpeg 768w, https:\/\/cloud.alqueria.es\/wp-content\/uploads\/sites\/7\/2025\/01\/WhatsApp-Image-2025-01-25-at-08.39.01-4-692x1536.jpeg 692w, https:\/\/cloud.alqueria.es\/wp-content\/uploads\/sites\/7\/2025\/01\/WhatsApp-Image-2025-01-25-at-08.39.01-4.jpeg 923w\" sizes=\"(max-width: 135px) 100vw, 135px\" \/><\/p>\n<p>&nbsp;<\/p>\n<p>&nbsp;<\/p>\n<p>&nbsp;<\/p>\n<p>&nbsp;<\/p>\n<p>&nbsp;<\/p>\n<p>&nbsp;<\/p>\n<p><img decoding=\"async\" data-attachment-id=\"31932\" data-permalink=\"https:\/\/www.alqueria.es\/blogs\/alqueriasegundociclo\/2025\/01\/25\/semanario-de-3o-semanas-del-13-al-24-de-enero\/whatsapp-image-2025-01-25-at-08-39-01-5\/\" data-orig-file=\"https:\/\/cloud.alqueria.es\/wp-content\/uploads\/sites\/7\/2025\/01\/WhatsApp-Image-2025-01-25-at-08.39.01-5.jpeg\" data-orig-size=\"923,2048\" data-comments-opened=\"1\" data-image-meta=\"{&quot;aperture&quot;:&quot;0&quot;,&quot;credit&quot;:&quot;&quot;,&quot;camera&quot;:&quot;&quot;,&quot;caption&quot;:&quot;&quot;,&quot;created_timestamp&quot;:&quot;0&quot;,&quot;copyright&quot;:&quot;&quot;,&quot;focal_length&quot;:&quot;0&quot;,&quot;iso&quot;:&quot;0&quot;,&quot;shutter_speed&quot;:&quot;0&quot;,&quot;title&quot;:&quot;&quot;,&quot;orientation&quot;:&quot;0&quot;}\" data-image-title=\"WhatsApp Image 2025-01-25 at 08.39.01 (5)\" data-image-description=\"\" data-image-caption=\"\" data-large-file=\"https:\/\/cloud.alqueria.es\/wp-content\/uploads\/sites\/7\/2025\/01\/WhatsApp-Image-2025-01-25-at-08.39.01-5-462x1024.jpeg\" class=\"alignleft wp-image-31932 size-medium\" src=\"https:\/\/cloud.alqueria.es\/wp-content\/uploads\/sites\/7\/2025\/01\/WhatsApp-Image-2025-01-25-at-08.39.01-5-135x300.jpeg\" alt=\"\" width=\"135\" height=\"300\" srcset=\"https:\/\/cloud.alqueria.es\/wp-content\/uploads\/sites\/7\/2025\/01\/WhatsApp-Image-2025-01-25-at-08.39.01-5-135x300.jpeg 135w, https:\/\/cloud.alqueria.es\/wp-content\/uploads\/sites\/7\/2025\/01\/WhatsApp-Image-2025-01-25-at-08.39.01-5-462x1024.jpeg 462w, https:\/\/cloud.alqueria.es\/wp-content\/uploads\/sites\/7\/2025\/01\/WhatsApp-Image-2025-01-25-at-08.39.01-5-768x1704.jpeg 768w, https:\/\/cloud.alqueria.es\/wp-content\/uploads\/sites\/7\/2025\/01\/WhatsApp-Image-2025-01-25-at-08.39.01-5-692x1536.jpeg 692w, https:\/\/cloud.alqueria.es\/wp-content\/uploads\/sites\/7\/2025\/01\/WhatsApp-Image-2025-01-25-at-08.39.01-5.jpeg 923w\" sizes=\"(max-width: 135px) 100vw, 135px\" \/>o delfines.<\/p>\n<p>Es muy importante comentar en casa con ellos y ellas sobre la actividad y que os verbalicen sus formas de relacionarse y las distintas maneras que tienen para \u00a0solucionar sus conflictos.<\/p>\n<p>&nbsp;<\/p>\n<p>&nbsp;<\/p>\n<p>&nbsp;<\/p>\n<p style=\"text-align: center\"><span style=\"color: #0000ff\">\u00a0La lectura compartida con 6\u00ba.<\/span><\/p>\n<p><img decoding=\"async\" data-attachment-id=\"31935\" data-permalink=\"https:\/\/www.alqueria.es\/blogs\/alqueriasegundociclo\/2025\/01\/25\/semanario-de-3o-semanas-del-13-al-24-de-enero\/whatsapp-image-2025-01-25-at-08-39-01-8\/\" data-orig-file=\"https:\/\/cloud.alqueria.es\/wp-content\/uploads\/sites\/7\/2025\/01\/WhatsApp-Image-2025-01-25-at-08.39.01-8.jpeg\" data-orig-size=\"2048,923\" data-comments-opened=\"1\" data-image-meta=\"{&quot;aperture&quot;:&quot;0&quot;,&quot;credit&quot;:&quot;&quot;,&quot;camera&quot;:&quot;&quot;,&quot;caption&quot;:&quot;&quot;,&quot;created_timestamp&quot;:&quot;0&quot;,&quot;copyright&quot;:&quot;&quot;,&quot;focal_length&quot;:&quot;0&quot;,&quot;iso&quot;:&quot;0&quot;,&quot;shutter_speed&quot;:&quot;0&quot;,&quot;title&quot;:&quot;&quot;,&quot;orientation&quot;:&quot;0&quot;}\" data-image-title=\"WhatsApp Image 2025-01-25 at 08.39.01 (8)\" data-image-description=\"\" data-image-caption=\"\" data-large-file=\"https:\/\/cloud.alqueria.es\/wp-content\/uploads\/sites\/7\/2025\/01\/WhatsApp-Image-2025-01-25-at-08.39.01-8-1024x462.jpeg\" class=\"aligncenter size-large wp-image-31935\" src=\"https:\/\/cloud.alqueria.es\/wp-content\/uploads\/sites\/7\/2025\/01\/WhatsApp-Image-2025-01-25-at-08.39.01-8-1024x462.jpeg\" alt=\"\" width=\"474\" height=\"214\" srcset=\"https:\/\/cloud.alqueria.es\/wp-content\/uploads\/sites\/7\/2025\/01\/WhatsApp-Image-2025-01-25-at-08.39.01-8-1024x462.jpeg 1024w, https:\/\/cloud.alqueria.es\/wp-content\/uploads\/sites\/7\/2025\/01\/WhatsApp-Image-2025-01-25-at-08.39.01-8-300x135.jpeg 300w, https:\/\/cloud.alqueria.es\/wp-content\/uploads\/sites\/7\/2025\/01\/WhatsApp-Image-2025-01-25-at-08.39.01-8-768x346.jpeg 768w, https:\/\/cloud.alqueria.es\/wp-content\/uploads\/sites\/7\/2025\/01\/WhatsApp-Image-2025-01-25-at-08.39.01-8-1536x692.jpeg 1536w, https:\/\/cloud.alqueria.es\/wp-content\/uploads\/sites\/7\/2025\/01\/WhatsApp-Image-2025-01-25-at-08.39.01-8.jpeg 2048w\" sizes=\"(max-width: 474px) 100vw, 474px\" \/><\/p>\n<p>Ya sab\u00e9is que todos los mi\u00e9rcoles compartimos la actividad lectora con el alumnado de 6\u00ba. Para ello hay que tener preparada la lectura, haberla ensayado numerosas veces en voz alta para realizar la actividad con confianza y seguridad.<\/p>\n<p><span style=\"color: #0000ff\">La hidra de Lerna<\/span><\/p>\n<p><img decoding=\"async\" data-attachment-id=\"31937\" data-permalink=\"https:\/\/www.alqueria.es\/blogs\/alqueriasegundociclo\/2025\/01\/25\/semanario-de-3o-semanas-del-13-al-24-de-enero\/captura-de-pantalla-2025-01-25-a-las-9-11-35\/\" data-orig-file=\"https:\/\/cloud.alqueria.es\/wp-content\/uploads\/sites\/7\/2025\/01\/Captura-de-pantalla-2025-01-25-a-las-9.11.35.png\" data-orig-size=\"824,473\" data-comments-opened=\"1\" data-image-meta=\"{&quot;aperture&quot;:&quot;0&quot;,&quot;credit&quot;:&quot;&quot;,&quot;camera&quot;:&quot;&quot;,&quot;caption&quot;:&quot;&quot;,&quot;created_timestamp&quot;:&quot;0&quot;,&quot;copyright&quot;:&quot;&quot;,&quot;focal_length&quot;:&quot;0&quot;,&quot;iso&quot;:&quot;0&quot;,&quot;shutter_speed&quot;:&quot;0&quot;,&quot;title&quot;:&quot;&quot;,&quot;orientation&quot;:&quot;0&quot;}\" data-image-title=\"Captura de pantalla 2025-01-25 a las 9.11.35\" data-image-description=\"\" data-image-caption=\"\" data-large-file=\"https:\/\/cloud.alqueria.es\/wp-content\/uploads\/sites\/7\/2025\/01\/Captura-de-pantalla-2025-01-25-a-las-9.11.35.png\" class=\"aligncenter wp-image-31937 size-medium\" src=\"https:\/\/cloud.alqueria.es\/wp-content\/uploads\/sites\/7\/2025\/01\/Captura-de-pantalla-2025-01-25-a-las-9.11.35-300x172.png\" alt=\"\" width=\"300\" height=\"172\" srcset=\"https:\/\/cloud.alqueria.es\/wp-content\/uploads\/sites\/7\/2025\/01\/Captura-de-pantalla-2025-01-25-a-las-9.11.35-300x172.png 300w, https:\/\/cloud.alqueria.es\/wp-content\/uploads\/sites\/7\/2025\/01\/Captura-de-pantalla-2025-01-25-a-las-9.11.35-768x441.png 768w, https:\/\/cloud.alqueria.es\/wp-content\/uploads\/sites\/7\/2025\/01\/Captura-de-pantalla-2025-01-25-a-las-9.11.35.png 824w\" sizes=\"(max-width: 300px) 100vw, 300px\" \/><\/p>\n<p>Sergio nos ha presentado <strong><span style=\"color: #ff6600\">la hidra de Lerna<\/span><\/strong> en la actividad de expresi\u00f3n oral y con ella, el resto del grupo ha realizado la expresi\u00f3n escrita. Hac\u00eda tiempo que no se trabajaba el texto creativo, por lo que he tenido que recordar numerosos aspectos a tener en cuenta a la hora de tomar notas y de redactar en borrador.<\/p>\n<p>Se ha dedicado alg\u00fan tiempo al recordatorio de las reglas de ortograf\u00eda que ya se conocen y hemos ido estudiando. Nos centramos en el uso de las letras \u00abg\u00bb (\u00abgu\u00bb-\u00abg\u00fc\u00bb) y \u00abj\u00bb.<\/p>\n<p><img decoding=\"async\" data-attachment-id=\"31939\" data-permalink=\"https:\/\/www.alqueria.es\/blogs\/alqueriasegundociclo\/2025\/01\/25\/semanario-de-3o-semanas-del-13-al-24-de-enero\/captura-de-pantalla-2025-01-25-a-las-9-18-58\/\" data-orig-file=\"https:\/\/cloud.alqueria.es\/wp-content\/uploads\/sites\/7\/2025\/01\/Captura-de-pantalla-2025-01-25-a-las-9.18.58.png\" data-orig-size=\"540,337\" data-comments-opened=\"1\" data-image-meta=\"{&quot;aperture&quot;:&quot;0&quot;,&quot;credit&quot;:&quot;&quot;,&quot;camera&quot;:&quot;&quot;,&quot;caption&quot;:&quot;&quot;,&quot;created_timestamp&quot;:&quot;0&quot;,&quot;copyright&quot;:&quot;&quot;,&quot;focal_length&quot;:&quot;0&quot;,&quot;iso&quot;:&quot;0&quot;,&quot;shutter_speed&quot;:&quot;0&quot;,&quot;title&quot;:&quot;&quot;,&quot;orientation&quot;:&quot;0&quot;}\" data-image-title=\"Captura de pantalla 2025-01-25 a las 9.18.58\" data-image-description=\"\" data-image-caption=\"\" data-large-file=\"https:\/\/cloud.alqueria.es\/wp-content\/uploads\/sites\/7\/2025\/01\/Captura-de-pantalla-2025-01-25-a-las-9.18.58.png\" class=\"alignleft wp-image-31939 size-medium\" src=\"https:\/\/cloud.alqueria.es\/wp-content\/uploads\/sites\/7\/2025\/01\/Captura-de-pantalla-2025-01-25-a-las-9.18.58-300x187.png\" alt=\"\" width=\"300\" height=\"187\" srcset=\"https:\/\/cloud.alqueria.es\/wp-content\/uploads\/sites\/7\/2025\/01\/Captura-de-pantalla-2025-01-25-a-las-9.18.58-300x187.png 300w, https:\/\/cloud.alqueria.es\/wp-content\/uploads\/sites\/7\/2025\/01\/Captura-de-pantalla-2025-01-25-a-las-9.18.58.png 540w\" sizes=\"(max-width: 300px) 100vw, 300px\" \/> <img decoding=\"async\" data-attachment-id=\"31940\" data-permalink=\"https:\/\/www.alqueria.es\/blogs\/alqueriasegundociclo\/2025\/01\/25\/semanario-de-3o-semanas-del-13-al-24-de-enero\/captura-de-pantalla-2025-01-25-a-las-9-19-20\/\" data-orig-file=\"https:\/\/cloud.alqueria.es\/wp-content\/uploads\/sites\/7\/2025\/01\/Captura-de-pantalla-2025-01-25-a-las-9.19.20.png\" data-orig-size=\"646,496\" data-comments-opened=\"1\" data-image-meta=\"{&quot;aperture&quot;:&quot;0&quot;,&quot;credit&quot;:&quot;&quot;,&quot;camera&quot;:&quot;&quot;,&quot;caption&quot;:&quot;&quot;,&quot;created_timestamp&quot;:&quot;0&quot;,&quot;copyright&quot;:&quot;&quot;,&quot;focal_length&quot;:&quot;0&quot;,&quot;iso&quot;:&quot;0&quot;,&quot;shutter_speed&quot;:&quot;0&quot;,&quot;title&quot;:&quot;&quot;,&quot;orientation&quot;:&quot;0&quot;}\" data-image-title=\"Captura de pantalla 2025-01-25 a las 9.19.20\" data-image-description=\"\" data-image-caption=\"\" data-large-file=\"https:\/\/cloud.alqueria.es\/wp-content\/uploads\/sites\/7\/2025\/01\/Captura-de-pantalla-2025-01-25-a-las-9.19.20.png\" class=\"alignright wp-image-31940 size-medium\" src=\"https:\/\/cloud.alqueria.es\/wp-content\/uploads\/sites\/7\/2025\/01\/Captura-de-pantalla-2025-01-25-a-las-9.19.20-300x230.png\" alt=\"\" width=\"300\" height=\"230\" srcset=\"https:\/\/cloud.alqueria.es\/wp-content\/uploads\/sites\/7\/2025\/01\/Captura-de-pantalla-2025-01-25-a-las-9.19.20-300x230.png 300w, https:\/\/cloud.alqueria.es\/wp-content\/uploads\/sites\/7\/2025\/01\/Captura-de-pantalla-2025-01-25-a-las-9.19.20.png 646w\" sizes=\"(max-width: 300px) 100vw, 300px\" \/><\/p>\n<h2 style=\"text-align: center\"><span style=\"color: #0000ff\">CREA<\/span><\/h2>\n<p style=\"text-align: center\"><span style=\"color: #ff0000\">C<\/span>entro de <span style=\"color: #ff0000\">R<\/span>ecuperaci\u00f3n de <span style=\"color: #ff0000\">E<\/span>species <span style=\"color: #ff0000\">A<\/span>menazadas.<\/p>\n<p>Hemos contado con la entra\u00f1able colaboraci\u00f3n del pap\u00e1 de Oliver. \u00c9l trabaja en el centro CREA de granada y nos ha dado una charla sobre su trabajo.<\/p>\n<p>Lo interesante es que ha tra\u00eddo un ratonero para liberar despu\u00e9s de un periodo de recuperaci\u00f3n debido a sus heridas.<\/p>\n<p><strong><em>\u00abTodos los a\u00f1os miles de animales silvestres son encontrados heridos, enfermos o debilitados. Estos ejemplares precisan una atenci\u00f3n muy diversa, desde un mero reposo y alimentaci\u00f3n hasta delicadas intervenciones quir\u00fargicas, antes de ser devueltos nuevamente a su h\u00e1bitat natural.<\/em><\/strong><\/p>\n<p><strong><em>La Red Andaluza de Centros de Recuperaci\u00f3n de Especies Amenazadas (CREA) se crea en el a\u00f1o\u00a02001\u00a0con la finalidad de recuperar los ejemplares incapacitados de especies amenazadas y protegidas, para liberarlos posteriormente en su h\u00e1bitat natural.<\/em><\/strong><\/p>\n<h2><strong><em><span style=\"color: #008000\">Objetivos de la Red de Centros<\/span><\/em><\/strong><\/h2>\n<p><strong><em>El objetivo principal de la Red es la\u00a0recuperaci\u00f3n\u00a0de los ejemplares de fauna terrestre amenazada o protegida.<\/em><\/strong><\/p>\n<p><strong><em>Entre otros\u00a0objetivos clave, se prentende:<\/em><\/strong><\/p>\n<ul>\n<li><strong><em>Garantizar en todos los centros que forman la Red un servicio eficaz y coordinado de atenci\u00f3n de los avisos recibidos, primeros auxilios, traslado y recepci\u00f3n de los ejemplares en los CREA.<\/em><\/strong><\/li>\n<li><strong><em>Establecimiento de diagn\u00f3sticos y tratamientos adecuados en cada uno de los casos.<\/em><\/strong><\/li>\n<li><strong><em>Dar a conocer al p\u00fablico en general los efectos negativos de la interferencia humana en la fauna, e identificar la acci\u00f3n positiva de la Conserjer\u00eda para minimizar e invertir, cuando sea posible, tales efectos.<\/em><\/strong><\/li>\n<li><strong><em>Recopilar\u00a0datos a fin de facilitar su estudio por los t\u00e9cnicos e investigadores.<\/em><\/strong><\/li>\n<li><strong><em>Servir de poyo a los programas de conservaci\u00f3n de fauna de la Consejer\u00eda.<\/em><\/strong><\/li>\n<\/ul>\n<h2><strong><em><span style=\"color: #008000\">Funcionamiento<\/span><\/em><\/strong><\/h2>\n<p><strong><em>La Red Andaluza de CREAS funciona seg\u00fan un\u00a0procedimiento\u00a0que abarca c\u00f3mo actuar con el animal incapacitado desde su recogida hasta su eventual liberaci\u00f3n en el campo, ya totalmente recuperado.<\/em><\/strong><\/p>\n<p><strong><em>A cada animal ingresado se le abre una ficha cl\u00ednica que registra los datos del hallazgo, as\u00ed como su historial cl\u00ednico, de rehabilitaci\u00f3n y suelta. Una vez se ha realizado su registro, los servicios veterinarios del CREA realizan un minucioso diagn\u00f3stico del paciente; de este depender\u00e1 el tratamiento: unas veces se administran medicamentos y, otras, es necesario intervenir quir\u00fargicamente al ejemplar.<\/em><\/strong><\/p>\n<p><strong><em>La parte final de la recuperaci\u00f3n del paciente es la rehabilitaci\u00f3n. Para el caso de las aves, cada centro est\u00e1 dotado de unas instalaciones, llamadas voladeros, especialmente dise\u00f1adas para que los pacientes puedan muscular y mejorar su vuelo. Adem\u00e1s, con el voladero oval, se consigue un vuelo mantenido del ave y, por tanto, una rehabilitaci\u00f3n m\u00e1s r\u00e1pida y de mayor calidad.<\/em><\/strong><\/p>\n<p><em><strong>La Red de CREA no podr\u00eda funcionar sin la desinteresada colaboraci\u00f3n de la ciudadan\u00eda en general, raz\u00f3n por la que la Consejer\u00eda se esfuerza por dar a conocer el servicio que presta. Son muy diversos los colectivos que colaboran facilitando la entrega de un animal incapacitado.<\/strong><\/em><\/p>\n<p><em><strong>La mayor aportaci\u00f3n procede de particulares, seguido de la Guardia Civil, Agentes de Medio Ambiente, otras Administraciones P\u00fablicas y la Polic\u00eda Municipal. En menor medida, cabe citar las aportaciones realizadas desde Protecci\u00f3n Civil y Cruz Roja, Centros Educativos, Grupos Ecologistas, y otras entidades como Sociedades de Cazadores y Pescadores, Aduana o Polic\u00eda Auton\u00f3mica y Nacional.<\/strong><\/em><\/p>\n<p><strong><em>Los ejemplares acogidos en la Red pertenecen a especies silvestres protegidas de la fauna aut\u00f3ctona andaluza; si bien, su funcionamiento da prioridad a las especies amenazadas incluidas en el Cat\u00e1logo Andaluz de Especies Amenazadas y en el Libro Rojo de Vertebrados Amenazados de Andaluc\u00eda.<\/em><\/strong><\/p>\n<p><strong><em>Dentro de los vertebrados terrestres, son las aves\u00a0el grupo que tiene mayor n\u00famero de ingresos en los CREAS. Esto es as\u00ed debido a sus h\u00e1bitos diurnos, su movilidad y su abundancia, que los convierte en el grupo m\u00e1s vulnerable a las interferencias humanas y en el m\u00e1s f\u00e1cilmente detectable cuando los animales resultan por alg\u00fan motivo incapacitados. Tras este grupo mayoritario, se encuentran reptiles y mam\u00edferos y un porcentaje mucho menor de anfibios\u00bb.<\/em><\/strong><\/p>\n<div class=\"tiled-gallery type-rectangular tiled-gallery-unresized\" data-original-width=\"474\" data-carousel-extra='{&quot;blog_id&quot;:7,&quot;permalink&quot;:&quot;https:\\\/\\\/www.alqueria.es\\\/blogs\\\/alqueriasegundociclo\\\/2025\\\/01\\\/25\\\/semanario-de-3o-semanas-del-13-al-24-de-enero\\\/&quot;,&quot;likes_blog_id&quot;:64233500}' itemscope itemtype=\"http:\/\/schema.org\/ImageGallery\" > <div class=\"gallery-row\" style=\"width: 474px; height: 216px;\" data-original-width=\"474\" data-original-height=\"216\" > <div class=\"gallery-group images-1\" style=\"width: 474px; height: 216px;\" data-original-width=\"474\" data-original-height=\"216\" > <div class=\"tiled-gallery-item tiled-gallery-item-large\" itemprop=\"associatedMedia\" itemscope itemtype=\"http:\/\/schema.org\/ImageObject\"> <a href=\"https:\/\/www.alqueria.es\/blogs\/alqueriasegundociclo\/2025\/01\/25\/semanario-de-3o-semanas-del-13-al-24-de-enero\/whatsapp-image-2025-01-25-at-08-39-01-7\/\" border=\"0\" itemprop=\"url\"> <meta itemprop=\"width\" content=\"470\"> <meta itemprop=\"height\" content=\"212\"> <img decoding=\"async\" class=\"\" data-attachment-id=\"31934\" data-orig-file=\"https:\/\/cloud.alqueria.es\/wp-content\/uploads\/sites\/7\/2025\/01\/WhatsApp-Image-2025-01-25-at-08.39.01-7.jpeg\" data-orig-size=\"2048,923\" data-comments-opened=\"1\" data-image-meta=\"{&quot;aperture&quot;:&quot;0&quot;,&quot;credit&quot;:&quot;&quot;,&quot;camera&quot;:&quot;&quot;,&quot;caption&quot;:&quot;&quot;,&quot;created_timestamp&quot;:&quot;0&quot;,&quot;copyright&quot;:&quot;&quot;,&quot;focal_length&quot;:&quot;0&quot;,&quot;iso&quot;:&quot;0&quot;,&quot;shutter_speed&quot;:&quot;0&quot;,&quot;title&quot;:&quot;&quot;,&quot;orientation&quot;:&quot;0&quot;}\" data-image-title=\"WhatsApp Image 2025-01-25 at 08.39.01 (7)\" data-image-description=\"\" data-medium-file=\"https:\/\/cloud.alqueria.es\/wp-content\/uploads\/sites\/7\/2025\/01\/WhatsApp-Image-2025-01-25-at-08.39.01-7-300x135.jpeg\" data-large-file=\"https:\/\/cloud.alqueria.es\/wp-content\/uploads\/sites\/7\/2025\/01\/WhatsApp-Image-2025-01-25-at-08.39.01-7-1024x462.jpeg\" src=\"https:\/\/i0.wp.com\/cloud.alqueria.es\/wp-content\/uploads\/sites\/7\/2025\/01\/WhatsApp-Image-2025-01-25-at-08.39.01-7.jpeg?w=470&#038;h=212&#038;ssl=1\" srcset=\"https:\/\/cloud.alqueria.es\/wp-content\/uploads\/sites\/7\/2025\/01\/WhatsApp-Image-2025-01-25-at-08.39.01-7.jpeg 2048w, https:\/\/cloud.alqueria.es\/wp-content\/uploads\/sites\/7\/2025\/01\/WhatsApp-Image-2025-01-25-at-08.39.01-7-300x135.jpeg 300w, https:\/\/cloud.alqueria.es\/wp-content\/uploads\/sites\/7\/2025\/01\/WhatsApp-Image-2025-01-25-at-08.39.01-7-1024x462.jpeg 1024w, https:\/\/cloud.alqueria.es\/wp-content\/uploads\/sites\/7\/2025\/01\/WhatsApp-Image-2025-01-25-at-08.39.01-7-768x346.jpeg 768w, https:\/\/cloud.alqueria.es\/wp-content\/uploads\/sites\/7\/2025\/01\/WhatsApp-Image-2025-01-25-at-08.39.01-7-1536x692.jpeg 1536w\" width=\"470\" height=\"212\" loading=\"lazy\" data-original-width=\"470\" data-original-height=\"212\" itemprop=\"http:\/\/schema.org\/image\" title=\"WhatsApp Image 2025-01-25 at 08.39.01 (7)\" alt=\"WhatsApp Image 2025-01-25 at 08.39.01 (7)\" style=\"width: 470px; height: 212px;\" \/> <\/a> <\/div> <\/div> <!-- close group --> <\/div> <!-- close row --> <div class=\"gallery-row\" style=\"width: 474px; height: 216px;\" data-original-width=\"474\" data-original-height=\"216\" > <div class=\"gallery-group images-1\" style=\"width: 474px; height: 216px;\" data-original-width=\"474\" data-original-height=\"216\" > <div class=\"tiled-gallery-item tiled-gallery-item-large\" itemprop=\"associatedMedia\" itemscope itemtype=\"http:\/\/schema.org\/ImageObject\"> <a href=\"https:\/\/www.alqueria.es\/blogs\/alqueriasegundociclo\/2025\/01\/25\/semanario-de-3o-semanas-del-13-al-24-de-enero\/whatsapp-image-2025-01-25-at-08-39-01-3\/\" border=\"0\" itemprop=\"url\"> <meta itemprop=\"width\" content=\"470\"> <meta itemprop=\"height\" content=\"212\"> <img decoding=\"async\" class=\"\" data-attachment-id=\"31930\" data-orig-file=\"https:\/\/cloud.alqueria.es\/wp-content\/uploads\/sites\/7\/2025\/01\/WhatsApp-Image-2025-01-25-at-08.39.01-3.jpeg\" data-orig-size=\"2048,923\" data-comments-opened=\"1\" data-image-meta=\"{&quot;aperture&quot;:&quot;0&quot;,&quot;credit&quot;:&quot;&quot;,&quot;camera&quot;:&quot;&quot;,&quot;caption&quot;:&quot;&quot;,&quot;created_timestamp&quot;:&quot;0&quot;,&quot;copyright&quot;:&quot;&quot;,&quot;focal_length&quot;:&quot;0&quot;,&quot;iso&quot;:&quot;0&quot;,&quot;shutter_speed&quot;:&quot;0&quot;,&quot;title&quot;:&quot;&quot;,&quot;orientation&quot;:&quot;0&quot;}\" data-image-title=\"WhatsApp Image 2025-01-25 at 08.39.01 (3)\" data-image-description=\"\" data-medium-file=\"https:\/\/cloud.alqueria.es\/wp-content\/uploads\/sites\/7\/2025\/01\/WhatsApp-Image-2025-01-25-at-08.39.01-3-300x135.jpeg\" data-large-file=\"https:\/\/cloud.alqueria.es\/wp-content\/uploads\/sites\/7\/2025\/01\/WhatsApp-Image-2025-01-25-at-08.39.01-3-1024x462.jpeg\" src=\"https:\/\/i0.wp.com\/cloud.alqueria.es\/wp-content\/uploads\/sites\/7\/2025\/01\/WhatsApp-Image-2025-01-25-at-08.39.01-3.jpeg?w=470&#038;h=212&#038;ssl=1\" srcset=\"https:\/\/cloud.alqueria.es\/wp-content\/uploads\/sites\/7\/2025\/01\/WhatsApp-Image-2025-01-25-at-08.39.01-3.jpeg 2048w, https:\/\/cloud.alqueria.es\/wp-content\/uploads\/sites\/7\/2025\/01\/WhatsApp-Image-2025-01-25-at-08.39.01-3-300x135.jpeg 300w, https:\/\/cloud.alqueria.es\/wp-content\/uploads\/sites\/7\/2025\/01\/WhatsApp-Image-2025-01-25-at-08.39.01-3-1024x462.jpeg 1024w, https:\/\/cloud.alqueria.es\/wp-content\/uploads\/sites\/7\/2025\/01\/WhatsApp-Image-2025-01-25-at-08.39.01-3-768x346.jpeg 768w, https:\/\/cloud.alqueria.es\/wp-content\/uploads\/sites\/7\/2025\/01\/WhatsApp-Image-2025-01-25-at-08.39.01-3-1536x692.jpeg 1536w\" width=\"470\" height=\"212\" loading=\"lazy\" data-original-width=\"470\" data-original-height=\"212\" itemprop=\"http:\/\/schema.org\/image\" title=\"WhatsApp Image 2025-01-25 at 08.39.01 (3)\" alt=\"WhatsApp Image 2025-01-25 at 08.39.01 (3)\" style=\"width: 470px; height: 212px;\" \/> <\/a> <\/div> <\/div> <!-- close group --> <\/div> <!-- close row --> <div class=\"gallery-row\" style=\"width: 474px; height: 109px;\" data-original-width=\"474\" data-original-height=\"109\" > <div class=\"gallery-group images-1\" style=\"width: 237px; height: 109px;\" data-original-width=\"237\" data-original-height=\"109\" > <div class=\"tiled-gallery-item tiled-gallery-item-small\" itemprop=\"associatedMedia\" itemscope itemtype=\"http:\/\/schema.org\/ImageObject\"> <a href=\"https:\/\/www.alqueria.es\/blogs\/alqueriasegundociclo\/2025\/01\/25\/semanario-de-3o-semanas-del-13-al-24-de-enero\/whatsapp-image-2025-01-25-at-08-39-01-2\/\" border=\"0\" itemprop=\"url\"> <meta itemprop=\"width\" content=\"233\"> <meta itemprop=\"height\" content=\"105\"> <img decoding=\"async\" class=\"\" data-attachment-id=\"31929\" data-orig-file=\"https:\/\/cloud.alqueria.es\/wp-content\/uploads\/sites\/7\/2025\/01\/WhatsApp-Image-2025-01-25-at-08.39.01-2.jpeg\" data-orig-size=\"2048,923\" data-comments-opened=\"1\" data-image-meta=\"{&quot;aperture&quot;:&quot;0&quot;,&quot;credit&quot;:&quot;&quot;,&quot;camera&quot;:&quot;&quot;,&quot;caption&quot;:&quot;&quot;,&quot;created_timestamp&quot;:&quot;0&quot;,&quot;copyright&quot;:&quot;&quot;,&quot;focal_length&quot;:&quot;0&quot;,&quot;iso&quot;:&quot;0&quot;,&quot;shutter_speed&quot;:&quot;0&quot;,&quot;title&quot;:&quot;&quot;,&quot;orientation&quot;:&quot;0&quot;}\" data-image-title=\"WhatsApp Image 2025-01-25 at 08.39.01 (2)\" data-image-description=\"\" data-medium-file=\"https:\/\/cloud.alqueria.es\/wp-content\/uploads\/sites\/7\/2025\/01\/WhatsApp-Image-2025-01-25-at-08.39.01-2-300x135.jpeg\" data-large-file=\"https:\/\/cloud.alqueria.es\/wp-content\/uploads\/sites\/7\/2025\/01\/WhatsApp-Image-2025-01-25-at-08.39.01-2-1024x462.jpeg\" src=\"https:\/\/i0.wp.com\/cloud.alqueria.es\/wp-content\/uploads\/sites\/7\/2025\/01\/WhatsApp-Image-2025-01-25-at-08.39.01-2.jpeg?w=233&#038;h=105&#038;ssl=1\" srcset=\"https:\/\/cloud.alqueria.es\/wp-content\/uploads\/sites\/7\/2025\/01\/WhatsApp-Image-2025-01-25-at-08.39.01-2.jpeg 2048w, https:\/\/cloud.alqueria.es\/wp-content\/uploads\/sites\/7\/2025\/01\/WhatsApp-Image-2025-01-25-at-08.39.01-2-300x135.jpeg 300w, https:\/\/cloud.alqueria.es\/wp-content\/uploads\/sites\/7\/2025\/01\/WhatsApp-Image-2025-01-25-at-08.39.01-2-1024x462.jpeg 1024w, https:\/\/cloud.alqueria.es\/wp-content\/uploads\/sites\/7\/2025\/01\/WhatsApp-Image-2025-01-25-at-08.39.01-2-768x346.jpeg 768w, https:\/\/cloud.alqueria.es\/wp-content\/uploads\/sites\/7\/2025\/01\/WhatsApp-Image-2025-01-25-at-08.39.01-2-1536x692.jpeg 1536w\" width=\"233\" height=\"105\" loading=\"lazy\" data-original-width=\"233\" data-original-height=\"105\" itemprop=\"http:\/\/schema.org\/image\" title=\"WhatsApp Image 2025-01-25 at 08.39.01 (2)\" alt=\"WhatsApp Image 2025-01-25 at 08.39.01 (2)\" style=\"width: 233px; height: 105px;\" \/> <\/a> <\/div> <\/div> <!-- close group --> <div class=\"gallery-group images-1\" style=\"width: 237px; height: 109px;\" data-original-width=\"237\" data-original-height=\"109\" > <div class=\"tiled-gallery-item tiled-gallery-item-small\" itemprop=\"associatedMedia\" itemscope itemtype=\"http:\/\/schema.org\/ImageObject\"> <a href=\"https:\/\/www.alqueria.es\/blogs\/alqueriasegundociclo\/2025\/01\/25\/semanario-de-3o-semanas-del-13-al-24-de-enero\/whatsapp-image-2025-01-25-at-08-39-01-1\/\" border=\"0\" itemprop=\"url\"> <meta itemprop=\"width\" content=\"233\"> <meta itemprop=\"height\" content=\"105\"> <img decoding=\"async\" class=\"\" data-attachment-id=\"31928\" data-orig-file=\"https:\/\/cloud.alqueria.es\/wp-content\/uploads\/sites\/7\/2025\/01\/WhatsApp-Image-2025-01-25-at-08.39.01-1.jpeg\" data-orig-size=\"2048,923\" data-comments-opened=\"1\" data-image-meta=\"{&quot;aperture&quot;:&quot;0&quot;,&quot;credit&quot;:&quot;&quot;,&quot;camera&quot;:&quot;&quot;,&quot;caption&quot;:&quot;&quot;,&quot;created_timestamp&quot;:&quot;0&quot;,&quot;copyright&quot;:&quot;&quot;,&quot;focal_length&quot;:&quot;0&quot;,&quot;iso&quot;:&quot;0&quot;,&quot;shutter_speed&quot;:&quot;0&quot;,&quot;title&quot;:&quot;&quot;,&quot;orientation&quot;:&quot;0&quot;}\" data-image-title=\"WhatsApp Image 2025-01-25 at 08.39.01 (1)\" data-image-description=\"\" data-medium-file=\"https:\/\/cloud.alqueria.es\/wp-content\/uploads\/sites\/7\/2025\/01\/WhatsApp-Image-2025-01-25-at-08.39.01-1-300x135.jpeg\" data-large-file=\"https:\/\/cloud.alqueria.es\/wp-content\/uploads\/sites\/7\/2025\/01\/WhatsApp-Image-2025-01-25-at-08.39.01-1-1024x462.jpeg\" src=\"https:\/\/i0.wp.com\/cloud.alqueria.es\/wp-content\/uploads\/sites\/7\/2025\/01\/WhatsApp-Image-2025-01-25-at-08.39.01-1.jpeg?w=233&#038;h=105&#038;ssl=1\" srcset=\"https:\/\/cloud.alqueria.es\/wp-content\/uploads\/sites\/7\/2025\/01\/WhatsApp-Image-2025-01-25-at-08.39.01-1.jpeg 2048w, https:\/\/cloud.alqueria.es\/wp-content\/uploads\/sites\/7\/2025\/01\/WhatsApp-Image-2025-01-25-at-08.39.01-1-300x135.jpeg 300w, https:\/\/cloud.alqueria.es\/wp-content\/uploads\/sites\/7\/2025\/01\/WhatsApp-Image-2025-01-25-at-08.39.01-1-1024x462.jpeg 1024w, https:\/\/cloud.alqueria.es\/wp-content\/uploads\/sites\/7\/2025\/01\/WhatsApp-Image-2025-01-25-at-08.39.01-1-768x346.jpeg 768w, https:\/\/cloud.alqueria.es\/wp-content\/uploads\/sites\/7\/2025\/01\/WhatsApp-Image-2025-01-25-at-08.39.01-1-1536x692.jpeg 1536w\" width=\"233\" height=\"105\" loading=\"lazy\" data-original-width=\"233\" data-original-height=\"105\" itemprop=\"http:\/\/schema.org\/image\" title=\"WhatsApp Image 2025-01-25 at 08.39.01 (1)\" alt=\"WhatsApp Image 2025-01-25 at 08.39.01 (1)\" style=\"width: 233px; height: 105px;\" \/> <\/a> <\/div> <\/div> <!-- close group --> <\/div> <!-- close row --> <\/div>\n<h1 style=\"text-align: center\"><strong><span style=\"color: #ff6600\">Los animales marinos<\/span><\/strong><\/h1>\n<p><img decoding=\"async\" data-attachment-id=\"31938\" data-permalink=\"https:\/\/www.alqueria.es\/blogs\/alqueriasegundociclo\/2025\/01\/25\/semanario-de-3o-semanas-del-13-al-24-de-enero\/captura-de-pantalla-2025-01-25-a-las-9-11-59\/\" data-orig-file=\"https:\/\/cloud.alqueria.es\/wp-content\/uploads\/sites\/7\/2025\/01\/Captura-de-pantalla-2025-01-25-a-las-9.11.59.png\" data-orig-size=\"826,469\" data-comments-opened=\"1\" data-image-meta=\"{&quot;aperture&quot;:&quot;0&quot;,&quot;credit&quot;:&quot;&quot;,&quot;camera&quot;:&quot;&quot;,&quot;caption&quot;:&quot;&quot;,&quot;created_timestamp&quot;:&quot;0&quot;,&quot;copyright&quot;:&quot;&quot;,&quot;focal_length&quot;:&quot;0&quot;,&quot;iso&quot;:&quot;0&quot;,&quot;shutter_speed&quot;:&quot;0&quot;,&quot;title&quot;:&quot;&quot;,&quot;orientation&quot;:&quot;0&quot;}\" data-image-title=\"Captura de pantalla 2025-01-25 a las 9.11.59\" data-image-description=\"\" data-image-caption=\"\" data-large-file=\"https:\/\/cloud.alqueria.es\/wp-content\/uploads\/sites\/7\/2025\/01\/Captura-de-pantalla-2025-01-25-a-las-9.11.59.png\" class=\"aligncenter size-full wp-image-31938\" src=\"https:\/\/cloud.alqueria.es\/wp-content\/uploads\/sites\/7\/2025\/01\/Captura-de-pantalla-2025-01-25-a-las-9.11.59.png\" alt=\"\" width=\"826\" height=\"469\" srcset=\"https:\/\/cloud.alqueria.es\/wp-content\/uploads\/sites\/7\/2025\/01\/Captura-de-pantalla-2025-01-25-a-las-9.11.59.png 826w, https:\/\/cloud.alqueria.es\/wp-content\/uploads\/sites\/7\/2025\/01\/Captura-de-pantalla-2025-01-25-a-las-9.11.59-300x170.png 300w, https:\/\/cloud.alqueria.es\/wp-content\/uploads\/sites\/7\/2025\/01\/Captura-de-pantalla-2025-01-25-a-las-9.11.59-768x436.png 768w\" sizes=\"(max-width: 826px) 100vw, 826px\" \/><\/p>\n<p>Sergio ha cerrado el tema de los animales con su investigaci\u00f3n sobre los animales marinos. Nos ha expuesto su conferencia y ha ayudado a comprender mejor numerosos aspectos.<\/p>\n<p>Se cierra el tema de los animales con una actividad sobre lo aprendido e iniciamos el nuevo tema \u00ab<span style=\"color: #ff6600\">Los materiales\u00bb.<\/span><\/p>\n<h2 style=\"text-align: center\"><span style=\"color: #0000ff\">Matem\u00e1ticas<\/span><\/h2>\n<p>Seguimos con nuestras revisiones de tablas, anim\u00e1ndoles a dominar con mayor soltura cada d\u00eda. Son numerosos los momentos en los que utilizamos\u00a0 las tablas, la multiplicaci\u00f3n, as\u00ed como la sumas y las restas.<\/p>\n<p>Hacemos operaciones b\u00e1sicas para que no se nos olvide el mecanismo de la misma. Trabajamos el c\u00e1lculo r\u00e1pido y tambi\u00e9n el <span style=\"color: #ff6600\">uso del calendario<\/span>. Es fundamental, para la vida, que manejen el calendario de manera correcta, con esto me refiero a los d\u00edas de la semana, los meses del a\u00f1o y los d\u00edas que tiene cada uno, el orden de las estaciones y los periodos que corresponden a cada uno&#8230;<\/p>\n<p style=\"text-align: center\"><span style=\"color: #0000ff\"><strong>EL reloj<\/strong><\/span><\/p>\n<p><img decoding=\"async\" data-attachment-id=\"31941\" data-permalink=\"https:\/\/www.alqueria.es\/blogs\/alqueriasegundociclo\/2025\/01\/25\/semanario-de-3o-semanas-del-13-al-24-de-enero\/captura-de-pantalla-2025-01-25-a-las-9-48-49\/\" data-orig-file=\"https:\/\/cloud.alqueria.es\/wp-content\/uploads\/sites\/7\/2025\/01\/Captura-de-pantalla-2025-01-25-a-las-9.48.49.png\" data-orig-size=\"639,464\" data-comments-opened=\"1\" data-image-meta=\"{&quot;aperture&quot;:&quot;0&quot;,&quot;credit&quot;:&quot;&quot;,&quot;camera&quot;:&quot;&quot;,&quot;caption&quot;:&quot;&quot;,&quot;created_timestamp&quot;:&quot;0&quot;,&quot;copyright&quot;:&quot;&quot;,&quot;focal_length&quot;:&quot;0&quot;,&quot;iso&quot;:&quot;0&quot;,&quot;shutter_speed&quot;:&quot;0&quot;,&quot;title&quot;:&quot;&quot;,&quot;orientation&quot;:&quot;0&quot;}\" data-image-title=\"Captura de pantalla 2025-01-25 a las 9.48.49\" data-image-description=\"\" data-image-caption=\"\" data-large-file=\"https:\/\/cloud.alqueria.es\/wp-content\/uploads\/sites\/7\/2025\/01\/Captura-de-pantalla-2025-01-25-a-las-9.48.49.png\" class=\"wp-image-31941 size-medium alignleft\" src=\"https:\/\/cloud.alqueria.es\/wp-content\/uploads\/sites\/7\/2025\/01\/Captura-de-pantalla-2025-01-25-a-las-9.48.49-300x218.png\" alt=\"\" width=\"300\" height=\"218\" srcset=\"https:\/\/cloud.alqueria.es\/wp-content\/uploads\/sites\/7\/2025\/01\/Captura-de-pantalla-2025-01-25-a-las-9.48.49-300x218.png 300w, https:\/\/cloud.alqueria.es\/wp-content\/uploads\/sites\/7\/2025\/01\/Captura-de-pantalla-2025-01-25-a-las-9.48.49.png 639w\" sizes=\"(max-width: 300px) 100vw, 300px\" \/>Continuamos el trabajo sobre la lectura del reloj y la realizaci\u00f3n de peque\u00f1os problemas.<\/p>\n<p><img decoding=\"async\" data-attachment-id=\"31942\" data-permalink=\"https:\/\/www.alqueria.es\/blogs\/alqueriasegundociclo\/2025\/01\/25\/semanario-de-3o-semanas-del-13-al-24-de-enero\/captura-de-pantalla-2025-01-25-a-las-9-49-03\/\" data-orig-file=\"https:\/\/cloud.alqueria.es\/wp-content\/uploads\/sites\/7\/2025\/01\/Captura-de-pantalla-2025-01-25-a-las-9.49.03.png\" data-orig-size=\"536,323\" data-comments-opened=\"1\" data-image-meta=\"{&quot;aperture&quot;:&quot;0&quot;,&quot;credit&quot;:&quot;&quot;,&quot;camera&quot;:&quot;&quot;,&quot;caption&quot;:&quot;&quot;,&quot;created_timestamp&quot;:&quot;0&quot;,&quot;copyright&quot;:&quot;&quot;,&quot;focal_length&quot;:&quot;0&quot;,&quot;iso&quot;:&quot;0&quot;,&quot;shutter_speed&quot;:&quot;0&quot;,&quot;title&quot;:&quot;&quot;,&quot;orientation&quot;:&quot;0&quot;}\" data-image-title=\"Captura de pantalla 2025-01-25 a las 9.49.03\" data-image-description=\"\" data-image-caption=\"\" data-large-file=\"https:\/\/cloud.alqueria.es\/wp-content\/uploads\/sites\/7\/2025\/01\/Captura-de-pantalla-2025-01-25-a-las-9.49.03.png\" class=\"alignright wp-image-31942 size-medium\" src=\"https:\/\/cloud.alqueria.es\/wp-content\/uploads\/sites\/7\/2025\/01\/Captura-de-pantalla-2025-01-25-a-las-9.49.03-300x181.png\" alt=\"\" width=\"300\" height=\"181\" srcset=\"https:\/\/cloud.alqueria.es\/wp-content\/uploads\/sites\/7\/2025\/01\/Captura-de-pantalla-2025-01-25-a-las-9.49.03-300x181.png 300w, https:\/\/cloud.alqueria.es\/wp-content\/uploads\/sites\/7\/2025\/01\/Captura-de-pantalla-2025-01-25-a-las-9.49.03.png 536w\" sizes=\"(max-width: 300px) 100vw, 300px\" \/><\/p>\n<h2><span style=\"color: #008000\">\u00bfC\u00f3mo Trabajar y Estudiar Matem\u00e1ticas?<\/span><\/h2>\n<p><span style=\"color: #800080\">1. Pr\u00e1ctica, Pr\u00e1ctica y M\u00e1s Pr\u00e1ctica<\/span><\/p>\n<p><em>Para aprender matem\u00e1ticas hay que ponerse el mono de trabajo y lanzarse a hacer ejercicios matem\u00e1ticos. Cuanto m\u00e1s se practique, mejor.\u00a0Cada ejercicio tiene sus particularidades y nada mejor que los \u00abproblemas\u00bb cotidianos y cercanos.<\/em><\/p>\n<p><span style=\"color: #800080\">2. Revisar los Errores<\/span><\/p>\n<p><em>Al practicar con ejercicios, es muy importante comprobar los resultados y, m\u00e1s importante a\u00fan, detenerse en la parte que se ha fallado y examinar el proceso en detalle hasta asimilarlo. De nada sirve comparar resultados si no se sabe en qu\u00e9 se ha equivocado. De esta manera, se evitar\u00e1 cometer los mismos fallos en el futuro.<\/em><\/p>\n<p><span style=\"color: #800080\">3. Dominar los Conceptos Clave<\/span><\/p>\n<p><em>Dominar los conceptos importantes y el proceso de resoluci\u00f3n de los problemas.<\/em><\/p>\n<p><em>las Matem\u00e1ticas son una asignatura secuencial, por lo que es importante asentar una base firme dominando los conceptos clave y teniendo claras las f\u00f3rmulas matem\u00e1ticas esenciales (lectura comprensiva, planteamiento y resoluci\u00f3n aplicando correctamente las operaciones necesarias sin errar).<\/em><\/p>\n<p><span style=\"color: #800080\">4. Consultar las Dudas<\/span><\/p>\n<p><em>Ante el atasque en una parte de un problema o que simplemente no se entienda el proceso o enunciado, hay que aclarar dudas. Es necesario romper la timidez, la verg\u00fcenza de preguntar.<\/em><\/p>\n<p><em>El trabajo colaborativo \u00a0junto a alg\u00fan compa\u00f1ero o compa\u00f1era es esencial para consultar, aclarar dudas. \u00abTodos somos docentes\u00bb.<\/em><\/p>\n<p><span style=\"color: #800080\">5. Trabajar en un Ambiente de Estudio sin Distracciones<\/span><\/p>\n<p><em>Las Matem\u00e1ticas son una asignatura que requiere m\u00e1s concentraci\u00f3n que ninguna otra. Un ambiente de estudio adecuado y libre de distracciones es el factor determinante para conseguir resolver \u00a0problemas.<\/em><\/p>\n<p><span style=\"color: #800080\">7. Aplicar Problemas al Mundo Real<\/span><\/p>\n<p><em>En la medida de lo posible, se intenta aplicar los ejercicios al mundo real.<\/em><\/p>\n<p>Os deseo un buen descanso en el fin de semana.<\/p>\n<p>Un saludo.<\/p>\n<p>juanjo<\/p>\n<p>&nbsp;<\/p>\n","protected":false},"excerpt":{"rendered":"<p>Estimadas familias, durante este tiempo se ha ido retomando las distintas din\u00e1micas del aula y afianzando en la rentabilizaci\u00f3n del tiempo. La empat\u00eda. Nuestra Compa\u00f1era Laura H. ha continuado con el taller de las emociones, en especial, profundizar en las habilidades sociales. Se analiza en ideas previas el conocimiento que tienen sobre la empat\u00eda y &hellip; <a href=\"https:\/\/www.alqueria.es\/blogs\/alqueriasegundociclo\/2025\/01\/25\/semanario-de-3o-semanas-del-13-al-24-de-enero\/\" class=\"more-link\">Seguir leyendo <span class=\"screen-reader-text\">Semanario de 3\u00ba. Semanas del 13 al 24 de enero.<\/span> <span class=\"meta-nav\">&rarr;<\/span><\/a><\/p>\n","protected":false},"author":16,"featured_media":0,"comment_status":"open","ping_status":"open","sticky":false,"template":"","format":"standard","meta":{"jetpack_post_was_ever_published":false,"_jetpack_newsletter_access":"","_jetpack_dont_email_post_to_subs":false,"_jetpack_newsletter_tier_id":0,"_jetpack_memberships_contains_paywalled_content":false,"_jetpack_memberships_contains_paid_content":false,"footnotes":"","jetpack_publicize_message":"","jetpack_publicize_feature_enabled":true,"jetpack_social_post_already_shared":true,"jetpack_social_options":{"image_generator_settings":{"template":"highway","default_image_id":0,"font":"","enabled":false},"version":2}},"categories":[5,59],"tags":[],"class_list":["post-31927","post","type-post","status-publish","format-standard","hentry","category-3o-epo","category-semanario-3o"],"jetpack_publicize_connections":[],"jetpack_featured_media_url":"","jetpack_sharing_enabled":true,"jetpack_shortlink":"https:\/\/wp.me\/p4lw4c-8iX","_links":{"self":[{"href":"https:\/\/www.alqueria.es\/blogs\/alqueriasegundociclo\/wp-json\/wp\/v2\/posts\/31927","targetHints":{"allow":["GET"]}}],"collection":[{"href":"https:\/\/www.alqueria.es\/blogs\/alqueriasegundociclo\/wp-json\/wp\/v2\/posts"}],"about":[{"href":"https:\/\/www.alqueria.es\/blogs\/alqueriasegundociclo\/wp-json\/wp\/v2\/types\/post"}],"author":[{"embeddable":true,"href":"https:\/\/www.alqueria.es\/blogs\/alqueriasegundociclo\/wp-json\/wp\/v2\/users\/16"}],"replies":[{"embeddable":true,"href":"https:\/\/www.alqueria.es\/blogs\/alqueriasegundociclo\/wp-json\/wp\/v2\/comments?post=31927"}],"version-history":[{"count":1,"href":"https:\/\/www.alqueria.es\/blogs\/alqueriasegundociclo\/wp-json\/wp\/v2\/posts\/31927\/revisions"}],"predecessor-version":[{"id":31943,"href":"https:\/\/www.alqueria.es\/blogs\/alqueriasegundociclo\/wp-json\/wp\/v2\/posts\/31927\/revisions\/31943"}],"wp:attachment":[{"href":"https:\/\/www.alqueria.es\/blogs\/alqueriasegundociclo\/wp-json\/wp\/v2\/media?parent=31927"}],"wp:term":[{"taxonomy":"category","embeddable":true,"href":"https:\/\/www.alqueria.es\/blogs\/alqueriasegundociclo\/wp-json\/wp\/v2\/categories?post=31927"},{"taxonomy":"post_tag","embeddable":true,"href":"https:\/\/www.alqueria.es\/blogs\/alqueriasegundociclo\/wp-json\/wp\/v2\/tags?post=31927"}],"curies":[{"name":"wp","href":"https:\/\/api.w.org\/{rel}","templated":true}]}}