{"id":32211,"date":"2025-03-16T12:22:06","date_gmt":"2025-03-16T11:22:06","guid":{"rendered":"https:\/\/www.alqueria.es\/blogs\/alqueriasegundociclo\/?p=32211"},"modified":"2025-03-16T18:31:16","modified_gmt":"2025-03-16T17:31:16","slug":"semanario-de-31-seana-del-10-al-14-de-marzo","status":"publish","type":"post","link":"https:\/\/www.alqueria.es\/blogs\/alqueriasegundociclo\/2025\/03\/16\/semanario-de-31-seana-del-10-al-14-de-marzo\/","title":{"rendered":"Semanario de 3\u00ba. Semana del 10 al 14 de marzo"},"content":{"rendered":"<p>&nbsp;<\/p>\n<h2 style=\"text-align: center\"><span style=\"color: #0000ff\"><strong>Ecoparque m\u00f3vil\u00a0<\/strong><\/span><\/h2>\n<p><img decoding=\"async\" data-attachment-id=\"32214\" data-permalink=\"https:\/\/www.alqueria.es\/blogs\/alqueriasegundociclo\/2025\/03\/16\/semanario-de-31-seana-del-10-al-14-de-marzo\/whatsapp-image-2025-03-16-at-10-41-57\/\" data-orig-file=\"https:\/\/cloud.alqueria.es\/wp-content\/uploads\/sites\/7\/2025\/03\/WhatsApp-Image-2025-03-16-at-10.41.57.jpeg\" data-orig-size=\"1600,721\" data-comments-opened=\"1\" data-image-meta=\"{&quot;aperture&quot;:&quot;0&quot;,&quot;credit&quot;:&quot;&quot;,&quot;camera&quot;:&quot;&quot;,&quot;caption&quot;:&quot;&quot;,&quot;created_timestamp&quot;:&quot;0&quot;,&quot;copyright&quot;:&quot;&quot;,&quot;focal_length&quot;:&quot;0&quot;,&quot;iso&quot;:&quot;0&quot;,&quot;shutter_speed&quot;:&quot;0&quot;,&quot;title&quot;:&quot;&quot;,&quot;orientation&quot;:&quot;0&quot;}\" data-image-title=\"WhatsApp Image 2025-03-16 at 10.41.57\" data-image-description=\"\" data-image-caption=\"\" data-large-file=\"https:\/\/cloud.alqueria.es\/wp-content\/uploads\/sites\/7\/2025\/03\/WhatsApp-Image-2025-03-16-at-10.41.57-1024x461.jpeg\" class=\"aligncenter size-large wp-image-32214\" src=\"https:\/\/cloud.alqueria.es\/wp-content\/uploads\/sites\/7\/2025\/03\/WhatsApp-Image-2025-03-16-at-10.41.57-1024x461.jpeg\" alt=\"\" width=\"474\" height=\"213\" srcset=\"https:\/\/cloud.alqueria.es\/wp-content\/uploads\/sites\/7\/2025\/03\/WhatsApp-Image-2025-03-16-at-10.41.57-1024x461.jpeg 1024w, https:\/\/cloud.alqueria.es\/wp-content\/uploads\/sites\/7\/2025\/03\/WhatsApp-Image-2025-03-16-at-10.41.57-300x135.jpeg 300w, https:\/\/cloud.alqueria.es\/wp-content\/uploads\/sites\/7\/2025\/03\/WhatsApp-Image-2025-03-16-at-10.41.57-768x346.jpeg 768w, https:\/\/cloud.alqueria.es\/wp-content\/uploads\/sites\/7\/2025\/03\/WhatsApp-Image-2025-03-16-at-10.41.57-1536x692.jpeg 1536w, https:\/\/cloud.alqueria.es\/wp-content\/uploads\/sites\/7\/2025\/03\/WhatsApp-Image-2025-03-16-at-10.41.57.jpeg 1600w\" sizes=\"(max-width: 474px) 100vw, 474px\" \/><\/p>\n<p data-start=\"52\" data-end=\"389\">Continuamos recordando las distintas maneras de reciclar, de reutilizar. Nos ha visitado el remolque de <em style=\"font-weight: inherit\" data-start=\"80\" data-end=\"97\">Ecoparque M\u00f3vil<\/em> . Maite, nos ha recordado qu\u00e9 materiales se pueden reciclar, todos aquellos\u00a0peque\u00f1os utensilios en desuso de nuestros hogares.<\/p>\n<p data-start=\"391\" data-end=\"616\">Este remolque itinerante permanecer\u00e1 en distintos puntos de la capital durante 24 horas, facilitando a la ciudadan\u00eda el acceso a un punto de reciclaje alternativo para objetos que normalmente se llevar\u00edan a un punto limpio.<\/p>\n<p data-start=\"618\" data-end=\"964\">A trav\u00e9s de su p\u00e1gina de Facebook e\u00a0<a style=\"font-style: inherit;font-weight: inherit\" href=\"https:\/\/www.inagra.es\/\">Inagra<\/a>,\u00a0<em style=\"font-weight: inherit\" data-start=\"653\" data-end=\"670\">Ecoparque M\u00f3vil<\/em>\u00a0informa sobre las diferentes opciones de reciclaje, as\u00ed como los d\u00edas y ubicaciones donde estar\u00e1 disponible. Adem\u00e1s, organizan talleres de reciclaje en l\u00ednea.<\/p>\n<p>Nos explica que las c\u00e1psulas y tapones se recogen y se le entregan a ASPOGRADES para que ellos lo vendan y puedan financiar algunas de sus actividades. Tambi\u00e9n nos dice que este a\u00f1o el ayuntamiento ha firmado un acuerdo para llevar los juguetes y libros que se recogen a la asociaci\u00f3n de ni\u00f1os y ni\u00f1as de Almanj\u00e1yar.<\/p>\n<p>Aprovechamos para echar en el cami\u00f3n todos aquellos residuos que han tra\u00eddo algunos compa\u00f1eros y compa\u00f1eras de sus casa y tambi\u00e9n del cole: cables, tintas de impresoras, discos CD, casete de m\u00fasica, libros.<\/p>\n<p><img decoding=\"async\" data-attachment-id=\"32213\" data-permalink=\"https:\/\/www.alqueria.es\/blogs\/alqueriasegundociclo\/2025\/03\/16\/semanario-de-31-seana-del-10-al-14-de-marzo\/whatsapp-image-2025-03-16-at-10-41-57-1\/\" data-orig-file=\"https:\/\/cloud.alqueria.es\/wp-content\/uploads\/sites\/7\/2025\/03\/WhatsApp-Image-2025-03-16-at-10.41.57-1.jpeg\" data-orig-size=\"1600,721\" data-comments-opened=\"1\" data-image-meta=\"{&quot;aperture&quot;:&quot;0&quot;,&quot;credit&quot;:&quot;&quot;,&quot;camera&quot;:&quot;&quot;,&quot;caption&quot;:&quot;&quot;,&quot;created_timestamp&quot;:&quot;0&quot;,&quot;copyright&quot;:&quot;&quot;,&quot;focal_length&quot;:&quot;0&quot;,&quot;iso&quot;:&quot;0&quot;,&quot;shutter_speed&quot;:&quot;0&quot;,&quot;title&quot;:&quot;&quot;,&quot;orientation&quot;:&quot;0&quot;}\" data-image-title=\"WhatsApp Image 2025-03-16 at 10.41.57 (1)\" data-image-description=\"\" data-image-caption=\"\" data-large-file=\"https:\/\/cloud.alqueria.es\/wp-content\/uploads\/sites\/7\/2025\/03\/WhatsApp-Image-2025-03-16-at-10.41.57-1-1024x461.jpeg\" class=\"aligncenter wp-image-32213 size-medium\" src=\"https:\/\/cloud.alqueria.es\/wp-content\/uploads\/sites\/7\/2025\/03\/WhatsApp-Image-2025-03-16-at-10.41.57-1-300x135.jpeg\" alt=\"\" width=\"300\" height=\"135\" srcset=\"https:\/\/cloud.alqueria.es\/wp-content\/uploads\/sites\/7\/2025\/03\/WhatsApp-Image-2025-03-16-at-10.41.57-1-300x135.jpeg 300w, https:\/\/cloud.alqueria.es\/wp-content\/uploads\/sites\/7\/2025\/03\/WhatsApp-Image-2025-03-16-at-10.41.57-1-1024x461.jpeg 1024w, https:\/\/cloud.alqueria.es\/wp-content\/uploads\/sites\/7\/2025\/03\/WhatsApp-Image-2025-03-16-at-10.41.57-1-768x346.jpeg 768w, https:\/\/cloud.alqueria.es\/wp-content\/uploads\/sites\/7\/2025\/03\/WhatsApp-Image-2025-03-16-at-10.41.57-1-1536x692.jpeg 1536w, https:\/\/cloud.alqueria.es\/wp-content\/uploads\/sites\/7\/2025\/03\/WhatsApp-Image-2025-03-16-at-10.41.57-1.jpeg 1600w\" sizes=\"(max-width: 300px) 100vw, 300px\" \/><\/p>\n<p style=\"text-align: center\"><em><span style=\"color: #800080\">\u00abAlgunos han descubierto un tesoro, las cintas de cassette. No comprenden que ah\u00ed vaya grabada, escrita m\u00fasica y se han llevado algunas para comprobar en su casa en equipos angiguos\u00bb.<\/span><\/em><\/p>\n<h2><span style=\"color: #0000ff\">\u00c1rea de matem\u00e1ticas<\/span><\/h2>\n<p>Continuamos con las figuras planas, con los pol\u00edgonos, en especial los cuadril\u00e1teros. Se aprende a diferenciar con todos sus caracter\u00edsticas entre paralelogramos y no paralelogramos.<\/p>\n<p>Recordamos los \u00e1ngulos y los identificamos en los distintos cuadril\u00e1teros.<\/p>\n<p><img decoding=\"async\" data-attachment-id=\"32215\" data-permalink=\"https:\/\/www.alqueria.es\/blogs\/alqueriasegundociclo\/2025\/03\/16\/semanario-de-31-seana-del-10-al-14-de-marzo\/captura-de-pantalla-2025-03-16-a-las-11-15-50\/\" data-orig-file=\"https:\/\/cloud.alqueria.es\/wp-content\/uploads\/sites\/7\/2025\/03\/Captura-de-pantalla-2025-03-16-a-las-11.15.50.png\" data-orig-size=\"634,366\" data-comments-opened=\"1\" data-image-meta=\"{&quot;aperture&quot;:&quot;0&quot;,&quot;credit&quot;:&quot;&quot;,&quot;camera&quot;:&quot;&quot;,&quot;caption&quot;:&quot;&quot;,&quot;created_timestamp&quot;:&quot;0&quot;,&quot;copyright&quot;:&quot;&quot;,&quot;focal_length&quot;:&quot;0&quot;,&quot;iso&quot;:&quot;0&quot;,&quot;shutter_speed&quot;:&quot;0&quot;,&quot;title&quot;:&quot;&quot;,&quot;orientation&quot;:&quot;0&quot;}\" data-image-title=\"Captura de pantalla 2025-03-16 a las 11.15.50\" data-image-description=\"\" data-image-caption=\"\" data-large-file=\"https:\/\/cloud.alqueria.es\/wp-content\/uploads\/sites\/7\/2025\/03\/Captura-de-pantalla-2025-03-16-a-las-11.15.50.png\" class=\"aligncenter size-full wp-image-32215\" src=\"https:\/\/cloud.alqueria.es\/wp-content\/uploads\/sites\/7\/2025\/03\/Captura-de-pantalla-2025-03-16-a-las-11.15.50.png\" alt=\"\" width=\"634\" height=\"366\" srcset=\"https:\/\/cloud.alqueria.es\/wp-content\/uploads\/sites\/7\/2025\/03\/Captura-de-pantalla-2025-03-16-a-las-11.15.50.png 634w, https:\/\/cloud.alqueria.es\/wp-content\/uploads\/sites\/7\/2025\/03\/Captura-de-pantalla-2025-03-16-a-las-11.15.50-300x173.png 300w\" sizes=\"(max-width: 634px) 100vw, 634px\" \/><\/p>\n<p>Ha surgido el inter\u00e9s por las distintas herramientas que se usan en geometr\u00eda: la regla, la escuadra, el cartab\u00f3n, el transportador de \u00e1ngulos y el comp\u00e1s. Este \u00faltimo es el que ha acaparado su inter\u00e9s primordial y han iniciado su uso y se trabaja sobre el c\u00edrculo y la uni\u00f3n de puntos, as\u00ed han creado hex\u00e1gonos y tri\u00e1ngulos inscritos en la circunferencia. Para ello se han entrenado en el buen uso del comp\u00e1s para hacer circunferencias y de la regla para unir adecuadamente los distintos puntos.<\/p>\n<p><img decoding=\"async\" data-attachment-id=\"32216\" data-permalink=\"https:\/\/www.alqueria.es\/blogs\/alqueriasegundociclo\/2025\/03\/16\/semanario-de-31-seana-del-10-al-14-de-marzo\/captura-de-pantalla-2025-03-16-a-las-11-18-17\/\" data-orig-file=\"https:\/\/cloud.alqueria.es\/wp-content\/uploads\/sites\/7\/2025\/03\/Captura-de-pantalla-2025-03-16-a-las-11.18.17.png\" data-orig-size=\"225,233\" data-comments-opened=\"1\" data-image-meta=\"{&quot;aperture&quot;:&quot;0&quot;,&quot;credit&quot;:&quot;&quot;,&quot;camera&quot;:&quot;&quot;,&quot;caption&quot;:&quot;&quot;,&quot;created_timestamp&quot;:&quot;0&quot;,&quot;copyright&quot;:&quot;&quot;,&quot;focal_length&quot;:&quot;0&quot;,&quot;iso&quot;:&quot;0&quot;,&quot;shutter_speed&quot;:&quot;0&quot;,&quot;title&quot;:&quot;&quot;,&quot;orientation&quot;:&quot;0&quot;}\" data-image-title=\"Captura de pantalla 2025-03-16 a las 11.18.17\" data-image-description=\"\" data-image-caption=\"\" data-large-file=\"https:\/\/cloud.alqueria.es\/wp-content\/uploads\/sites\/7\/2025\/03\/Captura-de-pantalla-2025-03-16-a-las-11.18.17.png\" class=\"alignleft wp-image-32216 size-thumbnail\" src=\"https:\/\/cloud.alqueria.es\/wp-content\/uploads\/sites\/7\/2025\/03\/Captura-de-pantalla-2025-03-16-a-las-11.18.17-150x150.png\" alt=\"\" width=\"150\" height=\"150\" \/><\/p>\n<p>Poco a poco se ir\u00e1 trabajando sobre el dibujo t\u00e9cnico.<img decoding=\"async\" data-attachment-id=\"32217\" data-permalink=\"https:\/\/www.alqueria.es\/blogs\/alqueriasegundociclo\/2025\/03\/16\/semanario-de-31-seana-del-10-al-14-de-marzo\/captura-de-pantalla-2025-03-16-a-las-11-23-08\/\" data-orig-file=\"https:\/\/cloud.alqueria.es\/wp-content\/uploads\/sites\/7\/2025\/03\/Captura-de-pantalla-2025-03-16-a-las-11.23.08.png\" data-orig-size=\"136,133\" data-comments-opened=\"1\" data-image-meta=\"{&quot;aperture&quot;:&quot;0&quot;,&quot;credit&quot;:&quot;&quot;,&quot;camera&quot;:&quot;&quot;,&quot;caption&quot;:&quot;&quot;,&quot;created_timestamp&quot;:&quot;0&quot;,&quot;copyright&quot;:&quot;&quot;,&quot;focal_length&quot;:&quot;0&quot;,&quot;iso&quot;:&quot;0&quot;,&quot;shutter_speed&quot;:&quot;0&quot;,&quot;title&quot;:&quot;&quot;,&quot;orientation&quot;:&quot;0&quot;}\" data-image-title=\"Captura de pantalla 2025-03-16 a las 11.23.08\" data-image-description=\"\" data-image-caption=\"\" data-large-file=\"https:\/\/cloud.alqueria.es\/wp-content\/uploads\/sites\/7\/2025\/03\/Captura-de-pantalla-2025-03-16-a-las-11.23.08.png\" class=\"wp-image-32217 size-full alignright\" src=\"https:\/\/cloud.alqueria.es\/wp-content\/uploads\/sites\/7\/2025\/03\/Captura-de-pantalla-2025-03-16-a-las-11.23.08.png\" alt=\"\" width=\"136\" height=\"133\" \/><\/p>\n<p>&nbsp;<\/p>\n<p>&nbsp;<\/p>\n<p>No nos olvidamos de las operaciones b\u00e1sicas. Diariamente se realizan y no hay que olvidar su repaso, en especial el trabajo sobre las tablas de multiplicar.<\/p>\n<h2><span style=\"color: #0000ff\">\u00c1rea de lengua<\/span><\/h2>\n<p>Esta semana ha expuesto Paola su investigaci\u00f3n sobre los <span style=\"color: #ff6600\">hecant\u00f3quiros.<\/span> Sobre su trabajo se ha realizado el texto creativo buscando que la expresi\u00f3n sea m\u00e1s correcta y de que no faltase ninguna idea importante.<\/p>\n<p><img decoding=\"async\" data-attachment-id=\"32218\" data-permalink=\"https:\/\/www.alqueria.es\/blogs\/alqueriasegundociclo\/2025\/03\/16\/semanario-de-31-seana-del-10-al-14-de-marzo\/captura-de-pantalla-2025-03-16-a-las-11-03-58\/\" data-orig-file=\"https:\/\/cloud.alqueria.es\/wp-content\/uploads\/sites\/7\/2025\/03\/Captura-de-pantalla-2025-03-16-a-las-11.03.58.png\" data-orig-size=\"825,471\" data-comments-opened=\"1\" data-image-meta=\"{&quot;aperture&quot;:&quot;0&quot;,&quot;credit&quot;:&quot;&quot;,&quot;camera&quot;:&quot;&quot;,&quot;caption&quot;:&quot;&quot;,&quot;created_timestamp&quot;:&quot;0&quot;,&quot;copyright&quot;:&quot;&quot;,&quot;focal_length&quot;:&quot;0&quot;,&quot;iso&quot;:&quot;0&quot;,&quot;shutter_speed&quot;:&quot;0&quot;,&quot;title&quot;:&quot;&quot;,&quot;orientation&quot;:&quot;0&quot;}\" data-image-title=\"Captura de pantalla 2025-03-16 a las 11.03.58\" data-image-description=\"\" data-image-caption=\"\" data-large-file=\"https:\/\/cloud.alqueria.es\/wp-content\/uploads\/sites\/7\/2025\/03\/Captura-de-pantalla-2025-03-16-a-las-11.03.58.png\" class=\"alignleft wp-image-32218 size-medium\" src=\"https:\/\/cloud.alqueria.es\/wp-content\/uploads\/sites\/7\/2025\/03\/Captura-de-pantalla-2025-03-16-a-las-11.03.58-300x171.png\" alt=\"\" width=\"300\" height=\"171\" srcset=\"https:\/\/cloud.alqueria.es\/wp-content\/uploads\/sites\/7\/2025\/03\/Captura-de-pantalla-2025-03-16-a-las-11.03.58-300x171.png 300w, https:\/\/cloud.alqueria.es\/wp-content\/uploads\/sites\/7\/2025\/03\/Captura-de-pantalla-2025-03-16-a-las-11.03.58-768x438.png 768w, https:\/\/cloud.alqueria.es\/wp-content\/uploads\/sites\/7\/2025\/03\/Captura-de-pantalla-2025-03-16-a-las-11.03.58.png 825w\" sizes=\"(max-width: 300px) 100vw, 300px\" \/><\/p>\n<p>Seguimos profundizando en la gram\u00e1tica y se trabaja sobre los <span style=\"color: #ff6600\">determinantes posesivos y los numerales<\/span>. Estos se identifican correctamente en los textos, pero hace falta repasar toda la gram\u00e1tica para un correcto an\u00e1lisis gramatical de una oraci\u00f3n, (se olvida con mucha facilidad).<\/p>\n<p>La lectura expresiva y comprensiva la trabajamos diariamente sobre textos literarios e informativos. Trabajamos la lectura sobre la poes\u00eda ofrecida por Daniela de su conferencia, sobre los distintos cuadernillos (lectura comprensiva de enunciados y dem\u00e1s contenidos), etc.<\/p>\n<h2 style=\"text-align: center\"><span style=\"color: #0000ff\">\u00c1rea de ciencias<\/span><\/h2>\n<p><img decoding=\"async\" data-attachment-id=\"32219\" data-permalink=\"https:\/\/www.alqueria.es\/blogs\/alqueriasegundociclo\/2025\/03\/16\/semanario-de-31-seana-del-10-al-14-de-marzo\/captura-de-pantalla-2025-03-16-a-las-11-05-36\/\" data-orig-file=\"https:\/\/cloud.alqueria.es\/wp-content\/uploads\/sites\/7\/2025\/03\/Captura-de-pantalla-2025-03-16-a-las-11.05.36.png\" data-orig-size=\"831,485\" data-comments-opened=\"1\" data-image-meta=\"{&quot;aperture&quot;:&quot;0&quot;,&quot;credit&quot;:&quot;&quot;,&quot;camera&quot;:&quot;&quot;,&quot;caption&quot;:&quot;&quot;,&quot;created_timestamp&quot;:&quot;0&quot;,&quot;copyright&quot;:&quot;&quot;,&quot;focal_length&quot;:&quot;0&quot;,&quot;iso&quot;:&quot;0&quot;,&quot;shutter_speed&quot;:&quot;0&quot;,&quot;title&quot;:&quot;&quot;,&quot;orientation&quot;:&quot;0&quot;}\" data-image-title=\"Captura de pantalla 2025-03-16 a las 11.05.36\" data-image-description=\"\" data-image-caption=\"\" data-large-file=\"https:\/\/cloud.alqueria.es\/wp-content\/uploads\/sites\/7\/2025\/03\/Captura-de-pantalla-2025-03-16-a-las-11.05.36.png\" class=\"alignleft wp-image-32219 size-medium\" src=\"https:\/\/cloud.alqueria.es\/wp-content\/uploads\/sites\/7\/2025\/03\/Captura-de-pantalla-2025-03-16-a-las-11.05.36-300x175.png\" alt=\"\" width=\"300\" height=\"175\" srcset=\"https:\/\/cloud.alqueria.es\/wp-content\/uploads\/sites\/7\/2025\/03\/Captura-de-pantalla-2025-03-16-a-las-11.05.36-300x175.png 300w, https:\/\/cloud.alqueria.es\/wp-content\/uploads\/sites\/7\/2025\/03\/Captura-de-pantalla-2025-03-16-a-las-11.05.36-768x448.png 768w, https:\/\/cloud.alqueria.es\/wp-content\/uploads\/sites\/7\/2025\/03\/Captura-de-pantalla-2025-03-16-a-las-11.05.36.png 831w\" sizes=\"(max-width: 300px) 100vw, 300px\" \/>Atenea ha expuesto una bonita conferencia sobre las nubes. Ha llamado mucho la atenci\u00f3n el nombre de ellas y hemos intentado descifrar cu\u00e1les son las que nos est\u00e1n visitando en estos d\u00edas.<\/p>\n<p style=\"text-align: center\"><span style=\"color: #ff6600\">EL SEISTEMA SOLAR<\/span><\/p>\n<p>Es el nuevo tema que introducimos en el aula. Sobre este tema han expuesto:<\/p>\n<p><img decoding=\"async\" data-attachment-id=\"32220\" data-permalink=\"https:\/\/www.alqueria.es\/blogs\/alqueriasegundociclo\/2025\/03\/16\/semanario-de-31-seana-del-10-al-14-de-marzo\/captura-de-pantalla-2025-03-16-a-las-12-09-10\/\" data-orig-file=\"https:\/\/cloud.alqueria.es\/wp-content\/uploads\/sites\/7\/2025\/03\/Captura-de-pantalla-2025-03-16-a-las-12.09.10.png\" data-orig-size=\"825,471\" data-comments-opened=\"1\" data-image-meta=\"{&quot;aperture&quot;:&quot;0&quot;,&quot;credit&quot;:&quot;&quot;,&quot;camera&quot;:&quot;&quot;,&quot;caption&quot;:&quot;&quot;,&quot;created_timestamp&quot;:&quot;0&quot;,&quot;copyright&quot;:&quot;&quot;,&quot;focal_length&quot;:&quot;0&quot;,&quot;iso&quot;:&quot;0&quot;,&quot;shutter_speed&quot;:&quot;0&quot;,&quot;title&quot;:&quot;&quot;,&quot;orientation&quot;:&quot;0&quot;}\" data-image-title=\"Captura de pantalla 2025-03-16 a las 12.09.10\" data-image-description=\"\" data-image-caption=\"\" data-large-file=\"https:\/\/cloud.alqueria.es\/wp-content\/uploads\/sites\/7\/2025\/03\/Captura-de-pantalla-2025-03-16-a-las-12.09.10.png\" class=\"wp-image-32220 size-medium alignright\" src=\"https:\/\/cloud.alqueria.es\/wp-content\/uploads\/sites\/7\/2025\/03\/Captura-de-pantalla-2025-03-16-a-las-12.09.10-300x171.png\" alt=\"\" width=\"300\" height=\"171\" srcset=\"https:\/\/cloud.alqueria.es\/wp-content\/uploads\/sites\/7\/2025\/03\/Captura-de-pantalla-2025-03-16-a-las-12.09.10-300x171.png 300w, https:\/\/cloud.alqueria.es\/wp-content\/uploads\/sites\/7\/2025\/03\/Captura-de-pantalla-2025-03-16-a-las-12.09.10-768x438.png 768w, https:\/\/cloud.alqueria.es\/wp-content\/uploads\/sites\/7\/2025\/03\/Captura-de-pantalla-2025-03-16-a-las-12.09.10.png 825w\" sizes=\"(max-width: 300px) 100vw, 300px\" \/><\/p>\n<p>Daniela nos ha hablado sobre todos los planteas de nuestro <span style=\"color: #ff6600\">Sistema Solar.\u00a0<\/span><\/p>\n<p>recordamos el por qu\u00e9 se llama <span style=\"color: #ff00ff\">\u00abLa V\u00eda Lactea\u00bb<\/span> nuestra galaxia y sobre todo el nombre de los planteas seg\u00fan la mitolog\u00eda grecoromana.<\/p>\n<p><img decoding=\"async\" data-attachment-id=\"32221\" data-permalink=\"https:\/\/www.alqueria.es\/blogs\/alqueriasegundociclo\/2025\/03\/16\/semanario-de-31-seana-del-10-al-14-de-marzo\/captura-de-pantalla-2025-03-16-a-las-12-09-26\/\" data-orig-file=\"https:\/\/cloud.alqueria.es\/wp-content\/uploads\/sites\/7\/2025\/03\/Captura-de-pantalla-2025-03-16-a-las-12.09.26.png\" data-orig-size=\"833,467\" data-comments-opened=\"1\" data-image-meta=\"{&quot;aperture&quot;:&quot;0&quot;,&quot;credit&quot;:&quot;&quot;,&quot;camera&quot;:&quot;&quot;,&quot;caption&quot;:&quot;&quot;,&quot;created_timestamp&quot;:&quot;0&quot;,&quot;copyright&quot;:&quot;&quot;,&quot;focal_length&quot;:&quot;0&quot;,&quot;iso&quot;:&quot;0&quot;,&quot;shutter_speed&quot;:&quot;0&quot;,&quot;title&quot;:&quot;&quot;,&quot;orientation&quot;:&quot;0&quot;}\" data-image-title=\"Captura de pantalla 2025-03-16 a las 12.09.26\" data-image-description=\"\" data-image-caption=\"\" data-large-file=\"https:\/\/cloud.alqueria.es\/wp-content\/uploads\/sites\/7\/2025\/03\/Captura-de-pantalla-2025-03-16-a-las-12.09.26.png\" class=\"alignleft wp-image-32221 size-medium\" src=\"https:\/\/cloud.alqueria.es\/wp-content\/uploads\/sites\/7\/2025\/03\/Captura-de-pantalla-2025-03-16-a-las-12.09.26-300x168.png\" alt=\"\" width=\"300\" height=\"168\" srcset=\"https:\/\/cloud.alqueria.es\/wp-content\/uploads\/sites\/7\/2025\/03\/Captura-de-pantalla-2025-03-16-a-las-12.09.26-300x168.png 300w, https:\/\/cloud.alqueria.es\/wp-content\/uploads\/sites\/7\/2025\/03\/Captura-de-pantalla-2025-03-16-a-las-12.09.26-768x431.png 768w, https:\/\/cloud.alqueria.es\/wp-content\/uploads\/sites\/7\/2025\/03\/Captura-de-pantalla-2025-03-16-a-las-12.09.26.png 833w\" sizes=\"(max-width: 300px) 100vw, 300px\" \/>Continuamos con Naia que nos explica numerosos aspectos sobre nuestro sat\u00e9lite, <span style=\"color: #ff6600\">la Luna<\/span>.<\/p>\n<p>Las conferencias han ido acompa\u00f1adas de interesantes comentarios sobre lo que se sab\u00eda y lo que se ha incorporado como novedad.<\/p>\n<p>Gracias al esfuerzo de los compa\u00f1eros y de las compa\u00f1eras, en clase, se aprende mucho.<\/p>\n<p>Continuamos con diversos v\u00eddeos sobre la tem\u00e1tica y un trabajo reflexivo sobre la lectura y realizaci\u00f3n de actividades escritas del cuadernillo.<\/p>\n<p><img decoding=\"async\" data-attachment-id=\"32212\" data-permalink=\"https:\/\/www.alqueria.es\/blogs\/alqueriasegundociclo\/2025\/03\/16\/semanario-de-31-seana-del-10-al-14-de-marzo\/whatsapp-image-2025-03-16-at-10-37-48\/\" data-orig-file=\"https:\/\/cloud.alqueria.es\/wp-content\/uploads\/sites\/7\/2025\/03\/WhatsApp-Image-2025-03-16-at-10.37.48.jpeg\" data-orig-size=\"1600,721\" data-comments-opened=\"1\" data-image-meta=\"{&quot;aperture&quot;:&quot;0&quot;,&quot;credit&quot;:&quot;&quot;,&quot;camera&quot;:&quot;&quot;,&quot;caption&quot;:&quot;&quot;,&quot;created_timestamp&quot;:&quot;0&quot;,&quot;copyright&quot;:&quot;&quot;,&quot;focal_length&quot;:&quot;0&quot;,&quot;iso&quot;:&quot;0&quot;,&quot;shutter_speed&quot;:&quot;0&quot;,&quot;title&quot;:&quot;&quot;,&quot;orientation&quot;:&quot;0&quot;}\" data-image-title=\"WhatsApp Image 2025-03-16 at 10.37.48\" data-image-description=\"\" data-image-caption=\"\" data-large-file=\"https:\/\/cloud.alqueria.es\/wp-content\/uploads\/sites\/7\/2025\/03\/WhatsApp-Image-2025-03-16-at-10.37.48-1024x461.jpeg\" class=\"aligncenter size-large wp-image-32212\" src=\"https:\/\/cloud.alqueria.es\/wp-content\/uploads\/sites\/7\/2025\/03\/WhatsApp-Image-2025-03-16-at-10.37.48-1024x461.jpeg\" alt=\"\" width=\"474\" height=\"213\" srcset=\"https:\/\/cloud.alqueria.es\/wp-content\/uploads\/sites\/7\/2025\/03\/WhatsApp-Image-2025-03-16-at-10.37.48-1024x461.jpeg 1024w, https:\/\/cloud.alqueria.es\/wp-content\/uploads\/sites\/7\/2025\/03\/WhatsApp-Image-2025-03-16-at-10.37.48-300x135.jpeg 300w, https:\/\/cloud.alqueria.es\/wp-content\/uploads\/sites\/7\/2025\/03\/WhatsApp-Image-2025-03-16-at-10.37.48-768x346.jpeg 768w, https:\/\/cloud.alqueria.es\/wp-content\/uploads\/sites\/7\/2025\/03\/WhatsApp-Image-2025-03-16-at-10.37.48-1536x692.jpeg 1536w, https:\/\/cloud.alqueria.es\/wp-content\/uploads\/sites\/7\/2025\/03\/WhatsApp-Image-2025-03-16-at-10.37.48.jpeg 1600w\" sizes=\"(max-width: 474px) 100vw, 474px\" \/><\/p>\n<p>No hay que olvidar una buena revisi\u00f3n del archivador as\u00ed como una sistem\u00e1tica visita a las \u00e1reas de classroom.<\/p>\n<p>Un saludo<\/p>\n<p>Juanjo<\/p>\n","protected":false},"excerpt":{"rendered":"<p>&nbsp; Ecoparque m\u00f3vil\u00a0 Continuamos recordando las distintas maneras de reciclar, de reutilizar. Nos ha visitado el remolque de Ecoparque M\u00f3vil . Maite, nos ha recordado qu\u00e9 materiales se pueden reciclar, todos aquellos\u00a0peque\u00f1os utensilios en desuso de nuestros hogares. Este remolque itinerante permanecer\u00e1 en distintos puntos de la capital durante 24 horas, facilitando a la ciudadan\u00eda &hellip; <a href=\"https:\/\/www.alqueria.es\/blogs\/alqueriasegundociclo\/2025\/03\/16\/semanario-de-31-seana-del-10-al-14-de-marzo\/\" class=\"more-link\">Seguir leyendo <span class=\"screen-reader-text\">Semanario de 3\u00ba. Semana del 10 al 14 de marzo<\/span> <span class=\"meta-nav\">&rarr;<\/span><\/a><\/p>\n","protected":false},"author":16,"featured_media":0,"comment_status":"open","ping_status":"open","sticky":false,"template":"","format":"standard","meta":{"jetpack_post_was_ever_published":false,"_jetpack_newsletter_access":"","_jetpack_dont_email_post_to_subs":false,"_jetpack_newsletter_tier_id":0,"_jetpack_memberships_contains_paywalled_content":false,"_jetpack_memberships_contains_paid_content":false,"footnotes":"","jetpack_publicize_message":"","jetpack_publicize_feature_enabled":true,"jetpack_social_post_already_shared":true,"jetpack_social_options":{"image_generator_settings":{"template":"highway","default_image_id":0,"font":"","enabled":false},"version":2}},"categories":[5,59],"tags":[],"class_list":["post-32211","post","type-post","status-publish","format-standard","hentry","category-3o-epo","category-semanario-3o"],"jetpack_publicize_connections":[],"jetpack_featured_media_url":"","jetpack_sharing_enabled":true,"jetpack_shortlink":"https:\/\/wp.me\/p4lw4c-8nx","_links":{"self":[{"href":"https:\/\/www.alqueria.es\/blogs\/alqueriasegundociclo\/wp-json\/wp\/v2\/posts\/32211","targetHints":{"allow":["GET"]}}],"collection":[{"href":"https:\/\/www.alqueria.es\/blogs\/alqueriasegundociclo\/wp-json\/wp\/v2\/posts"}],"about":[{"href":"https:\/\/www.alqueria.es\/blogs\/alqueriasegundociclo\/wp-json\/wp\/v2\/types\/post"}],"author":[{"embeddable":true,"href":"https:\/\/www.alqueria.es\/blogs\/alqueriasegundociclo\/wp-json\/wp\/v2\/users\/16"}],"replies":[{"embeddable":true,"href":"https:\/\/www.alqueria.es\/blogs\/alqueriasegundociclo\/wp-json\/wp\/v2\/comments?post=32211"}],"version-history":[{"count":3,"href":"https:\/\/www.alqueria.es\/blogs\/alqueriasegundociclo\/wp-json\/wp\/v2\/posts\/32211\/revisions"}],"predecessor-version":[{"id":32224,"href":"https:\/\/www.alqueria.es\/blogs\/alqueriasegundociclo\/wp-json\/wp\/v2\/posts\/32211\/revisions\/32224"}],"wp:attachment":[{"href":"https:\/\/www.alqueria.es\/blogs\/alqueriasegundociclo\/wp-json\/wp\/v2\/media?parent=32211"}],"wp:term":[{"taxonomy":"category","embeddable":true,"href":"https:\/\/www.alqueria.es\/blogs\/alqueriasegundociclo\/wp-json\/wp\/v2\/categories?post=32211"},{"taxonomy":"post_tag","embeddable":true,"href":"https:\/\/www.alqueria.es\/blogs\/alqueriasegundociclo\/wp-json\/wp\/v2\/tags?post=32211"}],"curies":[{"name":"wp","href":"https:\/\/api.w.org\/{rel}","templated":true}]}}