{"id":3272,"date":"2012-11-27T20:44:08","date_gmt":"2012-11-27T19:44:08","guid":{"rendered":"http:\/\/alqueriasegundociclo.wordpress.com\/?p=3272"},"modified":"2012-11-27T20:44:08","modified_gmt":"2012-11-27T19:44:08","slug":"el-aparato-respiratorio","status":"publish","type":"post","link":"https:\/\/www.alqueria.es\/blogs\/alqueriasegundociclo\/2012\/11\/27\/el-aparato-respiratorio\/","title":{"rendered":"El aparato respiratorio"},"content":{"rendered":"<p>El grupo de investigaci\u00f3n sobre el aparato respiratorio ha expuesto a la clase sus conclusiones sobre el tema. Han explicado correctamente los contenidos principales, los \u00f3rganos y sus funciones. Los componentes son: Luc\u00eda, \u00c1ngel, Paula y Carmen. \u00c9ste ha sido el resumen de su investigaci\u00f3n.<\/p>\n<p><a href=\"http:\/\/alqueriasegundociclo.files.wordpress.com\/2012\/11\/los-organos-del-aparato-respiratorio.pdf\"><\/a><a href=\"http:\/\/alqueriasegundociclo.files.wordpress.com\/2012\/11\/los-organos-del-aparato-respiratorio2.pdf\">LOS ORGANOS DEL APARATO RESPIRATORIO<\/a><\/p>\n","protected":false},"excerpt":{"rendered":"<p>El grupo de investigaci\u00f3n sobre el aparato respiratorio ha expuesto a la clase sus conclusiones sobre el tema. Han explicado correctamente los contenidos principales, los \u00f3rganos y sus funciones. Los componentes son: Luc\u00eda, \u00c1ngel, Paula y Carmen. \u00c9ste ha sido el resumen de su investigaci\u00f3n. LOS ORGANOS DEL APARATO RESPIRATORIO<\/p>\n","protected":false},"author":16,"featured_media":0,"comment_status":"open","ping_status":"open","sticky":false,"template":"","format":"standard","meta":{"jetpack_post_was_ever_published":false,"_jetpack_newsletter_access":"","_jetpack_dont_email_post_to_subs":false,"_jetpack_newsletter_tier_id":0,"_jetpack_memberships_contains_paywalled_content":false,"_jetpack_memberships_contains_paid_content":false,"footnotes":"","jetpack_publicize_message":"","jetpack_publicize_feature_enabled":true,"jetpack_social_post_already_shared":true,"jetpack_social_options":{"image_generator_settings":{"template":"highway","default_image_id":0,"font":"","enabled":false},"version":2}},"categories":[6,9,14],"tags":[],"class_list":["post-3272","post","type-post","status-publish","format-standard","hentry","category-4o-epo","category-conocimiento-del-medio-y-social-4o-epo","category-el-cuerpo-humano"],"jetpack_publicize_connections":[],"jetpack_featured_media_url":"","jetpack_sharing_enabled":true,"jetpack_shortlink":"https:\/\/wp.me\/p4lw4c-QM","_links":{"self":[{"href":"https:\/\/www.alqueria.es\/blogs\/alqueriasegundociclo\/wp-json\/wp\/v2\/posts\/3272","targetHints":{"allow":["GET"]}}],"collection":[{"href":"https:\/\/www.alqueria.es\/blogs\/alqueriasegundociclo\/wp-json\/wp\/v2\/posts"}],"about":[{"href":"https:\/\/www.alqueria.es\/blogs\/alqueriasegundociclo\/wp-json\/wp\/v2\/types\/post"}],"author":[{"embeddable":true,"href":"https:\/\/www.alqueria.es\/blogs\/alqueriasegundociclo\/wp-json\/wp\/v2\/users\/16"}],"replies":[{"embeddable":true,"href":"https:\/\/www.alqueria.es\/blogs\/alqueriasegundociclo\/wp-json\/wp\/v2\/comments?post=3272"}],"version-history":[{"count":0,"href":"https:\/\/www.alqueria.es\/blogs\/alqueriasegundociclo\/wp-json\/wp\/v2\/posts\/3272\/revisions"}],"wp:attachment":[{"href":"https:\/\/www.alqueria.es\/blogs\/alqueriasegundociclo\/wp-json\/wp\/v2\/media?parent=3272"}],"wp:term":[{"taxonomy":"category","embeddable":true,"href":"https:\/\/www.alqueria.es\/blogs\/alqueriasegundociclo\/wp-json\/wp\/v2\/categories?post=3272"},{"taxonomy":"post_tag","embeddable":true,"href":"https:\/\/www.alqueria.es\/blogs\/alqueriasegundociclo\/wp-json\/wp\/v2\/tags?post=3272"}],"curies":[{"name":"wp","href":"https:\/\/api.w.org\/{rel}","templated":true}]}}