{"id":32946,"date":"2025-06-23T09:56:04","date_gmt":"2025-06-23T07:56:04","guid":{"rendered":"https:\/\/www.alqueria.es\/blogs\/alqueriasegundociclo\/?p=32946"},"modified":"2025-06-23T09:57:52","modified_gmt":"2025-06-23T07:57:52","slug":"nos-vemos-en-septiembre","status":"publish","type":"post","link":"https:\/\/www.alqueria.es\/blogs\/alqueriasegundociclo\/2025\/06\/23\/nos-vemos-en-septiembre\/","title":{"rendered":"NOS VEMOS EN SEPTIEMBRE"},"content":{"rendered":"<h2 style=\"text-align: center\"><span style=\"color: #0000ff\"><strong>\u00bfEL POR QU\u00c9 DE LA FANTAS\u00cdA?<\/strong><\/span><\/h2>\n<p>\u201cLa fantas\u00eda es tan importante para construir una mesa como para escribir un cuento, pues ambos requieren ser planificados por anticipado, para obtener el mismo resultado que se concibi\u00f3 por medio de la imaginaci\u00f3n; un aspecto que es indispensable en el trabajo art\u00edstico, cient\u00edfico, literario, musical y, por qu\u00e9 no decirlo, en todas las actividades en las que interviene la capacidad creativa.<\/p>\n<p><strong>La fantas\u00eda<\/strong> es una condici\u00f3n fundamental del desarrollo normal de la personalidad del ni\u00f1o y de la ni\u00f1a, le es org\u00e1nicamente inherente y necesaria para que se expresen libremente sus posibilidades creadoras. La fantas\u00eda no da\u00f1a a nadie; por el contrario, estimula al hombre com\u00fan y al hombre de ciencia<\/p>\n<p>Entre los estudiosos de la literatura, algunos tendieron cercos a la fantas\u00eda, como si fuese un elemento de dimensiones determinadas, al que se le puede empaquetar para hacer regalos de cumplea\u00f1os o Navidad; mientras otros, simple y llanamente, negaron su existencia, como quien niega la existencia de los sentimientos y los sue\u00f1os, s\u00f3lo porque \u00e9stos carecen de cuerpo. Empero, la mejor respuesta a esta tendencia nihilista fue la de guiar a los ni\u00f1os hacia el mundo de la fantas\u00eda, que es su propio mundo, con la ayuda de libros que estimulan el desarrollo de su imaginaci\u00f3n, su destreza ling\u00fc\u00edstica y sensibilidad est\u00e9tica.<\/p>\n<p>La psicolog\u00eda considera que \u00abla imaginaci\u00f3n favorece al desarrollo de la actividad mental, como si fuese una gimnasia voluntaria, y la compara con la actividad f\u00edsica intensa de los primeros a\u00f1os de vida, que favorece el desarrollo muscular del cuerpo. Y tambi\u00e9n reconoce en la imaginaci\u00f3n instrumentos de conocimiento de s\u00ed mismo y del mundo que le rodea\u00bb (Elizagaray, M-O., 1976, p.16).<\/p>\n<p>La literatura infantil, aparte de ser una aut\u00e9ntica y alta creaci\u00f3n po\u00e9tica, que representa una parte importante de la expresi\u00f3n cultural del lenguaje y el pensamiento, ayuda poderosamente a la formaci\u00f3n \u00e9tica y est\u00e9tica en los primeros a\u00f1os de vida, al ampliarle su incipiente sensibilidad y abrirle las puertas de su fantas\u00eda.<\/p>\n<p>Sin embargo, las instituciones escolares, aparte de fomentar en sus aulas la concurrencia y el individualismo, hacen del alumnado p\u00e9simos lectores, debido a que algunos profesionales de la educaci\u00f3n insisten machaconamente en que la \u00fanica literatura positiva para el educando es aquella que le proporciona conocimientos cient\u00edficos y normas de conducta moral, aun sabiendo que: \u00abLas obras literarias puramente instructivas les disgustan; suelen ser rechazadas y dif\u00edcilmente cumplen su fin; cuando ello sucede es bajo una tenaz presi\u00f3n. Los libros educativos tambi\u00e9n suelen llevarnos f\u00e1cilmente al equ\u00edvoco porque el alumnado percibe de inmediato que las historias contadas en estos libros no tienen ning\u00fan aire de realidad y que quienes las recomiendan se guardan muy bien de no leerlas nunca, porque ellas son fabricadas especialmente para \u2019educar\u2019. \u00bfCu\u00e1les son, entonces, las lecturas verdaderamente provechosas? Sin duda las de distracci\u00f3n y placer y aunque las anteriores se conservan para la preparaci\u00f3n, a las \u00faltimas es necesario darles un lugar importante porque son las que verdaderamente responden a las necesidades del ni\u00f1o y de la ni\u00f1a, y ejercen, o pueden ejercer, una influencia muy feliz en el desarrollo de su psique\u00bb (Sosa, J., 1944, p. 36).<\/p>\n<p><span style=\"color: #800080\"><em>La ense\u00f1anza de la lectura y la escritura inicial es\u00a0 uno de los objetivos primordiales,\u00a0 en nuestro trabajo contemplamos la importancia de desarrollar la fantas\u00eda del alumnado, quien, adem\u00e1s que estar interesado en aprender a leer y escribir, tiene preferencia por las actividades l\u00fadicas as\u00ed como\u00a0 de conocer todo tipo de lectura. Nos dedicamos a estimular la fantas\u00eda, entre otros, a trav\u00e9s de la lectura de los cuentos infantiles, diferentes relatos, leyendas, libros sobre la fantas\u00eda, etc.<\/em><\/span><\/p>\n<p style=\"text-align: center\"><span style=\"color: #008000\"><strong>EL TALLER DE FANTAS\u00cdA<\/strong><\/span><\/p>\n<p>El\u00a0 Taller de Fantas\u00eda, es una actividad espont\u00e1nea que\u00a0 surge de los intereses, como forma de motivar hacia la lectura y creaci\u00f3n de textos as\u00ed como dar cabida a los contenidos del \u00e1rea de lengua de forma atractiva. Estos se concretar\u00e1n en la creaci\u00f3n de los diferentes textos del taller de fantas\u00eda. Ya que esos contenidos nos servir\u00e1n posteriormente para analizar aspectos propios de la descripci\u00f3n, narraci\u00f3n y localizar en sus propias producciones esos contenidos.<\/p>\n<p>Una parte importante es como introducir el taller de fantas\u00eda en el aula. Se consigue por medio de la motivaci\u00f3n a trav\u00e9s de la lectura de libros, relatos del adulto, visionado de pel\u00edculas\u2026<\/p>\n<p style=\"text-align: center\"><span style=\"color: #ff6600\"><strong>Desarrolla la fantas\u00eda, la creatividad<\/strong><strong> y les facilita la invenci\u00f3n de cuentos e historias amenas y divertidas.<\/strong><\/span><\/p>\n<p><span style=\"color: #ff0000\"><strong>Objetivos:<\/strong><\/span><\/p>\n<ol>\n<li><span style=\"color: #008000\">Explorar las posibilidades expresivas orales y escritas de la lengua para desarrollar la sensibilidad est\u00e9tica, buscando cauces de comunicaci\u00f3n creativos en el uso aut\u00f3nomo y personal del lenguaje.<\/span><\/li>\n<li><span style=\"color: #ff00ff\">Reflexionar sobre el uso de la lengua, comenzando a establecer relaciones entre los aspectos formales y los contextos e intenciones comunicativas a los que responde, para mejorar las propias producciones.<\/span><\/li>\n<\/ol>\n<p style=\"text-align: center\"><span style=\"color: #800080\"><strong>ANIMACI\u00d3N A LA LECTURA.<\/strong><\/span><\/p>\n<p>La animaci\u00f3n a la lectura que llevamos haciendo en el 2\u00ba ciclo de primaria y los elogios recibidos del alumnado y las familias sobre la manera de estimular no solo la lectura, sino la creaci\u00f3n de textos del\u00a0 \u00e1rea de lengua y literatura relacionada con las otras \u00e1reas en s\u00ed, nos hace seguir trabajando en pos de la materia o Taller de la Fantas\u00eda.<\/p>\n<p>De ah\u00ed que nuestro reto al elaborar las distintas actividades\u00a0 consista en no perder ese horizonte y poner en mano del alumnado material que contribuya\u00a0 a desarrollar su fantas\u00eda y su capacidad innata para so\u00f1ar despiertos, ya que la fantas\u00eda es una condici\u00f3n fundamental del desarrollo normal de la personalidad, aspecto que es indispensable en el trabajo art\u00edstico, cient\u00edfico, literario, musical, en definitiva, en todas las actividades en las que interviene la capacidad creativa.<\/p>\n<p><span style=\"color: #ff00ff\"><strong>OBJETIVOS:<\/strong><\/span><\/p>\n<ul>\n<li><span style=\"color: #008000\">Impulsar el <strong>desarrollo de la creatividad integral en todas sus dimensiones <\/strong>para el desarrollo, el crecimiento y la transformaci\u00f3n personal (y profesional).<\/span><\/li>\n<li><span style=\"color: #0000ff\">Desarrollar todos <strong>los talentos y lenguajes comunicativos<\/strong> del ser humano.<\/span><\/li>\n<li><span style=\"color: #333399\">Estimular <strong>los novedosos procesos creativos e imaginativos<\/strong> con m\u00e9todos din\u00e1micos,\u00a0 para un progreso y avance continuos.<\/span><\/li>\n<li><span style=\"color: #333399\">Desarrollar el habla.<\/span><\/li>\n<li><span style=\"color: #ff6600\">Estimular el desarrollo del lenguaje infantil.<\/span><\/li>\n<li><span style=\"color: #00ccff\">Potenciar el cultivo de la imaginaci\u00f3n y la fantas\u00eda mediante las actividades para la expresi\u00f3n oral y escrita en la escuela.<\/span><\/li>\n<\/ul>\n<p style=\"text-align: center\"><span style=\"color: #0000ff\"><em>LENGUAJE ORAL Y ESCRITO. COMPRENSI\u00d3N Y EXPRESI\u00d3N. CREAR-DISA\u00d1AR M\u00c9TODOS Y ACTIVIDADES DE ENSE\u00d1ANZA PARA EL DESARROLLO DE HABILIDADES LING\u00dc\u00cdSTICAS ES UNA CARACTER\u00cdSTICA PRIMORDIAL DE LAS DISTINTAS ACTIVIDADES.<\/em><\/span><\/p>\n<p>Animar a la lectura es\u00a0 despertar emociones, describir sensaciones, despertar el inter\u00e9s y la curiosidad, so\u00f1ar y fantasear, descubrir otro mundo m\u00e1s maravilloso y\u2026 aprender jugando.<\/p>\n<p><strong>En la animaci\u00f3n lectora juega un papel muy importante el grado de desarrollo de la imaginaci\u00f3n y la capacidad de expresi\u00f3n oral y escrita que tiene cada alumno y alumna.<\/strong><\/p>\n<p>Desde la experiencia como profesionales, sabemos que la realizaci\u00f3n de actividades sobre la lectura de un libro, puede originar, muchas veces, el rechazo frontal, si se presentan con una fisonom\u00eda poco atractiva \u00a0y con un contenido saturado de materia curricular, resultando, que lejos de conseguir el objetivo de la animaci\u00f3n, obtenemos todo lo contrario: desmotivaci\u00f3n en el grupo y frustraci\u00f3n en los profesionales.<\/p>\n<p>De ello nos estamos cuidando continuamente de todos las actividades relacionadas con el taller de fantas\u00eda.\u00a0 Su enfoque, con un car\u00e1cter eminentemente l\u00fadico y ameno, rompe con metodolog\u00eda muy mon\u00f3tona y poco atractiva y deseamos aportar nuevos aires para conseguir que nuestro alumnado disfrute investigando, leyendo, hablando y creando sus propios textos sin olvidar los objetivos y contenidos del \u00e1rea..<\/p>\n<p>Es, en suma, otra forma distinta de crear afici\u00f3n por la investigaci\u00f3n a trav\u00e9s de la lectura,\u00a0 buscar el deseo de comunicar oralmente y por la escritura, buscando la desinhibici\u00f3n, lo l\u00fadico, aspectos que proporcionan placer y por ello que vayan alineados al gusto por leer.<\/p>\n<p><strong>Los profesionales buscamos sencillas estrategias para llevar a cabo en el aula, en la biblioteca, en la escuela, y que contribuyan a<\/strong> <strong>animar a leer, a buscar informaci\u00f3n, a encontrar el placer en la palabra escrita de los diferentes textos.<\/strong><\/p>\n<p>La lectura individual afianza el dominio de la lectura de forma comprensiva, con una articulaci\u00f3n, entonaci\u00f3n correcta, un ritmo adecuado\u2026<\/p>\n<p style=\"text-align: center\"><span style=\"color: #0000ff\"><strong>DE LA LECTURA A LA PALABRA.<\/strong><\/span><\/p>\n<h5><span style=\"color: #ff0000\">HABLAR Y ESCUCHAR<\/span><\/h5>\n<p><strong>Utilizar la lengua oral para intercambiar ideas, experiencias y sentimientos, adoptando una actitud respetuosa ante las aportaciones del grupo y atendiendo a las reglas propias del intercambio comunicativo.<\/strong><\/p>\n<p>Iniciamos cada actividad con la exposici\u00f3n oral, por parte del alumnado, de las investigaciones realizadas en la que se trabaja una serie de actividades de competencias: investigaci\u00f3n, comprensi\u00f3n lectora, s\u00edntesis, vocabulario, oralizaci\u00f3n, gram\u00e1tica, memoria inmediata, ortograf\u00eda, sintaxis-estilo, etc, que ha sido dosificadas a lo largo del desarrollo de las sesiones procurando en todo momento que no decaiga el inter\u00e9s.<\/p>\n<p>Una de las actividades que acompa\u00f1an a la lectura <strong>es la exposici\u00f3n oral de lo investigado<\/strong>, en donde se trabaja:<\/p>\n<ul>\n<li>la s\u00edntesis.<\/li>\n<li>El resumen.<\/li>\n<li>La comprensi\u00f3n.<\/li>\n<li>La descripci\u00f3n.<\/li>\n<li>El vocabulario empleado.<\/li>\n<li>La claridad.<\/li>\n<li>Conversaci\u00f3n.<\/li>\n<li>Compartimos opiniones, argumentos, emociones, ilusiones.<\/li>\n<li>Opini\u00f3n.<\/li>\n<li>El orden narrativo.<\/li>\n<li>La capacidad memor\u00edstica y de conversaci\u00f3n.<\/li>\n<li>La capacidad de opini\u00f3n, etc.<\/li>\n<\/ul>\n<p><span style=\"color: #ff0000\"><strong>DE LA PALABRA AL TEXTO ESCRITO:<\/strong><\/span><\/p>\n<p><strong>Utilizar la\u00a0 escritura como fuente de placer, de informaci\u00f3n y aprendizaje y como medio de perfeccionamiento y enriquecimiento ling\u00fc\u00edstico y personal.<\/strong><\/p>\n<p>Propiciamos\u00a0 la participaci\u00f3n del alumnado:<\/p>\n<ul>\n<li>El alumnado debe sentirse protagonistas de su proceso de ense\u00f1anza-aprendizaje.<\/li>\n<li>Facilitamos la elecci\u00f3n de las actividades atendiendo sus intereses (Fantas\u00eda) y motivaci\u00f3n.<\/li>\n<li>Se tiene en cuenta los conocimientos previos.<\/li>\n<li>El alumnado es consciente ya de sus producciones y a veces le da miedo a \u00e9stas al ser autoexigente, por ello:<\/li>\n<li>Facilitamos la creaci\u00f3n y la actividad es l\u00fadica.<\/li>\n<li>Creamos un clima de confianza, seguridad, cuidando la autoestima.<\/li>\n<li>\u00a0A trav\u00e9s de temas atractivos.<\/li>\n<li>Toda creaci\u00f3n es buena por lo que se respeta \u00e9sta.<\/li>\n<li>Respetamos sus creaciones. Corregimos seg\u00fan la individualidad de cada persona.<\/li>\n<li>Cuidamos la forma y la presentaci\u00f3n.<\/li>\n<li>Todo esto proporciona mucha satisfacci\u00f3n gusto por seguir creando y comunicando la fantas\u00eda individual de cada persona.<\/li>\n<li>Se negocia y comunica el tema a trabajar, sobre qu\u00e9 asunto se escribir\u00e1 y en qu\u00e9 aspectos se incidir\u00e1.<\/li>\n<\/ul>\n<ul>\n<li>Los ni\u00f1os y ni\u00f1as tienen muy claro que siempre se les valora lo que hacen y no deben olvidar lo que se les pide.<\/li>\n<li>Vigilamos que aprendizaje de la lectoescritura sea funcional, significativo.<\/li>\n<li>Planteamos actividades de lectura y de escritura con sentido (asequibles), facilitamos la interacci\u00f3n, el trabajo cooperativo: actividades en gran grupo, en peque\u00f1o grupo, por parejas, individuales.<\/li>\n<li>Facilitamos el intercambio del alumnado de una misma zona de desarrollo pr\u00f3ximo.<\/li>\n<li>Se eval\u00faa a cada escolar teniendo en cuenta sus esfuerzos.<\/li>\n<li>Se crean textos a trav\u00e9s de:\n<ul>\n<li>Descripciones.<\/li>\n<li>Res\u00famenes.<\/li>\n<li>Opini\u00f3n escrita. (De personajes, cap\u00edtulos,\u2026).<\/li>\n<\/ul>\n<\/li>\n<li>Se mantiene viva su atenci\u00f3n hasta el final procurando proporcionar actividades distintas que le sean su agrado.<\/li>\n<\/ul>\n<p><img decoding=\"async\" data-attachment-id=\"32947\" data-permalink=\"https:\/\/www.alqueria.es\/blogs\/alqueriasegundociclo\/2025\/06\/23\/nos-vemos-en-septiembre\/whatsapp-image-2025-06-23-at-09-45-13\/\" data-orig-file=\"https:\/\/cloud.alqueria.es\/wp-content\/uploads\/sites\/7\/2025\/06\/WhatsApp-Image-2025-06-23-at-09.45.13.jpeg\" data-orig-size=\"1600,721\" data-comments-opened=\"1\" data-image-meta=\"{&quot;aperture&quot;:&quot;0&quot;,&quot;credit&quot;:&quot;&quot;,&quot;camera&quot;:&quot;&quot;,&quot;caption&quot;:&quot;&quot;,&quot;created_timestamp&quot;:&quot;0&quot;,&quot;copyright&quot;:&quot;&quot;,&quot;focal_length&quot;:&quot;0&quot;,&quot;iso&quot;:&quot;0&quot;,&quot;shutter_speed&quot;:&quot;0&quot;,&quot;title&quot;:&quot;&quot;,&quot;orientation&quot;:&quot;0&quot;}\" data-image-title=\"WhatsApp Image 2025-06-23 at 09.45.13\" data-image-description=\"\" data-image-caption=\"\" data-large-file=\"https:\/\/cloud.alqueria.es\/wp-content\/uploads\/sites\/7\/2025\/06\/WhatsApp-Image-2025-06-23-at-09.45.13-1024x461.jpeg\" class=\"aligncenter size-large wp-image-32947\" src=\"https:\/\/cloud.alqueria.es\/wp-content\/uploads\/sites\/7\/2025\/06\/WhatsApp-Image-2025-06-23-at-09.45.13-1024x461.jpeg\" alt=\"\" width=\"474\" height=\"213\" srcset=\"https:\/\/cloud.alqueria.es\/wp-content\/uploads\/sites\/7\/2025\/06\/WhatsApp-Image-2025-06-23-at-09.45.13-1024x461.jpeg 1024w, https:\/\/cloud.alqueria.es\/wp-content\/uploads\/sites\/7\/2025\/06\/WhatsApp-Image-2025-06-23-at-09.45.13-300x135.jpeg 300w, https:\/\/cloud.alqueria.es\/wp-content\/uploads\/sites\/7\/2025\/06\/WhatsApp-Image-2025-06-23-at-09.45.13-768x346.jpeg 768w, https:\/\/cloud.alqueria.es\/wp-content\/uploads\/sites\/7\/2025\/06\/WhatsApp-Image-2025-06-23-at-09.45.13-1536x692.jpeg 1536w, https:\/\/cloud.alqueria.es\/wp-content\/uploads\/sites\/7\/2025\/06\/WhatsApp-Image-2025-06-23-at-09.45.13.jpeg 1600w\" sizes=\"(max-width: 474px) 100vw, 474px\" \/><\/p>\n<p style=\"text-align: center\"><span style=\"color: #800080\">\u00a0Finalizado el curso, todo el alumnado ha recopilado, en un aut\u00e9ntico manuscrito encuadernado en donde \u00a0se recogen todos los trabajos del taller de escritura creativa realizados desde el principio de curso.<\/span><\/p>\n<p style=\"text-align: center\"><span style=\"color: #800080\">Ha sido mucho el trabajo, la ilusi\u00f3n, el esfuerzo,\u2026 y como no, una enorme satisfacci\u00f3n de apreciar los grandes avances.<\/span><\/p>\n<p style=\"text-align: center\"><span style=\"color: #800080\">No quer\u00edamos terminar sin dar a conocer esta gran labor.<\/span><\/p>\n<p><span style=\"color: #0000ff\">Ha sido un placer compartir este curso con todas y cada una de las familias y con este maravilloso alumnado del ciclo, os deseamos que disfrut\u00e9is de unas merecidas vacaciones.<\/span><\/p>\n<p>Nos vemos en septiembre.<\/p>\n<p>Un abrazo de Juanjo y Laura<\/p>\n<p>&nbsp;<\/p>\n","protected":false},"excerpt":{"rendered":"<p>\u00bfEL POR QU\u00c9 DE LA FANTAS\u00cdA? \u201cLa fantas\u00eda es tan importante para construir una mesa como para escribir un cuento, pues ambos requieren ser planificados por anticipado, para obtener el mismo resultado que se concibi\u00f3 por medio de la imaginaci\u00f3n; un aspecto que es indispensable en el trabajo art\u00edstico, cient\u00edfico, literario, musical y, por qu\u00e9 &hellip; <a href=\"https:\/\/www.alqueria.es\/blogs\/alqueriasegundociclo\/2025\/06\/23\/nos-vemos-en-septiembre\/\" class=\"more-link\">Seguir leyendo <span class=\"screen-reader-text\">NOS VEMOS EN SEPTIEMBRE<\/span> <span class=\"meta-nav\">&rarr;<\/span><\/a><\/p>\n","protected":false},"author":16,"featured_media":0,"comment_status":"open","ping_status":"open","sticky":false,"template":"","format":"standard","meta":{"jetpack_post_was_ever_published":false,"_jetpack_newsletter_access":"","_jetpack_dont_email_post_to_subs":false,"_jetpack_newsletter_tier_id":0,"_jetpack_memberships_contains_paywalled_content":false,"_jetpack_memberships_contains_paid_content":false,"footnotes":"","jetpack_publicize_message":"","jetpack_publicize_feature_enabled":true,"jetpack_social_post_already_shared":true,"jetpack_social_options":{"image_generator_settings":{"template":"highway","default_image_id":0,"font":"","enabled":false},"version":2}},"categories":[5,6,59,60],"tags":[],"class_list":["post-32946","post","type-post","status-publish","format-standard","hentry","category-3o-epo","category-4o-epo","category-semanario-3o","category-semanario-4o"],"jetpack_publicize_connections":[],"jetpack_featured_media_url":"","jetpack_sharing_enabled":true,"jetpack_shortlink":"https:\/\/wp.me\/p4lw4c-8zo","_links":{"self":[{"href":"https:\/\/www.alqueria.es\/blogs\/alqueriasegundociclo\/wp-json\/wp\/v2\/posts\/32946","targetHints":{"allow":["GET"]}}],"collection":[{"href":"https:\/\/www.alqueria.es\/blogs\/alqueriasegundociclo\/wp-json\/wp\/v2\/posts"}],"about":[{"href":"https:\/\/www.alqueria.es\/blogs\/alqueriasegundociclo\/wp-json\/wp\/v2\/types\/post"}],"author":[{"embeddable":true,"href":"https:\/\/www.alqueria.es\/blogs\/alqueriasegundociclo\/wp-json\/wp\/v2\/users\/16"}],"replies":[{"embeddable":true,"href":"https:\/\/www.alqueria.es\/blogs\/alqueriasegundociclo\/wp-json\/wp\/v2\/comments?post=32946"}],"version-history":[{"count":3,"href":"https:\/\/www.alqueria.es\/blogs\/alqueriasegundociclo\/wp-json\/wp\/v2\/posts\/32946\/revisions"}],"predecessor-version":[{"id":32950,"href":"https:\/\/www.alqueria.es\/blogs\/alqueriasegundociclo\/wp-json\/wp\/v2\/posts\/32946\/revisions\/32950"}],"wp:attachment":[{"href":"https:\/\/www.alqueria.es\/blogs\/alqueriasegundociclo\/wp-json\/wp\/v2\/media?parent=32946"}],"wp:term":[{"taxonomy":"category","embeddable":true,"href":"https:\/\/www.alqueria.es\/blogs\/alqueriasegundociclo\/wp-json\/wp\/v2\/categories?post=32946"},{"taxonomy":"post_tag","embeddable":true,"href":"https:\/\/www.alqueria.es\/blogs\/alqueriasegundociclo\/wp-json\/wp\/v2\/tags?post=32946"}],"curies":[{"name":"wp","href":"https:\/\/api.w.org\/{rel}","templated":true}]}}