{"id":32998,"date":"2025-09-12T18:36:49","date_gmt":"2025-09-12T16:36:49","guid":{"rendered":"https:\/\/www.alqueria.es\/blogs\/alqueriasegundociclo\/?p=32998"},"modified":"2025-09-12T20:39:47","modified_gmt":"2025-09-12T18:39:47","slug":"erase-una-vez","status":"publish","type":"post","link":"https:\/\/www.alqueria.es\/blogs\/alqueriasegundociclo\/2025\/09\/12\/erase-una-vez\/","title":{"rendered":"\u00c9rase una vez&#8230;"},"content":{"rendered":"<p><img decoding=\"async\" class=\"aligncenter\" src=\"https:\/\/i.pinimg.com\/236x\/ea\/69\/83\/ea698340bc18182d6ddd9f12ca967c09.jpg\" alt=\"Resultado de imagen de bienvenidos al nuevo curso frase\" \/><\/p>\n<h3 style=\"text-align: center\" data-start=\"175\" data-end=\"211\">\u00a1Bienvenidos al curso 2025-2026!<\/h3>\n<p data-start=\"213\" data-end=\"571\">Damos la bienvenida a todas las familias que, un a\u00f1o m\u00e1s, <strong>segu\u00eds confiando en nuestro proyecto educativo para acompa\u00f1ar el crecimiento de vuestros hijos, y especialmente a aquellas que se incorporan por primera vez a nuestra comunidad.<\/strong> Gracias por vuestras c\u00e1lidas palabras en este inicio de curso, son siempre fuente de motivaci\u00f3n y confianza para nosotros.<\/p>\n<p data-start=\"573\" data-end=\"909\">Como es habitual, el comienzo del curso viene cargado de emociones: <strong>ilusi\u00f3n, nervios, expectativas&#8230;<\/strong> Y si bien esto es com\u00fan para todos los niveles, en tercero se vive con especial intensidad, ya que coincide con el cambio de ciclo, nueva tutora, nuevos especialistas&#8230; <strong>\u00a1Toda una aventura educativa que estamos encantados de comenzar!<\/strong><\/p>\n<p data-start=\"911\" data-end=\"1169\">Empezamos el curso con una asamblea de bienvenida en la que participa todo el equipo docente y la direcci\u00f3n de centro. Un momento especial para dar la <strong>bienvenida oficial a nuestros alumnos y desearles un curso lleno de aprendizajes y experiencias positivas.<\/strong><\/p>\n<p data-start=\"911\" data-end=\"1169\"><img decoding=\"async\" data-attachment-id=\"33004\" data-permalink=\"https:\/\/www.alqueria.es\/blogs\/alqueriasegundociclo\/2025\/09\/12\/erase-una-vez\/354ef7b5-605c-41c4-9af1-6309fcb4a049\/\" data-orig-file=\"https:\/\/cloud.alqueria.es\/wp-content\/uploads\/sites\/7\/2025\/09\/354ef7b5-605c-41c4-9af1-6309fcb4a049.jpg\" data-orig-size=\"1600,1200\" data-comments-opened=\"1\" data-image-meta=\"{&quot;aperture&quot;:&quot;0&quot;,&quot;credit&quot;:&quot;&quot;,&quot;camera&quot;:&quot;&quot;,&quot;caption&quot;:&quot;&quot;,&quot;created_timestamp&quot;:&quot;0&quot;,&quot;copyright&quot;:&quot;&quot;,&quot;focal_length&quot;:&quot;0&quot;,&quot;iso&quot;:&quot;0&quot;,&quot;shutter_speed&quot;:&quot;0&quot;,&quot;title&quot;:&quot;&quot;,&quot;orientation&quot;:&quot;0&quot;}\" data-image-title=\"354ef7b5-605c-41c4-9af1-6309fcb4a049\" data-image-description=\"\" data-image-caption=\"\" data-large-file=\"https:\/\/cloud.alqueria.es\/wp-content\/uploads\/sites\/7\/2025\/09\/354ef7b5-605c-41c4-9af1-6309fcb4a049-1024x768.jpg\" class=\"aligncenter size-large wp-image-33004\" src=\"https:\/\/cloud.alqueria.es\/wp-content\/uploads\/sites\/7\/2025\/09\/354ef7b5-605c-41c4-9af1-6309fcb4a049-1024x768.jpg\" alt=\"\" width=\"474\" height=\"356\" srcset=\"https:\/\/cloud.alqueria.es\/wp-content\/uploads\/sites\/7\/2025\/09\/354ef7b5-605c-41c4-9af1-6309fcb4a049-1024x768.jpg 1024w, https:\/\/cloud.alqueria.es\/wp-content\/uploads\/sites\/7\/2025\/09\/354ef7b5-605c-41c4-9af1-6309fcb4a049-300x225.jpg 300w, https:\/\/cloud.alqueria.es\/wp-content\/uploads\/sites\/7\/2025\/09\/354ef7b5-605c-41c4-9af1-6309fcb4a049-768x576.jpg 768w, https:\/\/cloud.alqueria.es\/wp-content\/uploads\/sites\/7\/2025\/09\/354ef7b5-605c-41c4-9af1-6309fcb4a049-1536x1152.jpg 1536w, https:\/\/cloud.alqueria.es\/wp-content\/uploads\/sites\/7\/2025\/09\/354ef7b5-605c-41c4-9af1-6309fcb4a049.jpg 1600w\" sizes=\"(max-width: 474px) 100vw, 474px\" \/><\/p>\n<p data-start=\"1171\" data-end=\"1508\">Estos primeros d\u00edas han sido de reencuentros, juegos, conversaciones sobre el verano\u2026 Poco a poco, y con mucha ilusi\u00f3n, hemos ido retomando rutinas: conocemos nuestras aulas, saludamos a compa\u00f1eros y profes, repartimos el material escolar, organizamos nuestras cosas, repasamos las normas b\u00e1sicas, tenemos el horario semanal.<\/p>\n<p data-start=\"1510\" data-end=\"1934\"><strong>\u00a1Y qu\u00e9 ilusi\u00f3n les han hecho los nuevos materiales!<\/strong> Desde carpetas clasificadoras de colores que podr\u00e1n llevar a casa con sus tareas,\u00a0 los diarios, las libretas grandes para distintas \u00e1reas&#8230; Todo est\u00e1 perfectamente etiquetado y personalizado, lo que les ayuda a ir asumiendo poco a poco m\u00e1s autonom\u00eda. Sabemos que lleva su tiempo adaptarse a tantas novedades\u2026 pero estamos en ello, sobre todo en tercero, donde todo es nuevo.<\/p>\n<p data-start=\"1936\" data-end=\"2308\">Tambi\u00e9n hemos recordado las <strong>normas del centro<\/strong> y empezamos a trabajar en un listado propio de normas de aula, que elaboraremos juntos y mantendremos visible para su consulta.<\/p>\n<p data-start=\"2310\" data-end=\"2510\">Aunque muchos ya se conocen, en mayor o menor medida, aprovechamos estos primeros d\u00edas para presentarnos y compartir algo sobre nosotros mismos, primero en asamblea y luego en el diario. Siempre hay algo nuevo que descubrir!<\/p>\n<p data-start=\"2512\" data-end=\"2768\">Queremos introducir progresivamente algunas herramientas nuevas este curso, como el uso regular de la <strong data-start=\"2614\" data-end=\"2632\">agenda escolar<\/strong>, que les ayudar\u00e1 a organizar sus tareas y compromisos. el<\/p>\n<p data-start=\"2770\" data-end=\"3041\">En tercero tambi\u00e9n estrenamos el uso del <strong data-start=\"2811\" data-end=\"2821\">diario<\/strong>, que a partir de este curso realizar\u00e1n en casa como parte de su rutina semanal. Este deber\u00e1 entregarse todos los lunes, as\u00ed que os pedimos vuestra colaboraci\u00f3n para que se convierta en un h\u00e1bito positivo y enriquecedor.<\/p>\n<p data-start=\"3043\" data-end=\"3183\">En la pr\u00f3xima reuni\u00f3n de grupo os contaremos con m\u00e1s detalle todos estos aspectos, muy pronto recibir\u00e9is informaci\u00f3n sobre la fecha.<\/p>\n<p style=\"text-align: center\" data-start=\"3185\" data-end=\"3390\"><span style=\"color: #333333\"><strong>El lunes arrancamos con energ\u00eda y comenzaremos a trabajar el programa de cada grupo. <\/strong><\/span><\/p>\n<p style=\"text-align: center\" data-start=\"3185\" data-end=\"3390\"><span style=\"color: #ff00ff\"><strong>Tenemos por delante un curso lleno de aprendizajes, vivencias y crecimiento. \u00a1Estamos deseando compartirlo con vosotros!<\/strong><\/span><\/p>\n<p data-start=\"3392\" data-end=\"3412\">Un saludo afectuoso,<\/p>\n<p data-start=\"3414\" data-end=\"3462\"><strong data-start=\"3414\" data-end=\"3432\">Juanjo y Laura<\/strong><br data-start=\"3432\" data-end=\"3435\" \/><em data-start=\"3435\" data-end=\"3462\">Tutores del segundo ciclo<\/em><\/p>\n","protected":false},"excerpt":{"rendered":"<p>\u00a1Bienvenidos al curso 2025-2026! Damos la bienvenida a todas las familias que, un a\u00f1o m\u00e1s, segu\u00eds confiando en nuestro proyecto educativo para acompa\u00f1ar el crecimiento de vuestros hijos, y especialmente a aquellas que se incorporan por primera vez a nuestra comunidad. Gracias por vuestras c\u00e1lidas palabras en este inicio de curso, son siempre fuente de &hellip; <a href=\"https:\/\/www.alqueria.es\/blogs\/alqueriasegundociclo\/2025\/09\/12\/erase-una-vez\/\" class=\"more-link\">Seguir leyendo <span class=\"screen-reader-text\">\u00c9rase una vez&#8230;<\/span> <span class=\"meta-nav\">&rarr;<\/span><\/a><\/p>\n","protected":false},"author":16,"featured_media":0,"comment_status":"open","ping_status":"open","sticky":false,"template":"","format":"standard","meta":{"jetpack_post_was_ever_published":false,"_jetpack_newsletter_access":"","_jetpack_dont_email_post_to_subs":false,"_jetpack_newsletter_tier_id":0,"_jetpack_memberships_contains_paywalled_content":false,"_jetpack_memberships_contains_paid_content":false,"footnotes":"","jetpack_publicize_message":"","jetpack_publicize_feature_enabled":true,"jetpack_social_post_already_shared":true,"jetpack_social_options":{"image_generator_settings":{"template":"highway","default_image_id":0,"font":"","enabled":false},"version":2}},"categories":[5,6,59,60],"tags":[],"class_list":["post-32998","post","type-post","status-publish","format-standard","hentry","category-3o-epo","category-4o-epo","category-semanario-3o","category-semanario-4o"],"jetpack_publicize_connections":[],"jetpack_featured_media_url":"","jetpack_sharing_enabled":true,"jetpack_shortlink":"https:\/\/wp.me\/p4lw4c-8Ae","_links":{"self":[{"href":"https:\/\/www.alqueria.es\/blogs\/alqueriasegundociclo\/wp-json\/wp\/v2\/posts\/32998","targetHints":{"allow":["GET"]}}],"collection":[{"href":"https:\/\/www.alqueria.es\/blogs\/alqueriasegundociclo\/wp-json\/wp\/v2\/posts"}],"about":[{"href":"https:\/\/www.alqueria.es\/blogs\/alqueriasegundociclo\/wp-json\/wp\/v2\/types\/post"}],"author":[{"embeddable":true,"href":"https:\/\/www.alqueria.es\/blogs\/alqueriasegundociclo\/wp-json\/wp\/v2\/users\/16"}],"replies":[{"embeddable":true,"href":"https:\/\/www.alqueria.es\/blogs\/alqueriasegundociclo\/wp-json\/wp\/v2\/comments?post=32998"}],"version-history":[{"count":7,"href":"https:\/\/www.alqueria.es\/blogs\/alqueriasegundociclo\/wp-json\/wp\/v2\/posts\/32998\/revisions"}],"predecessor-version":[{"id":33008,"href":"https:\/\/www.alqueria.es\/blogs\/alqueriasegundociclo\/wp-json\/wp\/v2\/posts\/32998\/revisions\/33008"}],"wp:attachment":[{"href":"https:\/\/www.alqueria.es\/blogs\/alqueriasegundociclo\/wp-json\/wp\/v2\/media?parent=32998"}],"wp:term":[{"taxonomy":"category","embeddable":true,"href":"https:\/\/www.alqueria.es\/blogs\/alqueriasegundociclo\/wp-json\/wp\/v2\/categories?post=32998"},{"taxonomy":"post_tag","embeddable":true,"href":"https:\/\/www.alqueria.es\/blogs\/alqueriasegundociclo\/wp-json\/wp\/v2\/tags?post=32998"}],"curies":[{"name":"wp","href":"https:\/\/api.w.org\/{rel}","templated":true}]}}