{"id":33601,"date":"2025-12-07T11:01:18","date_gmt":"2025-12-07T10:01:18","guid":{"rendered":"https:\/\/www.alqueria.es\/blogs\/alqueriasegundociclo\/?p=33601"},"modified":"2025-12-07T11:03:04","modified_gmt":"2025-12-07T10:03:04","slug":"dia-de-la-constituccion","status":"publish","type":"post","link":"https:\/\/www.alqueria.es\/blogs\/alqueriasegundociclo\/2025\/12\/07\/dia-de-la-constituccion\/","title":{"rendered":"D\u00cdA DE LA CONSTITUCCI\u00d3N"},"content":{"rendered":"<h2 style=\"text-align: center\"><span style=\"color: #0000ff\"><em>CREAMOS NUESTRA CONSTITUCI\u00d3N.<\/em><\/span><\/h2>\n<p>El viernes celebramos el <span style=\"color: #0000ff\">d\u00eda de la constituci\u00f3n<\/span>. Para ello contamos con la entra\u00f1able colaboraci\u00f3n de Carolina, la madre de Guillermo de 4\u00ba.<\/p>\n<p><img decoding=\"async\" data-attachment-id=\"33607\" data-permalink=\"https:\/\/www.alqueria.es\/blogs\/alqueriasegundociclo\/2025\/12\/07\/dia-de-la-constituccion\/whatsapp-image-2025-12-07-at-10-04-15\/\" data-orig-file=\"https:\/\/cloud.alqueria.es\/wp-content\/uploads\/sites\/7\/2025\/12\/WhatsApp-Image-2025-12-07-at-10.04.15.jpeg\" data-orig-size=\"1600,1200\" data-comments-opened=\"1\" data-image-meta=\"{&quot;aperture&quot;:&quot;0&quot;,&quot;credit&quot;:&quot;&quot;,&quot;camera&quot;:&quot;&quot;,&quot;caption&quot;:&quot;&quot;,&quot;created_timestamp&quot;:&quot;0&quot;,&quot;copyright&quot;:&quot;&quot;,&quot;focal_length&quot;:&quot;0&quot;,&quot;iso&quot;:&quot;0&quot;,&quot;shutter_speed&quot;:&quot;0&quot;,&quot;title&quot;:&quot;&quot;,&quot;orientation&quot;:&quot;0&quot;}\" data-image-title=\"WhatsApp Image 2025-12-07 at 10.04.15\" data-image-description=\"\" data-image-caption=\"\" data-large-file=\"https:\/\/cloud.alqueria.es\/wp-content\/uploads\/sites\/7\/2025\/12\/WhatsApp-Image-2025-12-07-at-10.04.15-1024x768.jpeg\" class=\"aligncenter wp-image-33607 size-medium\" src=\"https:\/\/cloud.alqueria.es\/wp-content\/uploads\/sites\/7\/2025\/12\/WhatsApp-Image-2025-12-07-at-10.04.15-300x225.jpeg\" alt=\"\" width=\"300\" height=\"225\" srcset=\"https:\/\/cloud.alqueria.es\/wp-content\/uploads\/sites\/7\/2025\/12\/WhatsApp-Image-2025-12-07-at-10.04.15-300x225.jpeg 300w, https:\/\/cloud.alqueria.es\/wp-content\/uploads\/sites\/7\/2025\/12\/WhatsApp-Image-2025-12-07-at-10.04.15-1024x768.jpeg 1024w, https:\/\/cloud.alqueria.es\/wp-content\/uploads\/sites\/7\/2025\/12\/WhatsApp-Image-2025-12-07-at-10.04.15-768x576.jpeg 768w, https:\/\/cloud.alqueria.es\/wp-content\/uploads\/sites\/7\/2025\/12\/WhatsApp-Image-2025-12-07-at-10.04.15-1536x1152.jpeg 1536w, https:\/\/cloud.alqueria.es\/wp-content\/uploads\/sites\/7\/2025\/12\/WhatsApp-Image-2025-12-07-at-10.04.15.jpeg 1600w\" sizes=\"(max-width: 300px) 100vw, 300px\" \/><\/p>\n<p>Se parti\u00f3 de las ideas previas sobre por qu\u00e9 celebramos el d\u00eda 6 de diciembre el d\u00eda de la contituci\u00f3n. Carolina nos hizo una peque\u00f1a introducci\u00f3n sobre la tem\u00e1tica y algunos del grupo aportan sus ideas. Posteriormente nos adentramos sobre los art\u00edculos que tiene y para qu\u00e9 sirven.<\/p>\n<p>Se reparten 21 cartas y cada una de ellas posee un art\u00edculo redactado a modo de la constituci\u00f3n para los grupos.<\/p>\n<p>En parejas se leen en silencio para una buena comprensi\u00f3n y se pasa a la lectura al grupo art\u00edculo por art\u00edculo.<\/p>\n<p>Cada art\u00edculo est\u00e1 redactado como ley, norma, derechos y deberes que hay que tener como grupo. Se leen los art\u00edculos para posteriormente, si se est\u00e1 de acuerdo, votar y acatar <span style=\"color: #ff6600\">\u00abNUESTRA CONSTITUCI\u00d3N\u00bb.<\/span><\/p>\n<p>Art\u00edculo por art\u00edculo se clarifica sobre lo que est\u00e1 escrito, lo que quiere decir para una correcta comprensi\u00f3n.<\/p>\n<p>Los art\u00edculos se van colocando sobre una cartulina que recoger\u00e1 todas las normas.<\/p>\n<p><img decoding=\"async\" data-attachment-id=\"33611\" data-permalink=\"https:\/\/www.alqueria.es\/blogs\/alqueriasegundociclo\/2025\/12\/07\/dia-de-la-constituccion\/whatsapp-image-2025-12-07-at-10-04-16-4\/\" data-orig-file=\"https:\/\/cloud.alqueria.es\/wp-content\/uploads\/sites\/7\/2025\/12\/WhatsApp-Image-2025-12-07-at-10.04.16-4.jpeg\" data-orig-size=\"1600,1200\" data-comments-opened=\"1\" data-image-meta=\"{&quot;aperture&quot;:&quot;0&quot;,&quot;credit&quot;:&quot;&quot;,&quot;camera&quot;:&quot;&quot;,&quot;caption&quot;:&quot;&quot;,&quot;created_timestamp&quot;:&quot;0&quot;,&quot;copyright&quot;:&quot;&quot;,&quot;focal_length&quot;:&quot;0&quot;,&quot;iso&quot;:&quot;0&quot;,&quot;shutter_speed&quot;:&quot;0&quot;,&quot;title&quot;:&quot;&quot;,&quot;orientation&quot;:&quot;0&quot;}\" data-image-title=\"WhatsApp Image 2025-12-07 at 10.04.16 (4)\" data-image-description=\"\" data-image-caption=\"\" data-large-file=\"https:\/\/cloud.alqueria.es\/wp-content\/uploads\/sites\/7\/2025\/12\/WhatsApp-Image-2025-12-07-at-10.04.16-4-1024x768.jpeg\" class=\"aligncenter wp-image-33611 size-medium\" src=\"https:\/\/cloud.alqueria.es\/wp-content\/uploads\/sites\/7\/2025\/12\/WhatsApp-Image-2025-12-07-at-10.04.16-4-300x225.jpeg\" alt=\"\" width=\"300\" height=\"225\" srcset=\"https:\/\/cloud.alqueria.es\/wp-content\/uploads\/sites\/7\/2025\/12\/WhatsApp-Image-2025-12-07-at-10.04.16-4-300x225.jpeg 300w, https:\/\/cloud.alqueria.es\/wp-content\/uploads\/sites\/7\/2025\/12\/WhatsApp-Image-2025-12-07-at-10.04.16-4-1024x768.jpeg 1024w, https:\/\/cloud.alqueria.es\/wp-content\/uploads\/sites\/7\/2025\/12\/WhatsApp-Image-2025-12-07-at-10.04.16-4-768x576.jpeg 768w, https:\/\/cloud.alqueria.es\/wp-content\/uploads\/sites\/7\/2025\/12\/WhatsApp-Image-2025-12-07-at-10.04.16-4-1536x1152.jpeg 1536w, https:\/\/cloud.alqueria.es\/wp-content\/uploads\/sites\/7\/2025\/12\/WhatsApp-Image-2025-12-07-at-10.04.16-4.jpeg 1600w\" sizes=\"(max-width: 300px) 100vw, 300px\" \/><\/p>\n<p>Una vez le\u00eddas, aclaradas y comprendidas, se pasa a una votaci\u00f3n . Para que sea puesta en marcha, debe aprobarse por mayor\u00eda. La votaci\u00f3n ha sido un gran \u00e9xito y nuestra constituci\u00f3n se ha aprobado por una ampl\u00edsima mayor\u00eda.<\/p>\n<p class=\"jetpack-slideshow-noscript robots-nocontent\">El pase de diapositivas requiere JavaScript.<\/p><div id=\"gallery-33601-1-slideshow\" class=\"jetpack-slideshow-window jetpack-slideshow jetpack-slideshow-black\" data-trans=\"fade\" data-autostart=\"1\" data-gallery=\"[{&quot;src&quot;:&quot;https:\\\/\\\/cloud.alqueria.es\\\/wp-content\\\/uploads\\\/sites\\\/7\\\/2025\\\/12\\\/WhatsApp-Image-2025-12-07-at-10.04.19.jpeg&quot;,&quot;id&quot;:&quot;33624&quot;,&quot;title&quot;:&quot;WhatsApp Image 2025-12-07 at 10.04.19&quot;,&quot;alt&quot;:&quot;&quot;,&quot;caption&quot;:&quot;&quot;,&quot;itemprop&quot;:&quot;image&quot;},{&quot;src&quot;:&quot;https:\\\/\\\/cloud.alqueria.es\\\/wp-content\\\/uploads\\\/sites\\\/7\\\/2025\\\/12\\\/WhatsApp-Image-2025-12-07-at-10.04.14.jpeg&quot;,&quot;id&quot;:&quot;33603&quot;,&quot;title&quot;:&quot;WhatsApp Image 2025-12-07 at 10.04.14&quot;,&quot;alt&quot;:&quot;&quot;,&quot;caption&quot;:&quot;&quot;,&quot;itemprop&quot;:&quot;image&quot;},{&quot;src&quot;:&quot;https:\\\/\\\/cloud.alqueria.es\\\/wp-content\\\/uploads\\\/sites\\\/7\\\/2025\\\/12\\\/WhatsApp-Image-2025-12-07-at-10.04.18-1.jpeg&quot;,&quot;id&quot;:&quot;33617&quot;,&quot;title&quot;:&quot;WhatsApp Image 2025-12-07 at 10.04.18 (1)&quot;,&quot;alt&quot;:&quot;&quot;,&quot;caption&quot;:&quot;&quot;,&quot;itemprop&quot;:&quot;image&quot;},{&quot;src&quot;:&quot;https:\\\/\\\/cloud.alqueria.es\\\/wp-content\\\/uploads\\\/sites\\\/7\\\/2025\\\/12\\\/WhatsApp-Image-2025-12-07-at-10.04.19-2.jpeg&quot;,&quot;id&quot;:&quot;33622&quot;,&quot;title&quot;:&quot;WhatsApp Image 2025-12-07 at 10.04.19 (2)&quot;,&quot;alt&quot;:&quot;&quot;,&quot;caption&quot;:&quot;&quot;,&quot;itemprop&quot;:&quot;image&quot;},{&quot;src&quot;:&quot;https:\\\/\\\/cloud.alqueria.es\\\/wp-content\\\/uploads\\\/sites\\\/7\\\/2025\\\/12\\\/WhatsApp-Image-2025-12-07-at-10.04.18-2.jpeg&quot;,&quot;id&quot;:&quot;33618&quot;,&quot;title&quot;:&quot;WhatsApp Image 2025-12-07 at 10.04.18 (2)&quot;,&quot;alt&quot;:&quot;&quot;,&quot;caption&quot;:&quot;&quot;,&quot;itemprop&quot;:&quot;image&quot;},{&quot;src&quot;:&quot;https:\\\/\\\/cloud.alqueria.es\\\/wp-content\\\/uploads\\\/sites\\\/7\\\/2025\\\/12\\\/WhatsApp-Image-2025-12-07-at-10.04.16.jpeg&quot;,&quot;id&quot;:&quot;33612&quot;,&quot;title&quot;:&quot;WhatsApp Image 2025-12-07 at 10.04.16&quot;,&quot;alt&quot;:&quot;&quot;,&quot;caption&quot;:&quot;&quot;,&quot;itemprop&quot;:&quot;image&quot;},{&quot;src&quot;:&quot;https:\\\/\\\/cloud.alqueria.es\\\/wp-content\\\/uploads\\\/sites\\\/7\\\/2025\\\/12\\\/WhatsApp-Image-2025-12-07-at-10.04.20.jpeg&quot;,&quot;id&quot;:&quot;33626&quot;,&quot;title&quot;:&quot;WhatsApp Image 2025-12-07 at 10.04.20&quot;,&quot;alt&quot;:&quot;&quot;,&quot;caption&quot;:&quot;&quot;,&quot;itemprop&quot;:&quot;image&quot;},{&quot;src&quot;:&quot;https:\\\/\\\/cloud.alqueria.es\\\/wp-content\\\/uploads\\\/sites\\\/7\\\/2025\\\/12\\\/WhatsApp-Image-2025-12-07-at-10.04.20-1.jpeg&quot;,&quot;id&quot;:&quot;33625&quot;,&quot;title&quot;:&quot;WhatsApp Image 2025-12-07 at 10.04.20 (1)&quot;,&quot;alt&quot;:&quot;&quot;,&quot;caption&quot;:&quot;&quot;,&quot;itemprop&quot;:&quot;image&quot;},{&quot;src&quot;:&quot;https:\\\/\\\/cloud.alqueria.es\\\/wp-content\\\/uploads\\\/sites\\\/7\\\/2025\\\/12\\\/WhatsApp-Image-2025-12-07-at-10.04.19-3.jpeg&quot;,&quot;id&quot;:&quot;33623&quot;,&quot;title&quot;:&quot;WhatsApp Image 2025-12-07 at 10.04.19 (3)&quot;,&quot;alt&quot;:&quot;&quot;,&quot;caption&quot;:&quot;&quot;,&quot;itemprop&quot;:&quot;image&quot;},{&quot;src&quot;:&quot;https:\\\/\\\/cloud.alqueria.es\\\/wp-content\\\/uploads\\\/sites\\\/7\\\/2025\\\/12\\\/WhatsApp-Image-2025-12-07-at-10.04.18-3.jpeg&quot;,&quot;id&quot;:&quot;33619&quot;,&quot;title&quot;:&quot;WhatsApp Image 2025-12-07 at 10.04.18 (3)&quot;,&quot;alt&quot;:&quot;&quot;,&quot;caption&quot;:&quot;&quot;,&quot;itemprop&quot;:&quot;image&quot;},{&quot;src&quot;:&quot;https:\\\/\\\/cloud.alqueria.es\\\/wp-content\\\/uploads\\\/sites\\\/7\\\/2025\\\/12\\\/WhatsApp-Image-2025-12-07-at-10.04.17-3.jpeg&quot;,&quot;id&quot;:&quot;33615&quot;,&quot;title&quot;:&quot;WhatsApp Image 2025-12-07 at 10.04.17 (3)&quot;,&quot;alt&quot;:&quot;&quot;,&quot;caption&quot;:&quot;&quot;,&quot;itemprop&quot;:&quot;image&quot;},{&quot;src&quot;:&quot;https:\\\/\\\/cloud.alqueria.es\\\/wp-content\\\/uploads\\\/sites\\\/7\\\/2025\\\/12\\\/WhatsApp-Image-2025-12-07-at-10.04.17-2.jpeg&quot;,&quot;id&quot;:&quot;33614&quot;,&quot;title&quot;:&quot;WhatsApp Image 2025-12-07 at 10.04.17 (2)&quot;,&quot;alt&quot;:&quot;&quot;,&quot;caption&quot;:&quot;&quot;,&quot;itemprop&quot;:&quot;image&quot;},{&quot;src&quot;:&quot;https:\\\/\\\/cloud.alqueria.es\\\/wp-content\\\/uploads\\\/sites\\\/7\\\/2025\\\/12\\\/WhatsApp-Image-2025-12-07-at-10.04.16-3.jpeg&quot;,&quot;id&quot;:&quot;33610&quot;,&quot;title&quot;:&quot;WhatsApp Image 2025-12-07 at 10.04.16 (3)&quot;,&quot;alt&quot;:&quot;&quot;,&quot;caption&quot;:&quot;&quot;,&quot;itemprop&quot;:&quot;image&quot;},{&quot;src&quot;:&quot;https:\\\/\\\/cloud.alqueria.es\\\/wp-content\\\/uploads\\\/sites\\\/7\\\/2025\\\/12\\\/WhatsApp-Image-2025-12-07-at-10.04.15-3.jpeg&quot;,&quot;id&quot;:&quot;33606&quot;,&quot;title&quot;:&quot;WhatsApp Image 2025-12-07 at 10.04.15 (3)&quot;,&quot;alt&quot;:&quot;&quot;,&quot;caption&quot;:&quot;&quot;,&quot;itemprop&quot;:&quot;image&quot;},{&quot;src&quot;:&quot;https:\\\/\\\/cloud.alqueria.es\\\/wp-content\\\/uploads\\\/sites\\\/7\\\/2025\\\/12\\\/WhatsApp-Image-2025-12-07-at-10.04.15-2.jpeg&quot;,&quot;id&quot;:&quot;33605&quot;,&quot;title&quot;:&quot;WhatsApp Image 2025-12-07 at 10.04.15 (2)&quot;,&quot;alt&quot;:&quot;&quot;,&quot;caption&quot;:&quot;&quot;,&quot;itemprop&quot;:&quot;image&quot;},{&quot;src&quot;:&quot;https:\\\/\\\/cloud.alqueria.es\\\/wp-content\\\/uploads\\\/sites\\\/7\\\/2025\\\/12\\\/WhatsApp-Image-2025-12-07-at-10.04.16-1.jpeg&quot;,&quot;id&quot;:&quot;33608&quot;,&quot;title&quot;:&quot;WhatsApp Image 2025-12-07 at 10.04.16 (1)&quot;,&quot;alt&quot;:&quot;&quot;,&quot;caption&quot;:&quot;&quot;,&quot;itemprop&quot;:&quot;image&quot;}]\" itemscope itemtype=\"https:\/\/schema.org\/ImageGallery\"><\/div>\n<p>Posteriormente, <span style=\"color: #ff6600\">el grupo de 4\u00ba<\/span> retoma a modo de resumen la actividad y visualizamos un peque\u00f1o video.<a href=\"http:\/https:\/\/www.youtube.com\/watch?v=UeMPROfGQHo\"><img decoding=\"async\" data-attachment-id=\"33627\" data-permalink=\"https:\/\/www.alqueria.es\/blogs\/alqueriasegundociclo\/2025\/12\/07\/dia-de-la-constituccion\/captura-de-pantalla-2025-12-07-a-las-10-34-36\/\" data-orig-file=\"https:\/\/cloud.alqueria.es\/wp-content\/uploads\/sites\/7\/2025\/12\/Captura-de-pantalla-2025-12-07-a-las-10.34.36.png\" data-orig-size=\"798,456\" data-comments-opened=\"1\" data-image-meta=\"{&quot;aperture&quot;:&quot;0&quot;,&quot;credit&quot;:&quot;&quot;,&quot;camera&quot;:&quot;&quot;,&quot;caption&quot;:&quot;&quot;,&quot;created_timestamp&quot;:&quot;0&quot;,&quot;copyright&quot;:&quot;&quot;,&quot;focal_length&quot;:&quot;0&quot;,&quot;iso&quot;:&quot;0&quot;,&quot;shutter_speed&quot;:&quot;0&quot;,&quot;title&quot;:&quot;&quot;,&quot;orientation&quot;:&quot;0&quot;}\" data-image-title=\"Captura de pantalla 2025-12-07 a las 10.34.36\" data-image-description=\"\" data-image-caption=\"\" data-large-file=\"https:\/\/cloud.alqueria.es\/wp-content\/uploads\/sites\/7\/2025\/12\/Captura-de-pantalla-2025-12-07-a-las-10.34.36.png\" class=\"aligncenter wp-image-33627 size-full\" src=\"https:\/\/cloud.alqueria.es\/wp-content\/uploads\/sites\/7\/2025\/12\/Captura-de-pantalla-2025-12-07-a-las-10.34.36.png\" alt=\"\" width=\"798\" height=\"456\" srcset=\"https:\/\/cloud.alqueria.es\/wp-content\/uploads\/sites\/7\/2025\/12\/Captura-de-pantalla-2025-12-07-a-las-10.34.36.png 798w, https:\/\/cloud.alqueria.es\/wp-content\/uploads\/sites\/7\/2025\/12\/Captura-de-pantalla-2025-12-07-a-las-10.34.36-300x171.png 300w, https:\/\/cloud.alqueria.es\/wp-content\/uploads\/sites\/7\/2025\/12\/Captura-de-pantalla-2025-12-07-a-las-10.34.36-768x439.png 768w\" sizes=\"(max-width: 798px) 100vw, 798px\" \/><\/a><\/p>\n<p><span style=\"color: #ff6600\">El grupo de 3\u00ba,<\/span> contin\u00faa con una actividad propuesta por Luc\u00eda, que realiza las pr\u00e1cticas en el grupo. Ella ha propuesto las siguientes actividades.<\/p>\n<ol>\n<li><span style=\"color: #ff00ff\">\u00bfJusto o injusto? <\/span><\/li>\n<\/ol>\n<p>Para empezar se pone a prueba el sentido de la justicia. Sin aportar nada sobre las leyes, se votan situaciones hipot\u00e9ticas como \u00absolo salen al recreo los que lleven zapatillas blancas\u00bb.<\/p>\n<p><span style=\"color: #800080\"><em>\u00a0 \u00a0 \u00a0 \u00a0 \u00a0 \u00a0 \u00a0 \u00a0 \u00a0 \u00a0 \u00a0 \u00a0 Se abre el debate.<\/em><\/span><\/p>\n<p><span style=\"color: #ff00ff\">2.\u00a0 Se visualiza el video sobre conceptos b\u00e1sicos de la constituci\u00f3n.<\/span><\/p>\n<p><a href=\"http:\/https:\/\/www.youtube.com\/watch?v=n2f_Bog7deM\"><img decoding=\"async\" data-attachment-id=\"33628\" data-permalink=\"https:\/\/www.alqueria.es\/blogs\/alqueriasegundociclo\/2025\/12\/07\/dia-de-la-constituccion\/captura-de-pantalla-2025-12-07-a-las-10-48-00\/\" data-orig-file=\"https:\/\/cloud.alqueria.es\/wp-content\/uploads\/sites\/7\/2025\/12\/Captura-de-pantalla-2025-12-07-a-las-10.48.00.png\" data-orig-size=\"806,456\" data-comments-opened=\"1\" data-image-meta=\"{&quot;aperture&quot;:&quot;0&quot;,&quot;credit&quot;:&quot;&quot;,&quot;camera&quot;:&quot;&quot;,&quot;caption&quot;:&quot;&quot;,&quot;created_timestamp&quot;:&quot;0&quot;,&quot;copyright&quot;:&quot;&quot;,&quot;focal_length&quot;:&quot;0&quot;,&quot;iso&quot;:&quot;0&quot;,&quot;shutter_speed&quot;:&quot;0&quot;,&quot;title&quot;:&quot;&quot;,&quot;orientation&quot;:&quot;0&quot;}\" data-image-title=\"Captura de pantalla 2025-12-07 a las 10.48.00\" data-image-description=\"\" data-image-caption=\"\" data-large-file=\"https:\/\/cloud.alqueria.es\/wp-content\/uploads\/sites\/7\/2025\/12\/Captura-de-pantalla-2025-12-07-a-las-10.48.00.png\" class=\"aligncenter wp-image-33628 size-medium\" src=\"https:\/\/cloud.alqueria.es\/wp-content\/uploads\/sites\/7\/2025\/12\/Captura-de-pantalla-2025-12-07-a-las-10.48.00-300x170.png\" alt=\"\" width=\"300\" height=\"170\" srcset=\"https:\/\/cloud.alqueria.es\/wp-content\/uploads\/sites\/7\/2025\/12\/Captura-de-pantalla-2025-12-07-a-las-10.48.00-300x170.png 300w, https:\/\/cloud.alqueria.es\/wp-content\/uploads\/sites\/7\/2025\/12\/Captura-de-pantalla-2025-12-07-a-las-10.48.00-768x435.png 768w, https:\/\/cloud.alqueria.es\/wp-content\/uploads\/sites\/7\/2025\/12\/Captura-de-pantalla-2025-12-07-a-las-10.48.00.png 806w\" sizes=\"(max-width: 300px) 100vw, 300px\" \/><\/a><\/p>\n<p><span style=\"color: #ff00ff\">3. Se completa un mural con tarjetas de derechos y deberes, diferenciando qu\u00e9 es aquello que recibimos y nos protege y deberes como aquello que debemos aportar.<\/span><\/p>\n<p><img decoding=\"async\" data-attachment-id=\"33620\" data-permalink=\"https:\/\/www.alqueria.es\/blogs\/alqueriasegundociclo\/2025\/12\/07\/dia-de-la-constituccion\/whatsapp-image-2025-12-07-at-10-04-18\/\" data-orig-file=\"https:\/\/cloud.alqueria.es\/wp-content\/uploads\/sites\/7\/2025\/12\/WhatsApp-Image-2025-12-07-at-10.04.18.jpeg\" data-orig-size=\"1600,1200\" data-comments-opened=\"1\" data-image-meta=\"{&quot;aperture&quot;:&quot;0&quot;,&quot;credit&quot;:&quot;&quot;,&quot;camera&quot;:&quot;&quot;,&quot;caption&quot;:&quot;&quot;,&quot;created_timestamp&quot;:&quot;0&quot;,&quot;copyright&quot;:&quot;&quot;,&quot;focal_length&quot;:&quot;0&quot;,&quot;iso&quot;:&quot;0&quot;,&quot;shutter_speed&quot;:&quot;0&quot;,&quot;title&quot;:&quot;&quot;,&quot;orientation&quot;:&quot;0&quot;}\" data-image-title=\"WhatsApp Image 2025-12-07 at 10.04.18\" data-image-description=\"\" data-image-caption=\"\" data-large-file=\"https:\/\/cloud.alqueria.es\/wp-content\/uploads\/sites\/7\/2025\/12\/WhatsApp-Image-2025-12-07-at-10.04.18-1024x768.jpeg\" class=\"aligncenter wp-image-33620 size-medium\" src=\"https:\/\/cloud.alqueria.es\/wp-content\/uploads\/sites\/7\/2025\/12\/WhatsApp-Image-2025-12-07-at-10.04.18-300x225.jpeg\" alt=\"\" width=\"300\" height=\"225\" srcset=\"https:\/\/cloud.alqueria.es\/wp-content\/uploads\/sites\/7\/2025\/12\/WhatsApp-Image-2025-12-07-at-10.04.18-300x225.jpeg 300w, https:\/\/cloud.alqueria.es\/wp-content\/uploads\/sites\/7\/2025\/12\/WhatsApp-Image-2025-12-07-at-10.04.18-1024x768.jpeg 1024w, https:\/\/cloud.alqueria.es\/wp-content\/uploads\/sites\/7\/2025\/12\/WhatsApp-Image-2025-12-07-at-10.04.18-768x576.jpeg 768w, https:\/\/cloud.alqueria.es\/wp-content\/uploads\/sites\/7\/2025\/12\/WhatsApp-Image-2025-12-07-at-10.04.18-1536x1152.jpeg 1536w, https:\/\/cloud.alqueria.es\/wp-content\/uploads\/sites\/7\/2025\/12\/WhatsApp-Image-2025-12-07-at-10.04.18.jpeg 1600w\" sizes=\"(max-width: 300px) 100vw, 300px\" \/><\/p>\n<p><span style=\"color: #ff00ff\">4.- Se pasa a la actividad de \u00abLa balanza humana\u00bb para una mayor asimilaci\u00f3n.<\/span><\/p>\n<p>Se realiza una din\u00e1mica corporal, imitando una balanza con los brazos, siendo un brazo los derechos y el otro los deberes.<\/p>\n<p>Se comprueba que si solo tenemos derechos nos caemos hacia un lado y que si solo tenemos deberes nos inclinamos bruscamente hacia el otro.<\/p>\n<p>Se concluye con:<\/p>\n<h2 style=\"text-align: center\"><span style=\"color: #008000\"><em>\u00abPara que la convivencia funcione tiene que haber un equilibrio entre nuestros derechos y nuestras obligaciones\u00bb.<\/em><\/span><\/h2>\n<p class=\"jetpack-slideshow-noscript robots-nocontent\">El pase de diapositivas requiere JavaScript.<\/p><div id=\"gallery-33601-2-slideshow\" class=\"jetpack-slideshow-window jetpack-slideshow jetpack-slideshow-black\" data-trans=\"fade\" data-autostart=\"1\" data-gallery=\"[{&quot;src&quot;:&quot;https:\\\/\\\/cloud.alqueria.es\\\/wp-content\\\/uploads\\\/sites\\\/7\\\/2025\\\/12\\\/WhatsApp-Image-2025-12-07-at-10.04.19-1.jpeg&quot;,&quot;id&quot;:&quot;33621&quot;,&quot;title&quot;:&quot;WhatsApp Image 2025-12-07 at 10.04.19 (1)&quot;,&quot;alt&quot;:&quot;&quot;,&quot;caption&quot;:&quot;&quot;,&quot;itemprop&quot;:&quot;image&quot;},{&quot;src&quot;:&quot;https:\\\/\\\/cloud.alqueria.es\\\/wp-content\\\/uploads\\\/sites\\\/7\\\/2025\\\/12\\\/WhatsApp-Image-2025-12-07-at-10.04.17.jpeg&quot;,&quot;id&quot;:&quot;33616&quot;,&quot;title&quot;:&quot;WhatsApp Image 2025-12-07 at 10.04.17&quot;,&quot;alt&quot;:&quot;&quot;,&quot;caption&quot;:&quot;&quot;,&quot;itemprop&quot;:&quot;image&quot;},{&quot;src&quot;:&quot;https:\\\/\\\/cloud.alqueria.es\\\/wp-content\\\/uploads\\\/sites\\\/7\\\/2025\\\/12\\\/WhatsApp-Image-2025-12-07-at-10.04.17-1.jpeg&quot;,&quot;id&quot;:&quot;33613&quot;,&quot;title&quot;:&quot;WhatsApp Image 2025-12-07 at 10.04.17 (1)&quot;,&quot;alt&quot;:&quot;&quot;,&quot;caption&quot;:&quot;&quot;,&quot;itemprop&quot;:&quot;image&quot;},{&quot;src&quot;:&quot;https:\\\/\\\/cloud.alqueria.es\\\/wp-content\\\/uploads\\\/sites\\\/7\\\/2025\\\/12\\\/WhatsApp-Image-2025-12-07-at-10.04.16-2.jpeg&quot;,&quot;id&quot;:&quot;33609&quot;,&quot;title&quot;:&quot;WhatsApp Image 2025-12-07 at 10.04.16 (2)&quot;,&quot;alt&quot;:&quot;&quot;,&quot;caption&quot;:&quot;&quot;,&quot;itemprop&quot;:&quot;image&quot;},{&quot;src&quot;:&quot;https:\\\/\\\/cloud.alqueria.es\\\/wp-content\\\/uploads\\\/sites\\\/7\\\/2025\\\/12\\\/WhatsApp-Image-2025-12-07-at-10.04.15-1.jpeg&quot;,&quot;id&quot;:&quot;33604&quot;,&quot;title&quot;:&quot;WhatsApp Image 2025-12-07 at 10.04.15 (1)&quot;,&quot;alt&quot;:&quot;&quot;,&quot;caption&quot;:&quot;&quot;,&quot;itemprop&quot;:&quot;image&quot;}]\" itemscope itemtype=\"https:\/\/schema.org\/ImageGallery\"><\/div>\n<p>Agradecemos la colaboraci\u00f3n de Carolina y de Luc\u00eda. Gracias por habernos acercado un poco a \u00abLa Constituci\u00f3n\u00bb y lo que implica tenerla.<\/p>\n<p>Os deseamos un buen fin de semana largo.<\/p>\n<p>Laura y Juanjo<\/p>\n<p>&nbsp;<\/p>\n","protected":false},"excerpt":{"rendered":"<p>CREAMOS NUESTRA CONSTITUCI\u00d3N. El viernes celebramos el d\u00eda de la constituci\u00f3n. Para ello contamos con la entra\u00f1able colaboraci\u00f3n de Carolina, la madre de Guillermo de 4\u00ba. Se parti\u00f3 de las ideas previas sobre por qu\u00e9 celebramos el d\u00eda 6 de diciembre el d\u00eda de la contituci\u00f3n. Carolina nos hizo una peque\u00f1a introducci\u00f3n sobre la tem\u00e1tica &hellip; <a href=\"https:\/\/www.alqueria.es\/blogs\/alqueriasegundociclo\/2025\/12\/07\/dia-de-la-constituccion\/\" class=\"more-link\">Seguir leyendo <span class=\"screen-reader-text\">D\u00cdA DE LA CONSTITUCCI\u00d3N<\/span> <span class=\"meta-nav\">&rarr;<\/span><\/a><\/p>\n","protected":false},"author":16,"featured_media":0,"comment_status":"open","ping_status":"open","sticky":false,"template":"","format":"standard","meta":{"jetpack_post_was_ever_published":false,"_jetpack_newsletter_access":"","_jetpack_dont_email_post_to_subs":false,"_jetpack_newsletter_tier_id":0,"_jetpack_memberships_contains_paywalled_content":false,"_jetpack_memberships_contains_paid_content":false,"footnotes":"","jetpack_publicize_message":"","jetpack_publicize_feature_enabled":true,"jetpack_social_post_already_shared":true,"jetpack_social_options":{"image_generator_settings":{"template":"highway","default_image_id":0,"font":"","enabled":false},"version":2}},"categories":[5,6,59,60],"tags":[],"class_list":["post-33601","post","type-post","status-publish","format-standard","hentry","category-3o-epo","category-4o-epo","category-semanario-3o","category-semanario-4o"],"jetpack_publicize_connections":[],"jetpack_featured_media_url":"","jetpack_sharing_enabled":true,"jetpack_shortlink":"https:\/\/wp.me\/p4lw4c-8JX","_links":{"self":[{"href":"https:\/\/www.alqueria.es\/blogs\/alqueriasegundociclo\/wp-json\/wp\/v2\/posts\/33601","targetHints":{"allow":["GET"]}}],"collection":[{"href":"https:\/\/www.alqueria.es\/blogs\/alqueriasegundociclo\/wp-json\/wp\/v2\/posts"}],"about":[{"href":"https:\/\/www.alqueria.es\/blogs\/alqueriasegundociclo\/wp-json\/wp\/v2\/types\/post"}],"author":[{"embeddable":true,"href":"https:\/\/www.alqueria.es\/blogs\/alqueriasegundociclo\/wp-json\/wp\/v2\/users\/16"}],"replies":[{"embeddable":true,"href":"https:\/\/www.alqueria.es\/blogs\/alqueriasegundociclo\/wp-json\/wp\/v2\/comments?post=33601"}],"version-history":[{"count":2,"href":"https:\/\/www.alqueria.es\/blogs\/alqueriasegundociclo\/wp-json\/wp\/v2\/posts\/33601\/revisions"}],"predecessor-version":[{"id":33630,"href":"https:\/\/www.alqueria.es\/blogs\/alqueriasegundociclo\/wp-json\/wp\/v2\/posts\/33601\/revisions\/33630"}],"wp:attachment":[{"href":"https:\/\/www.alqueria.es\/blogs\/alqueriasegundociclo\/wp-json\/wp\/v2\/media?parent=33601"}],"wp:term":[{"taxonomy":"category","embeddable":true,"href":"https:\/\/www.alqueria.es\/blogs\/alqueriasegundociclo\/wp-json\/wp\/v2\/categories?post=33601"},{"taxonomy":"post_tag","embeddable":true,"href":"https:\/\/www.alqueria.es\/blogs\/alqueriasegundociclo\/wp-json\/wp\/v2\/tags?post=33601"}],"curies":[{"name":"wp","href":"https:\/\/api.w.org\/{rel}","templated":true}]}}