{"id":33667,"date":"2025-12-14T17:44:47","date_gmt":"2025-12-14T16:44:47","guid":{"rendered":"https:\/\/www.alqueria.es\/blogs\/alqueriasegundociclo\/?p=33667"},"modified":"2025-12-14T18:47:55","modified_gmt":"2025-12-14T17:47:55","slug":"trabajamos-conjuntamente","status":"publish","type":"post","link":"https:\/\/www.alqueria.es\/blogs\/alqueriasegundociclo\/2025\/12\/14\/trabajamos-conjuntamente\/","title":{"rendered":"Trabajamos conjuntamente"},"content":{"rendered":"<h2 style=\"text-align: center\"><span style=\"color: #0000ff\">La colaboraci\u00f3n y cooperaci\u00f3n<\/span><\/h2>\n<div data-hveid=\"CCkQAQ\" data-ved=\"2ahUKEwiIq5Pyv72RAxWn8LsIHQnAGyMQj7gIegQIKRAB\">\n<div class=\"dnXCYb\" role=\"button\" aria-controls=\"_0eU-acj-Mafh7_UPiYDvmAI_59\" aria-expanded=\"true\">\n<div class=\"JlqpRe\">\n<p><span class=\"JCzEY tNxQIb\"><span class=\"JCzEY tNxQIb\"><span class=\"CSkcDe\">A lo largo del trimestre el grupo de 4\u00ba realiza numerosas actividades de colaboraci\u00f3n entre los miembros del grupo y con componentes de otros grupos.<\/span><\/span><\/span><\/p>\n<div data-hveid=\"CCkQAQ\" data-ved=\"2ahUKEwiIq5Pyv72RAxWn8LsIHQnAGyMQj7gIegQIKRAB\">\n<div class=\"dnXCYb\" role=\"button\" aria-controls=\"_0eU-acj-Mafh7_UPiYDvmAI_59\" aria-expanded=\"true\">\n<div class=\"p8Jhnd\">\n<div class=\"aj35ze\"><span style=\"color: #800080\"><em>La escuela pretende con el aprendizaje cooperativo desarrollar <b>aprendizajes competenciales del curr\u00edculo a trav\u00e9s de din\u00e1micas de trabajo en grupo e interacci\u00f3n social, con roles claramente definidos<\/b>.<\/em><\/span><\/div>\n<div><\/div>\n<\/div>\n<\/div>\n<\/div>\n<div id=\"_0eU-acj-Mafh7_UPiYDvmAI_59\" class=\"bCOlv\" data-ved=\"2ahUKEwiIq5Pyv72RAxWn8LsIHQnAGyMQ7NUEegQIKRAE\">\n<div class=\"IZE3Td\">\n<div class=\"r2fjmd t0bRye Sbgr0\" data-hveid=\"CCkQBQ\" data-ved=\"2ahUKEwiIq5Pyv72RAxWn8LsIHQnAGyMQu04oAHoECCkQBQ\">\n<div id=\"0eU-acj-Mafh7_UPiYDvmAI__27\">\n<div class=\"wDYxhc\" data-md=\"61\">\n<div class=\"LGOjhe\" data-attrid=\"wa:\/description\" data-hveid=\"CCQQAA\">\n<div data-hveid=\"CCoQAQ\" data-ved=\"2ahUKEwiIq5Pyv72RAxWn8LsIHQnAGyMQj7gIegQIKhAB\">\n<div class=\"dnXCYb\" role=\"button\" aria-controls=\"_0eU-acj-Mafh7_UPiYDvmAI_62\" aria-expanded=\"true\">\n<div class=\"JlqpRe\"><span style=\"color: #800080\"><em>Con estas actividades queremos <b>fomentar no solo el aprendizaje de los contenidos acad\u00e9micos, sino tambi\u00e9n el desarrollo de habilidades esenciales como la comunicaci\u00f3n, la colaboraci\u00f3n, el respeto y la empat\u00eda<\/b>. Fomentamos el trabajo en equipo, la responsabilidad individual, mejorar la motivaci\u00f3n y la autoestima al participar activamente en equipo promoviendo la inclusi\u00f3n y la solidaridad consiguiendo un clima agradable en busca de un aprendizaje significativo.<\/em><\/span><\/div>\n<\/div>\n<\/div>\n<\/div>\n<\/div>\n<\/div>\n<\/div>\n<\/div>\n<\/div>\n<\/div>\n<div><\/div>\n<div class=\"JlqpRe\"><span class=\"JCzEY tNxQIb\"><span class=\"CSkcDe\">Especialmente continuamos cooperando con el grupo Verde compartiendo con ellos nuestros aprendizajes, nuestras investigaciones sobre los alimentos que nos ofrecen la vega y los que podemos encontrar en nuestro colegio.<\/span><\/span><\/div>\n<div>Poco a poco cada componente van narrando\u00a0 su alimento e investigaci\u00f3n, transmitiendo informaci\u00f3n y siendo modelos educativos.<\/div>\n<div><img decoding=\"async\" data-attachment-id=\"33680\" data-permalink=\"https:\/\/www.alqueria.es\/blogs\/alqueriasegundociclo\/2025\/12\/14\/trabajamos-conjuntamente\/whatsapp-image-2025-12-12-at-18-50-23-1\/\" data-orig-file=\"https:\/\/cloud.alqueria.es\/wp-content\/uploads\/sites\/7\/2025\/12\/WhatsApp-Image-2025-12-12-at-18.50.23-1.jpeg\" data-orig-size=\"2040,1148\" data-comments-opened=\"1\" data-image-meta=\"{&quot;aperture&quot;:&quot;0&quot;,&quot;credit&quot;:&quot;&quot;,&quot;camera&quot;:&quot;&quot;,&quot;caption&quot;:&quot;&quot;,&quot;created_timestamp&quot;:&quot;0&quot;,&quot;copyright&quot;:&quot;&quot;,&quot;focal_length&quot;:&quot;0&quot;,&quot;iso&quot;:&quot;0&quot;,&quot;shutter_speed&quot;:&quot;0&quot;,&quot;title&quot;:&quot;&quot;,&quot;orientation&quot;:&quot;0&quot;}\" data-image-title=\"WhatsApp Image 2025-12-12 at 18.50.23 (1)\" data-image-description=\"\" data-image-caption=\"\" data-large-file=\"https:\/\/cloud.alqueria.es\/wp-content\/uploads\/sites\/7\/2025\/12\/WhatsApp-Image-2025-12-12-at-18.50.23-1-1024x576.jpeg\" class=\"aligncenter wp-image-33680 size-large\" src=\"https:\/\/cloud.alqueria.es\/wp-content\/uploads\/sites\/7\/2025\/12\/WhatsApp-Image-2025-12-12-at-18.50.23-1-1024x576.jpeg\" alt=\"\" width=\"474\" height=\"267\" srcset=\"https:\/\/cloud.alqueria.es\/wp-content\/uploads\/sites\/7\/2025\/12\/WhatsApp-Image-2025-12-12-at-18.50.23-1-1024x576.jpeg 1024w, https:\/\/cloud.alqueria.es\/wp-content\/uploads\/sites\/7\/2025\/12\/WhatsApp-Image-2025-12-12-at-18.50.23-1-300x169.jpeg 300w, https:\/\/cloud.alqueria.es\/wp-content\/uploads\/sites\/7\/2025\/12\/WhatsApp-Image-2025-12-12-at-18.50.23-1-768x432.jpeg 768w, https:\/\/cloud.alqueria.es\/wp-content\/uploads\/sites\/7\/2025\/12\/WhatsApp-Image-2025-12-12-at-18.50.23-1-1536x864.jpeg 1536w, https:\/\/cloud.alqueria.es\/wp-content\/uploads\/sites\/7\/2025\/12\/WhatsApp-Image-2025-12-12-at-18.50.23-1.jpeg 2040w\" sizes=\"(max-width: 474px) 100vw, 474px\" \/><\/div>\n<h2 style=\"text-align: center\"><span style=\"color: #0000ff\">Un desayuno saludable<\/span><\/h2>\n<div>El martes cooperamos en la preparaci\u00f3n de un desayuno saludable.<\/div>\n<div>Se realiz\u00f3 un recorrido por la tem\u00e1tica de los alimentos y los nutrientes, nos centramos en la transformaci\u00f3n y conservaci\u00f3n de los alimentos. La sal es un buen conservante y lo hemos experimentado\u00a0 con las aceitunas curadas y ali\u00f1adas por nosotros.<\/div>\n<div>Presentamos\u00a0 dulce de membrillo, en donde el az\u00facar hace de conservante.<\/div>\n<div>Esther nos presenta la receta de unas galletas saladas y va preparando la masa para posteriormente aplanar, con moldes sacar las galletas y prepararlas en bandejas para el horno.<\/div>\n<div><img decoding=\"async\" data-attachment-id=\"33674\" data-permalink=\"https:\/\/www.alqueria.es\/blogs\/alqueriasegundociclo\/2025\/12\/14\/trabajamos-conjuntamente\/whatsapp-image-2025-12-12-at-18-48-31\/\" data-orig-file=\"https:\/\/cloud.alqueria.es\/wp-content\/uploads\/sites\/7\/2025\/12\/WhatsApp-Image-2025-12-12-at-18.48.31.jpeg\" data-orig-size=\"2040,1148\" data-comments-opened=\"1\" data-image-meta=\"{&quot;aperture&quot;:&quot;0&quot;,&quot;credit&quot;:&quot;&quot;,&quot;camera&quot;:&quot;&quot;,&quot;caption&quot;:&quot;&quot;,&quot;created_timestamp&quot;:&quot;0&quot;,&quot;copyright&quot;:&quot;&quot;,&quot;focal_length&quot;:&quot;0&quot;,&quot;iso&quot;:&quot;0&quot;,&quot;shutter_speed&quot;:&quot;0&quot;,&quot;title&quot;:&quot;&quot;,&quot;orientation&quot;:&quot;0&quot;}\" data-image-title=\"WhatsApp Image 2025-12-12 at 18.48.31\" data-image-description=\"\" data-image-caption=\"\" data-large-file=\"https:\/\/cloud.alqueria.es\/wp-content\/uploads\/sites\/7\/2025\/12\/WhatsApp-Image-2025-12-12-at-18.48.31-1024x576.jpeg\" class=\"aligncenter wp-image-33674 size-large\" src=\"https:\/\/cloud.alqueria.es\/wp-content\/uploads\/sites\/7\/2025\/12\/WhatsApp-Image-2025-12-12-at-18.48.31-1024x576.jpeg\" alt=\"\" width=\"474\" height=\"267\" srcset=\"https:\/\/cloud.alqueria.es\/wp-content\/uploads\/sites\/7\/2025\/12\/WhatsApp-Image-2025-12-12-at-18.48.31-1024x576.jpeg 1024w, https:\/\/cloud.alqueria.es\/wp-content\/uploads\/sites\/7\/2025\/12\/WhatsApp-Image-2025-12-12-at-18.48.31-300x169.jpeg 300w, https:\/\/cloud.alqueria.es\/wp-content\/uploads\/sites\/7\/2025\/12\/WhatsApp-Image-2025-12-12-at-18.48.31-768x432.jpeg 768w, https:\/\/cloud.alqueria.es\/wp-content\/uploads\/sites\/7\/2025\/12\/WhatsApp-Image-2025-12-12-at-18.48.31-1536x864.jpeg 1536w, https:\/\/cloud.alqueria.es\/wp-content\/uploads\/sites\/7\/2025\/12\/WhatsApp-Image-2025-12-12-at-18.48.31.jpeg 2040w\" sizes=\"(max-width: 474px) 100vw, 474px\" \/><\/div>\n<div><\/div>\n<div>Mientras esperamos que se hagan las galletas se narra un poco una \u00abhistoria\u00bb sobre los tomates que no llegan a ponerse rojos, maduros al final del verano.<\/div>\n<div><span style=\"color: #ff6600\">\u00bfQu\u00e9 se hacen con ellos?<\/span><\/div>\n<div>Bas\u00e1ndonos en la tradici\u00f3n contamos que se puede realizar una conserva de tomates verdes, en donde el vinagre ser\u00e1 el conservante junto a otras especias que les dar\u00e1 distinto sabor (laurel, or\u00e9gano, tomillo, ajo,&#8230;).<\/div>\n<div>El grupo participa cortando en rodajas los verdes tomates, los colocamos en botes esterizados y a esperar un tiempo para su degustaci\u00f3n.<\/div>\n<div>\n<div class=\"tiled-gallery type-square tiled-gallery-unresized\" data-original-width=\"474\" data-carousel-extra='{&quot;blog_id&quot;:7,&quot;permalink&quot;:&quot;https:\\\/\\\/www.alqueria.es\\\/blogs\\\/alqueriasegundociclo\\\/2025\\\/12\\\/14\\\/trabajamos-conjuntamente\\\/&quot;,&quot;likes_blog_id&quot;:64233500}' itemscope itemtype=\"http:\/\/schema.org\/ImageGallery\" > <div class=\"gallery-row\" style=\"width: 474px; height: 158px;\" data-original-width=\"474\" data-original-height=\"158\" > <div class=\"gallery-group\" style=\"width: 158px; height: 158px;\" data-original-width=\"158\" data-original-height=\"158\" > <div class=\"tiled-gallery-item \" itemprop=\"associatedMedia\" itemscope itemtype=\"http:\/\/schema.org\/ImageObject\"> <a href=\"https:\/\/www.alqueria.es\/blogs\/alqueriasegundociclo\/2025\/12\/14\/trabajamos-conjuntamente\/whatsapp-image-2025-12-12-at-18-48-32-1\/\" border=\"0\" itemprop=\"url\"> <meta itemprop=\"width\" content=\"154\"> <meta itemprop=\"height\" content=\"154\"> <img decoding=\"async\" class=\"\" data-attachment-id=\"33675\" data-orig-file=\"https:\/\/cloud.alqueria.es\/wp-content\/uploads\/sites\/7\/2025\/12\/WhatsApp-Image-2025-12-12-at-18.48.32-1.jpeg\" data-orig-size=\"2040,1148\" data-comments-opened=\"1\" data-image-meta=\"{&quot;aperture&quot;:&quot;0&quot;,&quot;credit&quot;:&quot;&quot;,&quot;camera&quot;:&quot;&quot;,&quot;caption&quot;:&quot;&quot;,&quot;created_timestamp&quot;:&quot;0&quot;,&quot;copyright&quot;:&quot;&quot;,&quot;focal_length&quot;:&quot;0&quot;,&quot;iso&quot;:&quot;0&quot;,&quot;shutter_speed&quot;:&quot;0&quot;,&quot;title&quot;:&quot;&quot;,&quot;orientation&quot;:&quot;0&quot;}\" data-image-title=\"WhatsApp Image 2025-12-12 at 18.48.32 (1)\" data-image-description=\"\" data-medium-file=\"https:\/\/cloud.alqueria.es\/wp-content\/uploads\/sites\/7\/2025\/12\/WhatsApp-Image-2025-12-12-at-18.48.32-1-300x169.jpeg\" data-large-file=\"https:\/\/cloud.alqueria.es\/wp-content\/uploads\/sites\/7\/2025\/12\/WhatsApp-Image-2025-12-12-at-18.48.32-1-1024x576.jpeg\" src=\"https:\/\/i0.wp.com\/cloud.alqueria.es\/wp-content\/uploads\/sites\/7\/2025\/12\/WhatsApp-Image-2025-12-12-at-18.48.32-1.jpeg?w=154&#038;h=154&#038;crop=1&#038;ssl=1\" width=\"154\" height=\"154\" loading=\"lazy\" data-original-width=\"154\" data-original-height=\"154\" itemprop=\"http:\/\/schema.org\/image\" title=\"WhatsApp Image 2025-12-12 at 18.48.32 (1)\" alt=\"WhatsApp Image 2025-12-12 at 18.48.32 (1)\" style=\"width: 154px; height: 154px;\" \/> <\/a> <\/div> <\/div> <div class=\"gallery-group\" style=\"width: 158px; height: 158px;\" data-original-width=\"158\" data-original-height=\"158\" > <div class=\"tiled-gallery-item \" itemprop=\"associatedMedia\" itemscope itemtype=\"http:\/\/schema.org\/ImageObject\"> <a href=\"https:\/\/www.alqueria.es\/blogs\/alqueriasegundociclo\/2025\/12\/14\/trabajamos-conjuntamente\/whatsapp-image-2025-12-12-at-18-48-32\/\" border=\"0\" itemprop=\"url\"> <meta itemprop=\"width\" content=\"154\"> <meta itemprop=\"height\" content=\"154\"> <img decoding=\"async\" class=\"\" data-attachment-id=\"33679\" data-orig-file=\"https:\/\/cloud.alqueria.es\/wp-content\/uploads\/sites\/7\/2025\/12\/WhatsApp-Image-2025-12-12-at-18.48.32.jpeg\" data-orig-size=\"1148,2040\" data-comments-opened=\"1\" data-image-meta=\"{&quot;aperture&quot;:&quot;0&quot;,&quot;credit&quot;:&quot;&quot;,&quot;camera&quot;:&quot;&quot;,&quot;caption&quot;:&quot;&quot;,&quot;created_timestamp&quot;:&quot;0&quot;,&quot;copyright&quot;:&quot;&quot;,&quot;focal_length&quot;:&quot;0&quot;,&quot;iso&quot;:&quot;0&quot;,&quot;shutter_speed&quot;:&quot;0&quot;,&quot;title&quot;:&quot;&quot;,&quot;orientation&quot;:&quot;0&quot;}\" data-image-title=\"WhatsApp Image 2025-12-12 at 18.48.32\" data-image-description=\"\" data-medium-file=\"https:\/\/cloud.alqueria.es\/wp-content\/uploads\/sites\/7\/2025\/12\/WhatsApp-Image-2025-12-12-at-18.48.32-169x300.jpeg\" data-large-file=\"https:\/\/cloud.alqueria.es\/wp-content\/uploads\/sites\/7\/2025\/12\/WhatsApp-Image-2025-12-12-at-18.48.32-576x1024.jpeg\" src=\"https:\/\/i0.wp.com\/cloud.alqueria.es\/wp-content\/uploads\/sites\/7\/2025\/12\/WhatsApp-Image-2025-12-12-at-18.48.32.jpeg?w=154&#038;h=154&#038;crop=1&#038;ssl=1\" width=\"154\" height=\"154\" loading=\"lazy\" data-original-width=\"154\" data-original-height=\"154\" itemprop=\"http:\/\/schema.org\/image\" title=\"WhatsApp Image 2025-12-12 at 18.48.32\" alt=\"WhatsApp Image 2025-12-12 at 18.48.32\" style=\"width: 154px; height: 154px;\" \/> <\/a> <\/div> <\/div> <div class=\"gallery-group\" style=\"width: 158px; height: 158px;\" data-original-width=\"158\" data-original-height=\"158\" > <div class=\"tiled-gallery-item \" itemprop=\"associatedMedia\" itemscope itemtype=\"http:\/\/schema.org\/ImageObject\"> <a href=\"https:\/\/www.alqueria.es\/blogs\/alqueriasegundociclo\/2025\/12\/14\/trabajamos-conjuntamente\/whatsapp-image-2025-12-12-at-18-48-31-1\/\" border=\"0\" itemprop=\"url\"> <meta itemprop=\"width\" content=\"154\"> <meta itemprop=\"height\" content=\"154\"> <img decoding=\"async\" class=\"\" data-attachment-id=\"33673\" data-orig-file=\"https:\/\/cloud.alqueria.es\/wp-content\/uploads\/sites\/7\/2025\/12\/WhatsApp-Image-2025-12-12-at-18.48.31-1.jpeg\" data-orig-size=\"2040,1148\" data-comments-opened=\"1\" data-image-meta=\"{&quot;aperture&quot;:&quot;0&quot;,&quot;credit&quot;:&quot;&quot;,&quot;camera&quot;:&quot;&quot;,&quot;caption&quot;:&quot;&quot;,&quot;created_timestamp&quot;:&quot;0&quot;,&quot;copyright&quot;:&quot;&quot;,&quot;focal_length&quot;:&quot;0&quot;,&quot;iso&quot;:&quot;0&quot;,&quot;shutter_speed&quot;:&quot;0&quot;,&quot;title&quot;:&quot;&quot;,&quot;orientation&quot;:&quot;0&quot;}\" data-image-title=\"WhatsApp Image 2025-12-12 at 18.48.31 (1)\" data-image-description=\"\" data-medium-file=\"https:\/\/cloud.alqueria.es\/wp-content\/uploads\/sites\/7\/2025\/12\/WhatsApp-Image-2025-12-12-at-18.48.31-1-300x169.jpeg\" data-large-file=\"https:\/\/cloud.alqueria.es\/wp-content\/uploads\/sites\/7\/2025\/12\/WhatsApp-Image-2025-12-12-at-18.48.31-1-1024x576.jpeg\" src=\"https:\/\/i0.wp.com\/cloud.alqueria.es\/wp-content\/uploads\/sites\/7\/2025\/12\/WhatsApp-Image-2025-12-12-at-18.48.31-1.jpeg?w=154&#038;h=154&#038;crop=1&#038;ssl=1\" width=\"154\" height=\"154\" loading=\"lazy\" data-original-width=\"154\" data-original-height=\"154\" itemprop=\"http:\/\/schema.org\/image\" title=\"WhatsApp Image 2025-12-12 at 18.48.31 (1)\" alt=\"WhatsApp Image 2025-12-12 at 18.48.31 (1)\" style=\"width: 154px; height: 154px;\" \/> <\/a> <\/div> <\/div> <\/div> <\/div>\n<p>Preparamos nuestras mesas y nuestros platos y a&#8230;<\/p>\n<\/div>\n<div>\n<div class=\"tiled-gallery type-circle tiled-gallery-unresized\" data-original-width=\"474\" data-carousel-extra='{&quot;blog_id&quot;:7,&quot;permalink&quot;:&quot;https:\\\/\\\/www.alqueria.es\\\/blogs\\\/alqueriasegundociclo\\\/2025\\\/12\\\/14\\\/trabajamos-conjuntamente\\\/&quot;,&quot;likes_blog_id&quot;:64233500}' itemscope itemtype=\"http:\/\/schema.org\/ImageGallery\" > <div class=\"gallery-row\" style=\"width: 474px; height: 474px;\" data-original-width=\"474\" data-original-height=\"474\" > <div class=\"gallery-group\" style=\"width: 474px; height: 474px;\" data-original-width=\"474\" data-original-height=\"474\" > <div class=\"tiled-gallery-item \" itemprop=\"associatedMedia\" itemscope itemtype=\"http:\/\/schema.org\/ImageObject\"> <a href=\"https:\/\/www.alqueria.es\/blogs\/alqueriasegundociclo\/2025\/12\/14\/trabajamos-conjuntamente\/whatsapp-image-2025-12-12-at-18-48-32-2\/\" border=\"0\" itemprop=\"url\"> <meta itemprop=\"width\" content=\"470\"> <meta itemprop=\"height\" content=\"470\"> <img decoding=\"async\" class=\"\" data-attachment-id=\"33676\" data-orig-file=\"https:\/\/cloud.alqueria.es\/wp-content\/uploads\/sites\/7\/2025\/12\/WhatsApp-Image-2025-12-12-at-18.48.32-2.jpeg\" data-orig-size=\"2040,1148\" data-comments-opened=\"1\" data-image-meta=\"{&quot;aperture&quot;:&quot;0&quot;,&quot;credit&quot;:&quot;&quot;,&quot;camera&quot;:&quot;&quot;,&quot;caption&quot;:&quot;&quot;,&quot;created_timestamp&quot;:&quot;0&quot;,&quot;copyright&quot;:&quot;&quot;,&quot;focal_length&quot;:&quot;0&quot;,&quot;iso&quot;:&quot;0&quot;,&quot;shutter_speed&quot;:&quot;0&quot;,&quot;title&quot;:&quot;&quot;,&quot;orientation&quot;:&quot;0&quot;}\" data-image-title=\"WhatsApp Image 2025-12-12 at 18.48.32 (2)\" data-image-description=\"\" data-medium-file=\"https:\/\/cloud.alqueria.es\/wp-content\/uploads\/sites\/7\/2025\/12\/WhatsApp-Image-2025-12-12-at-18.48.32-2-300x169.jpeg\" data-large-file=\"https:\/\/cloud.alqueria.es\/wp-content\/uploads\/sites\/7\/2025\/12\/WhatsApp-Image-2025-12-12-at-18.48.32-2-1024x576.jpeg\" src=\"https:\/\/i0.wp.com\/cloud.alqueria.es\/wp-content\/uploads\/sites\/7\/2025\/12\/WhatsApp-Image-2025-12-12-at-18.48.32-2.jpeg?w=470&#038;h=470&#038;crop=1&#038;ssl=1\" width=\"470\" height=\"470\" loading=\"lazy\" data-original-width=\"470\" data-original-height=\"470\" itemprop=\"http:\/\/schema.org\/image\" title=\"WhatsApp Image 2025-12-12 at 18.48.32 (2)\" alt=\"WhatsApp Image 2025-12-12 at 18.48.32 (2)\" style=\"width: 470px; height: 470px;\" \/> <\/a> <\/div> <\/div> <\/div> <div class=\"gallery-row\" style=\"width: 474px; height: 158px;\" data-original-width=\"474\" data-original-height=\"158\" > <div class=\"gallery-group\" style=\"width: 158px; height: 158px;\" data-original-width=\"158\" data-original-height=\"158\" > <div class=\"tiled-gallery-item \" itemprop=\"associatedMedia\" itemscope itemtype=\"http:\/\/schema.org\/ImageObject\"> <a href=\"https:\/\/www.alqueria.es\/blogs\/alqueriasegundociclo\/2025\/12\/14\/trabajamos-conjuntamente\/whatsapp-image-2025-12-12-at-18-48-32-3\/\" border=\"0\" itemprop=\"url\"> <meta itemprop=\"width\" content=\"154\"> <meta itemprop=\"height\" content=\"154\"> <img decoding=\"async\" class=\"\" data-attachment-id=\"33677\" data-orig-file=\"https:\/\/cloud.alqueria.es\/wp-content\/uploads\/sites\/7\/2025\/12\/WhatsApp-Image-2025-12-12-at-18.48.32-3.jpeg\" data-orig-size=\"2040,1148\" data-comments-opened=\"1\" data-image-meta=\"{&quot;aperture&quot;:&quot;0&quot;,&quot;credit&quot;:&quot;&quot;,&quot;camera&quot;:&quot;&quot;,&quot;caption&quot;:&quot;&quot;,&quot;created_timestamp&quot;:&quot;0&quot;,&quot;copyright&quot;:&quot;&quot;,&quot;focal_length&quot;:&quot;0&quot;,&quot;iso&quot;:&quot;0&quot;,&quot;shutter_speed&quot;:&quot;0&quot;,&quot;title&quot;:&quot;&quot;,&quot;orientation&quot;:&quot;0&quot;}\" data-image-title=\"WhatsApp Image 2025-12-12 at 18.48.32 (3)\" data-image-description=\"\" data-medium-file=\"https:\/\/cloud.alqueria.es\/wp-content\/uploads\/sites\/7\/2025\/12\/WhatsApp-Image-2025-12-12-at-18.48.32-3-300x169.jpeg\" data-large-file=\"https:\/\/cloud.alqueria.es\/wp-content\/uploads\/sites\/7\/2025\/12\/WhatsApp-Image-2025-12-12-at-18.48.32-3-1024x576.jpeg\" src=\"https:\/\/i0.wp.com\/cloud.alqueria.es\/wp-content\/uploads\/sites\/7\/2025\/12\/WhatsApp-Image-2025-12-12-at-18.48.32-3.jpeg?w=154&#038;h=154&#038;crop=1&#038;ssl=1\" width=\"154\" height=\"154\" loading=\"lazy\" data-original-width=\"154\" data-original-height=\"154\" itemprop=\"http:\/\/schema.org\/image\" title=\"WhatsApp Image 2025-12-12 at 18.48.32 (3)\" alt=\"WhatsApp Image 2025-12-12 at 18.48.32 (3)\" style=\"width: 154px; height: 154px;\" \/> <\/a> <\/div> <\/div> <div class=\"gallery-group\" style=\"width: 158px; height: 158px;\" data-original-width=\"158\" data-original-height=\"158\" > <div class=\"tiled-gallery-item \" itemprop=\"associatedMedia\" itemscope itemtype=\"http:\/\/schema.org\/ImageObject\"> <a href=\"https:\/\/www.alqueria.es\/blogs\/alqueriasegundociclo\/2025\/12\/14\/trabajamos-conjuntamente\/whatsapp-image-2025-12-12-at-18-48-32-4\/\" border=\"0\" itemprop=\"url\"> <meta itemprop=\"width\" content=\"154\"> <meta itemprop=\"height\" content=\"154\"> <img decoding=\"async\" class=\"\" data-attachment-id=\"33678\" data-orig-file=\"https:\/\/cloud.alqueria.es\/wp-content\/uploads\/sites\/7\/2025\/12\/WhatsApp-Image-2025-12-12-at-18.48.32-4.jpeg\" data-orig-size=\"2040,1148\" data-comments-opened=\"1\" data-image-meta=\"{&quot;aperture&quot;:&quot;0&quot;,&quot;credit&quot;:&quot;&quot;,&quot;camera&quot;:&quot;&quot;,&quot;caption&quot;:&quot;&quot;,&quot;created_timestamp&quot;:&quot;0&quot;,&quot;copyright&quot;:&quot;&quot;,&quot;focal_length&quot;:&quot;0&quot;,&quot;iso&quot;:&quot;0&quot;,&quot;shutter_speed&quot;:&quot;0&quot;,&quot;title&quot;:&quot;&quot;,&quot;orientation&quot;:&quot;0&quot;}\" data-image-title=\"WhatsApp Image 2025-12-12 at 18.48.32 (4)\" data-image-description=\"\" data-medium-file=\"https:\/\/cloud.alqueria.es\/wp-content\/uploads\/sites\/7\/2025\/12\/WhatsApp-Image-2025-12-12-at-18.48.32-4-300x169.jpeg\" data-large-file=\"https:\/\/cloud.alqueria.es\/wp-content\/uploads\/sites\/7\/2025\/12\/WhatsApp-Image-2025-12-12-at-18.48.32-4-1024x576.jpeg\" src=\"https:\/\/i0.wp.com\/cloud.alqueria.es\/wp-content\/uploads\/sites\/7\/2025\/12\/WhatsApp-Image-2025-12-12-at-18.48.32-4.jpeg?w=154&#038;h=154&#038;crop=1&#038;ssl=1\" width=\"154\" height=\"154\" loading=\"lazy\" data-original-width=\"154\" data-original-height=\"154\" itemprop=\"http:\/\/schema.org\/image\" title=\"WhatsApp Image 2025-12-12 at 18.48.32 (4)\" alt=\"WhatsApp Image 2025-12-12 at 18.48.32 (4)\" style=\"width: 154px; height: 154px;\" \/> <\/a> <\/div> <\/div> <div class=\"gallery-group\" style=\"width: 158px; height: 158px;\" data-original-width=\"158\" data-original-height=\"158\" > <div class=\"tiled-gallery-item \" itemprop=\"associatedMedia\" itemscope itemtype=\"http:\/\/schema.org\/ImageObject\"> <a href=\"https:\/\/www.alqueria.es\/blogs\/alqueriasegundociclo\/2025\/12\/14\/trabajamos-conjuntamente\/whatsapp-image-2025-12-12-at-18-43-32\/\" border=\"0\" itemprop=\"url\"> <meta itemprop=\"width\" content=\"154\"> <meta itemprop=\"height\" content=\"154\"> <img decoding=\"async\" class=\"\" data-attachment-id=\"33672\" data-orig-file=\"https:\/\/cloud.alqueria.es\/wp-content\/uploads\/sites\/7\/2025\/12\/WhatsApp-Image-2025-12-12-at-18.43.32.jpeg\" data-orig-size=\"1536,2040\" data-comments-opened=\"1\" data-image-meta=\"{&quot;aperture&quot;:&quot;0&quot;,&quot;credit&quot;:&quot;&quot;,&quot;camera&quot;:&quot;&quot;,&quot;caption&quot;:&quot;&quot;,&quot;created_timestamp&quot;:&quot;0&quot;,&quot;copyright&quot;:&quot;&quot;,&quot;focal_length&quot;:&quot;0&quot;,&quot;iso&quot;:&quot;0&quot;,&quot;shutter_speed&quot;:&quot;0&quot;,&quot;title&quot;:&quot;&quot;,&quot;orientation&quot;:&quot;0&quot;}\" data-image-title=\"WhatsApp Image 2025-12-12 at 18.43.32\" data-image-description=\"\" data-medium-file=\"https:\/\/cloud.alqueria.es\/wp-content\/uploads\/sites\/7\/2025\/12\/WhatsApp-Image-2025-12-12-at-18.43.32-226x300.jpeg\" data-large-file=\"https:\/\/cloud.alqueria.es\/wp-content\/uploads\/sites\/7\/2025\/12\/WhatsApp-Image-2025-12-12-at-18.43.32-771x1024.jpeg\" src=\"https:\/\/i0.wp.com\/cloud.alqueria.es\/wp-content\/uploads\/sites\/7\/2025\/12\/WhatsApp-Image-2025-12-12-at-18.43.32.jpeg?w=154&#038;h=154&#038;crop=1&#038;ssl=1\" width=\"154\" height=\"154\" loading=\"lazy\" data-original-width=\"154\" data-original-height=\"154\" itemprop=\"http:\/\/schema.org\/image\" title=\"WhatsApp Image 2025-12-12 at 18.43.32\" alt=\"WhatsApp Image 2025-12-12 at 18.43.32\" style=\"width: 154px; height: 154px;\" \/> <\/a> <\/div> <\/div> <\/div> <\/div>\n<h2 style=\"text-align: center\"><span style=\"color: #0000ff\">El infoca<\/span><\/h2>\n<p><img decoding=\"async\" data-attachment-id=\"33642\" data-permalink=\"https:\/\/www.alqueria.es\/blogs\/alqueriasegundociclo\/2025\/12\/14\/explorando-animales-cuidando-el-bosque-y-viviendo-la-navidad\/whatsapp-image-2025-12-14-at-13-14-02-1\/\" data-orig-file=\"https:\/\/cloud.alqueria.es\/wp-content\/uploads\/sites\/7\/2025\/12\/WhatsApp-Image-2025-12-14-at-13.14.02-1.jpeg\" data-orig-size=\"2048,1536\" data-comments-opened=\"1\" data-image-meta=\"{&quot;aperture&quot;:&quot;0&quot;,&quot;credit&quot;:&quot;&quot;,&quot;camera&quot;:&quot;&quot;,&quot;caption&quot;:&quot;&quot;,&quot;created_timestamp&quot;:&quot;0&quot;,&quot;copyright&quot;:&quot;&quot;,&quot;focal_length&quot;:&quot;0&quot;,&quot;iso&quot;:&quot;0&quot;,&quot;shutter_speed&quot;:&quot;0&quot;,&quot;title&quot;:&quot;&quot;,&quot;orientation&quot;:&quot;0&quot;}\" data-image-title=\"WhatsApp Image 2025-12-14 at 13.14.02 (1)\" data-image-description=\"\" data-image-caption=\"\" data-large-file=\"https:\/\/cloud.alqueria.es\/wp-content\/uploads\/sites\/7\/2025\/12\/WhatsApp-Image-2025-12-14-at-13.14.02-1-1024x768.jpeg\" class=\"aligncenter size-full wp-image-33642\" src=\"https:\/\/cloud.alqueria.es\/wp-content\/uploads\/sites\/7\/2025\/12\/WhatsApp-Image-2025-12-14-at-13.14.02-1.jpeg\" alt=\"\" width=\"2048\" height=\"1536\" srcset=\"https:\/\/cloud.alqueria.es\/wp-content\/uploads\/sites\/7\/2025\/12\/WhatsApp-Image-2025-12-14-at-13.14.02-1.jpeg 2048w, https:\/\/cloud.alqueria.es\/wp-content\/uploads\/sites\/7\/2025\/12\/WhatsApp-Image-2025-12-14-at-13.14.02-1-300x225.jpeg 300w, https:\/\/cloud.alqueria.es\/wp-content\/uploads\/sites\/7\/2025\/12\/WhatsApp-Image-2025-12-14-at-13.14.02-1-1024x768.jpeg 1024w, https:\/\/cloud.alqueria.es\/wp-content\/uploads\/sites\/7\/2025\/12\/WhatsApp-Image-2025-12-14-at-13.14.02-1-768x576.jpeg 768w, https:\/\/cloud.alqueria.es\/wp-content\/uploads\/sites\/7\/2025\/12\/WhatsApp-Image-2025-12-14-at-13.14.02-1-1536x1152.jpeg 1536w\" sizes=\"(max-width: 2048px) 100vw, 2048px\" \/><\/p>\n<\/div>\n<\/div>\n<\/div>\n<p>El mi\u00e9rcoles nos visitaron unidades del INFOCA en donde nos explicaron sobre la<\/p>\n<p><img decoding=\"async\" data-attachment-id=\"33671\" data-permalink=\"https:\/\/www.alqueria.es\/blogs\/alqueriasegundociclo\/2025\/12\/14\/trabajamos-conjuntamente\/whatsapp-image-2025-12-12-at-18-43-08\/\" data-orig-file=\"https:\/\/cloud.alqueria.es\/wp-content\/uploads\/sites\/7\/2025\/12\/WhatsApp-Image-2025-12-12-at-18.43.08.jpeg\" data-orig-size=\"2040,1536\" data-comments-opened=\"1\" data-image-meta=\"{&quot;aperture&quot;:&quot;0&quot;,&quot;credit&quot;:&quot;&quot;,&quot;camera&quot;:&quot;&quot;,&quot;caption&quot;:&quot;&quot;,&quot;created_timestamp&quot;:&quot;0&quot;,&quot;copyright&quot;:&quot;&quot;,&quot;focal_length&quot;:&quot;0&quot;,&quot;iso&quot;:&quot;0&quot;,&quot;shutter_speed&quot;:&quot;0&quot;,&quot;title&quot;:&quot;&quot;,&quot;orientation&quot;:&quot;0&quot;}\" data-image-title=\"WhatsApp Image 2025-12-12 at 18.43.08\" data-image-description=\"\" data-image-caption=\"\" data-large-file=\"https:\/\/cloud.alqueria.es\/wp-content\/uploads\/sites\/7\/2025\/12\/WhatsApp-Image-2025-12-12-at-18.43.08-1024x771.jpeg\" class=\"alignleft wp-image-33671 size-medium\" src=\"https:\/\/cloud.alqueria.es\/wp-content\/uploads\/sites\/7\/2025\/12\/WhatsApp-Image-2025-12-12-at-18.43.08-300x226.jpeg\" alt=\"\" width=\"300\" height=\"226\" srcset=\"https:\/\/cloud.alqueria.es\/wp-content\/uploads\/sites\/7\/2025\/12\/WhatsApp-Image-2025-12-12-at-18.43.08-300x226.jpeg 300w, https:\/\/cloud.alqueria.es\/wp-content\/uploads\/sites\/7\/2025\/12\/WhatsApp-Image-2025-12-12-at-18.43.08-1024x771.jpeg 1024w, https:\/\/cloud.alqueria.es\/wp-content\/uploads\/sites\/7\/2025\/12\/WhatsApp-Image-2025-12-12-at-18.43.08-768x578.jpeg 768w, https:\/\/cloud.alqueria.es\/wp-content\/uploads\/sites\/7\/2025\/12\/WhatsApp-Image-2025-12-12-at-18.43.08-1536x1157.jpeg 1536w, https:\/\/cloud.alqueria.es\/wp-content\/uploads\/sites\/7\/2025\/12\/WhatsApp-Image-2025-12-12-at-18.43.08.jpeg 2040w\" sizes=\"(max-width: 300px) 100vw, 300px\" \/><\/p>\n<p>prevenci\u00f3n y extinci\u00f3n de incendios. Se nos ofreci\u00f3 una charla en donde narraron numerosos aspectos, entre ellos los medios materiales y humanos con los que cuentan\u00a0 para sus tareas de Prevenci\u00f3n y Lucha contra los Incendios Forestales. Tras la charla nos mostraron sesiones pr\u00e1cticas con estaciones de aprendizaje para aprender los medios materiales y mec\u00e1nicos que se utilizan en la prevenci\u00f3n y extinci\u00f3n de los incendios.<\/p>\n<p><img decoding=\"async\" data-attachment-id=\"33665\" data-permalink=\"https:\/\/www.alqueria.es\/blogs\/alqueriasegundociclo\/2025\/12\/14\/explorando-animales-cuidando-el-bosque-y-viviendo-la-navidad\/whatsapp-image-2025-12-14-at-13-13-10-1\/\" data-orig-file=\"https:\/\/cloud.alqueria.es\/wp-content\/uploads\/sites\/7\/2025\/12\/WhatsApp-Image-2025-12-14-at-13.13.10-1.jpeg\" data-orig-size=\"1536,2048\" data-comments-opened=\"1\" data-image-meta=\"{&quot;aperture&quot;:&quot;0&quot;,&quot;credit&quot;:&quot;&quot;,&quot;camera&quot;:&quot;&quot;,&quot;caption&quot;:&quot;&quot;,&quot;created_timestamp&quot;:&quot;0&quot;,&quot;copyright&quot;:&quot;&quot;,&quot;focal_length&quot;:&quot;0&quot;,&quot;iso&quot;:&quot;0&quot;,&quot;shutter_speed&quot;:&quot;0&quot;,&quot;title&quot;:&quot;&quot;,&quot;orientation&quot;:&quot;0&quot;}\" data-image-title=\"WhatsApp Image 2025-12-14 at 13.13.10 (1)\" data-image-description=\"\" data-image-caption=\"\" data-large-file=\"https:\/\/cloud.alqueria.es\/wp-content\/uploads\/sites\/7\/2025\/12\/WhatsApp-Image-2025-12-14-at-13.13.10-1-768x1024.jpeg\" class=\"aligncenter wp-image-33665 size-medium\" src=\"https:\/\/cloud.alqueria.es\/wp-content\/uploads\/sites\/7\/2025\/12\/WhatsApp-Image-2025-12-14-at-13.13.10-1-225x300.jpeg\" alt=\"\" width=\"225\" height=\"300\" srcset=\"https:\/\/cloud.alqueria.es\/wp-content\/uploads\/sites\/7\/2025\/12\/WhatsApp-Image-2025-12-14-at-13.13.10-1-225x300.jpeg 225w, https:\/\/cloud.alqueria.es\/wp-content\/uploads\/sites\/7\/2025\/12\/WhatsApp-Image-2025-12-14-at-13.13.10-1-768x1024.jpeg 768w, https:\/\/cloud.alqueria.es\/wp-content\/uploads\/sites\/7\/2025\/12\/WhatsApp-Image-2025-12-14-at-13.13.10-1-1152x1536.jpeg 1152w, https:\/\/cloud.alqueria.es\/wp-content\/uploads\/sites\/7\/2025\/12\/WhatsApp-Image-2025-12-14-at-13.13.10-1.jpeg 1536w\" sizes=\"(max-width: 225px) 100vw, 225px\" \/><\/p>\n<h2 style=\"text-align: center\"><span style=\"color: #0000ff\">Nos preparamos para el final del trimestre<\/span><\/h2>\n<ul>\n<li style=\"list-style-type: none\">\n<ul>\n<li style=\"list-style-type: none\">\n<ul>\n<li style=\"list-style-type: none\">\n<ul>\n<li style=\"list-style-type: none\">\n<ul>\n<li><span style=\"color: #800080\"><em>Mi\u00e9rcoles: realizaremos el taller de reposter\u00eda navide\u00f1a.<\/em><\/span><\/li>\n<li><span style=\"color: #800080\"><em>Jueves: comida especial del alumnado.<\/em><\/span><\/li>\n<li><span style=\"color: #800080\"><em>Viernes: encuentro navide\u00f1o.<\/em><\/span><\/li>\n<\/ul>\n<\/li>\n<\/ul>\n<\/li>\n<\/ul>\n<\/li>\n<\/ul>\n<\/li>\n<\/ul>\n<p><img decoding=\"async\" data-attachment-id=\"33670\" data-permalink=\"https:\/\/www.alqueria.es\/blogs\/alqueriasegundociclo\/2025\/12\/14\/trabajamos-conjuntamente\/whatsapp-image-2025-12-10-at-19-18-51\/\" data-orig-file=\"https:\/\/cloud.alqueria.es\/wp-content\/uploads\/sites\/7\/2025\/12\/WhatsApp-Image-2025-12-10-at-19.18.51.jpeg\" data-orig-size=\"2040,1536\" data-comments-opened=\"1\" data-image-meta=\"{&quot;aperture&quot;:&quot;0&quot;,&quot;credit&quot;:&quot;&quot;,&quot;camera&quot;:&quot;&quot;,&quot;caption&quot;:&quot;&quot;,&quot;created_timestamp&quot;:&quot;0&quot;,&quot;copyright&quot;:&quot;&quot;,&quot;focal_length&quot;:&quot;0&quot;,&quot;iso&quot;:&quot;0&quot;,&quot;shutter_speed&quot;:&quot;0&quot;,&quot;title&quot;:&quot;&quot;,&quot;orientation&quot;:&quot;0&quot;}\" data-image-title=\"WhatsApp Image 2025-12-10 at 19.18.51\" data-image-description=\"\" data-image-caption=\"\" data-large-file=\"https:\/\/cloud.alqueria.es\/wp-content\/uploads\/sites\/7\/2025\/12\/WhatsApp-Image-2025-12-10-at-19.18.51-1024x771.jpeg\" class=\"aligncenter size-full wp-image-33670\" src=\"https:\/\/cloud.alqueria.es\/wp-content\/uploads\/sites\/7\/2025\/12\/WhatsApp-Image-2025-12-10-at-19.18.51.jpeg\" alt=\"\" width=\"2040\" height=\"1536\" srcset=\"https:\/\/cloud.alqueria.es\/wp-content\/uploads\/sites\/7\/2025\/12\/WhatsApp-Image-2025-12-10-at-19.18.51.jpeg 2040w, https:\/\/cloud.alqueria.es\/wp-content\/uploads\/sites\/7\/2025\/12\/WhatsApp-Image-2025-12-10-at-19.18.51-300x226.jpeg 300w, https:\/\/cloud.alqueria.es\/wp-content\/uploads\/sites\/7\/2025\/12\/WhatsApp-Image-2025-12-10-at-19.18.51-1024x771.jpeg 1024w, https:\/\/cloud.alqueria.es\/wp-content\/uploads\/sites\/7\/2025\/12\/WhatsApp-Image-2025-12-10-at-19.18.51-768x578.jpeg 768w, https:\/\/cloud.alqueria.es\/wp-content\/uploads\/sites\/7\/2025\/12\/WhatsApp-Image-2025-12-10-at-19.18.51-1536x1157.jpeg 1536w\" sizes=\"(max-width: 2040px) 100vw, 2040px\" \/><\/p>\n<p>Una bonita imagen oto\u00f1al para el recuerdo.<\/p>\n<p>Un saludo<\/p>\n<p>juanjo<\/p>\n<p>&nbsp;<\/p>\n<p>&nbsp;<\/p>\n","protected":false},"excerpt":{"rendered":"<p>La colaboraci\u00f3n y cooperaci\u00f3n A lo largo del trimestre el grupo de 4\u00ba realiza numerosas actividades de colaboraci\u00f3n entre los miembros del grupo y con componentes de otros grupos. La escuela pretende con el aprendizaje cooperativo desarrollar aprendizajes competenciales del curr\u00edculo a trav\u00e9s de din\u00e1micas de trabajo en grupo e interacci\u00f3n social, con roles claramente &hellip; <a href=\"https:\/\/www.alqueria.es\/blogs\/alqueriasegundociclo\/2025\/12\/14\/trabajamos-conjuntamente\/\" class=\"more-link\">Seguir leyendo <span class=\"screen-reader-text\">Trabajamos conjuntamente<\/span> <span class=\"meta-nav\">&rarr;<\/span><\/a><\/p>\n","protected":false},"author":16,"featured_media":0,"comment_status":"open","ping_status":"open","sticky":false,"template":"","format":"standard","meta":{"jetpack_post_was_ever_published":false,"_jetpack_newsletter_access":"","_jetpack_dont_email_post_to_subs":false,"_jetpack_newsletter_tier_id":0,"_jetpack_memberships_contains_paywalled_content":false,"_jetpack_memberships_contains_paid_content":false,"footnotes":"","jetpack_publicize_message":"","jetpack_publicize_feature_enabled":true,"jetpack_social_post_already_shared":true,"jetpack_social_options":{"image_generator_settings":{"template":"highway","default_image_id":0,"font":"","enabled":false},"version":2}},"categories":[6,60],"tags":[],"class_list":["post-33667","post","type-post","status-publish","format-standard","hentry","category-4o-epo","category-semanario-4o"],"jetpack_publicize_connections":[],"jetpack_featured_media_url":"","jetpack_sharing_enabled":true,"jetpack_shortlink":"https:\/\/wp.me\/p4lw4c-8L1","_links":{"self":[{"href":"https:\/\/www.alqueria.es\/blogs\/alqueriasegundociclo\/wp-json\/wp\/v2\/posts\/33667","targetHints":{"allow":["GET"]}}],"collection":[{"href":"https:\/\/www.alqueria.es\/blogs\/alqueriasegundociclo\/wp-json\/wp\/v2\/posts"}],"about":[{"href":"https:\/\/www.alqueria.es\/blogs\/alqueriasegundociclo\/wp-json\/wp\/v2\/types\/post"}],"author":[{"embeddable":true,"href":"https:\/\/www.alqueria.es\/blogs\/alqueriasegundociclo\/wp-json\/wp\/v2\/users\/16"}],"replies":[{"embeddable":true,"href":"https:\/\/www.alqueria.es\/blogs\/alqueriasegundociclo\/wp-json\/wp\/v2\/comments?post=33667"}],"version-history":[{"count":3,"href":"https:\/\/www.alqueria.es\/blogs\/alqueriasegundociclo\/wp-json\/wp\/v2\/posts\/33667\/revisions"}],"predecessor-version":[{"id":33684,"href":"https:\/\/www.alqueria.es\/blogs\/alqueriasegundociclo\/wp-json\/wp\/v2\/posts\/33667\/revisions\/33684"}],"wp:attachment":[{"href":"https:\/\/www.alqueria.es\/blogs\/alqueriasegundociclo\/wp-json\/wp\/v2\/media?parent=33667"}],"wp:term":[{"taxonomy":"category","embeddable":true,"href":"https:\/\/www.alqueria.es\/blogs\/alqueriasegundociclo\/wp-json\/wp\/v2\/categories?post=33667"},{"taxonomy":"post_tag","embeddable":true,"href":"https:\/\/www.alqueria.es\/blogs\/alqueriasegundociclo\/wp-json\/wp\/v2\/tags?post=33667"}],"curies":[{"name":"wp","href":"https:\/\/api.w.org\/{rel}","templated":true}]}}