{"id":33767,"date":"2026-01-18T13:39:17","date_gmt":"2026-01-18T12:39:17","guid":{"rendered":"https:\/\/www.alqueria.es\/blogs\/alqueriasegundociclo\/?p=33767"},"modified":"2026-01-18T13:39:17","modified_gmt":"2026-01-18T12:39:17","slug":"de-vuelta-con-fuerza-y-grandes-retos-en-3o","status":"publish","type":"post","link":"https:\/\/www.alqueria.es\/blogs\/alqueriasegundociclo\/2026\/01\/18\/de-vuelta-con-fuerza-y-grandes-retos-en-3o\/","title":{"rendered":"De vuelta con fuerza y grandes retos en 3\u00ba"},"content":{"rendered":"<p>Estimadas familias,<\/p>\n<p>Esta entrada va\u00a0 a ser un resumen de lo que estamos haciendo y un anticipo de lo que vamos a realizar pr\u00f3ximamente.<\/p>\n<p>Como sab\u00e9is, desde el primer trimestre estamos trabajando emprendimiento en el aula (en el guion de la carpeta del primer trimestre os di informaci\u00f3n detallada). Pues bien, desde la vuelta de vacaciones\u00a0 comenzamos a trabajar en nuestro <strong>PROYECTO DE EMPRENDIMIENTO<\/strong>\u00a0,\u00a0<em><strong>vinculado a nuestra participaci\u00f3n en\u00a0 la Liga MBA League<\/strong><\/em><strong>. <\/strong>A trav\u00e9s de este proyecto de emprendimiento, del que recibisteis informaci\u00f3n m\u00e1s detallada v\u00eda mail, trabajamos en el\u00a0<em><strong>fomento de la creatividad, el trabajo en equipo y el desarrollo de habilidades clave para el futuro en una sociedad cambiante, din\u00e1mica y estimulante.<\/strong>\u00a0<strong>Con ello promovemos la b\u00fasqueda de\u00a0 ideas innovadoras, as\u00ed como trabajar juntos para convertirlas en soluciones concretas, promoviendo valores como el esfuerzo, la colaboraci\u00f3n y la responsabilidad.<\/strong><\/em><\/p>\n<h5><span style=\"color: #0000ff\">Beneficios del Emprendimiento Infantil<\/span><\/h5>\n<p>Introducir a los ni\u00f1os en el mundo del emprendimiento puede tener m\u00faltiples beneficios. En primer lugar, les ayuda a desarrollar una<span style=\"color: #0000ff\">\u00a0<b>mentalidad proactiva<\/b><\/span> y a comprender la importancia de la planificaci\u00f3n y la organizaci\u00f3n. Adem\u00e1s, fomenta la confianza en s\u00ed mismos al permitirles ver el impacto directo de sus ideas y esfuerzos. Al enfrentarse a desaf\u00edos , aprenden a ser resilientes y a perseverar frente a las dificultades.<\/p>\n<p>El emprendimiento tambi\u00e9n ense\u00f1a a los ni\u00f1os la<strong>\u00a0<span style=\"color: #0000ff\">importancia del trabajo en equipo\u00a0y la colaboraci\u00f3n<\/span><\/strong>. Al trabajar en proyectos grupales, aprenden a comunicar sus ideas de manera efectiva y a valorar las opiniones de los dem\u00e1s. Esto desarrolla habilidades sociales y de liderazgo que ser\u00e1n valiosas en su futuro.<\/p>\n<h5><span style=\"color: #0000ff\">Desarrollo de Habilidades de Comunicaci\u00f3n<\/span><\/h5>\n<p>Al presentar sus ideas, trabajar en equipo e interactuar con compa\u00f1eros , adultos, expertos&#8230; aprenden a expresar sus pensamientos de manera clara y efectiva. Estas interacciones no solo mejoran sus habilidades comunicativas, sino que tambi\u00e9n fortalecen su capacidad de escucha activa (objetivo que coment\u00e9 para seguir trabajando este trimestre), competencia b\u00e1sica\u00a0 en cualquier entorno, ya sea social o acad\u00e9mico.<\/p>\n<h5><span id=\"Fomento_del_Pensamiento_Critico_y_la_Toma_de_Decisiones\" class=\"ez-toc-section\"><\/span><span style=\"color: #0000ff\">Fomento del Pensamiento Cr\u00edtico y la Toma de Decisiones<\/span><\/h5>\n<p>En un proyecto de emprendimiento se hace indispensable\u00a0 el <b><span style=\"color: #0000ff\">pensamiento cr\u00edtico<\/span>, <\/b>pues han de evaluar situaciones y tomar decisiones, para lo que requieren planificaci\u00f3n y ejecuci\u00f3n, aprendiendo a considerar diferentes perspectivas y a analizar los pros y los contras antes de llegar a una decisi\u00f3n. Esto es fundamental para enfrentar desaf\u00edos futuros con confianza y eficacia.<\/p>\n<h5><span style=\"color: #0000ff\">Fomento de la Confianza y la Autonom\u00eda<\/span><\/h5>\n<p>En el desarrollo del proyecto tienen que enfrentarse a desaf\u00edos y encontrar soluciones, por lo que aprenden a confiar en sus capacidades y a tomar decisiones de manera independiente y grupal, con las consecuencias que ello conlleve a todos los niveles, por lo que ayuda a ver los errores como oportunidades para aprender y mejorar.<\/p>\n<p><main id=\"root\"><\/p>\n<div class=\"border-subtlest ring-subtlest divide-subtlest bg-base\">\n<div class=\"isolate flex h-dvh\">\n<div class=\"flex size-full flex-1 duration-normal ease-in-out\">\n<div class=\"erp-tab:p-0 erp-tab:gap-0 isolate flex h-auto max-h-screen min-w-0 grow flex-col\">\n<div class=\"@container\/main relative isolate min-h-0 flex-1 overflow-clip bg-clip-border border-subtlest ring-subtlest divide-subtlest bg-base\">\n<div class=\"mx-auto flex w-full flex-col h-full\">\n<div class=\"scrollable-container flex flex-1 basis-0 overflow-auto [scrollbar-gutter:stable] scrollbar-subtle\">\n<div class=\"mx-auto size-full max-w-none\">\n<div class=\"erp-sidecar:h-fit erp-sidecar:pb-0 mx-auto h-full\">\n<div class=\"relative border-subtlest ring-subtlest divide-subtlest bg-base\">\n<div class=\"erp-sidecar:min-h-[var(--sidecar-content-height)] erp-mobile-sidecar:min-h-[var(--mobile-sidecar-content-height)] min-h-[var(--page-content-height)]\">\n<div class=\"pt-[var(--thread-visual-spacing)] md:pt-lg pb-[var(--thread-visual-spacing)] px-[var(--thread-visual-spacing)] border-subtlest ring-subtlest divide-subtlest bg-transparent\">\n<div class=\"isolate mx-auto flex flex-col max-w-threadContentWidth\">\n<div id=\"radix-:r3e:-content-default\" class=\"focus:outline-none\" role=\"tabpanel\" data-state=\"active\" data-orientation=\"horizontal\" aria-labelledby=\"radix-:r3e:-trigger-default\">\n<div class=\"flex flex-col gap-y-lg\">\n<div class=\"gap-y-lg flex flex-col\">\n<div class=\"grid w-full min-w-0 grid-cols-[minmax(0,1fr)]\" dir=\"ltr\" data-orientation=\"horizontal\">\n<div class=\"col-start-1 row-start-2\">\n<div id=\"radix-:r68:-content-thread\" class=\"focus:outline-none\" role=\"tabpanel\" data-state=\"active\" data-orientation=\"horizontal\" aria-labelledby=\"radix-:r68:-trigger-thread\">\n<div class=\"border-subtlest ring-subtlest divide-subtlest bg-transparent\">\n<div class=\"gap-y-md flex flex-col\">\n<div class=\"relative font-sans text-base text-foreground selection:bg-super\/50 selection:text-foreground dark:selection:bg-super\/10 dark:selection:text-super\">\n<div class=\"min-w-0 break-words [word-break:break-word]\">\n<div id=\"markdown-content-1\" class=\"gap-y-md after:clear-both after:block after:content-['']\" dir=\"auto\">\n<div class=\"my-2 first:mt-0 [&amp;:has([data-inline-type=image])+&amp;:has([data-inline-type=image])_[data-inline-type=image]]:hidden [&amp;:has(table)_[data-inline-type=image]]:hidden\">\n<div class=\"relative\">\n<div class=\"prose dark:prose-invert inline leading-relaxed break-words min-w-0 [word-break:break-word] prose-strong:font-medium [&amp;_&gt;*:first-child]:mt-0\">\n<h5 class=\"my-2 [&amp;+p]:mt-4 [&amp;_strong:has(+br)]:inline-block [&amp;_strong:has(+br)]:pb-2\"><span style=\"color: #ff6600\">MITOLOG\u00cdA GRIEGRA<\/span><\/h5>\n<p class=\"my-2 [&amp;+p]:mt-4 [&amp;_strong:has(+br)]:inline-block [&amp;_strong:has(+br)]:pb-2\">Se ha realizado la primera conferencia sobre <strong>seres<\/strong> mitol\u00f3gicos en clase de mano de Antonio, que nos ha presentado a su personaje <span style=\"color: #ff6600\"><strong>La Hidra de Lerna<\/strong><\/span>, una criatura\u00a0de la mitolog\u00eda griega con forma de gran serpiente de agua y muchas cabezas, que viv\u00eda en los pantanos de Lerna y ten\u00eda un aliento muy venenoso.<\/p>\n<p class=\"my-2 [&amp;+p]:mt-4 [&amp;_strong:has(+br)]:inline-block [&amp;_strong:has(+br)]:pb-2\"><span class=\"inline-flex\" aria-label=\"Hidra de Lerna - Wikipedia, la enciclopedia libre\" data-state=\"closed\">\u200b<\/span><\/p>\n<p class=\"jetpack-slideshow-noscript robots-nocontent\">El pase de diapositivas requiere JavaScript.<\/p><div id=\"gallery-33767-1-slideshow\" class=\"jetpack-slideshow-window jetpack-slideshow jetpack-slideshow-black\" data-trans=\"fade\" data-autostart=\"1\" data-gallery=\"[{&quot;src&quot;:&quot;https:\\\/\\\/cloud.alqueria.es\\\/wp-content\\\/uploads\\\/sites\\\/7\\\/2026\\\/01\\\/1.jpg&quot;,&quot;id&quot;:&quot;33781&quot;,&quot;title&quot;:&quot;1&quot;,&quot;alt&quot;:&quot;&quot;,&quot;caption&quot;:&quot;&quot;,&quot;itemprop&quot;:&quot;image&quot;},{&quot;src&quot;:&quot;https:\\\/\\\/cloud.alqueria.es\\\/wp-content\\\/uploads\\\/sites\\\/7\\\/2026\\\/01\\\/2.jpg&quot;,&quot;id&quot;:&quot;33782&quot;,&quot;title&quot;:&quot;2&quot;,&quot;alt&quot;:&quot;&quot;,&quot;caption&quot;:&quot;&quot;,&quot;itemprop&quot;:&quot;image&quot;},{&quot;src&quot;:&quot;https:\\\/\\\/cloud.alqueria.es\\\/wp-content\\\/uploads\\\/sites\\\/7\\\/2026\\\/01\\\/3.jpg&quot;,&quot;id&quot;:&quot;33783&quot;,&quot;title&quot;:&quot;3&quot;,&quot;alt&quot;:&quot;&quot;,&quot;caption&quot;:&quot;&quot;,&quot;itemprop&quot;:&quot;image&quot;},{&quot;src&quot;:&quot;https:\\\/\\\/cloud.alqueria.es\\\/wp-content\\\/uploads\\\/sites\\\/7\\\/2026\\\/01\\\/4.jpg&quot;,&quot;id&quot;:&quot;33784&quot;,&quot;title&quot;:&quot;4&quot;,&quot;alt&quot;:&quot;&quot;,&quot;caption&quot;:&quot;&quot;,&quot;itemprop&quot;:&quot;image&quot;},{&quot;src&quot;:&quot;https:\\\/\\\/cloud.alqueria.es\\\/wp-content\\\/uploads\\\/sites\\\/7\\\/2026\\\/01\\\/5.jpg&quot;,&quot;id&quot;:&quot;33785&quot;,&quot;title&quot;:&quot;5&quot;,&quot;alt&quot;:&quot;&quot;,&quot;caption&quot;:&quot;&quot;,&quot;itemprop&quot;:&quot;image&quot;},{&quot;src&quot;:&quot;https:\\\/\\\/cloud.alqueria.es\\\/wp-content\\\/uploads\\\/sites\\\/7\\\/2026\\\/01\\\/6.jpg&quot;,&quot;id&quot;:&quot;33786&quot;,&quot;title&quot;:&quot;6&quot;,&quot;alt&quot;:&quot;&quot;,&quot;caption&quot;:&quot;&quot;,&quot;itemprop&quot;:&quot;image&quot;}]\" itemscope itemtype=\"https:\/\/schema.org\/ImageGallery\"><\/div>\n<p class=\"my-2 [&amp;+p]:mt-4 [&amp;_strong:has(+br)]:inline-block [&amp;_strong:has(+br)]:pb-2\">Cuenta el mito que, cuando se le cortaba una cabeza, le volv\u00edan a crecer dos m\u00e1s, por eso fue un enemigo muy dif\u00edcil para Heracles, que tuvo que usar la inteligencia adem\u00e1s de la ayuda de su sobrino Yolao para derrotarla.<\/p>\n<p class=\"my-2 [&amp;+p]:mt-4 [&amp;_strong:has(+br)]:inline-block [&amp;_strong:has(+br)]:pb-2\"><span class=\"inline-flex\" aria-label=\"ALHAMBRA - Callej\u00f3n Ni\u00f1o del Royo\" data-state=\"closed\">\u200bD<\/span>espu\u00e9s de la exposici\u00f3n, cada uno empez\u00f3 a escribir el texto adaptado en borrador. Para hacerlo, hemos seguido la estructura que nos ofreci\u00f3 Antonio y era recomendable utilizar algunas de las palabras que \u00e9l emple\u00f3 en su presentaci\u00f3n, de manera que el contenido quedara ordenado y se pareciera a un texto narrativo que formar\u00e1 parte de su libro. <span class=\"inline-flex\" aria-label=\"ALHAMBRA - Callej\u00f3n Ni\u00f1o del Royo\" data-state=\"closed\">\u200b<\/span><\/p>\n<p class=\"my-2 [&amp;+p]:mt-4 [&amp;_strong:has(+br)]:inline-block [&amp;_strong:has(+br)]:pb-2\">Para organizar mejor las ideas,\u00a0 hemos usado la informaci\u00f3n de cada diapositiva en un p\u00e1rrafo, lo que nos ha ayudado a separar bien las partes de la historia\u00a0 y a no mezclar informaci\u00f3n. Una vez revisados los borradores, se ha procedido a pasado a limpio, cuidando la presentaci\u00f3n y la ortograf\u00eda.<span class=\"inline-flex\" aria-label=\"ALHAMBRA - Callej\u00f3n Ni\u00f1o del Royo\" data-state=\"closed\">\u200b<\/span><\/p>\n<p class=\"my-2 [&amp;+p]:mt-4 [&amp;_strong:has(+br)]:inline-block [&amp;_strong:has(+br)]:pb-2\">Por \u00faltimo, algunos han hecho una ilustraci\u00f3n para acompa\u00f1ar su texto, representando a Hidra de Lerna o alguna escena importante de la exposici\u00f3n.<\/p>\n<p class=\"my-2 [&amp;+p]:mt-4 [&amp;_strong:has(+br)]:inline-block [&amp;_strong:has(+br)]:pb-2\"><span class=\"inline-flex\" aria-label=\"ALHAMBRA - Callej\u00f3n Ni\u00f1o del Royo\" data-state=\"closed\"><span style=\"color: #008000\"><strong>CIENCIAS<\/strong> <\/span>\u200b<\/span><\/p>\n<p class=\"my-2 [&amp;+p]:mt-4 [&amp;_strong:has(+br)]:inline-block [&amp;_strong:has(+br)]:pb-2\"><span class=\"inline-flex\" aria-label=\"ALHAMBRA - Callej\u00f3n Ni\u00f1o del Royo\" data-state=\"closed\">Luc\u00eda ha \u00abinaugurado\u00bb en clase un nuevo tema de ciencias con una conferencia sobre el <strong>universo<\/strong> que ha destacado tanto por la riqueza de su contenido como por su forma de presentarlo: din\u00e1mica, clara y bien estructurada, manteniendo la atenci\u00f3n de todos sus compa\u00f1eros.\u00a0<\/span><\/p>\n<p><img decoding=\"async\" data-attachment-id=\"33777\" data-permalink=\"https:\/\/www.alqueria.es\/blogs\/alqueriasegundociclo\/2026\/01\/18\/de-vuelta-con-fuerza-y-grandes-retos-en-3o\/whatsapp-image-2026-01-18-at-13-04-38-1\/\" data-orig-file=\"https:\/\/cloud.alqueria.es\/wp-content\/uploads\/sites\/7\/2026\/01\/WhatsApp-Image-2026-01-18-at-13.04.38-1.jpeg\" data-orig-size=\"1152,2048\" data-comments-opened=\"1\" data-image-meta=\"{&quot;aperture&quot;:&quot;0&quot;,&quot;credit&quot;:&quot;&quot;,&quot;camera&quot;:&quot;&quot;,&quot;caption&quot;:&quot;&quot;,&quot;created_timestamp&quot;:&quot;0&quot;,&quot;copyright&quot;:&quot;&quot;,&quot;focal_length&quot;:&quot;0&quot;,&quot;iso&quot;:&quot;0&quot;,&quot;shutter_speed&quot;:&quot;0&quot;,&quot;title&quot;:&quot;&quot;,&quot;orientation&quot;:&quot;0&quot;}\" data-image-title=\"WhatsApp Image 2026-01-18 at 13.04.38 (1)\" data-image-description=\"\" data-image-caption=\"\" data-large-file=\"https:\/\/cloud.alqueria.es\/wp-content\/uploads\/sites\/7\/2026\/01\/WhatsApp-Image-2026-01-18-at-13.04.38-1-576x1024.jpeg\" class=\"aligncenter  wp-image-33777\" src=\"https:\/\/cloud.alqueria.es\/wp-content\/uploads\/sites\/7\/2026\/01\/WhatsApp-Image-2026-01-18-at-13.04.38-1.jpeg\" alt=\"\" width=\"363\" height=\"645\" srcset=\"https:\/\/cloud.alqueria.es\/wp-content\/uploads\/sites\/7\/2026\/01\/WhatsApp-Image-2026-01-18-at-13.04.38-1.jpeg 1152w, https:\/\/cloud.alqueria.es\/wp-content\/uploads\/sites\/7\/2026\/01\/WhatsApp-Image-2026-01-18-at-13.04.38-1-169x300.jpeg 169w, https:\/\/cloud.alqueria.es\/wp-content\/uploads\/sites\/7\/2026\/01\/WhatsApp-Image-2026-01-18-at-13.04.38-1-576x1024.jpeg 576w, https:\/\/cloud.alqueria.es\/wp-content\/uploads\/sites\/7\/2026\/01\/WhatsApp-Image-2026-01-18-at-13.04.38-1-768x1365.jpeg 768w, https:\/\/cloud.alqueria.es\/wp-content\/uploads\/sites\/7\/2026\/01\/WhatsApp-Image-2026-01-18-at-13.04.38-1-864x1536.jpeg 864w\" sizes=\"(max-width: 363px) 100vw, 363px\" \/><\/p>\n<p class=\"my-2 [&amp;+p]:mt-4 [&amp;_strong:has(+br)]:inline-block [&amp;_strong:has(+br)]:pb-2\"><span class=\"inline-flex\" aria-label=\"ALHAMBRA - Callej\u00f3n Ni\u00f1o del Royo\" data-state=\"closed\">Este nuevo tema se ha solapado con el final del proyecto de los animales, en el que los grupos hab\u00edan investigado por categor\u00edas (mam\u00edferos, aves, reptiles, anfibios y peces) y, como \u00abproducto final\u00bb de esa investigaci\u00f3n, cada equipo ha grabado su propio audio para montar un v\u00eddeo con im\u00e1genes que se proyectar\u00e1 en clase y se subir\u00e1 a Classroom la pr\u00f3xima semana. Adem\u00e1s, hemos trabajado un cuadernillo de actividades sobre los animales y, en los pr\u00f3ximos d\u00edas, realizaremos alguna prueba escrita con la \u00fanica finalidad de ir acostumbr\u00e1ndonos poco a poco a este tipo de ejercicios, para que el alumnado los viva como algo normal y sin carga negativa, entendiendo el examen simplemente como una oportunidad puntual para mostrar todo lo que ha aprendido sobre el tema.<\/span><\/p>\n<p><span style=\"color: #ff00ff\"><strong>BIBLIOTECA Y LECTURA<\/strong><\/span><\/p>\n<p><span style=\"color: #ff00ff\">\u00a1Retomamos nuestras visitas semanales a la biblioteca!<\/span><\/p>\n<p>A partir de esta semana hemos vuelto a disfrutar del pr\u00e9stamo y devoluci\u00f3n de libros, adem\u00e1s de momentos de lectura en un entorno tranquilo y acogedor, que nos ayuda a adentrarnos en nuevas historias y compartir el gusto por la lectura.<\/p>\n<div class=\"tiled-gallery type-square tiled-gallery-unresized\" data-original-width=\"474\" data-carousel-extra='{&quot;blog_id&quot;:7,&quot;permalink&quot;:&quot;https:\\\/\\\/www.alqueria.es\\\/blogs\\\/alqueriasegundociclo\\\/2026\\\/01\\\/18\\\/de-vuelta-con-fuerza-y-grandes-retos-en-3o\\\/&quot;,&quot;likes_blog_id&quot;:64233500}' itemscope itemtype=\"http:\/\/schema.org\/ImageGallery\" > <div class=\"gallery-row\" style=\"width: 474px; height: 237px;\" data-original-width=\"474\" data-original-height=\"237\" > <div class=\"gallery-group\" style=\"width: 237px; height: 237px;\" data-original-width=\"237\" data-original-height=\"237\" > <div class=\"tiled-gallery-item \" itemprop=\"associatedMedia\" itemscope itemtype=\"http:\/\/schema.org\/ImageObject\"> <meta itemprop=\"width\" content=\"233\"> <meta itemprop=\"height\" content=\"233\"> <img decoding=\"async\" class=\"\" data-attachment-id=\"33787\" data-orig-file=\"https:\/\/cloud.alqueria.es\/wp-content\/uploads\/sites\/7\/2026\/01\/WhatsApp-Image-2026-01-18-at-13.06.51-1.jpeg\" data-orig-size=\"2048,1152\" data-comments-opened=\"1\" data-image-meta=\"{&quot;aperture&quot;:&quot;0&quot;,&quot;credit&quot;:&quot;&quot;,&quot;camera&quot;:&quot;&quot;,&quot;caption&quot;:&quot;&quot;,&quot;created_timestamp&quot;:&quot;0&quot;,&quot;copyright&quot;:&quot;&quot;,&quot;focal_length&quot;:&quot;0&quot;,&quot;iso&quot;:&quot;0&quot;,&quot;shutter_speed&quot;:&quot;0&quot;,&quot;title&quot;:&quot;&quot;,&quot;orientation&quot;:&quot;0&quot;}\" data-image-title=\"WhatsApp Image 2026-01-18 at 13.06.51 (1)\" data-image-description=\"\" data-medium-file=\"https:\/\/cloud.alqueria.es\/wp-content\/uploads\/sites\/7\/2026\/01\/WhatsApp-Image-2026-01-18-at-13.06.51-1-300x169.jpeg\" data-large-file=\"https:\/\/cloud.alqueria.es\/wp-content\/uploads\/sites\/7\/2026\/01\/WhatsApp-Image-2026-01-18-at-13.06.51-1-1024x576.jpeg\" src=\"https:\/\/i0.wp.com\/cloud.alqueria.es\/wp-content\/uploads\/sites\/7\/2026\/01\/WhatsApp-Image-2026-01-18-at-13.06.51-1.jpeg?w=233&#038;h=233&#038;crop=1&#038;ssl=1\" width=\"233\" height=\"233\" loading=\"lazy\" data-original-width=\"233\" data-original-height=\"233\" itemprop=\"http:\/\/schema.org\/image\" title=\"WhatsApp Image 2026-01-18 at 13.06.51 (1)\" alt=\"WhatsApp Image 2026-01-18 at 13.06.51 (1)\" style=\"width: 233px; height: 233px;\" \/> <\/div> <\/div> <div class=\"gallery-group\" style=\"width: 237px; height: 237px;\" data-original-width=\"237\" data-original-height=\"237\" > <div class=\"tiled-gallery-item \" itemprop=\"associatedMedia\" itemscope itemtype=\"http:\/\/schema.org\/ImageObject\"> <meta itemprop=\"width\" content=\"233\"> <meta itemprop=\"height\" content=\"233\"> <img decoding=\"async\" class=\"\" data-attachment-id=\"33779\" data-orig-file=\"https:\/\/cloud.alqueria.es\/wp-content\/uploads\/sites\/7\/2026\/01\/WhatsApp-Image-2026-01-18-at-13.04.37-1.jpeg\" data-orig-size=\"1152,2048\" data-comments-opened=\"1\" data-image-meta=\"{&quot;aperture&quot;:&quot;0&quot;,&quot;credit&quot;:&quot;&quot;,&quot;camera&quot;:&quot;&quot;,&quot;caption&quot;:&quot;&quot;,&quot;created_timestamp&quot;:&quot;0&quot;,&quot;copyright&quot;:&quot;&quot;,&quot;focal_length&quot;:&quot;0&quot;,&quot;iso&quot;:&quot;0&quot;,&quot;shutter_speed&quot;:&quot;0&quot;,&quot;title&quot;:&quot;&quot;,&quot;orientation&quot;:&quot;0&quot;}\" data-image-title=\"WhatsApp Image 2026-01-18 at 13.04.37 (1)\" data-image-description=\"\" data-medium-file=\"https:\/\/cloud.alqueria.es\/wp-content\/uploads\/sites\/7\/2026\/01\/WhatsApp-Image-2026-01-18-at-13.04.37-1-169x300.jpeg\" data-large-file=\"https:\/\/cloud.alqueria.es\/wp-content\/uploads\/sites\/7\/2026\/01\/WhatsApp-Image-2026-01-18-at-13.04.37-1-576x1024.jpeg\" src=\"https:\/\/i0.wp.com\/cloud.alqueria.es\/wp-content\/uploads\/sites\/7\/2026\/01\/WhatsApp-Image-2026-01-18-at-13.04.37-1.jpeg?w=233&#038;h=233&#038;crop=1&#038;ssl=1\" width=\"233\" height=\"233\" loading=\"lazy\" data-original-width=\"233\" data-original-height=\"233\" itemprop=\"http:\/\/schema.org\/image\" title=\"WhatsApp Image 2026-01-18 at 13.04.37 (1)\" alt=\"WhatsApp Image 2026-01-18 at 13.04.37 (1)\" style=\"width: 233px; height: 233px;\" \/> <\/div> <\/div> <\/div> <div class=\"gallery-row\" style=\"width: 474px; height: 237px;\" data-original-width=\"474\" data-original-height=\"237\" > <div class=\"gallery-group\" style=\"width: 237px; height: 237px;\" data-original-width=\"237\" data-original-height=\"237\" > <div class=\"tiled-gallery-item \" itemprop=\"associatedMedia\" itemscope itemtype=\"http:\/\/schema.org\/ImageObject\"> <meta itemprop=\"width\" content=\"233\"> <meta itemprop=\"height\" content=\"233\"> <img decoding=\"async\" class=\"\" data-attachment-id=\"33778\" data-orig-file=\"https:\/\/cloud.alqueria.es\/wp-content\/uploads\/sites\/7\/2026\/01\/WhatsApp-Image-2026-01-18-at-13.04.38.jpeg\" data-orig-size=\"2048,1152\" data-comments-opened=\"1\" data-image-meta=\"{&quot;aperture&quot;:&quot;0&quot;,&quot;credit&quot;:&quot;&quot;,&quot;camera&quot;:&quot;&quot;,&quot;caption&quot;:&quot;&quot;,&quot;created_timestamp&quot;:&quot;0&quot;,&quot;copyright&quot;:&quot;&quot;,&quot;focal_length&quot;:&quot;0&quot;,&quot;iso&quot;:&quot;0&quot;,&quot;shutter_speed&quot;:&quot;0&quot;,&quot;title&quot;:&quot;&quot;,&quot;orientation&quot;:&quot;0&quot;}\" data-image-title=\"WhatsApp Image 2026-01-18 at 13.04.38\" data-image-description=\"\" data-medium-file=\"https:\/\/cloud.alqueria.es\/wp-content\/uploads\/sites\/7\/2026\/01\/WhatsApp-Image-2026-01-18-at-13.04.38-300x169.jpeg\" data-large-file=\"https:\/\/cloud.alqueria.es\/wp-content\/uploads\/sites\/7\/2026\/01\/WhatsApp-Image-2026-01-18-at-13.04.38-1024x576.jpeg\" src=\"https:\/\/i0.wp.com\/cloud.alqueria.es\/wp-content\/uploads\/sites\/7\/2026\/01\/WhatsApp-Image-2026-01-18-at-13.04.38.jpeg?w=233&#038;h=233&#038;crop=1&#038;ssl=1\" width=\"233\" height=\"233\" loading=\"lazy\" data-original-width=\"233\" data-original-height=\"233\" itemprop=\"http:\/\/schema.org\/image\" title=\"WhatsApp Image 2026-01-18 at 13.04.38\" alt=\"WhatsApp Image 2026-01-18 at 13.04.38\" style=\"width: 233px; height: 233px;\" \/> <\/div> <\/div> <div class=\"gallery-group\" style=\"width: 237px; height: 237px;\" data-original-width=\"237\" data-original-height=\"237\" > <div class=\"tiled-gallery-item \" itemprop=\"associatedMedia\" itemscope itemtype=\"http:\/\/schema.org\/ImageObject\"> <meta itemprop=\"width\" content=\"233\"> <meta itemprop=\"height\" content=\"233\"> <img decoding=\"async\" class=\"\" data-attachment-id=\"33780\" data-orig-file=\"https:\/\/cloud.alqueria.es\/wp-content\/uploads\/sites\/7\/2026\/01\/WhatsApp-Image-2026-01-18-at-13.04.37.jpeg\" data-orig-size=\"1152,2048\" data-comments-opened=\"1\" data-image-meta=\"{&quot;aperture&quot;:&quot;0&quot;,&quot;credit&quot;:&quot;&quot;,&quot;camera&quot;:&quot;&quot;,&quot;caption&quot;:&quot;&quot;,&quot;created_timestamp&quot;:&quot;0&quot;,&quot;copyright&quot;:&quot;&quot;,&quot;focal_length&quot;:&quot;0&quot;,&quot;iso&quot;:&quot;0&quot;,&quot;shutter_speed&quot;:&quot;0&quot;,&quot;title&quot;:&quot;&quot;,&quot;orientation&quot;:&quot;0&quot;}\" data-image-title=\"WhatsApp Image 2026-01-18 at 13.04.37\" data-image-description=\"\" data-medium-file=\"https:\/\/cloud.alqueria.es\/wp-content\/uploads\/sites\/7\/2026\/01\/WhatsApp-Image-2026-01-18-at-13.04.37-169x300.jpeg\" data-large-file=\"https:\/\/cloud.alqueria.es\/wp-content\/uploads\/sites\/7\/2026\/01\/WhatsApp-Image-2026-01-18-at-13.04.37-576x1024.jpeg\" src=\"https:\/\/i0.wp.com\/cloud.alqueria.es\/wp-content\/uploads\/sites\/7\/2026\/01\/WhatsApp-Image-2026-01-18-at-13.04.37.jpeg?w=233&#038;h=233&#038;crop=1&#038;ssl=1\" width=\"233\" height=\"233\" loading=\"lazy\" data-original-width=\"233\" data-original-height=\"233\" itemprop=\"http:\/\/schema.org\/image\" title=\"WhatsApp Image 2026-01-18 at 13.04.37\" alt=\"WhatsApp Image 2026-01-18 at 13.04.37\" style=\"width: 233px; height: 233px;\" \/> <\/div> <\/div> <\/div> <\/div>\n<p>Tambi\u00e9n reanudamos las sesiones de <span style=\"color: #ff00ff\">lectura expresiva de los martes<\/span>, con una interesante novedad: los textos se entregar\u00e1n con anticipaci\u00f3n para que cada estudiante los prepare en casa. As\u00ed, el martes realizaremos una puesta en com\u00fan en la que pondremos en pr\u00e1ctica la expresi\u00f3n oral, la interpretaci\u00f3n y la entonaci\u00f3n, continuando con los objetivos que esta actividad busca fortalecer.<\/p>\n<p>Os recuerdo, que ten\u00e9is a vuestra disposici\u00f3n las fechas y actividades importantes de este trimestre anotadas en sus agendas, as\u00ed como en la web del cole (mes a mes).<\/p>\n<h5 style=\"text-align: center\"><span style=\"color: #008000\"><strong><span style=\"color: #ff0000\">GRA<\/span>NADA<\/strong><\/span><\/h5>\n<p class=\"my-2 [&amp;+p]:mt-4 [&amp;_strong:has(+br)]:inline-block [&amp;_strong:has(+br)]:pb-2\">\u00a1Ya estamos trabajando con mucha ilusi\u00f3n en nuestra\u00a0<span style=\"color: #ff0000\"><strong>Semana Cultural<\/strong><\/span>, que celebraremos del\u00a0<span style=\"color: #ff0000\"><strong>9 al 13 de febrero<\/strong><\/span>! Este a\u00f1o la tem\u00e1tica gira en torno a nuestra ciudad, Granada, y m\u00e1s concretamente, a su enorme <strong>riqueza cultural<\/strong>, inspirados por la\u00a0<strong>candidatura de Granada como Capital de la Cultura 2031<\/strong>.<\/p>\n<p><img decoding=\"async\" class=\"aligncenter\" src=\"https:\/\/th.bing.com\/th\/id\/OIP.2fW9nex4TlXbWq48JVHEuAAAAA?w=293&amp;h=168&amp;c=7&amp;r=0&amp;o=7&amp;pid=1.7&amp;rm=3\" alt=\"Resultado de imagen de granada capital de l acultura 2031\" \/><\/p>\n<p class=\"my-2 [&amp;+p]:mt-4 [&amp;_strong:has(+br)]:inline-block [&amp;_strong:has(+br)]:pb-2\">Hemos comenzado con el trabajo previo para preparar cada detalle. Como primera actividad, les he pedido que busquen\/investiguen alguna <strong>calle emblem\u00e1ticas de Granada<\/strong>: aquellas con historias curiosas, personajes destacados o rincones llenos de encanto, para un trabajo en clase que realizaremos con el grupo de 4\u00ba.<\/p>\n<p><img decoding=\"async\" data-attachment-id=\"33774\" data-permalink=\"https:\/\/www.alqueria.es\/blogs\/alqueriasegundociclo\/2026\/01\/17\/iniciamos-el-2o-trimestre-en-4o\/captura-de-pantalla-2026-01-17-a-las-11-50-43\/\" data-orig-file=\"https:\/\/cloud.alqueria.es\/wp-content\/uploads\/sites\/7\/2026\/01\/Captura-de-pantalla-2026-01-17-a-las-11.50.43.png\" data-orig-size=\"576,410\" data-comments-opened=\"1\" data-image-meta=\"{&quot;aperture&quot;:&quot;0&quot;,&quot;credit&quot;:&quot;&quot;,&quot;camera&quot;:&quot;&quot;,&quot;caption&quot;:&quot;&quot;,&quot;created_timestamp&quot;:&quot;0&quot;,&quot;copyright&quot;:&quot;&quot;,&quot;focal_length&quot;:&quot;0&quot;,&quot;iso&quot;:&quot;0&quot;,&quot;shutter_speed&quot;:&quot;0&quot;,&quot;title&quot;:&quot;&quot;,&quot;orientation&quot;:&quot;0&quot;}\" data-image-title=\"Captura de pantalla 2026-01-17 a las 11.50.43\" data-image-description=\"\" data-image-caption=\"\" data-large-file=\"https:\/\/cloud.alqueria.es\/wp-content\/uploads\/sites\/7\/2026\/01\/Captura-de-pantalla-2026-01-17-a-las-11.50.43.png\" class=\"aligncenter size-full wp-image-33774\" src=\"https:\/\/cloud.alqueria.es\/wp-content\/uploads\/sites\/7\/2026\/01\/Captura-de-pantalla-2026-01-17-a-las-11.50.43.png\" alt=\"\" width=\"576\" height=\"410\" srcset=\"https:\/\/cloud.alqueria.es\/wp-content\/uploads\/sites\/7\/2026\/01\/Captura-de-pantalla-2026-01-17-a-las-11.50.43.png 576w, https:\/\/cloud.alqueria.es\/wp-content\/uploads\/sites\/7\/2026\/01\/Captura-de-pantalla-2026-01-17-a-las-11.50.43-300x214.png 300w\" sizes=\"(max-width: 576px) 100vw, 576px\" \/><\/p>\n<p class=\"my-2 [&amp;+p]:mt-4 [&amp;_strong:has(+br)]:inline-block [&amp;_strong:has(+br)]:pb-2\">Adem\u00e1s, no olvidamos que se acerca el <strong>Carnaval<\/strong>, y ya hemos empezado a preparar con entusiasmo nuestra\u00a0<strong>chirigota.<\/strong><\/p>\n<p>Buen fin de semana.<\/p>\n<p>Laura Justicia.<\/p>\n<\/div>\n<\/div>\n<\/div>\n<\/div>\n<\/div>\n<\/div>\n<div class=\"flex items-center justify-between\">\n<div class=\"-ml-sm gap-xs flex flex-shrink-0 items-center\">\n<div class=\"rounded-full\">Tutora Segundo ciclo<\/div>\n<\/div>\n<\/div>\n<\/div>\n<\/div>\n<\/div>\n<\/div>\n<\/div>\n<\/div>\n<\/div>\n<\/div>\n<\/div>\n<\/div>\n<\/div>\n<\/div>\n<\/div>\n<\/div>\n<\/div>\n<\/div>\n<\/div>\n<\/div>\n<\/div>\n<\/div>\n<\/div>\n<p><\/main><\/p>\n","protected":false},"excerpt":{"rendered":"<p>Estimadas familias, Esta entrada va\u00a0 a ser un resumen de lo que estamos haciendo y un anticipo de lo que vamos a realizar pr\u00f3ximamente. Como sab\u00e9is, desde el primer trimestre estamos trabajando emprendimiento en el aula (en el guion de la carpeta del primer trimestre os di informaci\u00f3n detallada). Pues bien, desde la vuelta de &hellip; <a href=\"https:\/\/www.alqueria.es\/blogs\/alqueriasegundociclo\/2026\/01\/18\/de-vuelta-con-fuerza-y-grandes-retos-en-3o\/\" class=\"more-link\">Seguir leyendo <span class=\"screen-reader-text\">De vuelta con fuerza y grandes retos en 3\u00ba<\/span> <span class=\"meta-nav\">&rarr;<\/span><\/a><\/p>\n","protected":false},"author":16,"featured_media":0,"comment_status":"open","ping_status":"open","sticky":false,"template":"","format":"standard","meta":{"jetpack_post_was_ever_published":false,"_jetpack_newsletter_access":"","_jetpack_dont_email_post_to_subs":false,"_jetpack_newsletter_tier_id":0,"_jetpack_memberships_contains_paywalled_content":false,"_jetpack_memberships_contains_paid_content":false,"footnotes":"","jetpack_publicize_message":"","jetpack_publicize_feature_enabled":true,"jetpack_social_post_already_shared":true,"jetpack_social_options":{"image_generator_settings":{"template":"highway","default_image_id":0,"font":"","enabled":false},"version":2}},"categories":[5,59],"tags":[],"class_list":["post-33767","post","type-post","status-publish","format-standard","hentry","category-3o-epo","category-semanario-3o"],"jetpack_publicize_connections":[],"jetpack_featured_media_url":"","jetpack_sharing_enabled":true,"jetpack_shortlink":"https:\/\/wp.me\/p4lw4c-8MD","_links":{"self":[{"href":"https:\/\/www.alqueria.es\/blogs\/alqueriasegundociclo\/wp-json\/wp\/v2\/posts\/33767","targetHints":{"allow":["GET"]}}],"collection":[{"href":"https:\/\/www.alqueria.es\/blogs\/alqueriasegundociclo\/wp-json\/wp\/v2\/posts"}],"about":[{"href":"https:\/\/www.alqueria.es\/blogs\/alqueriasegundociclo\/wp-json\/wp\/v2\/types\/post"}],"author":[{"embeddable":true,"href":"https:\/\/www.alqueria.es\/blogs\/alqueriasegundociclo\/wp-json\/wp\/v2\/users\/16"}],"replies":[{"embeddable":true,"href":"https:\/\/www.alqueria.es\/blogs\/alqueriasegundociclo\/wp-json\/wp\/v2\/comments?post=33767"}],"version-history":[{"count":4,"href":"https:\/\/www.alqueria.es\/blogs\/alqueriasegundociclo\/wp-json\/wp\/v2\/posts\/33767\/revisions"}],"predecessor-version":[{"id":33788,"href":"https:\/\/www.alqueria.es\/blogs\/alqueriasegundociclo\/wp-json\/wp\/v2\/posts\/33767\/revisions\/33788"}],"wp:attachment":[{"href":"https:\/\/www.alqueria.es\/blogs\/alqueriasegundociclo\/wp-json\/wp\/v2\/media?parent=33767"}],"wp:term":[{"taxonomy":"category","embeddable":true,"href":"https:\/\/www.alqueria.es\/blogs\/alqueriasegundociclo\/wp-json\/wp\/v2\/categories?post=33767"},{"taxonomy":"post_tag","embeddable":true,"href":"https:\/\/www.alqueria.es\/blogs\/alqueriasegundociclo\/wp-json\/wp\/v2\/tags?post=33767"}],"curies":[{"name":"wp","href":"https:\/\/api.w.org\/{rel}","templated":true}]}}