{"id":33772,"date":"2026-01-17T11:56:02","date_gmt":"2026-01-17T10:56:02","guid":{"rendered":"https:\/\/www.alqueria.es\/blogs\/alqueriasegundociclo\/?p=33772"},"modified":"2026-01-17T11:56:02","modified_gmt":"2026-01-17T10:56:02","slug":"iniciamos-el-2o-trimestre-en-4o","status":"publish","type":"post","link":"https:\/\/www.alqueria.es\/blogs\/alqueriasegundociclo\/2026\/01\/17\/iniciamos-el-2o-trimestre-en-4o\/","title":{"rendered":"INICIAMOS EL 2\u00ba TRIMESTRE EN 4\u00ba"},"content":{"rendered":"<h2 style=\"text-align: center\"><span style=\"color: #0000ff\">SEGUNDO TRIMESTRE<\/span><\/h2>\n<p>Estimadas familias, seguro que se ha descansado durante el periodo de vacaciones. Iniciamos un nuevo trimestre tras un periodo de vacaciones en donde han vivenciado numerosas aventuras cargadas de an\u00e9cdotas que poco a poco han ido narrando tras la vuelta. La incorporaci\u00f3n ha sido relajada y con muchas ganas de verse.<\/p>\n<p>Repasamos, recordamos y retomamos actividades para volver el ritmo de trabajo.<\/p>\n<h2><span style=\"color: #0000ff\">La divisi\u00f3n<\/span><\/h2>\n<p>Reemprendemos el c\u00e1lculo de la divisi\u00f3n con un gran repaso sobre la divisi\u00f3n de una cifra. Es f\u00e1cil olvidar los pasos a seguir por lo que poco a poco se ha ido recapitulando los pasos de la operaci\u00f3n.<\/p>\n<p>No olvid\u00e9is\u00a0 repasar y visualizar tutoriales para una mejor comprensi\u00f3n, estos tutoriales los tienen en classroom para poder recordar en caso de necesidad en casa.<\/p>\n<h2><span style=\"color: #0000ff\">Resoluci\u00f3n de problemas<\/span><\/h2>\n<p>En las sesiones de resoluci\u00f3n de problemas se han abordado diferentes enunciados con cierta dificultad. El objetivo es la concentraci\u00f3n, la lectura, la relectura, un buen an\u00e1lisis y planteamiento para poder resolver.<\/p>\n<p><img decoding=\"async\" data-attachment-id=\"27403\" data-permalink=\"https:\/\/www.alqueria.es\/blogs\/alqueriasegundociclo\/2023\/01\/21\/semanario-de-4o-semanas-del-9-al-20-de-enero\/14939591_618119271728703_3957813896420449791_o\/\" data-orig-file=\"https:\/\/cloud.alqueria.es\/wp-content\/uploads\/sites\/7\/2023\/01\/14939591_618119271728703_3957813896420449791_o.jpg\" data-orig-size=\"1153,1720\" data-comments-opened=\"1\" data-image-meta=\"{&quot;aperture&quot;:&quot;0&quot;,&quot;credit&quot;:&quot;&quot;,&quot;camera&quot;:&quot;&quot;,&quot;caption&quot;:&quot;&quot;,&quot;created_timestamp&quot;:&quot;0&quot;,&quot;copyright&quot;:&quot;&quot;,&quot;focal_length&quot;:&quot;0&quot;,&quot;iso&quot;:&quot;0&quot;,&quot;shutter_speed&quot;:&quot;0&quot;,&quot;title&quot;:&quot;&quot;,&quot;orientation&quot;:&quot;0&quot;}\" data-image-title=\"14939591_618119271728703_3957813896420449791_o\" data-image-description=\"\" data-image-caption=\"\" data-large-file=\"https:\/\/cloud.alqueria.es\/wp-content\/uploads\/sites\/7\/2023\/01\/14939591_618119271728703_3957813896420449791_o-686x1024.jpg\" class=\"size-medium wp-image-27403 alignleft lazyloaded\" src=\"https:\/\/cloud.alqueria.es\/wp-content\/uploads\/sites\/7\/2023\/01\/14939591_618119271728703_3957813896420449791_o-201x300.jpg\" alt=\"\" width=\"201\" height=\"300\" data-attachment-id=\"27403\" data-permalink=\"https:\/\/www.alqueria.es\/blogs\/alqueriasegundociclo\/2023\/01\/21\/semanario-de-4o-semanas-del-9-al-20-de-enero\/14939591_618119271728703_3957813896420449791_o\/\" data-orig-file=\"https:\/\/cloud.alqueria.es\/wp-content\/uploads\/sites\/7\/2023\/01\/14939591_618119271728703_3957813896420449791_o.jpg\" data-orig-size=\"1153,1720\" data-comments-opened=\"1\" data-image-meta=\"{&quot;aperture&quot;:&quot;0&quot;,&quot;credit&quot;:&quot;&quot;,&quot;camera&quot;:&quot;&quot;,&quot;caption&quot;:&quot;&quot;,&quot;created_timestamp&quot;:&quot;0&quot;,&quot;copyright&quot;:&quot;&quot;,&quot;focal_length&quot;:&quot;0&quot;,&quot;iso&quot;:&quot;0&quot;,&quot;shutter_speed&quot;:&quot;0&quot;,&quot;title&quot;:&quot;&quot;,&quot;orientation&quot;:&quot;0&quot;}\" data-image-title=\"14939591_618119271728703_3957813896420449791_o\" data-image-description=\"\" data-image-caption=\"\" data-medium-file=\"https:\/\/cloud.alqueria.es\/wp-content\/uploads\/sites\/7\/2023\/01\/14939591_618119271728703_3957813896420449791_o-201x300.jpg\" data-large-file=\"https:\/\/cloud.alqueria.es\/wp-content\/uploads\/sites\/7\/2023\/01\/14939591_618119271728703_3957813896420449791_o-686x1024.jpg\" data-src=\"https:\/\/cloud.alqueria.es\/wp-content\/uploads\/sites\/7\/2023\/01\/14939591_618119271728703_3957813896420449791_o-201x300.jpg\" data-srcset=\"https:\/\/cloud.alqueria.es\/wp-content\/uploads\/sites\/7\/2023\/01\/14939591_618119271728703_3957813896420449791_o-201x300.jpg 201w, https:\/\/cloud.alqueria.es\/wp-content\/uploads\/sites\/7\/2023\/01\/14939591_618119271728703_3957813896420449791_o-686x1024.jpg 686w, https:\/\/cloud.alqueria.es\/wp-content\/uploads\/sites\/7\/2023\/01\/14939591_618119271728703_3957813896420449791_o-768x1146.jpg 768w, https:\/\/cloud.alqueria.es\/wp-content\/uploads\/sites\/7\/2023\/01\/14939591_618119271728703_3957813896420449791_o-1030x1536.jpg 1030w, https:\/\/cloud.alqueria.es\/wp-content\/uploads\/sites\/7\/2023\/01\/14939591_618119271728703_3957813896420449791_o.jpg 1153w\" data-sizes=\"(max-width: 201px) 100vw, 201px\" srcset=\"https:\/\/cloud.alqueria.es\/wp-content\/uploads\/sites\/7\/2023\/01\/14939591_618119271728703_3957813896420449791_o-201x300.jpg 201w, https:\/\/cloud.alqueria.es\/wp-content\/uploads\/sites\/7\/2023\/01\/14939591_618119271728703_3957813896420449791_o-686x1024.jpg 686w, https:\/\/cloud.alqueria.es\/wp-content\/uploads\/sites\/7\/2023\/01\/14939591_618119271728703_3957813896420449791_o-768x1146.jpg 768w, https:\/\/cloud.alqueria.es\/wp-content\/uploads\/sites\/7\/2023\/01\/14939591_618119271728703_3957813896420449791_o-1030x1536.jpg 1030w, https:\/\/cloud.alqueria.es\/wp-content\/uploads\/sites\/7\/2023\/01\/14939591_618119271728703_3957813896420449791_o.jpg 1153w\" sizes=\"(max-width: 201px) 100vw, 201px\" \/><\/p>\n<p>Aparecen enunciados con preguntas que no se pueden resolver por falta de datos. Hay que analizar, comprender lo que est\u00e1 escrito y lo que se nos pide para resolver el problema.<\/p>\n<p><span style=\"color: #800080\"><em>Se han repartido 138 canicas y a m\u00ed me ha tocado 46. \u00bfEntre cuantos compa\u00f1eros se han repartido las canicas?<\/em><\/span><\/p>\n<p>Recordamos los t\u00e9rminos de la divisi\u00f3n y como hallarlos:<\/p>\n<h2><span style=\"color: #0000ff\"><strong>Las fracciones<\/strong><\/span><\/h2>\n<p><img decoding=\"async\" data-attachment-id=\"25929\" data-permalink=\"https:\/\/www.alqueria.es\/blogs\/alqueriasegundociclo\/2022\/04\/03\/semanario-de-3o-9\/post-instagram-19-20-10\/\" data-orig-file=\"https:\/\/cloud.alqueria.es\/wp-content\/uploads\/sites\/7\/2022\/04\/Post-Instagram-19-20-10.png\" data-orig-size=\"1080,1080\" data-comments-opened=\"1\" data-image-meta=\"{&quot;aperture&quot;:&quot;0&quot;,&quot;credit&quot;:&quot;&quot;,&quot;camera&quot;:&quot;&quot;,&quot;caption&quot;:&quot;&quot;,&quot;created_timestamp&quot;:&quot;0&quot;,&quot;copyright&quot;:&quot;&quot;,&quot;focal_length&quot;:&quot;0&quot;,&quot;iso&quot;:&quot;0&quot;,&quot;shutter_speed&quot;:&quot;0&quot;,&quot;title&quot;:&quot;&quot;,&quot;orientation&quot;:&quot;0&quot;}\" data-image-title=\"Post-Instagram-19-20-10\" data-image-description=\"\" data-image-caption=\"\" data-large-file=\"https:\/\/cloud.alqueria.es\/wp-content\/uploads\/sites\/7\/2022\/04\/Post-Instagram-19-20-10-1024x1024.png\" class=\"aligncenter wp-image-25929 size-thumbnail lazyloaded\" src=\"https:\/\/cloud.alqueria.es\/wp-content\/uploads\/sites\/7\/2022\/04\/Post-Instagram-19-20-10-150x150.png\" alt=\"\" width=\"150\" height=\"150\" data-attachment-id=\"25929\" data-permalink=\"https:\/\/www.alqueria.es\/blogs\/alqueriasegundociclo\/2022\/04\/03\/semanario-de-3o-9\/post-instagram-19-20-10\/\" data-orig-file=\"https:\/\/cloud.alqueria.es\/wp-content\/uploads\/sites\/7\/2022\/04\/Post-Instagram-19-20-10.png\" data-orig-size=\"1080,1080\" data-comments-opened=\"1\" data-image-meta=\"{&quot;aperture&quot;:&quot;0&quot;,&quot;credit&quot;:&quot;&quot;,&quot;camera&quot;:&quot;&quot;,&quot;caption&quot;:&quot;&quot;,&quot;created_timestamp&quot;:&quot;0&quot;,&quot;copyright&quot;:&quot;&quot;,&quot;focal_length&quot;:&quot;0&quot;,&quot;iso&quot;:&quot;0&quot;,&quot;shutter_speed&quot;:&quot;0&quot;,&quot;title&quot;:&quot;&quot;,&quot;orientation&quot;:&quot;0&quot;}\" data-image-title=\"Post-Instagram-19-20-10\" data-image-description=\"\" data-image-caption=\"\" data-medium-file=\"https:\/\/cloud.alqueria.es\/wp-content\/uploads\/sites\/7\/2022\/04\/Post-Instagram-19-20-10-300x300.png\" data-large-file=\"https:\/\/cloud.alqueria.es\/wp-content\/uploads\/sites\/7\/2022\/04\/Post-Instagram-19-20-10-1024x1024.png\" data-src=\"https:\/\/cloud.alqueria.es\/wp-content\/uploads\/sites\/7\/2022\/04\/Post-Instagram-19-20-10-150x150.png\" data-srcset=\"https:\/\/cloud.alqueria.es\/wp-content\/uploads\/sites\/7\/2022\/04\/Post-Instagram-19-20-10-150x150.png 150w, https:\/\/cloud.alqueria.es\/wp-content\/uploads\/sites\/7\/2022\/04\/Post-Instagram-19-20-10-300x300.png 300w, https:\/\/cloud.alqueria.es\/wp-content\/uploads\/sites\/7\/2022\/04\/Post-Instagram-19-20-10-1024x1024.png 1024w, https:\/\/cloud.alqueria.es\/wp-content\/uploads\/sites\/7\/2022\/04\/Post-Instagram-19-20-10-768x768.png 768w, https:\/\/cloud.alqueria.es\/wp-content\/uploads\/sites\/7\/2022\/04\/Post-Instagram-19-20-10.png 1080w\" data-sizes=\"(max-width: 150px) 100vw, 150px\" srcset=\"https:\/\/cloud.alqueria.es\/wp-content\/uploads\/sites\/7\/2022\/04\/Post-Instagram-19-20-10-150x150.png 150w, https:\/\/cloud.alqueria.es\/wp-content\/uploads\/sites\/7\/2022\/04\/Post-Instagram-19-20-10-300x300.png 300w, https:\/\/cloud.alqueria.es\/wp-content\/uploads\/sites\/7\/2022\/04\/Post-Instagram-19-20-10-1024x1024.png 1024w, https:\/\/cloud.alqueria.es\/wp-content\/uploads\/sites\/7\/2022\/04\/Post-Instagram-19-20-10-768x768.png 768w, https:\/\/cloud.alqueria.es\/wp-content\/uploads\/sites\/7\/2022\/04\/Post-Instagram-19-20-10.png 1080w\" sizes=\"(max-width: 150px) 100vw, 150px\" \/><\/p>\n<p>Iniciamos un nuevo tema centr\u00e1ndonos en la unidad y en las partes iguales que se fraccionan.<\/p>\n<div class=\"wWOJcd\" role=\"button\" aria-labelledby=\"exacc_SdtGYp3DO6yFur4PrvCGyAI1\">\n<div id=\"exacc_SdtGYp3DO6yFur4PrvCGyAI1\" class=\"iDjcJe IX9Lgd wwB5gf\"><span style=\"color: #ff6600\">\u00bfQu\u00e9 son las fracciones?<\/span><\/div>\n<div>Tras las ideas previas, se analiza el t\u00e9rmino fracci\u00f3n y reflexionamos sobre qu\u00e9 es fraccionar.<\/div>\n<div class=\"r21Kzd\" data-hveid=\"CBQQAQ\" data-ved=\"2ahUKEwjdi9b82vL2AhWsgs4BHS64ASkQuk56BAgUEAE\"><em>Concluimos que una\u00a0<b>fracci\u00f3n<\/b>\u00a0o n\u00famero fraccionario es la forma de expresar una cantidad dividida.<\/em><\/div>\n<div class=\"r21Kzd\" data-hveid=\"CBQQAQ\" data-ved=\"2ahUKEwjdi9b82vL2AhWsgs4BHS64ASkQuk56BAgUEAE\"><span style=\"color: #ff6600\">\u00bfCu\u00e1les son sus partes?<\/span><\/div>\n<div class=\"r21Kzd\" data-hveid=\"CBQQAQ\" data-ved=\"2ahUKEwjdi9b82vL2AhWsgs4BHS64ASkQuk56BAgUEAE\">Las\u00a0<b>fracciones<\/b>\u00a0se componen de dos n\u00fameros:<\/div>\n<ul>\n<li class=\"r21Kzd\" data-hveid=\"CBQQAQ\" data-ved=\"2ahUKEwjdi9b82vL2AhWsgs4BHS64ASkQuk56BAgUEAE\"><span style=\"color: #008000\">El numerador<\/span>:\u00a0indica las\u00a0<b>partes<\/b>\u00a0iguales que tomamos de la cantidad.<\/li>\n<li class=\"r21Kzd\" data-hveid=\"CBQQAQ\" data-ved=\"2ahUKEwjdi9b82vL2AhWsgs4BHS64ASkQuk56BAgUEAE\"><span style=\"color: #008000\">El denominador:<\/span>\u00a0<span class=\"ILfuVd\"><span class=\"hgKElc\">indica las\u00a0<b>partes<\/b>\u00a0iguales que est\u00e1 dividida la unidad.<\/span><\/span><\/li>\n<\/ul>\n<\/div>\n<p>Trabajamos sobre la representaci\u00f3n a trav\u00e9s de\u00a0dos n\u00fameros separados por una l\u00ednea de\u00a0<b>fracci\u00f3n<\/b>.<\/p>\n<div id=\"exacc_TttGYu6OMfCUlwSKiIbYDQ2\" class=\"MBtdbb\" data-ved=\"2ahUKEwju7fz-2vL2AhVwyoUKHQqEAdsQ7NUEegQIAxAD\">\n<div class=\"ymu2Hb\">\n<div class=\"t0bRye r2fjmd\" data-hveid=\"CAMQBA\" data-ved=\"2ahUKEwju7fz-2vL2AhVwyoUKHQqEAdsQu04oAHoECAMQBA\">\n<div id=\"MEDIA_RESULT_GROUP_3_TttGYu6OMfCUlwSKiIbYDQ__3\">\n<div class=\"wDYxhc NFQFxe oHglmf xzPb7d\" data-md=\"32\" data-hveid=\"CAYQAA\" data-ved=\"2ahUKEwju7fz-2vL2AhVwyoUKHQqEAdsQ4dMGegQIBhAA\">\n<div id=\"media_result_group\" class=\"kno-mrg-si kno-mrg kno-swp\" data-hveid=\"CAYQAQ\">\n<div class=\"kno-fiu kno-liu\">\n<div data-count=\"1\" data-hveid=\"CAUQAA\">\n<div class=\"umyQi\" data-h=\"130\" data-nr=\"1\">\n<div class=\"eA0Zlc ivg-i PZPZlf img-kc-m GMCzAd\" aria-hidden=\"true\" data-attrid=\"image\" data-docid=\"0pq7K-fQPFqzOM\" data-lpage=\"http:\/\/recursostic.educacion.es\/descartes\/web\/materiales_didacticos\/fracciones_migv\/irreducible.htm\" data-ni=\"1\" data-ved=\"2ahUKEwju7fz-2vL2AhVwyoUKHQqEAdsQzkx6BAgEEAA\">\n<p><a href=\"https:\/\/www.google.com\/search?client=safari&amp;hl=es&amp;q=%C2%BFQu%C3%A9+es+una+fracci%C3%B3n+y+cu%C3%A1les+son+sus+partes?&amp;tbm=isch&amp;source=iu&amp;ictx=1&amp;vet=1&amp;fir=0pq7K-fQPFqzOM%252CHRxOr3hmjh6kyM%252C_&amp;usg=AI4_-kTpEnT8eTFHCBJcNJlJXzKS73x8wQ&amp;sa=X&amp;ved=2ahUKEwju7fz-2vL2AhVwyoUKHQqEAdsQ9QF6BAgEEAE#imgrc=0pq7K-fQPFqzOM\" data-ved=\"2ahUKEwju7fz-2vL2AhVwyoUKHQqEAdsQ9QF6BAgEEAE\"><img decoding=\"async\" class=\"rISBZc zr758c M4dUYb aligncenter lazyloaded\" src=\"https:\/\/encrypted-tbn0.gstatic.com\/images?q=tbn:ANd9GcSXsLh-FlBgYrhq9U8Ns2ic8JJlEH0aLLLz9AQ4Ewn9&amp;s\" alt=\"Resultado de imagen\" width=\"217\" height=\"106\" data-src=\"https:\/\/encrypted-tbn0.gstatic.com\/images?q=tbn:ANd9GcSXsLh-FlBgYrhq9U8Ns2ic8JJlEH0aLLLz9AQ4Ewn9&amp;s\" \/><\/a><\/p>\n<div class=\"fWhgmd\">Jugamos a fraccionar en parte iguales y ha realizar <span style=\"color: #800080\">la lectura y escritura<\/span> de las fracciones oralmente y sobre cuaderno.<\/div>\n<div><\/div>\n<\/div>\n<div><span style=\"color: #800080\">Comparamos fracciones<\/span> entre s\u00ed y con la unidad haciendo uso de los signos\u00a0<strong>\u00a0menor que-<\/strong>\u00a0\u00a0y\u00a0<strong>mayor que- (&lt;,&gt;).<\/strong><\/div>\n<div><\/div>\n<div>Se trabaja sobre <span style=\"color: #800080\">la fracci\u00f3n de un n\u00famero<\/span> y la <span style=\"color: #800080\">resoluci\u00f3n de problemas.<\/span><\/div>\n<\/div>\n<div><\/div>\n<div class=\"umyQi\" data-h=\"130\" data-nr=\"1\">\n<div><i>Es muy importante el dominio de las tablas de multiplicar, as\u00ed como la descomposici\u00f3n para el reparto y<\/i><i>\u00a0poder ser \u00e1giles en las actividades<\/i><i><i>.<\/i><\/i><\/div>\n<\/div>\n<\/div>\n<\/div>\n<\/div>\n<\/div>\n<\/div>\n<\/div>\n<\/div>\n<\/div>\n<h2><span style=\"color: #0000ff\">El clima<\/span><\/h2>\n<p>Se ha presentado el nuevo tema de ciencias que vamos a trabajar. Tras las ideas previas, recordamos contenidos sobre el ciclo del agua y la atm\u00f3sfera que vienen muy bien para comprender mejor la nueva tem\u00e1tica. Para ello hemos contado con la visualizaci\u00f3n de peque\u00f1os videos.<\/p>\n<p>Se plantea un gui\u00f3n-\u00edndice que nos va a servir para organizar la informaci\u00f3n que se va investigando en parejas para posteriormente darlas a conocer al gran grupo y anotarla en el cuaderno.<\/p>\n<p>&nbsp;<\/p>\n<p><img decoding=\"async\" data-attachment-id=\"33773\" data-permalink=\"https:\/\/www.alqueria.es\/blogs\/alqueriasegundociclo\/2026\/01\/17\/iniciamos-el-2o-trimestre-en-4o\/captura-de-pantalla-2026-01-17-a-las-11-36-24\/\" data-orig-file=\"https:\/\/cloud.alqueria.es\/wp-content\/uploads\/sites\/7\/2026\/01\/Captura-de-pantalla-2026-01-17-a-las-11.36.24.png\" data-orig-size=\"413,410\" data-comments-opened=\"1\" data-image-meta=\"{&quot;aperture&quot;:&quot;0&quot;,&quot;credit&quot;:&quot;&quot;,&quot;camera&quot;:&quot;&quot;,&quot;caption&quot;:&quot;&quot;,&quot;created_timestamp&quot;:&quot;0&quot;,&quot;copyright&quot;:&quot;&quot;,&quot;focal_length&quot;:&quot;0&quot;,&quot;iso&quot;:&quot;0&quot;,&quot;shutter_speed&quot;:&quot;0&quot;,&quot;title&quot;:&quot;&quot;,&quot;orientation&quot;:&quot;0&quot;}\" data-image-title=\"Captura de pantalla 2026-01-17 a las 11.36.24\" data-image-description=\"\" data-image-caption=\"\" data-large-file=\"https:\/\/cloud.alqueria.es\/wp-content\/uploads\/sites\/7\/2026\/01\/Captura-de-pantalla-2026-01-17-a-las-11.36.24.png\" class=\"aligncenter wp-image-33773 size-medium\" src=\"https:\/\/cloud.alqueria.es\/wp-content\/uploads\/sites\/7\/2026\/01\/Captura-de-pantalla-2026-01-17-a-las-11.36.24-300x298.png\" alt=\"\" width=\"300\" height=\"298\" srcset=\"https:\/\/cloud.alqueria.es\/wp-content\/uploads\/sites\/7\/2026\/01\/Captura-de-pantalla-2026-01-17-a-las-11.36.24-300x298.png 300w, https:\/\/cloud.alqueria.es\/wp-content\/uploads\/sites\/7\/2026\/01\/Captura-de-pantalla-2026-01-17-a-las-11.36.24-150x150.png 150w, https:\/\/cloud.alqueria.es\/wp-content\/uploads\/sites\/7\/2026\/01\/Captura-de-pantalla-2026-01-17-a-las-11.36.24.png 413w\" sizes=\"(max-width: 300px) 100vw, 300px\" \/><\/p>\n<h2><span style=\"color: #0000ff\"><strong>Lectura expresiva<\/strong><\/span><\/h2>\n<p>La lectura es muy necesaria y diariamente se trabaja, se ejercita en las distintas \u00e1reas. Es muy necesario continuar motivando hacia ella, tanto la expresiva como la comprensiva. El trabajo sobre las peque\u00f1as lecturas ofrecidas pretende continuar desarrollando la competencia lectora. Todo el grupo participa en su lectura y en la expresividad, pero hay que practicar un poco en casa.<\/p>\n<h2><span style=\"color: #0000ff\"><strong>Expresi\u00f3n escrita<\/strong><\/span><\/h2>\n<p>Se ha trabajado sobre la investigaci\u00f3n realizado por \u00c1ngel sobre \u00abHeracles y el Cancerbero de Hades\u00bb.<\/p>\n<p>Sobre resumen y la creaci\u00f3n del texto propio se ha hecho incidencia en el buen uso\u00a0 de los distintos signos de puntuaci\u00f3n, se recuerda cu\u00e1ndo usar la \u00bf y la \u00a1, as\u00ed como las comillas y guiones cuando queremos expresar palabras textuales o un di\u00e1logo, respectivamente.<\/p>\n<p>Es muy importante su uso en la expresi\u00f3n oral y en la escrita. Continuamos enriqueciendo con distintas expresiones y diversas palabras que complementan y embellecen el contenido.<\/p>\n<p>Destaca que todos los textos se realizan directamente, ya no se hace uso del borrador.<\/p>\n<h2 style=\"text-align: center\"><span style=\"color: #0000ff\">Calles de Granada<\/span><\/h2>\n<p><img decoding=\"async\" data-attachment-id=\"33774\" data-permalink=\"https:\/\/www.alqueria.es\/blogs\/alqueriasegundociclo\/2026\/01\/17\/iniciamos-el-2o-trimestre-en-4o\/captura-de-pantalla-2026-01-17-a-las-11-50-43\/\" data-orig-file=\"https:\/\/cloud.alqueria.es\/wp-content\/uploads\/sites\/7\/2026\/01\/Captura-de-pantalla-2026-01-17-a-las-11.50.43.png\" data-orig-size=\"576,410\" data-comments-opened=\"1\" data-image-meta=\"{&quot;aperture&quot;:&quot;0&quot;,&quot;credit&quot;:&quot;&quot;,&quot;camera&quot;:&quot;&quot;,&quot;caption&quot;:&quot;&quot;,&quot;created_timestamp&quot;:&quot;0&quot;,&quot;copyright&quot;:&quot;&quot;,&quot;focal_length&quot;:&quot;0&quot;,&quot;iso&quot;:&quot;0&quot;,&quot;shutter_speed&quot;:&quot;0&quot;,&quot;title&quot;:&quot;&quot;,&quot;orientation&quot;:&quot;0&quot;}\" data-image-title=\"Captura de pantalla 2026-01-17 a las 11.50.43\" data-image-description=\"\" data-image-caption=\"\" data-large-file=\"https:\/\/cloud.alqueria.es\/wp-content\/uploads\/sites\/7\/2026\/01\/Captura-de-pantalla-2026-01-17-a-las-11.50.43.png\" class=\"aligncenter wp-image-33774 size-medium\" src=\"https:\/\/cloud.alqueria.es\/wp-content\/uploads\/sites\/7\/2026\/01\/Captura-de-pantalla-2026-01-17-a-las-11.50.43-300x214.png\" alt=\"\" width=\"300\" height=\"214\" srcset=\"https:\/\/cloud.alqueria.es\/wp-content\/uploads\/sites\/7\/2026\/01\/Captura-de-pantalla-2026-01-17-a-las-11.50.43-300x214.png 300w, https:\/\/cloud.alqueria.es\/wp-content\/uploads\/sites\/7\/2026\/01\/Captura-de-pantalla-2026-01-17-a-las-11.50.43.png 576w\" sizes=\"(max-width: 300px) 100vw, 300px\" \/><\/p>\n<p>Se ha presentado un poco la tem\u00e1tica y el motivo de nuestra Semana Cultural.<\/p>\n<p>Se les ha pedido que elijan una calle de Granada que tenga historia o leyenda, que investiguen un poco y vayan recogiendo los datos en el diario para un posterior trabajo que realizaremos junto al grupo de 3\u00ba.<\/p>\n<p style=\"text-align: center\"><span style=\"color: #008000\">\u00a1\u00c1nimo!<\/span><\/p>\n<p>Un saludo<\/p>\n<p>Juanjo<\/p>\n","protected":false},"excerpt":{"rendered":"<p>SEGUNDO TRIMESTRE Estimadas familias, seguro que se ha descansado durante el periodo de vacaciones. Iniciamos un nuevo trimestre tras un periodo de vacaciones en donde han vivenciado numerosas aventuras cargadas de an\u00e9cdotas que poco a poco han ido narrando tras la vuelta. La incorporaci\u00f3n ha sido relajada y con muchas ganas de verse. Repasamos, recordamos &hellip; <a href=\"https:\/\/www.alqueria.es\/blogs\/alqueriasegundociclo\/2026\/01\/17\/iniciamos-el-2o-trimestre-en-4o\/\" class=\"more-link\">Seguir leyendo <span class=\"screen-reader-text\">INICIAMOS EL 2\u00ba TRIMESTRE EN 4\u00ba<\/span> <span class=\"meta-nav\">&rarr;<\/span><\/a><\/p>\n","protected":false},"author":16,"featured_media":0,"comment_status":"open","ping_status":"open","sticky":false,"template":"","format":"standard","meta":{"jetpack_post_was_ever_published":false,"_jetpack_newsletter_access":"","_jetpack_dont_email_post_to_subs":false,"_jetpack_newsletter_tier_id":0,"_jetpack_memberships_contains_paywalled_content":false,"_jetpack_memberships_contains_paid_content":false,"footnotes":"","jetpack_publicize_message":"","jetpack_publicize_feature_enabled":true,"jetpack_social_post_already_shared":true,"jetpack_social_options":{"image_generator_settings":{"template":"highway","default_image_id":0,"font":"","enabled":false},"version":2}},"categories":[6,60],"tags":[],"class_list":["post-33772","post","type-post","status-publish","format-standard","hentry","category-4o-epo","category-semanario-4o"],"jetpack_publicize_connections":[],"jetpack_featured_media_url":"","jetpack_sharing_enabled":true,"jetpack_shortlink":"https:\/\/wp.me\/p4lw4c-8MI","_links":{"self":[{"href":"https:\/\/www.alqueria.es\/blogs\/alqueriasegundociclo\/wp-json\/wp\/v2\/posts\/33772","targetHints":{"allow":["GET"]}}],"collection":[{"href":"https:\/\/www.alqueria.es\/blogs\/alqueriasegundociclo\/wp-json\/wp\/v2\/posts"}],"about":[{"href":"https:\/\/www.alqueria.es\/blogs\/alqueriasegundociclo\/wp-json\/wp\/v2\/types\/post"}],"author":[{"embeddable":true,"href":"https:\/\/www.alqueria.es\/blogs\/alqueriasegundociclo\/wp-json\/wp\/v2\/users\/16"}],"replies":[{"embeddable":true,"href":"https:\/\/www.alqueria.es\/blogs\/alqueriasegundociclo\/wp-json\/wp\/v2\/comments?post=33772"}],"version-history":[{"count":1,"href":"https:\/\/www.alqueria.es\/blogs\/alqueriasegundociclo\/wp-json\/wp\/v2\/posts\/33772\/revisions"}],"predecessor-version":[{"id":33775,"href":"https:\/\/www.alqueria.es\/blogs\/alqueriasegundociclo\/wp-json\/wp\/v2\/posts\/33772\/revisions\/33775"}],"wp:attachment":[{"href":"https:\/\/www.alqueria.es\/blogs\/alqueriasegundociclo\/wp-json\/wp\/v2\/media?parent=33772"}],"wp:term":[{"taxonomy":"category","embeddable":true,"href":"https:\/\/www.alqueria.es\/blogs\/alqueriasegundociclo\/wp-json\/wp\/v2\/categories?post=33772"},{"taxonomy":"post_tag","embeddable":true,"href":"https:\/\/www.alqueria.es\/blogs\/alqueriasegundociclo\/wp-json\/wp\/v2\/tags?post=33772"}],"curies":[{"name":"wp","href":"https:\/\/api.w.org\/{rel}","templated":true}]}}