{"id":33803,"date":"2026-01-25T20:10:37","date_gmt":"2026-01-25T19:10:37","guid":{"rendered":"https:\/\/www.alqueria.es\/blogs\/alqueriasegundociclo\/?p=33803"},"modified":"2026-01-25T20:10:38","modified_gmt":"2026-01-25T19:10:38","slug":"semanario-de-4o-semana-del-19-al-23-de-enero-2","status":"publish","type":"post","link":"https:\/\/www.alqueria.es\/blogs\/alqueriasegundociclo\/2026\/01\/25\/semanario-de-4o-semana-del-19-al-23-de-enero-2\/","title":{"rendered":"Semanario de 4\u00ba. Semana del 19 al 23 de enero"},"content":{"rendered":"<p style=\"text-align: center\"><span style=\"color: #800080\">Estimadas familias, continuamos con emocionantes trabajos y grandes logros.<\/span><\/p>\n<h2><span style=\"color: #0000ff\">\u00c1rea de matem\u00e1ticas<\/span><\/h2>\n<p>Continuamos profundizando en las fracciones. Hay gran dominio de la lectura y la escritura y nos centramos\u00a0 en la resoluci\u00f3n de problemas cotidianos en donde se han abordado diferentes enunciados con cierta dificultad. El objetivo es la concentraci\u00f3n, la lectura, la relectura, un buen an\u00e1lisis y planteamiento para poder resolver.<\/p>\n<p><img decoding=\"async\" data-attachment-id=\"27403\" data-permalink=\"https:\/\/www.alqueria.es\/blogs\/alqueriasegundociclo\/2023\/01\/21\/semanario-de-4o-semanas-del-9-al-20-de-enero\/14939591_618119271728703_3957813896420449791_o\/\" data-orig-file=\"https:\/\/cloud.alqueria.es\/wp-content\/uploads\/sites\/7\/2023\/01\/14939591_618119271728703_3957813896420449791_o.jpg\" data-orig-size=\"1153,1720\" data-comments-opened=\"1\" data-image-meta=\"{&quot;aperture&quot;:&quot;0&quot;,&quot;credit&quot;:&quot;&quot;,&quot;camera&quot;:&quot;&quot;,&quot;caption&quot;:&quot;&quot;,&quot;created_timestamp&quot;:&quot;0&quot;,&quot;copyright&quot;:&quot;&quot;,&quot;focal_length&quot;:&quot;0&quot;,&quot;iso&quot;:&quot;0&quot;,&quot;shutter_speed&quot;:&quot;0&quot;,&quot;title&quot;:&quot;&quot;,&quot;orientation&quot;:&quot;0&quot;}\" data-image-title=\"14939591_618119271728703_3957813896420449791_o\" data-image-description=\"\" data-image-caption=\"\" data-large-file=\"https:\/\/cloud.alqueria.es\/wp-content\/uploads\/sites\/7\/2023\/01\/14939591_618119271728703_3957813896420449791_o-686x1024.jpg\" class=\"size-medium wp-image-27403 alignleft ls-is-cached lazyloaded\" src=\"https:\/\/cloud.alqueria.es\/wp-content\/uploads\/sites\/7\/2023\/01\/14939591_618119271728703_3957813896420449791_o-201x300.jpg\" alt=\"\" width=\"201\" height=\"300\" data-attachment-id=\"27403\" data-permalink=\"https:\/\/www.alqueria.es\/blogs\/alqueriasegundociclo\/2023\/01\/21\/semanario-de-4o-semanas-del-9-al-20-de-enero\/14939591_618119271728703_3957813896420449791_o\/\" data-orig-file=\"https:\/\/cloud.alqueria.es\/wp-content\/uploads\/sites\/7\/2023\/01\/14939591_618119271728703_3957813896420449791_o.jpg\" data-orig-size=\"1153,1720\" data-comments-opened=\"1\" data-image-meta=\"{&quot;aperture&quot;:&quot;0&quot;,&quot;credit&quot;:&quot;&quot;,&quot;camera&quot;:&quot;&quot;,&quot;caption&quot;:&quot;&quot;,&quot;created_timestamp&quot;:&quot;0&quot;,&quot;copyright&quot;:&quot;&quot;,&quot;focal_length&quot;:&quot;0&quot;,&quot;iso&quot;:&quot;0&quot;,&quot;shutter_speed&quot;:&quot;0&quot;,&quot;title&quot;:&quot;&quot;,&quot;orientation&quot;:&quot;0&quot;}\" data-image-title=\"14939591_618119271728703_3957813896420449791_o\" data-image-description=\"\" data-image-caption=\"\" data-medium-file=\"https:\/\/cloud.alqueria.es\/wp-content\/uploads\/sites\/7\/2023\/01\/14939591_618119271728703_3957813896420449791_o-201x300.jpg\" data-large-file=\"https:\/\/cloud.alqueria.es\/wp-content\/uploads\/sites\/7\/2023\/01\/14939591_618119271728703_3957813896420449791_o-686x1024.jpg\" data-src=\"https:\/\/cloud.alqueria.es\/wp-content\/uploads\/sites\/7\/2023\/01\/14939591_618119271728703_3957813896420449791_o-201x300.jpg\" data-srcset=\"https:\/\/cloud.alqueria.es\/wp-content\/uploads\/sites\/7\/2023\/01\/14939591_618119271728703_3957813896420449791_o-201x300.jpg 201w, https:\/\/cloud.alqueria.es\/wp-content\/uploads\/sites\/7\/2023\/01\/14939591_618119271728703_3957813896420449791_o-686x1024.jpg 686w, https:\/\/cloud.alqueria.es\/wp-content\/uploads\/sites\/7\/2023\/01\/14939591_618119271728703_3957813896420449791_o-768x1146.jpg 768w, https:\/\/cloud.alqueria.es\/wp-content\/uploads\/sites\/7\/2023\/01\/14939591_618119271728703_3957813896420449791_o-1030x1536.jpg 1030w, https:\/\/cloud.alqueria.es\/wp-content\/uploads\/sites\/7\/2023\/01\/14939591_618119271728703_3957813896420449791_o.jpg 1153w\" data-sizes=\"(max-width: 201px) 100vw, 201px\" srcset=\"https:\/\/cloud.alqueria.es\/wp-content\/uploads\/sites\/7\/2023\/01\/14939591_618119271728703_3957813896420449791_o-201x300.jpg 201w, https:\/\/cloud.alqueria.es\/wp-content\/uploads\/sites\/7\/2023\/01\/14939591_618119271728703_3957813896420449791_o-686x1024.jpg 686w, https:\/\/cloud.alqueria.es\/wp-content\/uploads\/sites\/7\/2023\/01\/14939591_618119271728703_3957813896420449791_o-768x1146.jpg 768w, https:\/\/cloud.alqueria.es\/wp-content\/uploads\/sites\/7\/2023\/01\/14939591_618119271728703_3957813896420449791_o-1030x1536.jpg 1030w, https:\/\/cloud.alqueria.es\/wp-content\/uploads\/sites\/7\/2023\/01\/14939591_618119271728703_3957813896420449791_o.jpg 1153w\" sizes=\"(max-width: 201px) 100vw, 201px\" \/><\/p>\n<p>Aparecen enunciados con preguntas que no se pueden resolver por falta de datos. Hay que analizar, comprender lo que est\u00e1 escrito y lo que se nos pide para resolver el problema.<\/p>\n<p>Es muy importante comprender, poder visualizar el problema y si no, se puede hacer uso de un esquema o dibujo para una mejor comprensi\u00f3n.<\/p>\n<h2><span style=\"color: #0000ff\">El clima<\/span><\/h2>\n<p>El tiempo atmosf\u00e9rico que nos acompa\u00f1a durante estos d\u00edas nos est\u00e1 viniendo muy bien para ahondar en el tema que estamos estudiando. Continuamos con el recordatorio contenidos sobre el ciclo del agua y la atm\u00f3sfera que vienen muy bien para comprender mejor la tem\u00e1tica. Para ello hemos contado con numerosos documentales, libros y en especial con la colaboraci\u00f3n de Jaime D. que nos ha expuesto su investicaci\u00f3n sobre \u00abEL clima\u00bb.<\/p>\n<p><img decoding=\"async\" data-attachment-id=\"33804\" data-permalink=\"https:\/\/www.alqueria.es\/blogs\/alqueriasegundociclo\/2026\/01\/25\/semanario-de-4o-semana-del-19-al-23-de-enero-2\/captura-de-pantalla-2026-01-25-a-las-19-38-14\/\" data-orig-file=\"https:\/\/cloud.alqueria.es\/wp-content\/uploads\/sites\/7\/2026\/01\/Captura-de-pantalla-2026-01-25-a-las-19.38.14.png\" data-orig-size=\"828,471\" data-comments-opened=\"1\" data-image-meta=\"{&quot;aperture&quot;:&quot;0&quot;,&quot;credit&quot;:&quot;&quot;,&quot;camera&quot;:&quot;&quot;,&quot;caption&quot;:&quot;&quot;,&quot;created_timestamp&quot;:&quot;0&quot;,&quot;copyright&quot;:&quot;&quot;,&quot;focal_length&quot;:&quot;0&quot;,&quot;iso&quot;:&quot;0&quot;,&quot;shutter_speed&quot;:&quot;0&quot;,&quot;title&quot;:&quot;&quot;,&quot;orientation&quot;:&quot;0&quot;}\" data-image-title=\"Captura de pantalla 2026-01-25 a las 19.38.14\" data-image-description=\"\" data-image-caption=\"\" data-large-file=\"https:\/\/cloud.alqueria.es\/wp-content\/uploads\/sites\/7\/2026\/01\/Captura-de-pantalla-2026-01-25-a-las-19.38.14.png\" class=\"ls-is-cached lazyloaded aligncenter wp-image-33804 size-medium\" src=\"https:\/\/cloud.alqueria.es\/wp-content\/uploads\/sites\/7\/2026\/01\/Captura-de-pantalla-2026-01-25-a-las-19.38.14-300x171.png\" alt=\"\" width=\"300\" height=\"171\" data-attachment-id=\"27404\" data-permalink=\"https:\/\/www.alqueria.es\/blogs\/alqueriasegundociclo\/2023\/01\/21\/semanario-de-4o-semanas-del-9-al-20-de-enero\/captura-de-pantalla-2023-01-16-a-las-12-55-08\/\" data-orig-file=\"https:\/\/cloud.alqueria.es\/wp-content\/uploads\/sites\/7\/2023\/01\/Captura-de-pantalla-2023-01-16-a-las-12.55.08.png\" data-orig-size=\"889,508\" data-comments-opened=\"1\" data-image-meta=\"{&quot;aperture&quot;:&quot;0&quot;,&quot;credit&quot;:&quot;&quot;,&quot;camera&quot;:&quot;&quot;,&quot;caption&quot;:&quot;&quot;,&quot;created_timestamp&quot;:&quot;0&quot;,&quot;copyright&quot;:&quot;&quot;,&quot;focal_length&quot;:&quot;0&quot;,&quot;iso&quot;:&quot;0&quot;,&quot;shutter_speed&quot;:&quot;0&quot;,&quot;title&quot;:&quot;&quot;,&quot;orientation&quot;:&quot;0&quot;}\" data-image-title=\"Captura de pantalla 2023-01-16 a las 12.55.08\" data-image-description=\"\" data-image-caption=\"\" data-medium-file=\"https:\/\/cloud.alqueria.es\/wp-content\/uploads\/sites\/7\/2023\/01\/Captura-de-pantalla-2023-01-16-a-las-12.55.08-300x171.png\" data-large-file=\"https:\/\/cloud.alqueria.es\/wp-content\/uploads\/sites\/7\/2023\/01\/Captura-de-pantalla-2023-01-16-a-las-12.55.08.png\" data-src=\"https:\/\/cloud.alqueria.es\/wp-content\/uploads\/sites\/7\/2023\/01\/Captura-de-pantalla-2023-01-16-a-las-12.55.08-300x171.png\" data-srcset=\"https:\/\/cloud.alqueria.es\/wp-content\/uploads\/sites\/7\/2023\/01\/Captura-de-pantalla-2023-01-16-a-las-12.55.08-300x171.png 300w, https:\/\/cloud.alqueria.es\/wp-content\/uploads\/sites\/7\/2023\/01\/Captura-de-pantalla-2023-01-16-a-las-12.55.08-768x439.png 768w, https:\/\/cloud.alqueria.es\/wp-content\/uploads\/sites\/7\/2023\/01\/Captura-de-pantalla-2023-01-16-a-las-12.55.08.png 889w\" data-sizes=\"(max-width: 300px) 100vw, 300px\" srcset=\"https:\/\/cloud.alqueria.es\/wp-content\/uploads\/sites\/7\/2026\/01\/Captura-de-pantalla-2026-01-25-a-las-19.38.14-300x171.png 300w, https:\/\/cloud.alqueria.es\/wp-content\/uploads\/sites\/7\/2026\/01\/Captura-de-pantalla-2026-01-25-a-las-19.38.14-768x437.png 768w, https:\/\/cloud.alqueria.es\/wp-content\/uploads\/sites\/7\/2026\/01\/Captura-de-pantalla-2026-01-25-a-las-19.38.14.png 828w\" sizes=\"(max-width: 300px) 100vw, 300px\" \/><\/p>\n<p>&nbsp;<\/p>\n<p>Durante estos d\u00edas terminaremos\u00a0 el trabajo sobre la tem\u00e1tica, en especial, analizaremos y experimentaremos sobre el tiempo atmosf\u00e9rico, nada mejor para aprender y comprender el an\u00e1lisis del tiempo que est\u00e1 realizando estos d\u00edas.<\/p>\n<h2><span style=\"color: #0000ff\">Animaci\u00f3n a la lectura<\/span><\/h2>\n<p>Con la\u00a0<b>lectura expresiva<\/b>, se pretende ir desarrollando el proceso de ense\u00f1anza aprendizaje, contribuyendo al desarrollo articulatorio, de entonaci\u00f3n y\u00a0<b>expresividad<\/b>; a la modulaci\u00f3n de la velocidad de la\u00a0<b>lectura\u00a0<\/b>respetando los signos; la transmisi\u00f3n de la emotividad, evitar el miedo esc\u00e9nico \u2026<\/p>\n<div class=\"page\" title=\"Page 3\">\n<div class=\"layoutArea\">\n<div class=\"column\">\n<p><em>\u00abJuan Ram\u00f3n Monta\u00f1o es del criterio de que los significados del texto suelen descubrirse a trav\u00e9s de tres fines u objetivos: Primero: La lectura para obtener informaci\u00f3n, para saber; segundo: La lectura para opinar, interactuar y para actuar; tercero: La lectura para entretenerse, para gozar, para crear, para jugar y para recrearse\u00bb.(Monta\u00f1o, 2012, p.14)<\/em><\/p>\n<\/div>\n<\/div>\n<\/div>\n<p>Continuamos diariamente el trabajo sobre la lectura buscando los distintos fines descritos y se ve la necesidad de continuar con el proceso de aprendizaje.<\/p>\n<p>En clase se profundiza sobre la lectura expresiva. Aparecen nuevos textos en donde el vocabulario nuevo y desconocido juega un papel muy importante a la hora de leer adecuadamente.<\/p>\n<p>Procuramos leer en voz alta diariamente para una mayor familiarizaci\u00f3n con la actividad, pero no hay que olvidar ensayar esas lectura que llevan en sus archivadores para poder continuar participado lo mejor posible en la actividad ante el gran grupo.<\/p>\n<h2><span style=\"color: #0000ff\">La expresi\u00f3n escrita<\/span><\/h2>\n<div class=\"apartado\">\n<p>Durante estos d\u00edas se ha culminado el trabajo relacionado con las investigaciones, exposiciones y la adaptaci\u00f3n de <span style=\"color: #800080\"><em>\u00abLos trabajos de Heracles\u00bb.<\/em><\/span><\/p>\n<p>\u00c1ngel nos expuso el viaje al Hades de Heracles para realizar su \u00faltimo trabajo que consist\u00eda en capturar vivo a Cancerbero.<\/p>\n<\/div>\n<p><img decoding=\"async\" data-attachment-id=\"33805\" data-permalink=\"https:\/\/www.alqueria.es\/blogs\/alqueriasegundociclo\/2026\/01\/25\/semanario-de-4o-semana-del-19-al-23-de-enero-2\/captura-de-pantalla-2026-01-25-a-las-19-53-02\/\" data-orig-file=\"https:\/\/cloud.alqueria.es\/wp-content\/uploads\/sites\/7\/2026\/01\/Captura-de-pantalla-2026-01-25-a-las-19.53.02.png\" data-orig-size=\"867,469\" data-comments-opened=\"1\" data-image-meta=\"{&quot;aperture&quot;:&quot;0&quot;,&quot;credit&quot;:&quot;&quot;,&quot;camera&quot;:&quot;&quot;,&quot;caption&quot;:&quot;&quot;,&quot;created_timestamp&quot;:&quot;0&quot;,&quot;copyright&quot;:&quot;&quot;,&quot;focal_length&quot;:&quot;0&quot;,&quot;iso&quot;:&quot;0&quot;,&quot;shutter_speed&quot;:&quot;0&quot;,&quot;title&quot;:&quot;&quot;,&quot;orientation&quot;:&quot;0&quot;}\" data-image-title=\"Captura de pantalla 2026-01-25 a las 19.53.02\" data-image-description=\"\" data-image-caption=\"\" data-large-file=\"https:\/\/cloud.alqueria.es\/wp-content\/uploads\/sites\/7\/2026\/01\/Captura-de-pantalla-2026-01-25-a-las-19.53.02.png\" class=\"lazyautosizes lazyloaded wp-image-33805 size-medium alignleft\" src=\"https:\/\/cloud.alqueria.es\/wp-content\/uploads\/sites\/7\/2026\/01\/Captura-de-pantalla-2026-01-25-a-las-19.53.02-300x162.png\" alt=\"\" width=\"300\" height=\"162\" data-attachment-id=\"27482\" data-permalink=\"https:\/\/www.alqueria.es\/blogs\/alqueriasegundociclo\/2023\/02\/04\/semanario-de-4o-primera-semana-de-febrero\/captura-de-pantalla-2023-02-04-a-las-10-06-48\/\" data-orig-file=\"https:\/\/cloud.alqueria.es\/wp-content\/uploads\/sites\/7\/2023\/02\/Captura-de-pantalla-2023-02-04-a-las-10.06.48.png\" data-orig-size=\"890,516\" data-comments-opened=\"1\" data-image-meta=\"{&quot;aperture&quot;:&quot;0&quot;,&quot;credit&quot;:&quot;&quot;,&quot;camera&quot;:&quot;&quot;,&quot;caption&quot;:&quot;&quot;,&quot;created_timestamp&quot;:&quot;0&quot;,&quot;copyright&quot;:&quot;&quot;,&quot;focal_length&quot;:&quot;0&quot;,&quot;iso&quot;:&quot;0&quot;,&quot;shutter_speed&quot;:&quot;0&quot;,&quot;title&quot;:&quot;&quot;,&quot;orientation&quot;:&quot;0&quot;}\" data-image-title=\"Captura de pantalla 2023-02-04 a las 10.06.48\" data-image-description=\"\" data-image-caption=\"\" data-medium-file=\"https:\/\/cloud.alqueria.es\/wp-content\/uploads\/sites\/7\/2023\/02\/Captura-de-pantalla-2023-02-04-a-las-10.06.48-300x174.png\" data-large-file=\"https:\/\/cloud.alqueria.es\/wp-content\/uploads\/sites\/7\/2023\/02\/Captura-de-pantalla-2023-02-04-a-las-10.06.48.png\" data-src=\"https:\/\/cloud.alqueria.es\/wp-content\/uploads\/sites\/7\/2023\/02\/Captura-de-pantalla-2023-02-04-a-las-10.06.48-300x174.png\" data-srcset=\"https:\/\/cloud.alqueria.es\/wp-content\/uploads\/sites\/7\/2023\/02\/Captura-de-pantalla-2023-02-04-a-las-10.06.48-300x174.png 300w, https:\/\/cloud.alqueria.es\/wp-content\/uploads\/sites\/7\/2023\/02\/Captura-de-pantalla-2023-02-04-a-las-10.06.48-768x445.png 768w, https:\/\/cloud.alqueria.es\/wp-content\/uploads\/sites\/7\/2023\/02\/Captura-de-pantalla-2023-02-04-a-las-10.06.48.png 890w\" data-sizes=\"auto\" data-eio-rwidth=\"300\" data-eio-rheight=\"174\" srcset=\"https:\/\/cloud.alqueria.es\/wp-content\/uploads\/sites\/7\/2026\/01\/Captura-de-pantalla-2026-01-25-a-las-19.53.02-300x162.png 300w, https:\/\/cloud.alqueria.es\/wp-content\/uploads\/sites\/7\/2026\/01\/Captura-de-pantalla-2026-01-25-a-las-19.53.02-768x415.png 768w, https:\/\/cloud.alqueria.es\/wp-content\/uploads\/sites\/7\/2026\/01\/Captura-de-pantalla-2026-01-25-a-las-19.53.02.png 867w\" sizes=\"(max-width: 300px) 100vw, 300px\" \/><\/p>\n<ul>\n<li>Tras sentirse liberado y haber cumplido con su penitencia, Heracles tuvo cierta tranquilidad en su vida, no obstante a\u00fan le quedaban grandes aventuras.<\/li>\n<li>Analizamos la vida del h\u00e9roe y valoramos su constancia, esfuerzo, sacrificio a lo largo de todos sus trabajos.<\/li>\n<\/ul>\n<p><img decoding=\"async\" data-attachment-id=\"33806\" data-permalink=\"https:\/\/www.alqueria.es\/blogs\/alqueriasegundociclo\/2026\/01\/25\/semanario-de-4o-semana-del-19-al-23-de-enero-2\/captura-de-pantalla-2026-01-25-a-las-19-53-20\/\" data-orig-file=\"https:\/\/cloud.alqueria.es\/wp-content\/uploads\/sites\/7\/2026\/01\/Captura-de-pantalla-2026-01-25-a-las-19.53.20.png\" data-orig-size=\"827,474\" data-comments-opened=\"1\" data-image-meta=\"{&quot;aperture&quot;:&quot;0&quot;,&quot;credit&quot;:&quot;&quot;,&quot;camera&quot;:&quot;&quot;,&quot;caption&quot;:&quot;&quot;,&quot;created_timestamp&quot;:&quot;0&quot;,&quot;copyright&quot;:&quot;&quot;,&quot;focal_length&quot;:&quot;0&quot;,&quot;iso&quot;:&quot;0&quot;,&quot;shutter_speed&quot;:&quot;0&quot;,&quot;title&quot;:&quot;&quot;,&quot;orientation&quot;:&quot;0&quot;}\" data-image-title=\"Captura de pantalla 2026-01-25 a las 19.53.20\" data-image-description=\"\" data-image-caption=\"\" data-large-file=\"https:\/\/cloud.alqueria.es\/wp-content\/uploads\/sites\/7\/2026\/01\/Captura-de-pantalla-2026-01-25-a-las-19.53.20.png\" class=\"lazyloaded wp-image-33806 size-medium alignright\" src=\"https:\/\/cloud.alqueria.es\/wp-content\/uploads\/sites\/7\/2026\/01\/Captura-de-pantalla-2026-01-25-a-las-19.53.20-300x172.png\" alt=\"\" width=\"300\" height=\"172\" data-attachment-id=\"27483\" data-permalink=\"https:\/\/www.alqueria.es\/blogs\/alqueriasegundociclo\/2023\/02\/04\/semanario-de-4o-primera-semana-de-febrero\/captura-de-pantalla-2023-02-04-a-las-10-17-57\/\" data-orig-file=\"https:\/\/cloud.alqueria.es\/wp-content\/uploads\/sites\/7\/2023\/02\/Captura-de-pantalla-2023-02-04-a-las-10.17.57.png\" data-orig-size=\"891,508\" data-comments-opened=\"1\" data-image-meta=\"{&quot;aperture&quot;:&quot;0&quot;,&quot;credit&quot;:&quot;&quot;,&quot;camera&quot;:&quot;&quot;,&quot;caption&quot;:&quot;&quot;,&quot;created_timestamp&quot;:&quot;0&quot;,&quot;copyright&quot;:&quot;&quot;,&quot;focal_length&quot;:&quot;0&quot;,&quot;iso&quot;:&quot;0&quot;,&quot;shutter_speed&quot;:&quot;0&quot;,&quot;title&quot;:&quot;&quot;,&quot;orientation&quot;:&quot;0&quot;}\" data-image-title=\"Captura de pantalla 2023-02-04 a las 10.17.57\" data-image-description=\"\" data-image-caption=\"\" data-medium-file=\"https:\/\/cloud.alqueria.es\/wp-content\/uploads\/sites\/7\/2023\/02\/Captura-de-pantalla-2023-02-04-a-las-10.17.57-300x171.png\" data-large-file=\"https:\/\/cloud.alqueria.es\/wp-content\/uploads\/sites\/7\/2023\/02\/Captura-de-pantalla-2023-02-04-a-las-10.17.57.png\" data-src=\"https:\/\/cloud.alqueria.es\/wp-content\/uploads\/sites\/7\/2023\/02\/Captura-de-pantalla-2023-02-04-a-las-10.17.57-300x171.png\" data-srcset=\"https:\/\/cloud.alqueria.es\/wp-content\/uploads\/sites\/7\/2023\/02\/Captura-de-pantalla-2023-02-04-a-las-10.17.57-300x171.png 300w, https:\/\/cloud.alqueria.es\/wp-content\/uploads\/sites\/7\/2023\/02\/Captura-de-pantalla-2023-02-04-a-las-10.17.57-768x438.png 768w, https:\/\/cloud.alqueria.es\/wp-content\/uploads\/sites\/7\/2023\/02\/Captura-de-pantalla-2023-02-04-a-las-10.17.57.png 891w\" data-sizes=\"(max-width: 300px) 100vw, 300px\" srcset=\"https:\/\/cloud.alqueria.es\/wp-content\/uploads\/sites\/7\/2026\/01\/Captura-de-pantalla-2026-01-25-a-las-19.53.20-300x172.png 300w, https:\/\/cloud.alqueria.es\/wp-content\/uploads\/sites\/7\/2026\/01\/Captura-de-pantalla-2026-01-25-a-las-19.53.20-768x440.png 768w, https:\/\/cloud.alqueria.es\/wp-content\/uploads\/sites\/7\/2026\/01\/Captura-de-pantalla-2026-01-25-a-las-19.53.20.png 827w\" sizes=\"(max-width: 300px) 100vw, 300px\" \/><\/p>\n<p>Naia ha puesto el punto y final con la tr\u00e1gica muerte del h\u00e9roe y el reconocimiento supremo de la diosa Hera que termin\u00f3 valorando su heroicidad ofreci\u00e9ndole la inmortalidad y la mano de su hija Hebe, diosa de la juventud.<\/p>\n<p>A lo largo de todo el trabajo relacionado con el texto escrito se ha conseguido que el alumnado sea capaz \u00a0de expresar, a trav\u00e9s de una redacci\u00f3n o composici\u00f3n, clara y fluida, los aspectos sustanciales, sea capaz de distinguir lo b\u00e1sico (ideas principales), ordenarlas y realizar un texto creativo con amplitud y riqueza de vocabulario.<\/p>\n<p><em><b>Ha sido de gran satisfacci\u00f3n el logro de la planificaci\u00f3n, la adecuaci\u00f3n, la coherencia y cohesi\u00f3n del escrito, la autocorrecci\u00f3n y la riqueza de recursos.<\/b><\/em><\/p>\n<p>En las sesiones sucesivas se analizar\u00e1 el trabajo realizado desde el principio y lo culminaremos con la creaci\u00f3n del libro personal.<\/p>\n<h2><span style=\"color: #ff6600\">El uso de la tilde.<\/span><\/h2>\n<p>Volvemos a recordar:<\/p>\n<ul>\n<li style=\"list-style-type: none\">\n<ul>\n<li style=\"list-style-type: none\">\n<ul>\n<li style=\"list-style-type: none\">\n<ul>\n<li style=\"list-style-type: none\">\n<ul>\n<li style=\"list-style-type: none\">\n<ul>\n<li style=\"list-style-type: none\">\n<ul>\n<li style=\"list-style-type: none\">\n<ul>\n<li>Las s\u00edlabas.<\/li>\n<li>Separaci\u00f3n de s\u00edlabas.<\/li>\n<li>B\u00fasqueda de la s\u00edlaba t\u00f3nica.<\/li>\n<li>An\u00e1lisis de la palabra seg\u00fan el lugar que ocupa la s\u00edlaba t\u00f3nica.<\/li>\n<li>Palabras agudas, llanas y esdr\u00fajulas.<\/li>\n<li>Las reglas de acentuaci\u00f3n seg\u00fan la palabra.<\/li>\n<\/ul>\n<\/li>\n<\/ul>\n<\/li>\n<\/ul>\n<\/li>\n<\/ul>\n<\/li>\n<\/ul>\n<\/li>\n<\/ul>\n<\/li>\n<\/ul>\n<\/li>\n<\/ul>\n<p><span style=\"color: #008000\">Diptongos e hiatos<\/span><\/p>\n<p><img decoding=\"async\" data-attachment-id=\"33807\" data-permalink=\"https:\/\/www.alqueria.es\/blogs\/alqueriasegundociclo\/2026\/01\/25\/semanario-de-4o-semana-del-19-al-23-de-enero-2\/captura-de-pantalla-2026-01-25-a-las-19-59-15\/\" data-orig-file=\"https:\/\/cloud.alqueria.es\/wp-content\/uploads\/sites\/7\/2026\/01\/Captura-de-pantalla-2026-01-25-a-las-19.59.15.png\" data-orig-size=\"1024,535\" data-comments-opened=\"1\" data-image-meta=\"{&quot;aperture&quot;:&quot;0&quot;,&quot;credit&quot;:&quot;&quot;,&quot;camera&quot;:&quot;&quot;,&quot;caption&quot;:&quot;&quot;,&quot;created_timestamp&quot;:&quot;0&quot;,&quot;copyright&quot;:&quot;&quot;,&quot;focal_length&quot;:&quot;0&quot;,&quot;iso&quot;:&quot;0&quot;,&quot;shutter_speed&quot;:&quot;0&quot;,&quot;title&quot;:&quot;&quot;,&quot;orientation&quot;:&quot;0&quot;}\" data-image-title=\"Captura de pantalla 2026-01-25 a las 19.59.15\" data-image-description=\"\" data-image-caption=\"\" data-large-file=\"https:\/\/cloud.alqueria.es\/wp-content\/uploads\/sites\/7\/2026\/01\/Captura-de-pantalla-2026-01-25-a-las-19.59.15.png\" class=\"lazyloaded aligncenter wp-image-33807 size-full\" src=\"https:\/\/cloud.alqueria.es\/wp-content\/uploads\/sites\/7\/2026\/01\/Captura-de-pantalla-2026-01-25-a-las-19.59.15.png\" alt=\"\" width=\"1024\" height=\"535\" data-attachment-id=\"27418\" data-permalink=\"https:\/\/www.alqueria.es\/blogs\/alqueriasegundociclo\/2023\/01\/21\/semanario-de-4o-semanas-del-9-al-20-de-enero\/whatsapp-image-2023-01-20-at-19-05-30\/\" data-orig-file=\"https:\/\/cloud.alqueria.es\/wp-content\/uploads\/sites\/7\/2023\/01\/WhatsApp-Image-2023-01-20-at-19.05.30.jpeg\" data-orig-size=\"2048,1536\" data-comments-opened=\"1\" data-image-meta=\"{&quot;aperture&quot;:&quot;0&quot;,&quot;credit&quot;:&quot;&quot;,&quot;camera&quot;:&quot;&quot;,&quot;caption&quot;:&quot;&quot;,&quot;created_timestamp&quot;:&quot;0&quot;,&quot;copyright&quot;:&quot;&quot;,&quot;focal_length&quot;:&quot;0&quot;,&quot;iso&quot;:&quot;0&quot;,&quot;shutter_speed&quot;:&quot;0&quot;,&quot;title&quot;:&quot;&quot;,&quot;orientation&quot;:&quot;0&quot;}\" data-image-title=\"WhatsApp Image 2023-01-20 at 19.05.30\" data-image-description=\"\" data-image-caption=\"\" data-medium-file=\"https:\/\/cloud.alqueria.es\/wp-content\/uploads\/sites\/7\/2023\/01\/WhatsApp-Image-2023-01-20-at-19.05.30-300x225.jpeg\" data-large-file=\"https:\/\/cloud.alqueria.es\/wp-content\/uploads\/sites\/7\/2023\/01\/WhatsApp-Image-2023-01-20-at-19.05.30-1024x768.jpeg\" data-src=\"https:\/\/cloud.alqueria.es\/wp-content\/uploads\/sites\/7\/2023\/01\/WhatsApp-Image-2023-01-20-at-19.05.30-300x225.jpeg\" data-srcset=\"https:\/\/cloud.alqueria.es\/wp-content\/uploads\/sites\/7\/2023\/01\/WhatsApp-Image-2023-01-20-at-19.05.30-300x225.jpeg 300w, https:\/\/cloud.alqueria.es\/wp-content\/uploads\/sites\/7\/2023\/01\/WhatsApp-Image-2023-01-20-at-19.05.30-1024x768.jpeg 1024w, https:\/\/cloud.alqueria.es\/wp-content\/uploads\/sites\/7\/2023\/01\/WhatsApp-Image-2023-01-20-at-19.05.30-768x576.jpeg 768w, https:\/\/cloud.alqueria.es\/wp-content\/uploads\/sites\/7\/2023\/01\/WhatsApp-Image-2023-01-20-at-19.05.30-1536x1152.jpeg 1536w, https:\/\/cloud.alqueria.es\/wp-content\/uploads\/sites\/7\/2023\/01\/WhatsApp-Image-2023-01-20-at-19.05.30.jpeg 2048w\" data-sizes=\"(max-width: 300px) 100vw, 300px\" srcset=\"https:\/\/cloud.alqueria.es\/wp-content\/uploads\/sites\/7\/2026\/01\/Captura-de-pantalla-2026-01-25-a-las-19.59.15.png 1024w, https:\/\/cloud.alqueria.es\/wp-content\/uploads\/sites\/7\/2026\/01\/Captura-de-pantalla-2026-01-25-a-las-19.59.15-300x157.png 300w, https:\/\/cloud.alqueria.es\/wp-content\/uploads\/sites\/7\/2026\/01\/Captura-de-pantalla-2026-01-25-a-las-19.59.15-768x401.png 768w\" sizes=\"(max-width: 1024px) 100vw, 1024px\" \/><\/p>\n<p>Los diptongos y los hiatos\u00a0es una nueva incorporaci\u00f3n de este curso. Se ha dedicado tiempo a buscar palabras que tengan dos vocales juntas y a aprender a distinguirlas seg\u00fan diptongo o hiato. Se trabaja c\u00f3mo se acent\u00faan.<\/p>\n<p>Buscamos numerosas palabras que tengan vocales juntas y se juega a distinguirlas seg\u00fan diptongo o hiato y si llevan tilde o no.<\/p>\n<p style=\"text-align: center\"><span style=\"color: #800080\"><em>\u00a1Menudo lio!<\/em><\/span><\/p>\n<p>Continuaremos afianzando lo trabajado ya que se necesita tiempo de comprensi\u00f3n y asimilaci\u00f3n.<\/p>\n<h2 style=\"text-align: center\"><span style=\"color: #0000ff\">\u00bfC\u00f3mo aprender a quejarnos?<\/span><\/h2>\n<p>Los conflictos diarios son buenos para poder aprender a afrontarlos y buscar soluciones. Se trabaja el c\u00f3mo hablar, c\u00f3mo poder expresarse y comentar diferentes aspectos con las dem\u00e1s personas. Lo importante es poder decir lo que se piensa, lo que se siente sin hacer da\u00f1o.<\/p>\n<p>Hacemos uso de\u00a0 una herramienta que funciona muy bien, es \u00abla t\u00e9cnica del sandwich\u00bb.<\/p>\n<p style=\"text-align: center\"><span style=\"color: #800080\"><b>Se puede expresar una cr\u00edtica a una conducta del otro, introduciendo antes y despu\u00e9s de \u00e9sta dos mensajes positivos<\/b>.<\/span><\/p>\n<div id=\"y3D-Y8qKG6qDkdUPrui_mAM__22\">\n<div class=\"wDYxhc\" data-md=\"61\">\n<div class=\"LGOjhe\" role=\"heading\" data-attrid=\"wa:\/description\" data-hveid=\"CB8QAA\"><em><span class=\"ILfuVd\" lang=\"es\"><span class=\"hgKElc\">Vamos a empatizar con la persona a la que me voy a dirigir, voy a ponerme en su lugar, voy a hacerle entender que comprendo su opini\u00f3n, situaci\u00f3n, sus razones y expreso de manera objetiva lo que ocurre. Posteriormente se expresa el sentir de esa situaci\u00f3n, el c\u00f3mo me siento, el c\u00f3mo me afecta, y posteriormente expreso mi deseo o mi decisi\u00f3n para poder solucionarlo.<\/span><\/span><\/em><\/div>\n<\/div>\n<div role=\"heading\" data-attrid=\"wa:\/description\" data-hveid=\"CB8QAA\">Esta t\u00e9cnica se trabaja a diario a nivel personal con los componentes que se han visto en un conflicto y se anima a ponerlo\u00a0 en pr\u00e1ctica todas aquellas veces que sea necesario para poder resolver las situaciones que nos disgustan.<\/div>\n<\/div>\n<div role=\"heading\" data-attrid=\"wa:\/description\" data-hveid=\"CB8QAA\"><\/div>\n<div role=\"heading\" data-attrid=\"wa:\/description\" data-hveid=\"CB8QAA\">Sin m\u00e1s.<\/div>\n<div role=\"heading\" data-attrid=\"wa:\/description\" data-hveid=\"CB8QAA\">Un saludo.<\/div>\n<div role=\"heading\" data-attrid=\"wa:\/description\" data-hveid=\"CB8QAA\">Juanjo<\/div>\n","protected":false},"excerpt":{"rendered":"<p>Estimadas familias, continuamos con emocionantes trabajos y grandes logros. \u00c1rea de matem\u00e1ticas Continuamos profundizando en las fracciones. Hay gran dominio de la lectura y la escritura y nos centramos\u00a0 en la resoluci\u00f3n de problemas cotidianos en donde se han abordado diferentes enunciados con cierta dificultad. El objetivo es la concentraci\u00f3n, la lectura, la relectura, un &hellip; <a href=\"https:\/\/www.alqueria.es\/blogs\/alqueriasegundociclo\/2026\/01\/25\/semanario-de-4o-semana-del-19-al-23-de-enero-2\/\" class=\"more-link\">Seguir leyendo <span class=\"screen-reader-text\">Semanario de 4\u00ba. Semana del 19 al 23 de enero<\/span> <span class=\"meta-nav\">&rarr;<\/span><\/a><\/p>\n","protected":false},"author":16,"featured_media":0,"comment_status":"open","ping_status":"open","sticky":false,"template":"","format":"standard","meta":{"jetpack_post_was_ever_published":false,"_jetpack_newsletter_access":"","_jetpack_dont_email_post_to_subs":false,"_jetpack_newsletter_tier_id":0,"_jetpack_memberships_contains_paywalled_content":false,"_jetpack_memberships_contains_paid_content":false,"footnotes":"","jetpack_publicize_message":"","jetpack_publicize_feature_enabled":true,"jetpack_social_post_already_shared":true,"jetpack_social_options":{"image_generator_settings":{"template":"highway","default_image_id":0,"font":"","enabled":false},"version":2}},"categories":[6,60],"tags":[],"class_list":["post-33803","post","type-post","status-publish","format-standard","hentry","category-4o-epo","category-semanario-4o"],"jetpack_publicize_connections":[],"jetpack_featured_media_url":"","jetpack_sharing_enabled":true,"jetpack_shortlink":"https:\/\/wp.me\/p4lw4c-8Nd","_links":{"self":[{"href":"https:\/\/www.alqueria.es\/blogs\/alqueriasegundociclo\/wp-json\/wp\/v2\/posts\/33803","targetHints":{"allow":["GET"]}}],"collection":[{"href":"https:\/\/www.alqueria.es\/blogs\/alqueriasegundociclo\/wp-json\/wp\/v2\/posts"}],"about":[{"href":"https:\/\/www.alqueria.es\/blogs\/alqueriasegundociclo\/wp-json\/wp\/v2\/types\/post"}],"author":[{"embeddable":true,"href":"https:\/\/www.alqueria.es\/blogs\/alqueriasegundociclo\/wp-json\/wp\/v2\/users\/16"}],"replies":[{"embeddable":true,"href":"https:\/\/www.alqueria.es\/blogs\/alqueriasegundociclo\/wp-json\/wp\/v2\/comments?post=33803"}],"version-history":[{"count":1,"href":"https:\/\/www.alqueria.es\/blogs\/alqueriasegundociclo\/wp-json\/wp\/v2\/posts\/33803\/revisions"}],"predecessor-version":[{"id":33808,"href":"https:\/\/www.alqueria.es\/blogs\/alqueriasegundociclo\/wp-json\/wp\/v2\/posts\/33803\/revisions\/33808"}],"wp:attachment":[{"href":"https:\/\/www.alqueria.es\/blogs\/alqueriasegundociclo\/wp-json\/wp\/v2\/media?parent=33803"}],"wp:term":[{"taxonomy":"category","embeddable":true,"href":"https:\/\/www.alqueria.es\/blogs\/alqueriasegundociclo\/wp-json\/wp\/v2\/categories?post=33803"},{"taxonomy":"post_tag","embeddable":true,"href":"https:\/\/www.alqueria.es\/blogs\/alqueriasegundociclo\/wp-json\/wp\/v2\/tags?post=33803"}],"curies":[{"name":"wp","href":"https:\/\/api.w.org\/{rel}","templated":true}]}}