{"id":34172,"date":"2026-03-15T20:06:10","date_gmt":"2026-03-15T19:06:10","guid":{"rendered":"https:\/\/www.alqueria.es\/blogs\/alqueriasegundociclo\/?p=34172"},"modified":"2026-03-15T20:06:10","modified_gmt":"2026-03-15T19:06:10","slug":"explorando-el-planeta-y-el-tiempo","status":"publish","type":"post","link":"https:\/\/www.alqueria.es\/blogs\/alqueriasegundociclo\/2026\/03\/15\/explorando-el-planeta-y-el-tiempo\/","title":{"rendered":"\u00a1Explorando el planeta y el tiempo!"},"content":{"rendered":"<h5 class=\"my-2 [&amp;+p]:mt-4 [&amp;_strong:has(+br)]:inline-block [&amp;_strong:has(+br)]:pb-2\" style=\"text-align: center\"><span style=\"color: #0000ff\"><strong>Aprendiendo a manejar el tiempo: calendario y reloj<\/strong><\/span><\/h5>\n<p>En clase seguimos dedicando tiempo a reforzar el c\u00e1lculo y el manejo del tiempo, dos herramientas matem\u00e1ticas muy presentes en la vida cotidiana.<\/p>\n<p>Por un lado, continuamos repasando y practicando las <strong>tablas de multiplicar,<\/strong> ya que aparecen constantemente cuando realizamos operaciones y resolvemos problemas. A lo largo de la semana trabajamos sumas, restas y multiplicaciones, y realizamos ejercicios de c\u00e1lculo r\u00e1pido que nos ayudan a ganar agilidad y seguridad.<\/p>\n<p><img decoding=\"async\" src=\"https:\/\/media.istockphoto.com\/id\/1193561436\/es\/vector\/tabla-de-multiplicaci%C3%B3n-cuadrado-de-multiplicaci%C3%B3n-multicolor-ilustraciones-vectoriales-para.jpg?s=1024x1024&amp;w=is&amp;k=20&amp;c=NxDyca8tChhZgNpt1RTC7Qxjh5bmBuAseV4R23ZBjh8=\" alt=\"tabla de multiplicaci\u00f3n, cuadrado de multiplicaci\u00f3n multicolor. ilustraciones vectoriales para imprimir en libros de texto, carteles, tarjetas para ni\u00f1os. materiales educativos para los escolares. - arte vectorial de Aprender libre de derechos\" \/><\/p>\n<p>Tambi\u00e9n estamos dedicando especial trabajo al <strong>uso del calendario<\/strong>. Aprendemos a situarnos en el tiempo identificando los <strong>d\u00edas de la<\/strong> s<strong>emana, los meses del a\u00f1o, cu\u00e1ntos d\u00edas tiene cada mes, el orden de las estaciones y los periodos que corresponden a cada una<\/strong>. Manejar correctamente el calendario es una habilidad muy importante para organizar nuestra vida diaria.<\/p>\n<p>Adem\u00e1s, trabajamos la <strong>lectura del reloj,<\/strong> tanto anal\u00f3gico como digital. Practicamos c\u00f3mo leer la hora y resolvemos peque\u00f1os problemas relacionados con el tiempo: cu\u00e1nto falta para una actividad, cu\u00e1nto dura una tarea o a qu\u00e9 hora comienza o termina algo.<\/p>\n<p><img decoding=\"async\" src=\"https:\/\/media.istockphoto.com\/id\/1255670566\/es\/foto\/el-primer-plano-del-calendario-y-el-reloj-despertador-en-la-mesa-amarilla-la-planificaci%C3%B3n.jpg?s=612x612&amp;w=0&amp;k=20&amp;c=znCuF2M-JDWhKEPGfa2t3Uvbu1xFdbItm3IiPTKJT4k=\" alt=\"el primer plano del calendario y el reloj despertador en la mesa amarilla, la planificaci\u00f3n para la reuni\u00f3n de negocios o el concepto de planificaci\u00f3n de viajes - reloj y calendario fotograf\u00edas e im\u00e1genes de stock\" \/><\/p>\n<p>Desde casa tambi\u00e9n se puede reforzar este aprendizaje. Es muy positivo hacer que los ni\u00f1os y ni\u00f1as lean el reloj y hablen sobre el tiempo en situaciones cotidianas: preguntar qu\u00e9 hora es, cu\u00e1nto falta para salir, cu\u00e1nto dura un trayecto o a qu\u00e9 hora comienza una actividad. Estas peque\u00f1as conversaciones ayudan mucho a asimilar mejor el paso del tiempo y el uso de la hora en la vida diaria.<\/p>\n<p>Para avanzar en matem\u00e1ticas sabemos que hay algunas claves importantes. La primera es practicar con frecuencia, ya que cuanto m\u00e1s se ejercitan los contenidos, mayor soltura se adquiere. Tambi\u00e9n es fundamental revisar los errores, detenerse en el proceso y comprender en qu\u00e9 paso nos hemos equivocado para no repetir el mismo fallo.<\/p>\n<p>Igualmente, es importante comprender bien los conceptos y los enunciados de los problemas, realizando una lectura atenta antes de aplicar las operaciones necesarias. Cuando surge alguna dificultad, preguntar y compartir dudas con los compa\u00f1eros y compa\u00f1eras resulta muy \u00fatil, ya que el aprendizaje tambi\u00e9n se construye de forma colaborativa.<\/p>\n<h5 class=\"my-2 [&amp;+p]:mt-4 [&amp;_strong:has(+br)]:inline-block [&amp;_strong:has(+br)]:pb-2\" style=\"text-align: center\"><span style=\"color: #008000\"><strong>Geosfera, hidrosfera y el ciclo del agua<\/strong><\/span><\/h5>\n<p class=\"my-2 [&amp;+p]:mt-4 [&amp;_strong:has(+br)]:inline-block [&amp;_strong:has(+br)]:pb-2\">En las \u00faltimas semanas hemos trabajado en clase el <strong><span style=\"color: #008000\">Universo y los planetas,<\/span><\/strong> un tema que nos est\u00e1 permitiendo comprender mejor c\u00f3mo es nuestro planeta y qu\u00e9 elementos lo forman.<\/p>\n<p class=\"my-2 [&amp;+p]:mt-4 [&amp;_strong:has(+br)]:inline-block [&amp;_strong:has(+br)]:pb-2\">Dentro de este proyecto hemos centrado nuestra atenci\u00f3n en\u00a0<strong>la Tierra<\/strong>, analizando sus diferentes capas.<\/p>\n<p><img decoding=\"async\" src=\"https:\/\/media.istockphoto.com\/id\/501576381\/es\/foto\/apertura-en-la-espina-dorsal-de-nuestra-tierra.jpg?s=1024x1024&amp;w=is&amp;k=20&amp;c=GE_8G9I09Y0-Sjmxqs_wFUIuq9Z3ULNuGpCJw-Rzzzo=\" alt=\"Apertura en la espina dorsal de nuestra tierra - Foto de stock de Planeta Tierra libre de derechos\" \/><\/p>\n<p class=\"my-2 [&amp;+p]:mt-4 [&amp;_strong:has(+br)]:inline-block [&amp;_strong:has(+br)]:pb-2\">Primero estudiamos\u00a0<strong>la geosfera<\/strong>, la parte s\u00f3lida del planeta.<\/p>\n<p>&nbsp;<\/p>\n<p class=\"my-2 [&amp;+p]:mt-4 [&amp;_strong:has(+br)]:inline-block [&amp;_strong:has(+br)]:pb-2\">De la mano de Julio, con su exposici\u00f3n sobre <span style=\"color: #008000\"><strong>LOS TERREMOTOS,<\/strong><\/span> pudimos\u00a0 comprender mejor c\u00f3mo se mueve nuestro planeta bajo nuestros pies. En ella\u00a0 explic\u00f3 que los terremotos se producen por el\u00a0<strong>movimiento de las placas tect\u00f3nicas<\/strong>\u00a0de la<strong><span style=\"color: #008000\"> litosfera<\/span><\/strong>, nos ha\u00a0descubierto que la Tierra no es uniforme por dentro, sino que est\u00e1 formada por distintas capas: la\u00a0<span style=\"color: #008000\"><strong>litosfera<\/strong><\/span>, donde vivimos; la\u00a0<span style=\"color: #008000\"><strong>astenosfera<\/strong>\u00a0<\/span>y la\u00a0<span style=\"color: #008000\"><strong>mesosfera<\/strong><\/span>, que forman parte del manto; y, en el interior, el\u00a0<span style=\"color: #008000\"><strong>n\u00facleo externo<\/strong>\u00a0y el\u00a0<strong>n\u00facleo interno<\/strong>,<\/span> donde se alcanzan temperaturas muy elevadas. Nos habl\u00f3 de <span style=\"color: #008000\"><strong>la frecuencia y la ubicaci\u00f3n<\/strong> <\/span>de los terremotos, de <span style=\"color: #008000\"><strong>la intensidad y la magnitud<\/strong> <\/span>de los mismos y algo muy necesario, <span style=\"color: #008000\"><strong>c\u00f3mo actuar en caso de un terremoto.\u00a0<\/strong><\/span> Fue una exposici\u00f3n muy clara y bien preparada.<strong> Gracias Julio por tu gran trabajo.\u00a0<\/strong><\/p>\n<p><img decoding=\"async\" data-attachment-id=\"34178\" data-permalink=\"https:\/\/www.alqueria.es\/blogs\/alqueriasegundociclo\/2026\/03\/15\/explorando-el-planeta-y-el-tiempo\/whatsapp-image-2026-03-15-at-19-36-38\/\" data-orig-file=\"https:\/\/cloud.alqueria.es\/wp-content\/uploads\/sites\/7\/2026\/03\/WhatsApp-Image-2026-03-15-at-19.36.38.jpeg\" data-orig-size=\"1536,2048\" data-comments-opened=\"1\" data-image-meta=\"{&quot;aperture&quot;:&quot;0&quot;,&quot;credit&quot;:&quot;&quot;,&quot;camera&quot;:&quot;&quot;,&quot;caption&quot;:&quot;&quot;,&quot;created_timestamp&quot;:&quot;0&quot;,&quot;copyright&quot;:&quot;&quot;,&quot;focal_length&quot;:&quot;0&quot;,&quot;iso&quot;:&quot;0&quot;,&quot;shutter_speed&quot;:&quot;0&quot;,&quot;title&quot;:&quot;&quot;,&quot;orientation&quot;:&quot;0&quot;}\" data-image-title=\"WhatsApp Image 2026-03-15 at 19.36.38\" data-image-description=\"\" data-image-caption=\"\" data-large-file=\"https:\/\/cloud.alqueria.es\/wp-content\/uploads\/sites\/7\/2026\/03\/WhatsApp-Image-2026-03-15-at-19.36.38-768x1024.jpeg\" class=\"aligncenter  wp-image-34178\" src=\"https:\/\/cloud.alqueria.es\/wp-content\/uploads\/sites\/7\/2026\/03\/WhatsApp-Image-2026-03-15-at-19.36.38.jpeg\" alt=\"\" width=\"330\" height=\"440\" srcset=\"https:\/\/cloud.alqueria.es\/wp-content\/uploads\/sites\/7\/2026\/03\/WhatsApp-Image-2026-03-15-at-19.36.38.jpeg 1536w, https:\/\/cloud.alqueria.es\/wp-content\/uploads\/sites\/7\/2026\/03\/WhatsApp-Image-2026-03-15-at-19.36.38-225x300.jpeg 225w, https:\/\/cloud.alqueria.es\/wp-content\/uploads\/sites\/7\/2026\/03\/WhatsApp-Image-2026-03-15-at-19.36.38-768x1024.jpeg 768w, https:\/\/cloud.alqueria.es\/wp-content\/uploads\/sites\/7\/2026\/03\/WhatsApp-Image-2026-03-15-at-19.36.38-1152x1536.jpeg 1152w\" sizes=\"(max-width: 330px) 100vw, 330px\" \/><\/p>\n<p class=\"my-2 [&amp;+p]:mt-4 [&amp;_strong:has(+br)]:inline-block [&amp;_strong:has(+br)]:pb-2\">Continuando con el estudio de las capas de la Tierra, ahora vamos a centrarnos en\u00a0la <strong><span style=\"color: #008000\">HIDROSFERA<\/span><\/strong>, es decir, el conjunto de todas las aguas del planeta: oc\u00e9anos, mares, r\u00edos, lagos, glaciares e incluso el vapor de agua presente en la atm\u00f3sfera. A trav\u00e9s del tema\u00a0<strong>\u201cUn planeta de agua\u201d<\/strong>\u00a0aprenderemos los\u00a0<strong>estados del agua<\/strong>, sus\u00a0<strong>caracter\u00edsticas<\/strong>, el\u00a0<strong>ciclo del agua<\/strong>, su presencia en la naturaleza y la importancia de\u00a0<strong>cuidarla y evitar su contaminaci\u00f3n<\/strong>.<\/p>\n<p><img decoding=\"async\" class=\"aligncenter\" src=\"https:\/\/cdn0.ecologiaverde.com\/es\/posts\/7\/9\/9\/que_es_la_hidrosfera_1997_0_600.jpg\" \/><\/p>\n<p class=\"my-2 [&amp;+p]:mt-4 [&amp;_strong:has(+br)]:inline-block [&amp;_strong:has(+br)]:pb-2\">Para completar este aprendizaje realizaremos el pr\u00f3ximo\u00a0<span style=\"color: #008000\"><strong>mi\u00e9rcoles 18 una salida a la E.T.A.P. (Estaci\u00f3n de Tratamiento de Agua Potable)<\/strong><\/span>. All\u00ed podremos conocer c\u00f3mo se realiza el proceso de\u00a0<strong>potabilizaci\u00f3n del agua<\/strong>, observando de cerca diferentes fases como la\u00a0<strong>decantaci\u00f3n, el filtrado, el tratamiento con cloro y el almacenamiento<\/strong>\u00a0antes de que el agua llegue a nuestras casas.<\/p>\n<p class=\"my-2 [&amp;+p]:mt-4 [&amp;_strong:has(+br)]:inline-block [&amp;_strong:has(+br)]:pb-2\">De esta manera conectamos los contenidos de ciencias con experiencias reales.<\/p>\n<p>Y para relacionar temas&#8230;\u00a0 hemos tenido la visita del <span style=\"color: #339966\"><strong><span style=\"color: #008000\">Ecoparque M\u00f3vil<\/span>.<\/strong> <\/span>Seguimos recordando lo importante que es <strong>reciclar y dar una segunda vida a muchos objetos<\/strong>.<\/p>\n<p class=\"my-2 [&amp;+p]:mt-4 [&amp;_strong:has(+br)]:inline-block [&amp;_strong:has(+br)]:pb-2\">Maite nos explic\u00f3 qu\u00e9 tipo de residuos podemos llevar a este remolque especial: peque\u00f1os objetos que ya no utilizamos en casa pero que no deben tirarse a los contenedores habituales. El Ecoparque M\u00f3vil va recorriendo distintos puntos de Granada y permanece\u00a024 horas en cada ubicaci\u00f3n, facilitando que todas las personas puedan reciclar este tipo de materiales.<\/p>\n<p class=\"my-2 [&amp;+p]:mt-4 [&amp;_strong:has(+br)]:inline-block [&amp;_strong:has(+br)]:pb-2\">Tambi\u00e9n nos cont\u00f3 c\u00f3mo podemos consultar d\u00f3nde estar\u00e1 el remolque cada d\u00eda y conocer diferentes opciones para reciclar. Incluso organizan\u00a0talleres de reciclaje online.<\/p>\n<p class=\"my-2 [&amp;+p]:mt-4 [&amp;_strong:has(+br)]:inline-block [&amp;_strong:has(+br)]:pb-2\">Adem\u00e1s, aprendimos algo muy interesante: las c\u00e1psulas de caf\u00e9 y los tapones que se recogen se entregan a ASPOGRADES, que los vende para obtener fondos con los que financiar algunas de sus actividades.<\/p>\n<p class=\"jetpack-slideshow-noscript robots-nocontent\">El pase de diapositivas requiere JavaScript.<\/p><div id=\"gallery-34172-1-slideshow\" class=\"jetpack-slideshow-window jetpack-slideshow jetpack-slideshow-black\" data-trans=\"fade\" data-autostart=\"1\" data-gallery=\"[{&quot;src&quot;:&quot;https:\\\/\\\/cloud.alqueria.es\\\/wp-content\\\/uploads\\\/sites\\\/7\\\/2026\\\/03\\\/WhatsApp-Image-2026-03-15-at-19.36.39.jpeg&quot;,&quot;id&quot;:&quot;34177&quot;,&quot;title&quot;:&quot;WhatsApp Image 2026-03-15 at 19.36.39&quot;,&quot;alt&quot;:&quot;&quot;,&quot;caption&quot;:&quot;&quot;,&quot;itemprop&quot;:&quot;image&quot;},{&quot;src&quot;:&quot;https:\\\/\\\/cloud.alqueria.es\\\/wp-content\\\/uploads\\\/sites\\\/7\\\/2026\\\/03\\\/WhatsApp-Image-2026-03-15-at-19.36.40.jpeg&quot;,&quot;id&quot;:&quot;34176&quot;,&quot;title&quot;:&quot;WhatsApp Image 2026-03-15 at 19.36.40&quot;,&quot;alt&quot;:&quot;&quot;,&quot;caption&quot;:&quot;&quot;,&quot;itemprop&quot;:&quot;image&quot;},{&quot;src&quot;:&quot;https:\\\/\\\/cloud.alqueria.es\\\/wp-content\\\/uploads\\\/sites\\\/7\\\/2026\\\/03\\\/WhatsApp-Image-2026-03-15-at-19.36.40-1.jpeg&quot;,&quot;id&quot;:&quot;34175&quot;,&quot;title&quot;:&quot;WhatsApp Image 2026-03-15 at 19.36.40 (1)&quot;,&quot;alt&quot;:&quot;&quot;,&quot;caption&quot;:&quot;&quot;,&quot;itemprop&quot;:&quot;image&quot;},{&quot;src&quot;:&quot;https:\\\/\\\/cloud.alqueria.es\\\/wp-content\\\/uploads\\\/sites\\\/7\\\/2026\\\/03\\\/WhatsApp-Image-2026-03-15-at-19.36.40-2.jpeg&quot;,&quot;id&quot;:&quot;34174&quot;,&quot;title&quot;:&quot;WhatsApp Image 2026-03-15 at 19.36.40 (2)&quot;,&quot;alt&quot;:&quot;&quot;,&quot;caption&quot;:&quot;&quot;,&quot;itemprop&quot;:&quot;image&quot;},{&quot;src&quot;:&quot;https:\\\/\\\/cloud.alqueria.es\\\/wp-content\\\/uploads\\\/sites\\\/7\\\/2026\\\/03\\\/WhatsApp-Image-2026-03-15-at-19.36.40-3.jpeg&quot;,&quot;id&quot;:&quot;34173&quot;,&quot;title&quot;:&quot;WhatsApp Image 2026-03-15 at 19.36.40 (3)&quot;,&quot;alt&quot;:&quot;&quot;,&quot;caption&quot;:&quot;&quot;,&quot;itemprop&quot;:&quot;image&quot;}]\" itemscope itemtype=\"https:\/\/schema.org\/ImageGallery\"><\/div>\n<p>Un saludo.<\/p>\n<p>Laura Justicia<\/p>\n<p>Tutora Primaria<\/p>\n<p>&nbsp;<\/p>\n","protected":false},"excerpt":{"rendered":"<p>Aprendiendo a manejar el tiempo: calendario y reloj En clase seguimos dedicando tiempo a reforzar el c\u00e1lculo y el manejo del tiempo, dos herramientas matem\u00e1ticas muy presentes en la vida cotidiana. Por un lado, continuamos repasando y practicando las tablas de multiplicar, ya que aparecen constantemente cuando realizamos operaciones y resolvemos problemas. A lo largo &hellip; <a href=\"https:\/\/www.alqueria.es\/blogs\/alqueriasegundociclo\/2026\/03\/15\/explorando-el-planeta-y-el-tiempo\/\" class=\"more-link\">Seguir leyendo <span class=\"screen-reader-text\">\u00a1Explorando el planeta y el tiempo!<\/span> <span class=\"meta-nav\">&rarr;<\/span><\/a><\/p>\n","protected":false},"author":16,"featured_media":0,"comment_status":"open","ping_status":"open","sticky":false,"template":"","format":"standard","meta":{"jetpack_post_was_ever_published":false,"_jetpack_newsletter_access":"","_jetpack_dont_email_post_to_subs":false,"_jetpack_newsletter_tier_id":0,"_jetpack_memberships_contains_paywalled_content":false,"_jetpack_memberships_contains_paid_content":false,"footnotes":"","jetpack_publicize_message":"","jetpack_publicize_feature_enabled":true,"jetpack_social_post_already_shared":true,"jetpack_social_options":{"image_generator_settings":{"template":"highway","default_image_id":0,"font":"","enabled":false},"version":2}},"categories":[5,59],"tags":[646,650,265,648,649,647],"class_list":["post-34172","post","type-post","status-publish","format-standard","hentry","category-3o-epo","category-semanario-3o","tag-capas-de-la-tierra","tag-ecoparque-movil","tag-etap","tag-hidrosferea","tag-medida-del-tiempo","tag-terremotos"],"jetpack_publicize_connections":[],"jetpack_featured_media_url":"","jetpack_sharing_enabled":true,"jetpack_shortlink":"https:\/\/wp.me\/p4lw4c-8Ta","_links":{"self":[{"href":"https:\/\/www.alqueria.es\/blogs\/alqueriasegundociclo\/wp-json\/wp\/v2\/posts\/34172","targetHints":{"allow":["GET"]}}],"collection":[{"href":"https:\/\/www.alqueria.es\/blogs\/alqueriasegundociclo\/wp-json\/wp\/v2\/posts"}],"about":[{"href":"https:\/\/www.alqueria.es\/blogs\/alqueriasegundociclo\/wp-json\/wp\/v2\/types\/post"}],"author":[{"embeddable":true,"href":"https:\/\/www.alqueria.es\/blogs\/alqueriasegundociclo\/wp-json\/wp\/v2\/users\/16"}],"replies":[{"embeddable":true,"href":"https:\/\/www.alqueria.es\/blogs\/alqueriasegundociclo\/wp-json\/wp\/v2\/comments?post=34172"}],"version-history":[{"count":1,"href":"https:\/\/www.alqueria.es\/blogs\/alqueriasegundociclo\/wp-json\/wp\/v2\/posts\/34172\/revisions"}],"predecessor-version":[{"id":34179,"href":"https:\/\/www.alqueria.es\/blogs\/alqueriasegundociclo\/wp-json\/wp\/v2\/posts\/34172\/revisions\/34179"}],"wp:attachment":[{"href":"https:\/\/www.alqueria.es\/blogs\/alqueriasegundociclo\/wp-json\/wp\/v2\/media?parent=34172"}],"wp:term":[{"taxonomy":"category","embeddable":true,"href":"https:\/\/www.alqueria.es\/blogs\/alqueriasegundociclo\/wp-json\/wp\/v2\/categories?post=34172"},{"taxonomy":"post_tag","embeddable":true,"href":"https:\/\/www.alqueria.es\/blogs\/alqueriasegundociclo\/wp-json\/wp\/v2\/tags?post=34172"}],"curies":[{"name":"wp","href":"https:\/\/api.w.org\/{rel}","templated":true}]}}