{"id":34319,"date":"2026-04-27T00:25:02","date_gmt":"2026-04-26T22:25:02","guid":{"rendered":"https:\/\/www.alqueria.es\/blogs\/alqueriasegundociclo\/?p=34319"},"modified":"2026-04-27T08:46:48","modified_gmt":"2026-04-27T06:46:48","slug":"exploramos-el-entorno-repasamos-las-tablas-y-mejoramos-la-expresion-oral","status":"publish","type":"post","link":"https:\/\/www.alqueria.es\/blogs\/alqueriasegundociclo\/2026\/04\/27\/exploramos-el-entorno-repasamos-las-tablas-y-mejoramos-la-expresion-oral\/","title":{"rendered":"Exploramos el entorno, repasamos las tablas y mejoramos la expresi\u00f3n oral"},"content":{"rendered":"<p class=\"my-2 [&amp;+p]:mt-4 [&amp;_strong:has(+br)]:inline-block [&amp;_strong:has(+br)]:pb-2\">Esta semana hemos viajado desde nuestro propio barrio hasta Jap\u00f3n, pasando por n\u00fameros, mapas y presentaciones orales, con nuevas oportunidades para crecer, observar y poner en pr\u00e1ctica todo lo que sabemos.<\/p>\n<h5 id=\"conociendo-nuestra-localidad-y-barrio\" class=\"font-editorial font-bold mb-2 mt-4 [.has-inline-images_&amp;]:clear-end text-base first:mt-0\" style=\"text-align: center\"><span style=\"color: #0000ff\">La localidad y barrio<\/span><\/h5>\n<p class=\"my-2 [&amp;+p]:mt-4 [&amp;_strong:has(+br)]:inline-block [&amp;_strong:has(+br)]:pb-2\">Continuamos con el tema de <strong>la localidad y el barrio<\/strong>. Partimos de lo que tenemos m\u00e1s cerca: nuestra propia comunidad. Conversamos sobre c\u00f3mo son los barrios, os c\u00f3digos postales, las diferencias entre pueblo y ciudad, qu\u00e9 los hace especiales y qu\u00e9 servicios encontramos en ellos: tiendas, parques, colegios, centros m\u00e9dicos, y lugares que nos ayudan en nuestro d\u00eda a d\u00eda.<\/p>\n<p class=\"my-2 [&amp;+p]:mt-4 [&amp;_strong:has(+br)]:inline-block [&amp;_strong:has(+br)]:pb-2\">Estamos elaborando un tema, lo hacemos <strong>de manera colectiva en la libreta<\/strong>, con lecturas, reflexiones y puestas en com\u00fan basadas en los conocimientos personales y en los diferentes libros que tenemos en clase. Cada cual aporta la informaci\u00f3n que encuentra y entre todos vamos <strong>elaborando el contenido<\/strong>\u00a0paso a paso, con ideas que complementan y enriquecen lo aprendido.<\/p>\n<p class=\"my-2 [&amp;+p]:mt-4 [&amp;_strong:has(+br)]:inline-block [&amp;_strong:has(+br)]:pb-2\">Tambi\u00e9n he compartido varios <strong>v\u00eddeos en Classroom<\/strong>, que nos ayudan a visualizar c\u00f3mo se organizan las localidades y qu\u00e9 las diferencia seg\u00fan su tama\u00f1o y servicios. Todo esto nos est\u00e1 permitiendo conectar lo te\u00f3rico con lo vivencial.<\/p>\n<p class=\"my-2 [&amp;+p]:mt-4 [&amp;_strong:has(+br)]:inline-block [&amp;_strong:has(+br)]:pb-2\">Durante las sesiones de trabajo, descubrimos algo curioso: <strong>algunos alumnos no conoc\u00edan su direcci\u00f3n postal y muy pocos la sab\u00edan completa<\/strong>, ni siquiera si viv\u00edan en un pueblo o en una ciudad. Este hecho nos llev\u00f3 a abrir un di\u00e1logo sobre la\u00a0<strong>importancia de conocer los datos personales b\u00e1sicos<\/strong>.<\/p>\n<p class=\"my-2 [&amp;+p]:mt-4 [&amp;_strong:has(+br)]:inline-block [&amp;_strong:has(+br)]:pb-2\">Explicamos que saber nuestra direcci\u00f3n, el nombre de la localidad y otros detalles como el c\u00f3digo postal o la provincia, no es solo una cuesti\u00f3n pr\u00e1ctica para recibir cartas o identificar d\u00f3nde vivimos. Es tambi\u00e9n una\u00a0<strong>forma de conocimiento personal.\u00a0<\/strong><\/p>\n<p class=\"my-2 [&amp;+p]:mt-4 [&amp;_strong:has(+br)]:inline-block [&amp;_strong:has(+br)]:pb-2\">Los ni\u00f1os deben <strong>conocer sus cosas y su entorno<\/strong>; no pueden permanecer ajenos a lo que forma parte de su vida cotidiana. Entender d\u00f3nde viven, c\u00f3mo se llama su calle o qu\u00e9 servicios hay cerca les ayuda a\u00a0<strong>desarrollar autonom\u00eda, responsabilidad y sentido de pertenencia<\/strong>. Adem\u00e1s, favorece el aprendizaje significativo, pues relacionan los conceptos escolares con situaciones reales y vividas.<\/p>\n<p>En relaci\u00f3n a esto seguimos preparando nuestra pr\u00f3xima\u00a0<strong>salida al Sacromonte<\/strong>. Estamos investigando sobre este lugar \u00fanico, su historia, sus cuevas y su v\u00ednculo con el flamenco y la cultura granadina.<br \/>\nEn clase se est\u00e1n ultimando las investigaciones, que luego deben ser aprendidas y practicadas oralmente, pues ellos ser\u00e1n los gu\u00edas de nuestra visita por este barrio emblem\u00e1tico de Granada.<\/p>\n<p>Os recuerdo que ser\u00e1 el pr\u00f3ximo viernes 24 de abril, tienen que\u00a0 traer ropa c\u00f3moda y una mochila peque\u00f1a con tentempi\u00e9 y agua (parece que har\u00e1 calor).<\/p>\n<h5 id=\"multiplicaciones-y-resolucin-de-problemas\" class=\"font-editorial font-bold mb-2 mt-4 [.has-inline-images_&amp;]:clear-end text-base first:mt-0\" style=\"text-align: center\"><span style=\"color: #ff6600\">Multiplicaciones y resoluci\u00f3n de problemas<\/span><\/h5>\n<p class=\"my-2 [&amp;+p]:mt-4 [&amp;_strong:has(+br)]:inline-block [&amp;_strong:has(+br)]:pb-2\">En matem\u00e1ticas estamos dedicando tiempo a <strong>repasar las tablas de multiplicar<\/strong>, y cada d\u00eda comprobamos su importancia. Saberlas bien no solo nos ayuda a resolver ejercicios con rapidez, sino que tambi\u00e9n mejora nuestra comprensi\u00f3n en muchos otros temas.<br \/>\nRealizamos juegos, desaf\u00edos y competiciones amistosas para reforzar el aprendizaje. Adem\u00e1s, trabajamos <strong>la resoluci\u00f3n de problemas<\/strong>, adaptando la complejidad de cada cuadernillo seg\u00fan el nivel y el ritmo de cada alumno\/a. El objetivo no es solo dar la soluci\u00f3n, sino entender c\u00f3mo llegamos a ella, pensar de forma l\u00f3gica y razonar cada paso.<\/p>\n<h5 id=\"la-conferencia-de-taiyo-sobre-japn\" class=\"font-editorial font-bold mb-2 mt-4 [.has-inline-images_&amp;]:clear-end text-base first:mt-0\" style=\"text-align: center\"><span style=\"color: #ff0000\"><strong>La conferencia de Taiyo sobre Jap\u00f3n<\/strong><\/span><\/h5>\n<p class=\"my-2 [&amp;+p]:mt-4 [&amp;_strong:has(+br)]:inline-block [&amp;_strong:has(+br)]:pb-2\">Uno de los momentos m\u00e1s especiales de la semana ha sido la <strong>conferencia de Taiyo sobre Jap\u00f3n.<\/strong>\u00a0Con gran entusiasmo nos habl\u00f3 de su cultura, tradiciones y comida t\u00edpica, mostrando im\u00e1genes y respondiendo a las preguntas de todos los compa\u00f1eros.<br \/>\nGracias a Taiyo, ahora conocemos un poco m\u00e1s sobre templos antiguos, sushi, sus paisajes, las coffee pets,\u00a0 y muchos aspectos fascinantes del d\u00eda a d\u00eda en Jap\u00f3n.<\/p>\n<p><img decoding=\"async\" data-attachment-id=\"34380\" data-permalink=\"https:\/\/www.alqueria.es\/blogs\/alqueriasegundociclo\/2026\/04\/27\/exploramos-el-entorno-repasamos-las-tablas-y-mejoramos-la-expresion-oral\/whatsapp-image-2026-04-21-at-15-28-21-3\/\" data-orig-file=\"https:\/\/cloud.alqueria.es\/wp-content\/uploads\/sites\/7\/2026\/04\/WhatsApp-Image-2026-04-21-at-15.28.21-3.jpeg\" data-orig-size=\"2048,1536\" data-comments-opened=\"1\" data-image-meta=\"{&quot;aperture&quot;:&quot;0&quot;,&quot;credit&quot;:&quot;&quot;,&quot;camera&quot;:&quot;&quot;,&quot;caption&quot;:&quot;&quot;,&quot;created_timestamp&quot;:&quot;0&quot;,&quot;copyright&quot;:&quot;&quot;,&quot;focal_length&quot;:&quot;0&quot;,&quot;iso&quot;:&quot;0&quot;,&quot;shutter_speed&quot;:&quot;0&quot;,&quot;title&quot;:&quot;&quot;,&quot;orientation&quot;:&quot;0&quot;}\" data-image-title=\"WhatsApp Image 2026-04-21 at 15.28.21 (3)\" data-image-description=\"\" data-image-caption=\"\" data-large-file=\"https:\/\/cloud.alqueria.es\/wp-content\/uploads\/sites\/7\/2026\/04\/WhatsApp-Image-2026-04-21-at-15.28.21-3-1024x768.jpeg\" class=\"aligncenter size-full wp-image-34380\" src=\"https:\/\/cloud.alqueria.es\/wp-content\/uploads\/sites\/7\/2026\/04\/WhatsApp-Image-2026-04-21-at-15.28.21-3.jpeg\" alt=\"\" width=\"2048\" height=\"1536\" srcset=\"https:\/\/cloud.alqueria.es\/wp-content\/uploads\/sites\/7\/2026\/04\/WhatsApp-Image-2026-04-21-at-15.28.21-3.jpeg 2048w, https:\/\/cloud.alqueria.es\/wp-content\/uploads\/sites\/7\/2026\/04\/WhatsApp-Image-2026-04-21-at-15.28.21-3-300x225.jpeg 300w, https:\/\/cloud.alqueria.es\/wp-content\/uploads\/sites\/7\/2026\/04\/WhatsApp-Image-2026-04-21-at-15.28.21-3-1024x768.jpeg 1024w, https:\/\/cloud.alqueria.es\/wp-content\/uploads\/sites\/7\/2026\/04\/WhatsApp-Image-2026-04-21-at-15.28.21-3-768x576.jpeg 768w, https:\/\/cloud.alqueria.es\/wp-content\/uploads\/sites\/7\/2026\/04\/WhatsApp-Image-2026-04-21-at-15.28.21-3-1536x1152.jpeg 1536w\" sizes=\"(max-width: 2048px) 100vw, 2048px\" \/> <img decoding=\"async\" data-attachment-id=\"34381\" data-permalink=\"https:\/\/www.alqueria.es\/blogs\/alqueriasegundociclo\/2026\/04\/27\/exploramos-el-entorno-repasamos-las-tablas-y-mejoramos-la-expresion-oral\/whatsapp-image-2026-04-21-at-15-28-21-2\/\" data-orig-file=\"https:\/\/cloud.alqueria.es\/wp-content\/uploads\/sites\/7\/2026\/04\/WhatsApp-Image-2026-04-21-at-15.28.21-2.jpeg\" data-orig-size=\"1536,2048\" data-comments-opened=\"1\" data-image-meta=\"{&quot;aperture&quot;:&quot;0&quot;,&quot;credit&quot;:&quot;&quot;,&quot;camera&quot;:&quot;&quot;,&quot;caption&quot;:&quot;&quot;,&quot;created_timestamp&quot;:&quot;0&quot;,&quot;copyright&quot;:&quot;&quot;,&quot;focal_length&quot;:&quot;0&quot;,&quot;iso&quot;:&quot;0&quot;,&quot;shutter_speed&quot;:&quot;0&quot;,&quot;title&quot;:&quot;&quot;,&quot;orientation&quot;:&quot;0&quot;}\" data-image-title=\"WhatsApp Image 2026-04-21 at 15.28.21 (2)\" data-image-description=\"\" data-image-caption=\"\" data-large-file=\"https:\/\/cloud.alqueria.es\/wp-content\/uploads\/sites\/7\/2026\/04\/WhatsApp-Image-2026-04-21-at-15.28.21-2-768x1024.jpeg\" class=\"aligncenter size-full wp-image-34381\" src=\"https:\/\/cloud.alqueria.es\/wp-content\/uploads\/sites\/7\/2026\/04\/WhatsApp-Image-2026-04-21-at-15.28.21-2.jpeg\" alt=\"\" width=\"1536\" height=\"2048\" srcset=\"https:\/\/cloud.alqueria.es\/wp-content\/uploads\/sites\/7\/2026\/04\/WhatsApp-Image-2026-04-21-at-15.28.21-2.jpeg 1536w, https:\/\/cloud.alqueria.es\/wp-content\/uploads\/sites\/7\/2026\/04\/WhatsApp-Image-2026-04-21-at-15.28.21-2-225x300.jpeg 225w, https:\/\/cloud.alqueria.es\/wp-content\/uploads\/sites\/7\/2026\/04\/WhatsApp-Image-2026-04-21-at-15.28.21-2-768x1024.jpeg 768w, https:\/\/cloud.alqueria.es\/wp-content\/uploads\/sites\/7\/2026\/04\/WhatsApp-Image-2026-04-21-at-15.28.21-2-1152x1536.jpeg 1152w\" sizes=\"(max-width: 1536px) 100vw, 1536px\" \/><\/p>\n<p>Ha sido fant\u00e1stico, a todos nos ha despertado las ganas de viajar a este m\u00e1gico pa\u00eds, tambi\u00e9n para aprender sobre la diversidad y el respeto hacia otras culturas.<\/p>\n<h5 style=\"text-align: center\"><span style=\"color: #ff0000\">La conferencia de Gael sobre PIRATAS<\/span><\/h5>\n<p style=\"text-align: left\">Llega el momento de conocer m\u00e1s sobre PIRATAS de mano de Gael. En su apasionante y apasionada conferencia nos cuenta sobre <strong>qu\u00e9 es la pirater\u00eda, su origen y por qu\u00e9 surgi\u00f3, relacion\u00e1ndolo con la necesidad, la oportunidad de las rutas comerciales, la riqueza de los cargamentos y la falta de leyes; adem\u00e1s, clasifica los tipos de piratas, muestra barcos y piratas famosos, y termina con actividades de verdadero o falso y una secci\u00f3n sobre los piratas en la actualidad.\u00a0<\/strong><\/p>\n<p><img decoding=\"async\" data-attachment-id=\"34371\" data-permalink=\"https:\/\/www.alqueria.es\/blogs\/alqueriasegundociclo\/2026\/04\/27\/exploramos-el-entorno-repasamos-las-tablas-y-mejoramos-la-expresion-oral\/whatsapp-image-2026-04-21-at-15-19-56-2\/\" data-orig-file=\"https:\/\/cloud.alqueria.es\/wp-content\/uploads\/sites\/7\/2026\/04\/WhatsApp-Image-2026-04-21-at-15.19.56-2.jpeg\" data-orig-size=\"1536,2048\" data-comments-opened=\"1\" data-image-meta=\"{&quot;aperture&quot;:&quot;0&quot;,&quot;credit&quot;:&quot;&quot;,&quot;camera&quot;:&quot;&quot;,&quot;caption&quot;:&quot;&quot;,&quot;created_timestamp&quot;:&quot;0&quot;,&quot;copyright&quot;:&quot;&quot;,&quot;focal_length&quot;:&quot;0&quot;,&quot;iso&quot;:&quot;0&quot;,&quot;shutter_speed&quot;:&quot;0&quot;,&quot;title&quot;:&quot;&quot;,&quot;orientation&quot;:&quot;0&quot;}\" data-image-title=\"WhatsApp Image 2026-04-21 at 15.19.56 (2)\" data-image-description=\"\" data-image-caption=\"\" data-large-file=\"https:\/\/cloud.alqueria.es\/wp-content\/uploads\/sites\/7\/2026\/04\/WhatsApp-Image-2026-04-21-at-15.19.56-2-768x1024.jpeg\" class=\"aligncenter size-full wp-image-34371\" src=\"https:\/\/cloud.alqueria.es\/wp-content\/uploads\/sites\/7\/2026\/04\/WhatsApp-Image-2026-04-21-at-15.19.56-2.jpeg\" alt=\"\" width=\"1536\" height=\"2048\" srcset=\"https:\/\/cloud.alqueria.es\/wp-content\/uploads\/sites\/7\/2026\/04\/WhatsApp-Image-2026-04-21-at-15.19.56-2.jpeg 1536w, https:\/\/cloud.alqueria.es\/wp-content\/uploads\/sites\/7\/2026\/04\/WhatsApp-Image-2026-04-21-at-15.19.56-2-225x300.jpeg 225w, https:\/\/cloud.alqueria.es\/wp-content\/uploads\/sites\/7\/2026\/04\/WhatsApp-Image-2026-04-21-at-15.19.56-2-768x1024.jpeg 768w, https:\/\/cloud.alqueria.es\/wp-content\/uploads\/sites\/7\/2026\/04\/WhatsApp-Image-2026-04-21-at-15.19.56-2-1152x1536.jpeg 1152w\" sizes=\"(max-width: 1536px) 100vw, 1536px\" \/><\/p>\n<p>Muchas gracias Gael por la fant\u00e1stica conferencia sobre estos \u00abpersonajes\u00bb que nos has ofrecido. Disfruta del entorno pirata!!!<\/p>\n<h5 style=\"text-align: center\"><span style=\"color: #993366\">La conferencia de Nina sobre \u00abPalestina\u00bb<\/span><\/h5>\n<div class=\"mx-auto flex flex-col pointer-events-auto max-w-threadContentWidth gap-md md:gap-lg\">\n<div class=\"flex flex-col\">\n<div class=\"flex flex-col gap-md @3xl:gap-lg w-full pt-md @3xl:pt-lg\">\n<div class=\"w-full\">\n<div class=\"w-full flex flex-col\">\n<div id=\"radix-_r_i_-content-default\" class=\"focus:outline-none\" role=\"tabpanel\" data-state=\"active\" data-orientation=\"horizontal\" aria-labelledby=\"radix-_r_i_-trigger-default\">\n<div class=\"flex flex-col @3xl:gap-y-lg gap-y-md\">\n<div class=\"gap-y-sm flex flex-col\">\n<div>\n<div class=\"relative font-sans text-base text-foreground selection:bg-super\/50 selection:text-foreground dark:selection:bg-super\/10 dark:selection:text-super\">\n<div class=\"min-w-0 break-words [word-break:break-word]\">\n<div id=\"markdown-content-2\" class=\"gap-y-md after:clear-both after:block after:content-['']\" dir=\"auto\" lang=\"es\">\n<div class=\"has-inline-images my-2 first:mt-0 [&amp;:has([data-inline-type=image])+&amp;:has([data-inline-type=image])_[data-inline-type=image]]:hidden [&amp;:has(table)_[data-inline-type=image]]:hidden\">\n<div>\n<div class=\"prose dark:prose-invert inline leading-relaxed break-words min-w-0 [word-break:break-word] prose-strong:font-bold [&amp;_&gt;*:first-child]:mt-0 [&amp;_&gt;*:last-child]:mb-0\">\n<div data-renderer=\"lm\">\n<p class=\"my-2 [&amp;+p]:mt-4 [&amp;_strong:has(+br)]:inline-block [&amp;_strong:has(+br)]:pb-2\">Nos toc\u00f3 viajar, con Nina, a Palestina. Durante su conferencia nos\u00a0 ofreci\u00f3 una visi\u00f3n integral y fascinante de esta hist\u00f3rica regi\u00f3n, destacando su legado como cuna de la civilizaci\u00f3n donde florecieron\u00a0 la agricultura, los sistemas de riego y la escritura, la riqueza cultural y las tradiciones locales, subrayando la importancia de lugares emblem\u00e1ticos como Jerusal\u00e9n, sus hist\u00f3ricas murallas, Bel\u00e9n y Gaza, al tiempo que abord\u00f3 las complejidades del conflicto actual.<\/p>\n<\/div>\n<\/div>\n<\/div>\n<\/div>\n<\/div>\n<\/div>\n<\/div>\n<\/div>\n<\/div>\n<\/div>\n<\/div>\n<\/div>\n<\/div>\n<\/div>\n<\/div>\n<\/div>\n<p><img decoding=\"async\" data-attachment-id=\"34437\" data-permalink=\"https:\/\/www.alqueria.es\/blogs\/alqueriasegundociclo\/2026\/04\/27\/exploramos-el-entorno-repasamos-las-tablas-y-mejoramos-la-expresion-oral\/whatsapp-image-2026-04-21-at-15-19-54-2\/\" data-orig-file=\"https:\/\/cloud.alqueria.es\/wp-content\/uploads\/sites\/7\/2026\/04\/WhatsApp-Image-2026-04-21-at-15.19.54-1.jpeg\" data-orig-size=\"1536,2048\" data-comments-opened=\"1\" data-image-meta=\"{&quot;aperture&quot;:&quot;0&quot;,&quot;credit&quot;:&quot;&quot;,&quot;camera&quot;:&quot;&quot;,&quot;caption&quot;:&quot;&quot;,&quot;created_timestamp&quot;:&quot;0&quot;,&quot;copyright&quot;:&quot;&quot;,&quot;focal_length&quot;:&quot;0&quot;,&quot;iso&quot;:&quot;0&quot;,&quot;shutter_speed&quot;:&quot;0&quot;,&quot;title&quot;:&quot;&quot;,&quot;orientation&quot;:&quot;0&quot;}\" data-image-title=\"WhatsApp Image 2026-04-21 at 15.19.54\" data-image-description=\"\" data-image-caption=\"\" data-large-file=\"https:\/\/cloud.alqueria.es\/wp-content\/uploads\/sites\/7\/2026\/04\/WhatsApp-Image-2026-04-21-at-15.19.54-1-768x1024.jpeg\" class=\"aligncenter  wp-image-34437\" src=\"https:\/\/cloud.alqueria.es\/wp-content\/uploads\/sites\/7\/2026\/04\/WhatsApp-Image-2026-04-21-at-15.19.54-1.jpeg\" alt=\"\" width=\"427\" height=\"569\" srcset=\"https:\/\/cloud.alqueria.es\/wp-content\/uploads\/sites\/7\/2026\/04\/WhatsApp-Image-2026-04-21-at-15.19.54-1.jpeg 1536w, https:\/\/cloud.alqueria.es\/wp-content\/uploads\/sites\/7\/2026\/04\/WhatsApp-Image-2026-04-21-at-15.19.54-1-225x300.jpeg 225w, https:\/\/cloud.alqueria.es\/wp-content\/uploads\/sites\/7\/2026\/04\/WhatsApp-Image-2026-04-21-at-15.19.54-1-768x1024.jpeg 768w, https:\/\/cloud.alqueria.es\/wp-content\/uploads\/sites\/7\/2026\/04\/WhatsApp-Image-2026-04-21-at-15.19.54-1-1152x1536.jpeg 1152w\" sizes=\"(max-width: 427px) 100vw, 427px\" \/><\/p>\n<p>Adem\u00e1s nos hizo una demostraci\u00f3n de baile tradicional y una ense\u00f1anza pr\u00e1ctica.<\/p>\n<p><img decoding=\"async\" data-attachment-id=\"34438\" data-permalink=\"https:\/\/www.alqueria.es\/blogs\/alqueriasegundociclo\/2026\/04\/27\/exploramos-el-entorno-repasamos-las-tablas-y-mejoramos-la-expresion-oral\/whatsapp-image-2026-04-27-at-08-36-02\/\" data-orig-file=\"https:\/\/cloud.alqueria.es\/wp-content\/uploads\/sites\/7\/2026\/04\/WhatsApp-Image-2026-04-27-at-08.36.02.jpeg\" data-orig-size=\"2048,1536\" data-comments-opened=\"1\" data-image-meta=\"{&quot;aperture&quot;:&quot;0&quot;,&quot;credit&quot;:&quot;&quot;,&quot;camera&quot;:&quot;&quot;,&quot;caption&quot;:&quot;&quot;,&quot;created_timestamp&quot;:&quot;0&quot;,&quot;copyright&quot;:&quot;&quot;,&quot;focal_length&quot;:&quot;0&quot;,&quot;iso&quot;:&quot;0&quot;,&quot;shutter_speed&quot;:&quot;0&quot;,&quot;title&quot;:&quot;&quot;,&quot;orientation&quot;:&quot;0&quot;}\" data-image-title=\"WhatsApp Image 2026-04-27 at 08.36.02\" data-image-description=\"\" data-image-caption=\"\" data-large-file=\"https:\/\/cloud.alqueria.es\/wp-content\/uploads\/sites\/7\/2026\/04\/WhatsApp-Image-2026-04-27-at-08.36.02-1024x768.jpeg\" class=\"aligncenter  wp-image-34438\" src=\"https:\/\/cloud.alqueria.es\/wp-content\/uploads\/sites\/7\/2026\/04\/WhatsApp-Image-2026-04-27-at-08.36.02.jpeg\" alt=\"\" width=\"361\" height=\"270\" srcset=\"https:\/\/cloud.alqueria.es\/wp-content\/uploads\/sites\/7\/2026\/04\/WhatsApp-Image-2026-04-27-at-08.36.02.jpeg 2048w, https:\/\/cloud.alqueria.es\/wp-content\/uploads\/sites\/7\/2026\/04\/WhatsApp-Image-2026-04-27-at-08.36.02-300x225.jpeg 300w, https:\/\/cloud.alqueria.es\/wp-content\/uploads\/sites\/7\/2026\/04\/WhatsApp-Image-2026-04-27-at-08.36.02-1024x768.jpeg 1024w, https:\/\/cloud.alqueria.es\/wp-content\/uploads\/sites\/7\/2026\/04\/WhatsApp-Image-2026-04-27-at-08.36.02-768x576.jpeg 768w, https:\/\/cloud.alqueria.es\/wp-content\/uploads\/sites\/7\/2026\/04\/WhatsApp-Image-2026-04-27-at-08.36.02-1536x1152.jpeg 1536w\" sizes=\"(max-width: 361px) 100vw, 361px\" \/><\/p>\n<p>&nbsp;<\/p>\n<h5 style=\"text-align: center\"><span style=\"color: #ff00ff\">Expresi\u00f3n oral y el \u201celevator pitch\u201d<\/span><\/h5>\n<p class=\"my-2 [&amp;+p]:mt-4 [&amp;_strong:has(+br)]:inline-block [&amp;_strong:has(+br)]:pb-2\">Inspirados en la Final Nacional de la MBA League, dedicamos varias sesiones a mejorar nuestra <strong>expresi\u00f3n oral<\/strong>. Aprendemos a cuidar la postura, la mirada, el tono de voz y la entonaci\u00f3n, y practicamos c\u00f3mo transmitir seguridad y claridad cuando hablamos frente a los dem\u00e1s.<br \/>\n<strong>Trabajamos directamente con nuestro elevator pitch<\/strong>, donde cada compa\u00f1ero ten\u00eda que representar una parte\u00a0 teniendo en cuenta lo dicho anteriormente. Nos damos cuenta que parece f\u00e1cil, pero no lo es! Tenemos que seguir trabajando la expresi\u00f3n oral.<\/p>\n<p>Tambi\u00e9n hemos dedicado tiempo para la creatividad con piezas de construcci\u00f3n para dar m\u00e1s valor a nuestro proyecto.<\/p>\n<div class=\"tiled-gallery type-square tiled-gallery-unresized\" data-original-width=\"474\" data-carousel-extra='{&quot;blog_id&quot;:7,&quot;permalink&quot;:&quot;https:\\\/\\\/www.alqueria.es\\\/blogs\\\/alqueriasegundociclo\\\/2026\\\/04\\\/27\\\/exploramos-el-entorno-repasamos-las-tablas-y-mejoramos-la-expresion-oral\\\/&quot;,&quot;likes_blog_id&quot;:64233500}' itemscope itemtype=\"http:\/\/schema.org\/ImageGallery\" > <div class=\"gallery-row\" style=\"width: 474px; height: 158px;\" data-original-width=\"474\" data-original-height=\"158\" > <div class=\"gallery-group\" style=\"width: 158px; height: 158px;\" data-original-width=\"158\" data-original-height=\"158\" > <div class=\"tiled-gallery-item \" itemprop=\"associatedMedia\" itemscope itemtype=\"http:\/\/schema.org\/ImageObject\"> <meta itemprop=\"width\" content=\"154\"> <meta itemprop=\"height\" content=\"154\"> <img decoding=\"async\" class=\"\" data-attachment-id=\"34378\" data-orig-file=\"https:\/\/cloud.alqueria.es\/wp-content\/uploads\/sites\/7\/2026\/04\/WhatsApp-Image-2026-04-21-at-15.19.55.jpeg\" data-orig-size=\"2048,1536\" data-comments-opened=\"1\" data-image-meta=\"{&quot;aperture&quot;:&quot;0&quot;,&quot;credit&quot;:&quot;&quot;,&quot;camera&quot;:&quot;&quot;,&quot;caption&quot;:&quot;&quot;,&quot;created_timestamp&quot;:&quot;0&quot;,&quot;copyright&quot;:&quot;&quot;,&quot;focal_length&quot;:&quot;0&quot;,&quot;iso&quot;:&quot;0&quot;,&quot;shutter_speed&quot;:&quot;0&quot;,&quot;title&quot;:&quot;&quot;,&quot;orientation&quot;:&quot;0&quot;}\" data-image-title=\"WhatsApp Image 2026-04-21 at 15.19.55\" data-image-description=\"\" data-medium-file=\"https:\/\/cloud.alqueria.es\/wp-content\/uploads\/sites\/7\/2026\/04\/WhatsApp-Image-2026-04-21-at-15.19.55-300x225.jpeg\" data-large-file=\"https:\/\/cloud.alqueria.es\/wp-content\/uploads\/sites\/7\/2026\/04\/WhatsApp-Image-2026-04-21-at-15.19.55-1024x768.jpeg\" src=\"https:\/\/i0.wp.com\/cloud.alqueria.es\/wp-content\/uploads\/sites\/7\/2026\/04\/WhatsApp-Image-2026-04-21-at-15.19.55.jpeg?w=154&#038;h=154&#038;crop=1&#038;ssl=1\" width=\"154\" height=\"154\" loading=\"lazy\" data-original-width=\"154\" data-original-height=\"154\" itemprop=\"http:\/\/schema.org\/image\" title=\"WhatsApp Image 2026-04-21 at 15.19.55\" alt=\"WhatsApp Image 2026-04-21 at 15.19.55\" style=\"width: 154px; height: 154px;\" \/> <\/div> <\/div> <div class=\"gallery-group\" style=\"width: 158px; height: 158px;\" data-original-width=\"158\" data-original-height=\"158\" > <div class=\"tiled-gallery-item \" itemprop=\"associatedMedia\" itemscope itemtype=\"http:\/\/schema.org\/ImageObject\"> <meta itemprop=\"width\" content=\"154\"> <meta itemprop=\"height\" content=\"154\"> <img decoding=\"async\" class=\"\" data-attachment-id=\"34377\" data-orig-file=\"https:\/\/cloud.alqueria.es\/wp-content\/uploads\/sites\/7\/2026\/04\/WhatsApp-Image-2026-04-21-at-15.19.55-1.jpeg\" data-orig-size=\"2048,1536\" data-comments-opened=\"1\" data-image-meta=\"{&quot;aperture&quot;:&quot;0&quot;,&quot;credit&quot;:&quot;&quot;,&quot;camera&quot;:&quot;&quot;,&quot;caption&quot;:&quot;&quot;,&quot;created_timestamp&quot;:&quot;0&quot;,&quot;copyright&quot;:&quot;&quot;,&quot;focal_length&quot;:&quot;0&quot;,&quot;iso&quot;:&quot;0&quot;,&quot;shutter_speed&quot;:&quot;0&quot;,&quot;title&quot;:&quot;&quot;,&quot;orientation&quot;:&quot;0&quot;}\" data-image-title=\"WhatsApp Image 2026-04-21 at 15.19.55 (1)\" data-image-description=\"\" data-medium-file=\"https:\/\/cloud.alqueria.es\/wp-content\/uploads\/sites\/7\/2026\/04\/WhatsApp-Image-2026-04-21-at-15.19.55-1-300x225.jpeg\" data-large-file=\"https:\/\/cloud.alqueria.es\/wp-content\/uploads\/sites\/7\/2026\/04\/WhatsApp-Image-2026-04-21-at-15.19.55-1-1024x768.jpeg\" src=\"https:\/\/i0.wp.com\/cloud.alqueria.es\/wp-content\/uploads\/sites\/7\/2026\/04\/WhatsApp-Image-2026-04-21-at-15.19.55-1.jpeg?w=154&#038;h=154&#038;crop=1&#038;ssl=1\" width=\"154\" height=\"154\" loading=\"lazy\" data-original-width=\"154\" data-original-height=\"154\" itemprop=\"http:\/\/schema.org\/image\" title=\"WhatsApp Image 2026-04-21 at 15.19.55 (1)\" alt=\"WhatsApp Image 2026-04-21 at 15.19.55 (1)\" style=\"width: 154px; height: 154px;\" \/> <\/div> <\/div> <div class=\"gallery-group\" style=\"width: 158px; height: 158px;\" data-original-width=\"158\" data-original-height=\"158\" > <div class=\"tiled-gallery-item \" itemprop=\"associatedMedia\" itemscope itemtype=\"http:\/\/schema.org\/ImageObject\"> <meta itemprop=\"width\" content=\"154\"> <meta itemprop=\"height\" content=\"154\"> <img decoding=\"async\" class=\"\" data-attachment-id=\"34376\" data-orig-file=\"https:\/\/cloud.alqueria.es\/wp-content\/uploads\/sites\/7\/2026\/04\/WhatsApp-Image-2026-04-21-at-15.19.55-2.jpeg\" data-orig-size=\"2048,1536\" data-comments-opened=\"1\" data-image-meta=\"{&quot;aperture&quot;:&quot;0&quot;,&quot;credit&quot;:&quot;&quot;,&quot;camera&quot;:&quot;&quot;,&quot;caption&quot;:&quot;&quot;,&quot;created_timestamp&quot;:&quot;0&quot;,&quot;copyright&quot;:&quot;&quot;,&quot;focal_length&quot;:&quot;0&quot;,&quot;iso&quot;:&quot;0&quot;,&quot;shutter_speed&quot;:&quot;0&quot;,&quot;title&quot;:&quot;&quot;,&quot;orientation&quot;:&quot;0&quot;}\" data-image-title=\"WhatsApp Image 2026-04-21 at 15.19.55 (2)\" data-image-description=\"\" data-medium-file=\"https:\/\/cloud.alqueria.es\/wp-content\/uploads\/sites\/7\/2026\/04\/WhatsApp-Image-2026-04-21-at-15.19.55-2-300x225.jpeg\" data-large-file=\"https:\/\/cloud.alqueria.es\/wp-content\/uploads\/sites\/7\/2026\/04\/WhatsApp-Image-2026-04-21-at-15.19.55-2-1024x768.jpeg\" src=\"https:\/\/i0.wp.com\/cloud.alqueria.es\/wp-content\/uploads\/sites\/7\/2026\/04\/WhatsApp-Image-2026-04-21-at-15.19.55-2.jpeg?w=154&#038;h=154&#038;crop=1&#038;ssl=1\" width=\"154\" height=\"154\" loading=\"lazy\" data-original-width=\"154\" data-original-height=\"154\" itemprop=\"http:\/\/schema.org\/image\" title=\"WhatsApp Image 2026-04-21 at 15.19.55 (2)\" alt=\"WhatsApp Image 2026-04-21 at 15.19.55 (2)\" style=\"width: 154px; height: 154px;\" \/> <\/div> <\/div> <\/div> <\/div>\n<h5 style=\"text-align: center\"><span style=\"color: #008000\"><strong>Proyecto de emprendimiento en infantil: EL VIVERO<\/strong><\/span><\/h5>\n<div class=\"@container isolate\">\n<div class=\"bg-base p-md @3xl:p-lg erp-sidecar:pt-0 erp-mobile-sidecar:pt-lg erp-mobile-sidecar:pb-[100px]\">\n<div class=\"mx-auto flex flex-col pointer-events-auto max-w-threadContentWidth gap-md md:gap-lg\">\n<div class=\"flex flex-col\">\n<div class=\"flex flex-col gap-md @3xl:gap-lg w-full\">\n<div class=\"w-full\">\n<div class=\"w-full flex flex-col\">\n<div id=\"radix-_r_3v_-content-default\" class=\"focus:outline-none\" role=\"tabpanel\" data-state=\"active\" data-orientation=\"horizontal\" aria-labelledby=\"radix-_r_3v_-trigger-default\">\n<div class=\"flex flex-col @3xl:gap-y-lg gap-y-md\">\n<div class=\"gap-y-sm flex flex-col\">\n<div>\n<div class=\"relative font-sans text-base text-foreground selection:bg-super\/50 selection:text-foreground dark:selection:bg-super\/10 dark:selection:text-super\">\n<div class=\"min-w-0 break-words [word-break:break-word]\">\n<div id=\"markdown-content-0\" class=\"gap-y-md after:clear-both after:block after:content-['']\" dir=\"auto\" lang=\"es\">\n<div class=\"has-inline-images my-2 first:mt-0 [&amp;:has([data-inline-type=image])+&amp;:has([data-inline-type=image])_[data-inline-type=image]]:hidden [&amp;:has(table)_[data-inline-type=image]]:hidden\">\n<div class=\"prose dark:prose-invert inline leading-relaxed break-words min-w-0 [word-break:break-word] prose-strong:font-bold [&amp;_&gt;*:first-child]:mt-0 [&amp;_&gt;*:last-child]:mb-0\">\n<div data-renderer=\"lm\">\n<p class=\"my-2 [&amp;+p]:mt-4 [&amp;_strong:has(+br)]:inline-block [&amp;_strong:has(+br)]:pb-2\">Hemos tenido la oportunidad de vivir una experiencia muy especial junto al alumnado de Infantil, colaborando en su proyecto de emprendimiento centrado en el vivero. Durante la visita, pudimos conocer de cerca el trabajo realizado, desde el cuidado de las plantas hasta la organizaci\u00f3n de su \u00abtienda de plantas:vivero\u00bb.<\/p>\n<div class=\"tiled-gallery type-square tiled-gallery-unresized\" data-original-width=\"474\" data-carousel-extra='{&quot;blog_id&quot;:7,&quot;permalink&quot;:&quot;https:\\\/\\\/www.alqueria.es\\\/blogs\\\/alqueriasegundociclo\\\/2026\\\/04\\\/27\\\/exploramos-el-entorno-repasamos-las-tablas-y-mejoramos-la-expresion-oral\\\/&quot;,&quot;likes_blog_id&quot;:64233500}' itemscope itemtype=\"http:\/\/schema.org\/ImageGallery\" > <div class=\"gallery-row\" style=\"width: 474px; height: 474px;\" data-original-width=\"474\" data-original-height=\"474\" > <div class=\"gallery-group\" style=\"width: 474px; height: 474px;\" data-original-width=\"474\" data-original-height=\"474\" > <div class=\"tiled-gallery-item \" itemprop=\"associatedMedia\" itemscope itemtype=\"http:\/\/schema.org\/ImageObject\"> <meta itemprop=\"width\" content=\"470\"> <meta itemprop=\"height\" content=\"470\"> <img decoding=\"async\" class=\"\" data-attachment-id=\"34375\" data-orig-file=\"https:\/\/cloud.alqueria.es\/wp-content\/uploads\/sites\/7\/2026\/04\/WhatsApp-Image-2026-04-21-at-15.19.55-3.jpeg\" data-orig-size=\"2048,1536\" data-comments-opened=\"1\" data-image-meta=\"{&quot;aperture&quot;:&quot;0&quot;,&quot;credit&quot;:&quot;&quot;,&quot;camera&quot;:&quot;&quot;,&quot;caption&quot;:&quot;&quot;,&quot;created_timestamp&quot;:&quot;0&quot;,&quot;copyright&quot;:&quot;&quot;,&quot;focal_length&quot;:&quot;0&quot;,&quot;iso&quot;:&quot;0&quot;,&quot;shutter_speed&quot;:&quot;0&quot;,&quot;title&quot;:&quot;&quot;,&quot;orientation&quot;:&quot;0&quot;}\" data-image-title=\"WhatsApp Image 2026-04-21 at 15.19.55 (3)\" data-image-description=\"\" data-medium-file=\"https:\/\/cloud.alqueria.es\/wp-content\/uploads\/sites\/7\/2026\/04\/WhatsApp-Image-2026-04-21-at-15.19.55-3-300x225.jpeg\" data-large-file=\"https:\/\/cloud.alqueria.es\/wp-content\/uploads\/sites\/7\/2026\/04\/WhatsApp-Image-2026-04-21-at-15.19.55-3-1024x768.jpeg\" src=\"https:\/\/i0.wp.com\/cloud.alqueria.es\/wp-content\/uploads\/sites\/7\/2026\/04\/WhatsApp-Image-2026-04-21-at-15.19.55-3.jpeg?w=470&#038;h=470&#038;crop=1&#038;ssl=1\" width=\"470\" height=\"470\" loading=\"lazy\" data-original-width=\"470\" data-original-height=\"470\" itemprop=\"http:\/\/schema.org\/image\" title=\"WhatsApp Image 2026-04-21 at 15.19.55 (3)\" alt=\"WhatsApp Image 2026-04-21 at 15.19.55 (3)\" style=\"width: 470px; height: 470px;\" \/> <\/div> <\/div> <\/div> <div class=\"gallery-row\" style=\"width: 474px; height: 158px;\" data-original-width=\"474\" data-original-height=\"158\" > <div class=\"gallery-group\" style=\"width: 158px; height: 158px;\" data-original-width=\"158\" data-original-height=\"158\" > <div class=\"tiled-gallery-item \" itemprop=\"associatedMedia\" itemscope itemtype=\"http:\/\/schema.org\/ImageObject\"> <meta itemprop=\"width\" content=\"154\"> <meta itemprop=\"height\" content=\"154\"> <img decoding=\"async\" class=\"\" data-attachment-id=\"34374\" data-orig-file=\"https:\/\/cloud.alqueria.es\/wp-content\/uploads\/sites\/7\/2026\/04\/WhatsApp-Image-2026-04-21-at-15.19.55-4.jpeg\" data-orig-size=\"1536,2048\" data-comments-opened=\"1\" data-image-meta=\"{&quot;aperture&quot;:&quot;0&quot;,&quot;credit&quot;:&quot;&quot;,&quot;camera&quot;:&quot;&quot;,&quot;caption&quot;:&quot;&quot;,&quot;created_timestamp&quot;:&quot;0&quot;,&quot;copyright&quot;:&quot;&quot;,&quot;focal_length&quot;:&quot;0&quot;,&quot;iso&quot;:&quot;0&quot;,&quot;shutter_speed&quot;:&quot;0&quot;,&quot;title&quot;:&quot;&quot;,&quot;orientation&quot;:&quot;0&quot;}\" data-image-title=\"WhatsApp Image 2026-04-21 at 15.19.55 (4)\" data-image-description=\"\" data-medium-file=\"https:\/\/cloud.alqueria.es\/wp-content\/uploads\/sites\/7\/2026\/04\/WhatsApp-Image-2026-04-21-at-15.19.55-4-225x300.jpeg\" data-large-file=\"https:\/\/cloud.alqueria.es\/wp-content\/uploads\/sites\/7\/2026\/04\/WhatsApp-Image-2026-04-21-at-15.19.55-4-768x1024.jpeg\" src=\"https:\/\/i0.wp.com\/cloud.alqueria.es\/wp-content\/uploads\/sites\/7\/2026\/04\/WhatsApp-Image-2026-04-21-at-15.19.55-4.jpeg?w=154&#038;h=154&#038;crop=1&#038;ssl=1\" width=\"154\" height=\"154\" loading=\"lazy\" data-original-width=\"154\" data-original-height=\"154\" itemprop=\"http:\/\/schema.org\/image\" title=\"WhatsApp Image 2026-04-21 at 15.19.55 (4)\" alt=\"WhatsApp Image 2026-04-21 at 15.19.55 (4)\" style=\"width: 154px; height: 154px;\" \/> <\/div> <\/div> <div class=\"gallery-group\" style=\"width: 158px; height: 158px;\" data-original-width=\"158\" data-original-height=\"158\" > <div class=\"tiled-gallery-item \" itemprop=\"associatedMedia\" itemscope itemtype=\"http:\/\/schema.org\/ImageObject\"> <meta itemprop=\"width\" content=\"154\"> <meta itemprop=\"height\" content=\"154\"> <img decoding=\"async\" class=\"\" data-attachment-id=\"34372\" data-orig-file=\"https:\/\/cloud.alqueria.es\/wp-content\/uploads\/sites\/7\/2026\/04\/WhatsApp-Image-2026-04-21-at-15.19.56-1.jpeg\" data-orig-size=\"1536,2048\" data-comments-opened=\"1\" data-image-meta=\"{&quot;aperture&quot;:&quot;0&quot;,&quot;credit&quot;:&quot;&quot;,&quot;camera&quot;:&quot;&quot;,&quot;caption&quot;:&quot;&quot;,&quot;created_timestamp&quot;:&quot;0&quot;,&quot;copyright&quot;:&quot;&quot;,&quot;focal_length&quot;:&quot;0&quot;,&quot;iso&quot;:&quot;0&quot;,&quot;shutter_speed&quot;:&quot;0&quot;,&quot;title&quot;:&quot;&quot;,&quot;orientation&quot;:&quot;0&quot;}\" data-image-title=\"WhatsApp Image 2026-04-21 at 15.19.56 (1)\" data-image-description=\"\" data-medium-file=\"https:\/\/cloud.alqueria.es\/wp-content\/uploads\/sites\/7\/2026\/04\/WhatsApp-Image-2026-04-21-at-15.19.56-1-225x300.jpeg\" data-large-file=\"https:\/\/cloud.alqueria.es\/wp-content\/uploads\/sites\/7\/2026\/04\/WhatsApp-Image-2026-04-21-at-15.19.56-1-768x1024.jpeg\" src=\"https:\/\/i0.wp.com\/cloud.alqueria.es\/wp-content\/uploads\/sites\/7\/2026\/04\/WhatsApp-Image-2026-04-21-at-15.19.56-1.jpeg?w=154&#038;h=154&#038;crop=1&#038;ssl=1\" width=\"154\" height=\"154\" loading=\"lazy\" data-original-width=\"154\" data-original-height=\"154\" itemprop=\"http:\/\/schema.org\/image\" title=\"WhatsApp Image 2026-04-21 at 15.19.56 (1)\" alt=\"WhatsApp Image 2026-04-21 at 15.19.56 (1)\" style=\"width: 154px; height: 154px;\" \/> <\/div> <\/div> <div class=\"gallery-group\" style=\"width: 158px; height: 158px;\" data-original-width=\"158\" data-original-height=\"158\" > <div class=\"tiled-gallery-item \" itemprop=\"associatedMedia\" itemscope itemtype=\"http:\/\/schema.org\/ImageObject\"> <meta itemprop=\"width\" content=\"154\"> <meta itemprop=\"height\" content=\"154\"> <img decoding=\"async\" class=\"\" data-attachment-id=\"34373\" data-orig-file=\"https:\/\/cloud.alqueria.es\/wp-content\/uploads\/sites\/7\/2026\/04\/WhatsApp-Image-2026-04-21-at-15.19.56.jpeg\" data-orig-size=\"1536,2048\" data-comments-opened=\"1\" data-image-meta=\"{&quot;aperture&quot;:&quot;0&quot;,&quot;credit&quot;:&quot;&quot;,&quot;camera&quot;:&quot;&quot;,&quot;caption&quot;:&quot;&quot;,&quot;created_timestamp&quot;:&quot;0&quot;,&quot;copyright&quot;:&quot;&quot;,&quot;focal_length&quot;:&quot;0&quot;,&quot;iso&quot;:&quot;0&quot;,&quot;shutter_speed&quot;:&quot;0&quot;,&quot;title&quot;:&quot;&quot;,&quot;orientation&quot;:&quot;0&quot;}\" data-image-title=\"WhatsApp Image 2026-04-21 at 15.19.56\" data-image-description=\"\" data-medium-file=\"https:\/\/cloud.alqueria.es\/wp-content\/uploads\/sites\/7\/2026\/04\/WhatsApp-Image-2026-04-21-at-15.19.56-225x300.jpeg\" data-large-file=\"https:\/\/cloud.alqueria.es\/wp-content\/uploads\/sites\/7\/2026\/04\/WhatsApp-Image-2026-04-21-at-15.19.56-768x1024.jpeg\" src=\"https:\/\/i0.wp.com\/cloud.alqueria.es\/wp-content\/uploads\/sites\/7\/2026\/04\/WhatsApp-Image-2026-04-21-at-15.19.56.jpeg?w=154&#038;h=154&#038;crop=1&#038;ssl=1\" width=\"154\" height=\"154\" loading=\"lazy\" data-original-width=\"154\" data-original-height=\"154\" itemprop=\"http:\/\/schema.org\/image\" title=\"WhatsApp Image 2026-04-21 at 15.19.56\" alt=\"WhatsApp Image 2026-04-21 at 15.19.56\" style=\"width: 154px; height: 154px;\" \/> <\/div> <\/div> <\/div> <\/div>\n<p class=\"my-2 [&amp;+p]:mt-4 [&amp;_strong:has(+br)]:inline-block [&amp;_strong:has(+br)]:pb-2\">Casi todo el grupo particip\u00f3 con la compra de plantas que han llevado a casa. Con el dinero recaudado adquiriran libros para la biblioteca de infantil.<\/p>\n<p class=\"my-2 [&amp;+p]:mt-4 [&amp;_strong:has(+br)]:inline-block [&amp;_strong:has(+br)]:pb-2\">Esta actividad nos ha permitido compartir aprendizajes, fortalecer la convivencia entre etapas y valorar iniciativas tan bonitas como este vivero, que fomenta el respeto por la naturaleza y el esp\u00edritu emprendedor desde edades tempranas.<\/p>\n<\/div>\n<\/div>\n<\/div>\n<\/div>\n<\/div>\n<\/div>\n<\/div>\n<\/div>\n<\/div>\n<\/div>\n<\/div>\n<\/div>\n<\/div>\n<\/div>\n<\/div>\n<\/div>\n<\/div>\n<div class=\"tiled-gallery type-square tiled-gallery-unresized\" data-original-width=\"474\" data-carousel-extra='{&quot;blog_id&quot;:7,&quot;permalink&quot;:&quot;https:\\\/\\\/www.alqueria.es\\\/blogs\\\/alqueriasegundociclo\\\/2026\\\/04\\\/27\\\/exploramos-el-entorno-repasamos-las-tablas-y-mejoramos-la-expresion-oral\\\/&quot;,&quot;likes_blog_id&quot;:64233500}' itemscope itemtype=\"http:\/\/schema.org\/ImageGallery\" > <div class=\"gallery-row\" style=\"width: 474px; height: 237px;\" data-original-width=\"474\" data-original-height=\"237\" > <div class=\"gallery-group\" style=\"width: 237px; height: 237px;\" data-original-width=\"237\" data-original-height=\"237\" > <div class=\"tiled-gallery-item \" itemprop=\"associatedMedia\" itemscope itemtype=\"http:\/\/schema.org\/ImageObject\"> <meta itemprop=\"width\" content=\"233\"> <meta itemprop=\"height\" content=\"233\"> <img decoding=\"async\" class=\"\" data-attachment-id=\"34372\" data-orig-file=\"https:\/\/cloud.alqueria.es\/wp-content\/uploads\/sites\/7\/2026\/04\/WhatsApp-Image-2026-04-21-at-15.19.56-1.jpeg\" data-orig-size=\"1536,2048\" data-comments-opened=\"1\" data-image-meta=\"{&quot;aperture&quot;:&quot;0&quot;,&quot;credit&quot;:&quot;&quot;,&quot;camera&quot;:&quot;&quot;,&quot;caption&quot;:&quot;&quot;,&quot;created_timestamp&quot;:&quot;0&quot;,&quot;copyright&quot;:&quot;&quot;,&quot;focal_length&quot;:&quot;0&quot;,&quot;iso&quot;:&quot;0&quot;,&quot;shutter_speed&quot;:&quot;0&quot;,&quot;title&quot;:&quot;&quot;,&quot;orientation&quot;:&quot;0&quot;}\" data-image-title=\"WhatsApp Image 2026-04-21 at 15.19.56 (1)\" data-image-description=\"\" data-medium-file=\"https:\/\/cloud.alqueria.es\/wp-content\/uploads\/sites\/7\/2026\/04\/WhatsApp-Image-2026-04-21-at-15.19.56-1-225x300.jpeg\" data-large-file=\"https:\/\/cloud.alqueria.es\/wp-content\/uploads\/sites\/7\/2026\/04\/WhatsApp-Image-2026-04-21-at-15.19.56-1-768x1024.jpeg\" src=\"https:\/\/i0.wp.com\/cloud.alqueria.es\/wp-content\/uploads\/sites\/7\/2026\/04\/WhatsApp-Image-2026-04-21-at-15.19.56-1.jpeg?w=233&#038;h=233&#038;crop=1&#038;ssl=1\" width=\"233\" height=\"233\" loading=\"lazy\" data-original-width=\"233\" data-original-height=\"233\" itemprop=\"http:\/\/schema.org\/image\" title=\"WhatsApp Image 2026-04-21 at 15.19.56 (1)\" alt=\"WhatsApp Image 2026-04-21 at 15.19.56 (1)\" style=\"width: 233px; height: 233px;\" \/> <\/div> <\/div> <div class=\"gallery-group\" style=\"width: 237px; height: 237px;\" data-original-width=\"237\" data-original-height=\"237\" > <div class=\"tiled-gallery-item \" itemprop=\"associatedMedia\" itemscope itemtype=\"http:\/\/schema.org\/ImageObject\"> <meta itemprop=\"width\" content=\"233\"> <meta itemprop=\"height\" content=\"233\"> <img decoding=\"async\" class=\"\" data-attachment-id=\"34374\" data-orig-file=\"https:\/\/cloud.alqueria.es\/wp-content\/uploads\/sites\/7\/2026\/04\/WhatsApp-Image-2026-04-21-at-15.19.55-4.jpeg\" data-orig-size=\"1536,2048\" data-comments-opened=\"1\" data-image-meta=\"{&quot;aperture&quot;:&quot;0&quot;,&quot;credit&quot;:&quot;&quot;,&quot;camera&quot;:&quot;&quot;,&quot;caption&quot;:&quot;&quot;,&quot;created_timestamp&quot;:&quot;0&quot;,&quot;copyright&quot;:&quot;&quot;,&quot;focal_length&quot;:&quot;0&quot;,&quot;iso&quot;:&quot;0&quot;,&quot;shutter_speed&quot;:&quot;0&quot;,&quot;title&quot;:&quot;&quot;,&quot;orientation&quot;:&quot;0&quot;}\" data-image-title=\"WhatsApp Image 2026-04-21 at 15.19.55 (4)\" data-image-description=\"\" data-medium-file=\"https:\/\/cloud.alqueria.es\/wp-content\/uploads\/sites\/7\/2026\/04\/WhatsApp-Image-2026-04-21-at-15.19.55-4-225x300.jpeg\" data-large-file=\"https:\/\/cloud.alqueria.es\/wp-content\/uploads\/sites\/7\/2026\/04\/WhatsApp-Image-2026-04-21-at-15.19.55-4-768x1024.jpeg\" src=\"https:\/\/i0.wp.com\/cloud.alqueria.es\/wp-content\/uploads\/sites\/7\/2026\/04\/WhatsApp-Image-2026-04-21-at-15.19.55-4.jpeg?w=233&#038;h=233&#038;crop=1&#038;ssl=1\" width=\"233\" height=\"233\" loading=\"lazy\" data-original-width=\"233\" data-original-height=\"233\" itemprop=\"http:\/\/schema.org\/image\" title=\"WhatsApp Image 2026-04-21 at 15.19.55 (4)\" alt=\"WhatsApp Image 2026-04-21 at 15.19.55 (4)\" style=\"width: 233px; height: 233px;\" \/> <\/div> <\/div> <\/div> <div class=\"gallery-row\" style=\"width: 474px; height: 237px;\" data-original-width=\"474\" data-original-height=\"237\" > <div class=\"gallery-group\" style=\"width: 237px; height: 237px;\" data-original-width=\"237\" data-original-height=\"237\" > <div class=\"tiled-gallery-item \" itemprop=\"associatedMedia\" itemscope itemtype=\"http:\/\/schema.org\/ImageObject\"> <meta itemprop=\"width\" content=\"233\"> <meta itemprop=\"height\" content=\"233\"> <img decoding=\"async\" class=\"\" data-attachment-id=\"34373\" data-orig-file=\"https:\/\/cloud.alqueria.es\/wp-content\/uploads\/sites\/7\/2026\/04\/WhatsApp-Image-2026-04-21-at-15.19.56.jpeg\" data-orig-size=\"1536,2048\" data-comments-opened=\"1\" data-image-meta=\"{&quot;aperture&quot;:&quot;0&quot;,&quot;credit&quot;:&quot;&quot;,&quot;camera&quot;:&quot;&quot;,&quot;caption&quot;:&quot;&quot;,&quot;created_timestamp&quot;:&quot;0&quot;,&quot;copyright&quot;:&quot;&quot;,&quot;focal_length&quot;:&quot;0&quot;,&quot;iso&quot;:&quot;0&quot;,&quot;shutter_speed&quot;:&quot;0&quot;,&quot;title&quot;:&quot;&quot;,&quot;orientation&quot;:&quot;0&quot;}\" data-image-title=\"WhatsApp Image 2026-04-21 at 15.19.56\" data-image-description=\"\" data-medium-file=\"https:\/\/cloud.alqueria.es\/wp-content\/uploads\/sites\/7\/2026\/04\/WhatsApp-Image-2026-04-21-at-15.19.56-225x300.jpeg\" data-large-file=\"https:\/\/cloud.alqueria.es\/wp-content\/uploads\/sites\/7\/2026\/04\/WhatsApp-Image-2026-04-21-at-15.19.56-768x1024.jpeg\" src=\"https:\/\/i0.wp.com\/cloud.alqueria.es\/wp-content\/uploads\/sites\/7\/2026\/04\/WhatsApp-Image-2026-04-21-at-15.19.56.jpeg?w=233&#038;h=233&#038;crop=1&#038;ssl=1\" width=\"233\" height=\"233\" loading=\"lazy\" data-original-width=\"233\" data-original-height=\"233\" itemprop=\"http:\/\/schema.org\/image\" title=\"WhatsApp Image 2026-04-21 at 15.19.56\" alt=\"WhatsApp Image 2026-04-21 at 15.19.56\" style=\"width: 233px; height: 233px;\" \/> <\/div> <\/div> <div class=\"gallery-group\" style=\"width: 237px; height: 237px;\" data-original-width=\"237\" data-original-height=\"237\" > <div class=\"tiled-gallery-item \" itemprop=\"associatedMedia\" itemscope itemtype=\"http:\/\/schema.org\/ImageObject\"> <meta itemprop=\"width\" content=\"233\"> <meta itemprop=\"height\" content=\"233\"> <img decoding=\"async\" class=\"\" data-attachment-id=\"34375\" data-orig-file=\"https:\/\/cloud.alqueria.es\/wp-content\/uploads\/sites\/7\/2026\/04\/WhatsApp-Image-2026-04-21-at-15.19.55-3.jpeg\" data-orig-size=\"2048,1536\" data-comments-opened=\"1\" data-image-meta=\"{&quot;aperture&quot;:&quot;0&quot;,&quot;credit&quot;:&quot;&quot;,&quot;camera&quot;:&quot;&quot;,&quot;caption&quot;:&quot;&quot;,&quot;created_timestamp&quot;:&quot;0&quot;,&quot;copyright&quot;:&quot;&quot;,&quot;focal_length&quot;:&quot;0&quot;,&quot;iso&quot;:&quot;0&quot;,&quot;shutter_speed&quot;:&quot;0&quot;,&quot;title&quot;:&quot;&quot;,&quot;orientation&quot;:&quot;0&quot;}\" data-image-title=\"WhatsApp Image 2026-04-21 at 15.19.55 (3)\" data-image-description=\"\" data-medium-file=\"https:\/\/cloud.alqueria.es\/wp-content\/uploads\/sites\/7\/2026\/04\/WhatsApp-Image-2026-04-21-at-15.19.55-3-300x225.jpeg\" data-large-file=\"https:\/\/cloud.alqueria.es\/wp-content\/uploads\/sites\/7\/2026\/04\/WhatsApp-Image-2026-04-21-at-15.19.55-3-1024x768.jpeg\" src=\"https:\/\/i0.wp.com\/cloud.alqueria.es\/wp-content\/uploads\/sites\/7\/2026\/04\/WhatsApp-Image-2026-04-21-at-15.19.55-3.jpeg?w=233&#038;h=233&#038;crop=1&#038;ssl=1\" width=\"233\" height=\"233\" loading=\"lazy\" data-original-width=\"233\" data-original-height=\"233\" itemprop=\"http:\/\/schema.org\/image\" title=\"WhatsApp Image 2026-04-21 at 15.19.55 (3)\" alt=\"WhatsApp Image 2026-04-21 at 15.19.55 (3)\" style=\"width: 233px; height: 233px;\" \/> <\/div> <\/div> <\/div> <\/div>\n<p>Pr\u00f3xima entrada sobre el d\u00eda del Libro y la Salida al Sacromonte.<\/p>\n<p>Un saludo.<\/p>\n<p>Laura Justicia<\/p>\n","protected":false},"excerpt":{"rendered":"<p>Esta semana hemos viajado desde nuestro propio barrio hasta Jap\u00f3n, pasando por n\u00fameros, mapas y presentaciones orales, con nuevas oportunidades para crecer, observar y poner en pr\u00e1ctica todo lo que sabemos. La localidad y barrio Continuamos con el tema de la localidad y el barrio. Partimos de lo que tenemos m\u00e1s cerca: nuestra propia comunidad. &hellip; <a href=\"https:\/\/www.alqueria.es\/blogs\/alqueriasegundociclo\/2026\/04\/27\/exploramos-el-entorno-repasamos-las-tablas-y-mejoramos-la-expresion-oral\/\" class=\"more-link\">Seguir leyendo <span class=\"screen-reader-text\">Exploramos el entorno, repasamos las tablas y mejoramos la expresi\u00f3n oral<\/span> <span class=\"meta-nav\">&rarr;<\/span><\/a><\/p>\n","protected":false},"author":16,"featured_media":0,"comment_status":"open","ping_status":"open","sticky":false,"template":"","format":"standard","meta":{"jetpack_post_was_ever_published":false,"_jetpack_newsletter_access":"","_jetpack_dont_email_post_to_subs":false,"_jetpack_newsletter_tier_id":0,"_jetpack_memberships_contains_paywalled_content":false,"_jetpack_memberships_contains_paid_content":false,"footnotes":"","jetpack_publicize_message":"","jetpack_publicize_feature_enabled":true,"jetpack_social_post_already_shared":true,"jetpack_social_options":{"image_generator_settings":{"template":"highway","default_image_id":0,"font":"","enabled":false},"version":2}},"categories":[5,59],"tags":[653,656,655,658,657,654],"class_list":["post-34319","post","type-post","status-publish","format-standard","hentry","category-3o-epo","category-semanario-3o","tag-japon","tag-la-localidad-y-el-barrio","tag-multiplicacion","tag-palestina","tag-piratas","tag-resolucion-de-problemas"],"jetpack_publicize_connections":[],"jetpack_featured_media_url":"","jetpack_sharing_enabled":true,"jetpack_shortlink":"https:\/\/wp.me\/p4lw4c-8Vx","_links":{"self":[{"href":"https:\/\/www.alqueria.es\/blogs\/alqueriasegundociclo\/wp-json\/wp\/v2\/posts\/34319","targetHints":{"allow":["GET"]}}],"collection":[{"href":"https:\/\/www.alqueria.es\/blogs\/alqueriasegundociclo\/wp-json\/wp\/v2\/posts"}],"about":[{"href":"https:\/\/www.alqueria.es\/blogs\/alqueriasegundociclo\/wp-json\/wp\/v2\/types\/post"}],"author":[{"embeddable":true,"href":"https:\/\/www.alqueria.es\/blogs\/alqueriasegundociclo\/wp-json\/wp\/v2\/users\/16"}],"replies":[{"embeddable":true,"href":"https:\/\/www.alqueria.es\/blogs\/alqueriasegundociclo\/wp-json\/wp\/v2\/comments?post=34319"}],"version-history":[{"count":3,"href":"https:\/\/www.alqueria.es\/blogs\/alqueriasegundociclo\/wp-json\/wp\/v2\/posts\/34319\/revisions"}],"predecessor-version":[{"id":34439,"href":"https:\/\/www.alqueria.es\/blogs\/alqueriasegundociclo\/wp-json\/wp\/v2\/posts\/34319\/revisions\/34439"}],"wp:attachment":[{"href":"https:\/\/www.alqueria.es\/blogs\/alqueriasegundociclo\/wp-json\/wp\/v2\/media?parent=34319"}],"wp:term":[{"taxonomy":"category","embeddable":true,"href":"https:\/\/www.alqueria.es\/blogs\/alqueriasegundociclo\/wp-json\/wp\/v2\/categories?post=34319"},{"taxonomy":"post_tag","embeddable":true,"href":"https:\/\/www.alqueria.es\/blogs\/alqueriasegundociclo\/wp-json\/wp\/v2\/tags?post=34319"}],"curies":[{"name":"wp","href":"https:\/\/api.w.org\/{rel}","templated":true}]}}