{"id":409,"date":"2012-04-27T14:49:22","date_gmt":"2012-04-27T14:49:22","guid":{"rendered":"http:\/\/alqueriasegundociclo.wordpress.com\/?p=409"},"modified":"2012-04-27T14:49:22","modified_gmt":"2012-04-27T14:49:22","slug":"semanario-4o-epo-semana-del-23-al-27-de-abril-de-2012","status":"publish","type":"post","link":"https:\/\/www.alqueria.es\/blogs\/alqueriasegundociclo\/2012\/04\/27\/semanario-4o-epo-semana-del-23-al-27-de-abril-de-2012\/","title":{"rendered":"Semanario 4\u00ba EPO. Semana del 23 al 27 de abril de 2012"},"content":{"rendered":"<p>Estimadas familias.<\/p>\n<p>Esta ha sido una semana movida, en cuanto a temas de salud se refieren, ya que hemos tenido una parte considerable del alumando enfermo, causando bajas alternas a lo largo de la semana. Parece que ya hemos vuelto a la normalidad.<\/p>\n<p>Comenzamos la semana con la celebraci\u00f3n del d\u00eda del libro. Para ello se han realizado diferentes actividades:<\/p>\n<p>&#8211; conferencia de Nicol\u00e1s Abella \u00ablas m\u00e1quinas\u00bb, donde dedica un apartado especial a la imprenta y nos muestra su uso.<\/p>\n<p>&#8211; lectura expresiva al grupo: un grupo de voluntarios\/as lee al grupo una lectura mitol\u00f3gica. De esos voluntarios se hace una elecci\u00f3n de representante del grupo para otra actividad que tiene lugar por la tarde.<\/p>\n<p>&#8211; lectura de cuentos con 1\u00ba EPO: en el aula de primero realizamos una asamblea junto a los compa\u00f1eros m\u00e1s peque\u00f1os de la etapa. Comienza la actividad con la lectura de cuentos de mano de ni\u00f1os de primero. Despu\u00e9s, M\u00aa Jos\u00e9, nuestra representante, lee el cuento \u00abLa caperucita equivocada\u00bb. Jos\u00e9, el profe de primero, lee el cuento \u00abEl pescador y su mujer\u00bb. Ha sido una actividad m\u00e1gica, en la que todos, grandes y peque\u00f1os, hemos disfrutado.<\/p>\n<p>La actividad principal de esta semana ha sido la salida a la Gran V\u00eda, que tuvo lugar el martes 24. La visita a esta hist\u00f3rica calle de Granada, as\u00ed como a las calles y plazas que la rodean, fue de deleite para todos.<\/p>\n<p>El recorrido programado se cumpli\u00f3 con agrado, comenzando en los Jardines del Triunfo y terminando en la Plaza Isabel la Cat\u00f3lica. Hicimos muchas paradas, tantas como lugares emblem\u00e1ticos y de inter\u00e9s ten\u00edamos en el itinerario. As\u00ed vimos y aprendimos muchas cosas de:<\/p>\n<p>Jardines del Triunfo, insituto Padre Su\u00e1rez, edifio de La Normal, edificio \u00abel americano\u00bb, palacio de los M\u00fcller, plaza del Triunfo, puerta de Elvira, calle Elvira, pilares, torre de San Andr\u00e9s, capilla de San Juan de Dios, tribunal de la Santa Inquisici\u00f3n, monasterio de Santa Paula, la \u00abcasa de la perra gorda\u00bb, iglesia del Sagrado Coraz\u00f3n, plaza de San Agust\u00edn, calle C\u00e1rcel Baja, plaza de la Romanilla, calle Pescader\u00eda, plaza de las Pasiegas, Catedral, plaza de Bib-rambla, Alcaicer\u00eda, calle Zacat\u00edn, Corral del Carb\u00f3n, calle Reyes Cat\u00f3licos, plaza de Isabel la Cat\u00f3lica.<\/p>\n<p>Lo mejor de la salida fueron los excepcionales gu\u00edas que nos acompa\u00f1aron, ellos mismos, a trav\u00e9s de las investigaciones realizadas e informes elaborados, sirvieron de gu\u00edas tur\u00edsticos para el resto del grupo. Una actividad entiquecedora y educativa que motiv\u00f3 mucho a todos. Ahora os queda dar un paseo por estas calles y plazas y \u00a1que os expliquen cu\u00e1nto han aprendido!<\/p>\n<p>En matem\u00e1ticas hemos practicado la representaci\u00f3n gr\u00e1fica de figuras geom\u00e9tricas con el uso de comp\u00e1s, escuadra y cartab\u00f3n. Han elaborado un cuadernillo con muchos \u00abdibujos t\u00e9cnicos\u00bb.<\/p>\n<p>Estamos avanzando mucho en la \u00f3pera. Cada uno de los equipos est\u00e1 produciendo bastante y se van viendo los trabajos que compondr\u00e1n la \u00f3pera finalmente. La motivaci\u00f3n y expectaci\u00f3n son m\u00e1ximas.<\/p>\n<p>Buen fin de semana.<\/p>\n<p>Laura Justicia<\/p>\n","protected":false},"excerpt":{"rendered":"<p>Estimadas familias. Esta ha sido una semana movida, en cuanto a temas de salud se refieren, ya que hemos tenido una parte considerable del alumando enfermo, causando bajas alternas a lo largo de la semana. Parece que ya hemos vuelto a la normalidad. Comenzamos la semana con la celebraci\u00f3n del d\u00eda del libro. Para ello &hellip; <a href=\"https:\/\/www.alqueria.es\/blogs\/alqueriasegundociclo\/2012\/04\/27\/semanario-4o-epo-semana-del-23-al-27-de-abril-de-2012\/\" class=\"more-link\">Seguir leyendo <span class=\"screen-reader-text\">Semanario 4\u00ba EPO. Semana del 23 al 27 de abril de 2012<\/span> <span class=\"meta-nav\">&rarr;<\/span><\/a><\/p>\n","protected":false},"author":14,"featured_media":0,"comment_status":"open","ping_status":"open","sticky":false,"template":"","format":"standard","meta":{"jetpack_post_was_ever_published":false,"_jetpack_newsletter_access":"","_jetpack_dont_email_post_to_subs":false,"_jetpack_newsletter_tier_id":0,"_jetpack_memberships_contains_paywalled_content":false,"_jetpack_memberships_contains_paid_content":false,"footnotes":"","jetpack_publicize_message":"","jetpack_publicize_feature_enabled":true,"jetpack_social_post_already_shared":true,"jetpack_social_options":{"image_generator_settings":{"template":"highway","default_image_id":0,"font":"","enabled":false},"version":2}},"categories":[36],"tags":[],"class_list":["post-409","post","type-post","status-publish","format-standard","hentry","category-noticias"],"jetpack_publicize_connections":[],"jetpack_featured_media_url":"","jetpack_sharing_enabled":true,"jetpack_shortlink":"https:\/\/wp.me\/p4lw4c-6B","_links":{"self":[{"href":"https:\/\/www.alqueria.es\/blogs\/alqueriasegundociclo\/wp-json\/wp\/v2\/posts\/409","targetHints":{"allow":["GET"]}}],"collection":[{"href":"https:\/\/www.alqueria.es\/blogs\/alqueriasegundociclo\/wp-json\/wp\/v2\/posts"}],"about":[{"href":"https:\/\/www.alqueria.es\/blogs\/alqueriasegundociclo\/wp-json\/wp\/v2\/types\/post"}],"author":[{"embeddable":true,"href":"https:\/\/www.alqueria.es\/blogs\/alqueriasegundociclo\/wp-json\/wp\/v2\/users\/14"}],"replies":[{"embeddable":true,"href":"https:\/\/www.alqueria.es\/blogs\/alqueriasegundociclo\/wp-json\/wp\/v2\/comments?post=409"}],"version-history":[{"count":0,"href":"https:\/\/www.alqueria.es\/blogs\/alqueriasegundociclo\/wp-json\/wp\/v2\/posts\/409\/revisions"}],"wp:attachment":[{"href":"https:\/\/www.alqueria.es\/blogs\/alqueriasegundociclo\/wp-json\/wp\/v2\/media?parent=409"}],"wp:term":[{"taxonomy":"category","embeddable":true,"href":"https:\/\/www.alqueria.es\/blogs\/alqueriasegundociclo\/wp-json\/wp\/v2\/categories?post=409"},{"taxonomy":"post_tag","embeddable":true,"href":"https:\/\/www.alqueria.es\/blogs\/alqueriasegundociclo\/wp-json\/wp\/v2\/tags?post=409"}],"curies":[{"name":"wp","href":"https:\/\/api.w.org\/{rel}","templated":true}]}}