{"id":4206,"date":"2013-02-18T19:21:32","date_gmt":"2013-02-18T18:21:32","guid":{"rendered":"http:\/\/alqueriasegundociclo.wordpress.com\/?p=4206"},"modified":"2013-02-18T19:21:32","modified_gmt":"2013-02-18T18:21:32","slug":"isabel-la-catolica","status":"publish","type":"post","link":"https:\/\/www.alqueria.es\/blogs\/alqueriasegundociclo\/2013\/02\/18\/isabel-la-catolica\/","title":{"rendered":"Isabel la Cat\u00f3lica"},"content":{"rendered":"<p>Ana P. ha terminado el ciclo de conferencias sobre la historia exponiendo su investigaci\u00f3n sobre Isabel la Cat\u00f3lica y el legado que esta reina dej\u00f3 en nuestra ciudad. Esperamos que hayan sido de vuestro inter\u00e9s y agrado.<\/p>\n<div class=\"a25-CTUOC-hidding-box\" data-original-content=\"&lt;iframe title=&quot;Isabel la catolica confe&quot; src=&quot;https:\/\/www.slideshare.net\/slideshow\/embed_code\/key\/ysR8Z7Rii5ZRk6&quot; width=&quot;427&quot; height=&quot;356&quot; frameborder=&quot;0&quot; marginwidth=&quot;0&quot; marginheight=&quot;0&quot; scrolling=&quot;no&quot; style=&quot;border:1px solid #CCC; border-width:1px; margin-bottom:5px; max-width: 100%;&quot; allowfullscreen&gt; &lt;\/iframe&gt;\">Esta p\u00e1gina incluye contenido multimedia que requiere aceptar todas las cookies. Pulse aqu\u00ed para abrir la configuraci\u00f3n de cookies.<\/div>\n<div style=\"margin-bottom:5px\"> <strong> <a href=\"https:\/\/es.slideshare.net\/juanjofuro\/isabel-la-catolica-confe\" title=\"Isabel la catolica confe\" target=\"_blank\">Isabel la catolica confe<\/a> <\/strong> from <strong><a href=\"https:\/\/www.slideshare.net\/juanjofuro\" target=\"_blank\">juanjofuro<\/a><\/strong> <\/div>\n","protected":false},"excerpt":{"rendered":"<p>Ana P. ha terminado el ciclo de conferencias sobre la historia exponiendo su investigaci\u00f3n sobre Isabel la Cat\u00f3lica y el legado que esta reina dej\u00f3 en nuestra ciudad. Esperamos que hayan sido de vuestro inter\u00e9s y agrado. Esta p\u00e1gina incluye contenido multimedia que requiere aceptar todas las cookies. Pulse aqu\u00ed para abrir la configuraci\u00f3n de &hellip; <a href=\"https:\/\/www.alqueria.es\/blogs\/alqueriasegundociclo\/2013\/02\/18\/isabel-la-catolica\/\" class=\"more-link\">Seguir leyendo <span class=\"screen-reader-text\">Isabel la Cat\u00f3lica<\/span> <span class=\"meta-nav\">&rarr;<\/span><\/a><\/p>\n","protected":false},"author":16,"featured_media":0,"comment_status":"open","ping_status":"open","sticky":false,"template":"","format":"standard","meta":{"jetpack_post_was_ever_published":false,"_jetpack_newsletter_access":"","_jetpack_dont_email_post_to_subs":false,"_jetpack_newsletter_tier_id":0,"_jetpack_memberships_contains_paywalled_content":false,"_jetpack_memberships_contains_paid_content":false,"footnotes":"","jetpack_publicize_message":"","jetpack_publicize_feature_enabled":true,"jetpack_social_post_already_shared":true,"jetpack_social_options":{"image_generator_settings":{"template":"highway","default_image_id":0,"font":"","enabled":false},"version":2}},"categories":[6,8,9,19],"tags":[],"class_list":["post-4206","post","type-post","status-publish","format-standard","hentry","category-4o-epo","category-conferencias","category-conocimiento-del-medio-y-social-4o-epo","category-historia"],"jetpack_publicize_connections":[],"jetpack_featured_media_url":"","jetpack_sharing_enabled":true,"jetpack_shortlink":"https:\/\/wp.me\/p4lw4c-15Q","_links":{"self":[{"href":"https:\/\/www.alqueria.es\/blogs\/alqueriasegundociclo\/wp-json\/wp\/v2\/posts\/4206","targetHints":{"allow":["GET"]}}],"collection":[{"href":"https:\/\/www.alqueria.es\/blogs\/alqueriasegundociclo\/wp-json\/wp\/v2\/posts"}],"about":[{"href":"https:\/\/www.alqueria.es\/blogs\/alqueriasegundociclo\/wp-json\/wp\/v2\/types\/post"}],"author":[{"embeddable":true,"href":"https:\/\/www.alqueria.es\/blogs\/alqueriasegundociclo\/wp-json\/wp\/v2\/users\/16"}],"replies":[{"embeddable":true,"href":"https:\/\/www.alqueria.es\/blogs\/alqueriasegundociclo\/wp-json\/wp\/v2\/comments?post=4206"}],"version-history":[{"count":0,"href":"https:\/\/www.alqueria.es\/blogs\/alqueriasegundociclo\/wp-json\/wp\/v2\/posts\/4206\/revisions"}],"wp:attachment":[{"href":"https:\/\/www.alqueria.es\/blogs\/alqueriasegundociclo\/wp-json\/wp\/v2\/media?parent=4206"}],"wp:term":[{"taxonomy":"category","embeddable":true,"href":"https:\/\/www.alqueria.es\/blogs\/alqueriasegundociclo\/wp-json\/wp\/v2\/categories?post=4206"},{"taxonomy":"post_tag","embeddable":true,"href":"https:\/\/www.alqueria.es\/blogs\/alqueriasegundociclo\/wp-json\/wp\/v2\/tags?post=4206"}],"curies":[{"name":"wp","href":"https:\/\/api.w.org\/{rel}","templated":true}]}}