{"id":4208,"date":"2013-02-15T19:22:12","date_gmt":"2013-02-15T18:22:12","guid":{"rendered":"http:\/\/alqueriasegundociclo.wordpress.com\/?p=4208"},"modified":"2014-02-24T10:35:59","modified_gmt":"2014-02-24T10:35:59","slug":"semana-del-11-al-15-de-febrero-4o-epo","status":"publish","type":"post","link":"https:\/\/www.alqueria.es\/blogs\/alqueriasegundociclo\/2013\/02\/15\/semana-del-11-al-15-de-febrero-4o-epo\/","title":{"rendered":"Semana del 11 al 15 de febrero. 4\u00ba EPO."},"content":{"rendered":"<p><strong>\u00c1rea de lengua y literatura castellana<\/strong>: durante esta semana se ha dado un gran avance al <strong>texto escrito<\/strong> a trav\u00e9s de las conferencias de conocimientos del medio y del taller de fantas\u00eda. Para \u00e9ste, ha sido necesario la atenci\u00f3n, concentraci\u00f3n, toma de datos para componer el texto atendiendo a todos aquellos elementos trabajados. Hay que destacar la mejora en la composici\u00f3n, estructura, contenido y ortograf\u00eda.<\/p>\n<p><strong>\u00c1rea de matem\u00e1ticas:<\/strong> se contin\u00faa con el afianzamiento de la <strong>divisi\u00f3n<\/strong> por dos cifras; cada d\u00eda se realizan una serie de operaciones durante cinco minutos con el fin de automatizar la operaci\u00f3n, intentando realizar las restas mentalmente, sin necesidad de colocarla en la operaci\u00f3n. <a href=\"http:\/\/alqueriasegundociclo.files.wordpress.com\/2013\/02\/escuadra_y_cartabon.jpg\"><img decoding=\"async\" data-attachment-id=\"4209\" data-permalink=\"https:\/\/www.alqueria.es\/blogs\/alqueriasegundociclo\/escuadra_y_cartabon\/\" data-orig-file=\"https:\/\/www.alqueria.es\/blogs\/alqueriasegundociclo\/wp-content\/uploads\/sites\/7\/2013\/02\/escuadra_y_cartabon.jpg\" data-orig-size=\"696,563\" data-comments-opened=\"1\" data-image-meta=\"{&quot;aperture&quot;:&quot;0&quot;,&quot;credit&quot;:&quot;&quot;,&quot;camera&quot;:&quot;&quot;,&quot;caption&quot;:&quot;&quot;,&quot;created_timestamp&quot;:&quot;0&quot;,&quot;copyright&quot;:&quot;&quot;,&quot;focal_length&quot;:&quot;0&quot;,&quot;iso&quot;:&quot;0&quot;,&quot;shutter_speed&quot;:&quot;0&quot;,&quot;title&quot;:&quot;&quot;}\" data-image-title=\"Escuadra_y_cartabon\" data-image-description=\"\" data-image-caption=\"\" data-large-file=\"https:\/\/www.alqueria.es\/blogs\/alqueriasegundociclo\/wp-content\/uploads\/sites\/7\/2013\/02\/escuadra_y_cartabon.jpg\" class=\"aligncenter size-medium wp-image-4209\" alt=\"Escuadra_y_cartabon\" src=\"https:\/\/cloud.alqueria.es\/wp-content\/uploads\/sites\/7\/2013\/02\/escuadra_y_cartabon1.jpg\" width=\"300\" height=\"242\" \/><\/a>Se ha terminado el tema de <strong>rectas y \u00e1ngulos<\/strong> con el manejo correcto de herramientas como: la regla (medir \u00a0con exactitud, dibujar l\u00edneas, etc.); la escuadra, cartab\u00f3n (para el trazado de l\u00edneas paralelas y perpendiculares); el transportador para medir y transportar \u00e1ngulos. Estas herramientas se continuar\u00e1n utilizando en los siguientes temas, lo que permitir\u00e1 ser m\u00e1s precisos en su uso.<\/p>\n<p><a href=\"https:\/\/cloud.alqueria.es\/wp-content\/uploads\/sites\/7\/2013\/02\/hist21.jpg\"><img decoding=\"async\" data-attachment-id=\"4210\" data-permalink=\"https:\/\/www.alqueria.es\/blogs\/alqueriasegundociclo\/hist2\/\" data-orig-file=\"https:\/\/www.alqueria.es\/blogs\/alqueriasegundociclo\/wp-content\/uploads\/sites\/7\/2013\/02\/hist2.jpg\" data-orig-size=\"476,308\" data-comments-opened=\"1\" data-image-meta=\"{&quot;aperture&quot;:&quot;0&quot;,&quot;credit&quot;:&quot;&quot;,&quot;camera&quot;:&quot;&quot;,&quot;caption&quot;:&quot;&quot;,&quot;created_timestamp&quot;:&quot;0&quot;,&quot;copyright&quot;:&quot;&quot;,&quot;focal_length&quot;:&quot;0&quot;,&quot;iso&quot;:&quot;0&quot;,&quot;shutter_speed&quot;:&quot;0&quot;,&quot;title&quot;:&quot;&quot;}\" data-image-title=\"hist2\" data-image-description=\"\" data-image-caption=\"\" data-large-file=\"https:\/\/www.alqueria.es\/blogs\/alqueriasegundociclo\/wp-content\/uploads\/sites\/7\/2013\/02\/hist2.jpg\" class=\"aligncenter size-full wp-image-4210\" alt=\"hist2\" src=\"https:\/\/cloud.alqueria.es\/wp-content\/uploads\/sites\/7\/2013\/02\/hist21.jpg\" width=\"476\" height=\"308\" \/><\/a><\/p>\n<p><strong>\u00c1rea de conocimiento del medio y social<\/strong>: las conferencias relacionadas con la historia han llevado todo el horario del \u00e1rea. \u00c9stas han sido subidas al blog y os recomiendo que le ech\u00e9is un vistazo, merecen un gran halago las investigadoras por su esfuerzo, desde aqu\u00ed las felicito por su buen trabajo. He recomendado volver a visualizar y leer todas aquellas conferencias que se encuentran en la categor\u00eda de historia en el men\u00fa principal de conocimiento del medio. Esta actividad servir\u00e1 para recordar y afianzar un poco m\u00e1s los contenidos dados, as\u00ed como ser m\u00e1s conscientes de los periodos hist\u00f3ricos , en especial de los personajes estudiados.<\/p>\n<p>Sin m\u00e1s, os mando un saludo.<\/p>\n<p>Juanjo.<\/p>\n<p>&nbsp;<\/p>\n","protected":false},"excerpt":{"rendered":"<p>\u00c1rea de lengua y literatura castellana: durante esta semana se ha dado un gran avance al texto escrito a trav\u00e9s de las conferencias de conocimientos del medio y del taller de fantas\u00eda. Para \u00e9ste, ha sido necesario la atenci\u00f3n, concentraci\u00f3n, toma de datos para componer el texto atendiendo a todos aquellos elementos trabajados. Hay que &hellip; <a href=\"https:\/\/www.alqueria.es\/blogs\/alqueriasegundociclo\/2013\/02\/15\/semana-del-11-al-15-de-febrero-4o-epo\/\" class=\"more-link\">Seguir leyendo <span class=\"screen-reader-text\">Semana del 11 al 15 de febrero. 4\u00ba EPO.<\/span> <span class=\"meta-nav\">&rarr;<\/span><\/a><\/p>\n","protected":false},"author":16,"featured_media":0,"comment_status":"open","ping_status":"open","sticky":false,"template":"","format":"standard","meta":{"jetpack_post_was_ever_published":false,"_jetpack_newsletter_access":"","_jetpack_dont_email_post_to_subs":false,"_jetpack_newsletter_tier_id":0,"_jetpack_memberships_contains_paywalled_content":false,"_jetpack_memberships_contains_paid_content":false,"footnotes":"","jetpack_publicize_message":"","jetpack_publicize_feature_enabled":true,"jetpack_social_post_already_shared":true,"jetpack_social_options":{"image_generator_settings":{"template":"highway","default_image_id":0,"font":"","enabled":false},"version":2}},"categories":[6,60],"tags":[],"class_list":["post-4208","post","type-post","status-publish","format-standard","hentry","category-4o-epo","category-semanario-4o"],"jetpack_publicize_connections":[],"jetpack_featured_media_url":"","jetpack_sharing_enabled":true,"jetpack_shortlink":"https:\/\/wp.me\/p4lw4c-15S","_links":{"self":[{"href":"https:\/\/www.alqueria.es\/blogs\/alqueriasegundociclo\/wp-json\/wp\/v2\/posts\/4208","targetHints":{"allow":["GET"]}}],"collection":[{"href":"https:\/\/www.alqueria.es\/blogs\/alqueriasegundociclo\/wp-json\/wp\/v2\/posts"}],"about":[{"href":"https:\/\/www.alqueria.es\/blogs\/alqueriasegundociclo\/wp-json\/wp\/v2\/types\/post"}],"author":[{"embeddable":true,"href":"https:\/\/www.alqueria.es\/blogs\/alqueriasegundociclo\/wp-json\/wp\/v2\/users\/16"}],"replies":[{"embeddable":true,"href":"https:\/\/www.alqueria.es\/blogs\/alqueriasegundociclo\/wp-json\/wp\/v2\/comments?post=4208"}],"version-history":[{"count":0,"href":"https:\/\/www.alqueria.es\/blogs\/alqueriasegundociclo\/wp-json\/wp\/v2\/posts\/4208\/revisions"}],"wp:attachment":[{"href":"https:\/\/www.alqueria.es\/blogs\/alqueriasegundociclo\/wp-json\/wp\/v2\/media?parent=4208"}],"wp:term":[{"taxonomy":"category","embeddable":true,"href":"https:\/\/www.alqueria.es\/blogs\/alqueriasegundociclo\/wp-json\/wp\/v2\/categories?post=4208"},{"taxonomy":"post_tag","embeddable":true,"href":"https:\/\/www.alqueria.es\/blogs\/alqueriasegundociclo\/wp-json\/wp\/v2\/tags?post=4208"}],"curies":[{"name":"wp","href":"https:\/\/api.w.org\/{rel}","templated":true}]}}