{"id":4231,"date":"2013-02-22T15:15:00","date_gmt":"2013-02-22T14:15:00","guid":{"rendered":"http:\/\/alqueriasegundociclo.wordpress.com\/?p=4231"},"modified":"2013-02-22T15:15:00","modified_gmt":"2013-02-22T14:15:00","slug":"semana-18-al-22-de-febrero-3o-e-p-o","status":"publish","type":"post","link":"https:\/\/www.alqueria.es\/blogs\/alqueriasegundociclo\/2013\/02\/22\/semana-18-al-22-de-febrero-3o-e-p-o\/","title":{"rendered":"Semana 18 al 22 de febrero. 3\u00ba E.P.O."},"content":{"rendered":"<p style=\"text-align:justify\"><span style=\"color:#333333\">Esta semana hemos llevado a cabo muchas actividades, unas dentro de la din\u00e1mica y rutina de aula y otras algo m\u00e1s especiales, que ahora paso a contaros:<\/span><\/p>\n<p style=\"text-align:justify\"><span style=\"color:#333333\">\u00c9ste es el t\u00edtulo de nuestro nuevo tema de investigaci\u00f3n en el \u00e1rea de conocimiento del medio <span style=\"color:#3366ff\">\u00abTOCAR EL CIELO\u00bb<\/span>.<\/span><\/p>\n<p style=\"text-align:justify\"><span style=\"color:#333333\">Para empezar el tema hacemos la ya conocida lluvia de ideas, en la que hacen aportaciones sobre el tema, \u00e9stas quedan registradas. Muchas de las ideas forman parte de las conferencias de nuestros compa\u00f1eros Marcos M. y Pablo M., por esta raz\u00f3n centramos la investigaci\u00f3n en el sistema solar (tema que abordaran sin profundizar). Se organizan los grupos de investigaci\u00f3n seg\u00fan el inter\u00e9s personal, estos son los grupos:<\/span><\/p>\n<ol>\n<li><span style=\"color:#cc99ff\">MERCURIO: Gabriela, Nono, Pablo C.<\/span><\/li>\n<li><span style=\"color:#00ff00\">VENUS: Elena O., Elena D.,<\/span><\/li>\n<li><span style=\"color:#ff6600\">MARTE: Lara, Carmen<\/span><\/li>\n<li><span style=\"color:#0000ff\">JUPITER: Alfredo, Marcos M., Marcos O., Ra\u00fal<\/span><\/li>\n<li><span style=\"color:#ff00ff\">SATURNO: F\u00e1tima, Marcos G.,\u00a0 Manu<\/span><\/li>\n<li><span style=\"color:#99ccff\">URANO: Luis,\u00a0 Giulio, Migue<\/span><\/li>\n<li><span style=\"color:#ff0000\">NEPTUNO: Pablo M.,\u00a0 Pablo S<\/span><\/li>\n<li><span style=\"color:#008000\">TIERRA: Celia, Ana<\/span><\/li>\n<\/ol>\n<p style=\"text-align:justify\"><span style=\"color:#333333\">Contamos, para ir introduciendo el tema, con la exposici\u00f3n de \u201cLos planetas\u201d por nuestra compa\u00f1era Ana y visionado de power point sobre el sistema solar. <\/span><\/p>\n<p style=\"text-align:justify\"><span style=\"color:#333333\">A continuaci\u00f3n realizamos la planificaci\u00f3n del tiempo y actividades que se llevar\u00e1n a cabo. \u00c9sta es la programaci\u00f3n para las sesiones de este proyecto:<br \/>\n<\/span><\/p>\n<p style=\"text-align:justify\"><span style=\"color:#333333\">MARTES 19 (1h): investigaci\u00f3n<\/span><\/p>\n<p style=\"text-align:justify\"><span style=\"color:#333333\">MI\u00c9RCOLES 20 (2h): investigaci\u00f3n y redacci\u00f3n del informe en borrador (comienzo de informatizado de algunos grupos)<\/span><\/p>\n<p style=\"text-align:justify\"><span style=\"color:#333333\">LUNES 25 (1h): redacci\u00f3n del informe en borrador e informatizado<\/span><\/p>\n<p style=\"color:#cc99ff;text-align:justify\"><span style=\"color:#333333\">MARTES 26 (1h): informatizado<\/span><\/p>\n<p style=\"color:#cc99ff;text-align:justify\"><span style=\"color:#333333\">EXPOSICIONES:\u00a0 a la vuelta del puente<\/span><\/p>\n<p style=\"color:#cc99ff;text-align:justify\"><span style=\"color:#333333\">Adem\u00e1s contamos con la conferencia sobre<span style=\"color:#800000\"> \u00abEL MINOTAURO\u00bb<\/span> que nos ha ofrecido nuestro compa\u00f1ero <span style=\"color:#008000\">Luis F.P.<\/span> Ha sido muy interesante y amena, nos ha contado muchas\u00a0 curiosidades que han captado la atenci\u00f3n del grupo desde el primer momento. Felicidades Luis! A continuaci\u00f3n le\u00edmos unos relatos \u00abTeseo y el minotauro\u00bb y \u00abD\u00e9dalo e \u00cdcaro\u00bb, personajes que aparec\u00edan en la conferencia.<\/span><\/p>\n<p style=\"color:#cc99ff;text-align:justify\"><span class=\"Apple-style-span\" style=\"color:#333333\"><\/p>\n<div class=\"a25-CTUOC-hidding-box\" data-original-content=\"&lt;iframe title=&quot;Minotauro 2013&quot; src=&quot;https:\/\/www.slideshare.net\/slideshow\/embed_code\/key\/jhGxOZFc2vg464&quot; width=&quot;427&quot; height=&quot;356&quot; frameborder=&quot;0&quot; marginwidth=&quot;0&quot; marginheight=&quot;0&quot; scrolling=&quot;no&quot; style=&quot;border:1px solid #CCC; border-width:1px; margin-bottom:5px; max-width: 100%;&quot; allowfullscreen&gt; &lt;\/iframe&gt;\">Esta p\u00e1gina incluye contenido multimedia que requiere aceptar todas las cookies. Pulse aqu\u00ed para abrir la configuraci\u00f3n de cookies.<\/div>\n<div style=\"margin-bottom:5px\"> <strong> <a href=\"https:\/\/es.slideshare.net\/juanjofuro\/minotauro-2013\" title=\"Minotauro 2013\" target=\"_blank\">Minotauro 2013<\/a> <\/strong> from <strong><a href=\"https:\/\/www.slideshare.net\/juanjofuro\" target=\"_blank\">juanjofuro<\/a><\/strong> <\/div>\n<p><\/span><\/p>\n<p style=\"color:#cc99ff;text-align:justify\"><span class=\"Apple-style-span\" style=\"color:#333333\">Tambi\u00e9n se han llevado a cabo las lecturas al grupo por parte de los compa\u00f1eros <span style=\"color:#ff6600\">Elena O. \u00abKira y las palabras prohibidas\u00bb<\/span> , <span style=\"color:#ff00ff\">Carmen G. \u00abLydia y yo ponemos la mesa\u00bb<\/span>,<span style=\"color:#008000\"> Marcos M.\u00a0 \u00abMorris divi\u00e9rtenos\u00bb<\/span> y <span style=\"color:#3366ff\">Pablo M. \u00abEl gran guerrero\u00bb.<\/span><\/span><\/p>\n<p style=\"color:#cc99ff;text-align:justify\">Buen fin de semana<\/p>\n","protected":false},"excerpt":{"rendered":"<p>Esta semana hemos llevado a cabo muchas actividades, unas dentro de la din\u00e1mica y rutina de aula y otras algo m\u00e1s especiales, que ahora paso a contaros: \u00c9ste es el t\u00edtulo de nuestro nuevo tema de investigaci\u00f3n en el \u00e1rea de conocimiento del medio \u00abTOCAR EL CIELO\u00bb. Para empezar el tema hacemos la ya conocida &hellip; <a href=\"https:\/\/www.alqueria.es\/blogs\/alqueriasegundociclo\/2013\/02\/22\/semana-18-al-22-de-febrero-3o-e-p-o\/\" class=\"more-link\">Seguir leyendo <span class=\"screen-reader-text\">Semana 18 al 22 de febrero. 3\u00ba E.P.O.<\/span> <span class=\"meta-nav\">&rarr;<\/span><\/a><\/p>\n","protected":false},"author":16,"featured_media":0,"comment_status":"open","ping_status":"open","sticky":false,"template":"","format":"standard","meta":{"jetpack_post_was_ever_published":false,"_jetpack_newsletter_access":"","_jetpack_dont_email_post_to_subs":false,"_jetpack_newsletter_tier_id":0,"_jetpack_memberships_contains_paywalled_content":false,"_jetpack_memberships_contains_paid_content":false,"footnotes":"","jetpack_publicize_message":"","jetpack_publicize_feature_enabled":true,"jetpack_social_post_already_shared":true,"jetpack_social_options":{"image_generator_settings":{"template":"highway","default_image_id":0,"font":"","enabled":false},"version":2}},"categories":[5,59],"tags":[],"class_list":["post-4231","post","type-post","status-publish","format-standard","hentry","category-3o-epo","category-semanario-3o"],"jetpack_publicize_connections":[],"jetpack_featured_media_url":"","jetpack_sharing_enabled":true,"jetpack_shortlink":"https:\/\/wp.me\/p4lw4c-16f","_links":{"self":[{"href":"https:\/\/www.alqueria.es\/blogs\/alqueriasegundociclo\/wp-json\/wp\/v2\/posts\/4231","targetHints":{"allow":["GET"]}}],"collection":[{"href":"https:\/\/www.alqueria.es\/blogs\/alqueriasegundociclo\/wp-json\/wp\/v2\/posts"}],"about":[{"href":"https:\/\/www.alqueria.es\/blogs\/alqueriasegundociclo\/wp-json\/wp\/v2\/types\/post"}],"author":[{"embeddable":true,"href":"https:\/\/www.alqueria.es\/blogs\/alqueriasegundociclo\/wp-json\/wp\/v2\/users\/16"}],"replies":[{"embeddable":true,"href":"https:\/\/www.alqueria.es\/blogs\/alqueriasegundociclo\/wp-json\/wp\/v2\/comments?post=4231"}],"version-history":[{"count":0,"href":"https:\/\/www.alqueria.es\/blogs\/alqueriasegundociclo\/wp-json\/wp\/v2\/posts\/4231\/revisions"}],"wp:attachment":[{"href":"https:\/\/www.alqueria.es\/blogs\/alqueriasegundociclo\/wp-json\/wp\/v2\/media?parent=4231"}],"wp:term":[{"taxonomy":"category","embeddable":true,"href":"https:\/\/www.alqueria.es\/blogs\/alqueriasegundociclo\/wp-json\/wp\/v2\/categories?post=4231"},{"taxonomy":"post_tag","embeddable":true,"href":"https:\/\/www.alqueria.es\/blogs\/alqueriasegundociclo\/wp-json\/wp\/v2\/tags?post=4231"}],"curies":[{"name":"wp","href":"https:\/\/api.w.org\/{rel}","templated":true}]}}