{"id":4240,"date":"2013-02-20T19:33:42","date_gmt":"2013-02-20T18:33:42","guid":{"rendered":"http:\/\/alqueriasegundociclo.wordpress.com\/?p=4240"},"modified":"2013-02-20T19:33:42","modified_gmt":"2013-02-20T18:33:42","slug":"danza-sefardi-o-sefardita-morena","status":"publish","type":"post","link":"https:\/\/www.alqueria.es\/blogs\/alqueriasegundociclo\/2013\/02\/20\/danza-sefardi-o-sefardita-morena\/","title":{"rendered":"Danza sefard\u00ed o sefardita \u00abMORENA\u00bb"},"content":{"rendered":"<p class=\"jetpack-slideshow-noscript robots-nocontent\">El pase de diapositivas requiere JavaScript.<\/p><div id=\"gallery-4240-1-slideshow\" class=\"jetpack-slideshow-window jetpack-slideshow jetpack-slideshow-black\" data-trans=\"fade\" data-autostart=\"1\" data-gallery=\"[{&quot;src&quot;:&quot;https:\\\/\\\/www.alqueria.es\\\/blogs\\\/alqueriasegundociclo\\\/wp-content\\\/uploads\\\/sites\\\/7\\\/2013\\\/02\\\/3c2ba-y-4c2ba.jpg&quot;,&quot;id&quot;:&quot;4249&quot;,&quot;title&quot;:&quot;3\\u00ba y 4\\u00ba&quot;,&quot;alt&quot;:&quot;&quot;,&quot;caption&quot;:&quot;&quot;,&quot;itemprop&quot;:&quot;image&quot;},{&quot;src&quot;:&quot;https:\\\/\\\/www.alqueria.es\\\/blogs\\\/alqueriasegundociclo\\\/wp-content\\\/uploads\\\/sites\\\/7\\\/2013\\\/02\\\/3c2ba-y-4c2ba-sdf.jpg&quot;,&quot;id&quot;:&quot;4248&quot;,&quot;title&quot;:&quot;3\\u00ba y 4\\u00ba sdf&quot;,&quot;alt&quot;:&quot;&quot;,&quot;caption&quot;:&quot;&quot;,&quot;itemprop&quot;:&quot;image&quot;},{&quot;src&quot;:&quot;https:\\\/\\\/www.alqueria.es\\\/blogs\\\/alqueriasegundociclo\\\/wp-content\\\/uploads\\\/sites\\\/7\\\/2013\\\/02\\\/3c2ba-y-4c2ba-sd.jpg&quot;,&quot;id&quot;:&quot;4247&quot;,&quot;title&quot;:&quot;3\\u00ba y 4\\u00ba sd&quot;,&quot;alt&quot;:&quot;&quot;,&quot;caption&quot;:&quot;&quot;,&quot;itemprop&quot;:&quot;image&quot;},{&quot;src&quot;:&quot;https:\\\/\\\/www.alqueria.es\\\/blogs\\\/alqueriasegundociclo\\\/wp-content\\\/uploads\\\/sites\\\/7\\\/2013\\\/02\\\/3c2ba-y-4c2ba-jjj.jpg&quot;,&quot;id&quot;:&quot;4246&quot;,&quot;title&quot;:&quot;3\\u00ba y 4\\u00ba jjj&quot;,&quot;alt&quot;:&quot;&quot;,&quot;caption&quot;:&quot;&quot;,&quot;itemprop&quot;:&quot;image&quot;},{&quot;src&quot;:&quot;https:\\\/\\\/www.alqueria.es\\\/blogs\\\/alqueriasegundociclo\\\/wp-content\\\/uploads\\\/sites\\\/7\\\/2013\\\/02\\\/3c2ba-y-4c2ba-ggg.jpg&quot;,&quot;id&quot;:&quot;4245&quot;,&quot;title&quot;:&quot;3\\u00ba y 4\\u00ba ggg&quot;,&quot;alt&quot;:&quot;&quot;,&quot;caption&quot;:&quot;&quot;,&quot;itemprop&quot;:&quot;image&quot;},{&quot;src&quot;:&quot;https:\\\/\\\/www.alqueria.es\\\/blogs\\\/alqueriasegundociclo\\\/wp-content\\\/uploads\\\/sites\\\/7\\\/2013\\\/02\\\/3c2ba-y-4c2ba-erty.jpg&quot;,&quot;id&quot;:&quot;4244&quot;,&quot;title&quot;:&quot;3\\u00ba y 4\\u00ba erty&quot;,&quot;alt&quot;:&quot;&quot;,&quot;caption&quot;:&quot;&quot;,&quot;itemprop&quot;:&quot;image&quot;},{&quot;src&quot;:&quot;https:\\\/\\\/www.alqueria.es\\\/blogs\\\/alqueriasegundociclo\\\/wp-content\\\/uploads\\\/sites\\\/7\\\/2013\\\/02\\\/3c2ba-y-4c2ba-er.jpg&quot;,&quot;id&quot;:&quot;4243&quot;,&quot;title&quot;:&quot;3\\u00ba y 4\\u00ba er&quot;,&quot;alt&quot;:&quot;&quot;,&quot;caption&quot;:&quot;&quot;,&quot;itemprop&quot;:&quot;image&quot;},{&quot;src&quot;:&quot;https:\\\/\\\/www.alqueria.es\\\/blogs\\\/alqueriasegundociclo\\\/wp-content\\\/uploads\\\/sites\\\/7\\\/2013\\\/02\\\/3c2ba-y-4c2ba-asdfg.jpg&quot;,&quot;id&quot;:&quot;4242&quot;,&quot;title&quot;:&quot;3\\u00ba y 4\\u00ba asdfg&quot;,&quot;alt&quot;:&quot;&quot;,&quot;caption&quot;:&quot;&quot;,&quot;itemprop&quot;:&quot;image&quot;}]\" itemscope itemtype=\"https:\/\/schema.org\/ImageGallery\"><\/div>\n<p>Como broche de oro para finalizar nuestro milenio, desde el \u00c0rea de M\u00f9sica y Educaci\u00f2n F\u00ecsica, el segundo ciclo de primaria ha escogido la m\u00f9sica\u00a0 sefard\u00ed o sefardita como la m\u00e0s representativa del \u00f9ltimo siglo.<\/p>\n<p>Los sefard\u00edes o sefarad\u00edes (del hebreo \u05e1\u05e4\u05e8\u05d3\u05d9\u05dd), &#8216;espa\u00f1oles&#8217;, son los descendientes de los jud\u00edos hispano-portugueses que vivieron en la pen\u00ednsula ib\u00e9rica (Espa\u00f1a y Portugal) hasta 1492,\u00a0y que est\u00e1n ligados al origen \u00e9tnico hispano y a la cultura hisp\u00e1nica.<\/p>\n<p>A partir del a\u00f1o 711 las juder\u00edas aumentan en n\u00famero y tama\u00f1o por toda la pen\u00ednsula. La comunidad jud\u00eda andalus\u00ed, durante esta \u00e9poca, fue la m\u00e1s grande, mejor organizada y m\u00e1s avanzada culturalmente gracias a las grandes libertades de que gozaba.<\/p>\n<p>La m\u00fasica sefard\u00ed o sefardita nace de los jud\u00edos espa\u00f1oles instalados en Espa\u00f1a que adaptan canciones populares castellanas hasta su expulsi\u00f3n en tiempos de los Reyes Cat\u00f3licos, siendo una fusi\u00f3n de la m\u00fasica \u00e1rabe y la cristiana. \u00c1rabe en el ritmo y los instrumentos, kan\u00fan, la\u00fades, mando-cumb\u00fas, kemanch\u00e9, sad, todo tipo de sonajas, bhendir y derbouka, y cristiana por el idioma en que se cantaban, que era el castellano. La tem\u00e1tica m\u00e1s corriente de las canciones sefard\u00edes es la amorosa, aunque tambi\u00e9n destacan las canciones de cuna y las de boda.<\/p>\n<p>Por lo tanto cuando se habla de m\u00fasica sefard\u00ed como tal no se puede hablar de un g\u00e9nero nuevo sino de una adaptaci\u00f3n a su medida de unas melod\u00edas ya existentes, que hicieron los jud\u00edos llegados a Espa\u00f1a, pero que ganaron con la llegada de los sefard\u00edes en riqueza r\u00edtmica e instrumental.<\/p>\n<p>Los sefard\u00edes expulsados de Espa\u00f1a han sabido mantener las canciones en castellano que heredaron de sus antepasados ib\u00e9ricos pese al paso de los siglos y a\u00f1adir palabras propias de cada idioma aut\u00f3ctono.<\/p>\n<p>Con la m\u00fasica sefard\u00ed que se sigue practicando en el Mediterr\u00e1neo oriental en la actualidad podemos hacernos una idea de como sonaba esta m\u00fasica en la Edad Media.<\/p>\n<p>Tres son los g\u00e9neros po\u00e9tico-musicales que constituyen el repertorio sefard\u00ed: los romances, las coplas y la l\u00edrica. Estos tres g\u00e9neros se definen y se diferencian unos de otros, por los temas de sus textos, por su estructura po\u00e9tico-musical, por su modo de ejecuci\u00f3n y por su funci\u00f3n social.<\/p>\n<p>Durante la semana cultural dedicada al Milenio del Reino de Granada, hemos querido representar con nuestros alumnos a trav\u00e8s de una danza medieval, con ropas propias de la \u00e8poca, uno de los poemas sefarditas cantados y tocados mas bellos. \u00a0\u00abMorena\u00a0\u00bb, creado en el S\u00a0. XVI. Con esta danza nos hemos sumergido en la riqueza musical de la cultura jud\u00eca de la \u00e8poca, trabajando tanto los aspectos musicales anteriormente citados como \u00a0las relaciones sociales a trav\u00e8s de la expresi\u00f2n corporal.<\/p>\n<p>En referencia a los contenidos del \u00e1rea de Educaci\u00f3n F\u00edsica hemos trabajado\u00a0:<\/p>\n<ul>\n<li>El cuerpo y el movimiento como instrumentos de expresi\u00f3n y comunicaci\u00f3n.<\/li>\n<li>Adecuaci\u00f3n del movimiento a estructuras espacio-temporales y ejecuci\u00f3n de bailes y coreograf\u00edas simples.<\/li>\n<li>Recreaci\u00f3n de personajes ficticios y sus contextos dram\u00e1ticos.<\/li>\n<li>Disfrute mediante la expresi\u00f3n y comunicaci\u00f3n a trav\u00e9s del propio cuerpo.<\/li>\n<li>Expresi\u00f3n de emociones y sentimientos a trav\u00e9s del cuerpo, el gesto y el movimiento.<\/li>\n<\/ul>\n<p>La implicaci\u00f3n de todos los alumnos ha sido excelente y muy motivadora para posteriores trabajos en grupo.<\/p>\n<p>Un cordial saludo y daros las gracias a todos por vuestra colaboraci\u00f3n.<\/p>\n<p>Elena Iruela y Alberto Castro. Maestros de M\u00fasica y Educaci\u00f3n F\u00edsica.<\/p>\n","protected":false},"excerpt":{"rendered":"<p>Como broche de oro para finalizar nuestro milenio, desde el \u00c0rea de M\u00f9sica y Educaci\u00f2n F\u00ecsica, el segundo ciclo de primaria ha escogido la m\u00f9sica\u00a0 sefard\u00ed o sefardita como la m\u00e0s representativa del \u00f9ltimo siglo. Los sefard\u00edes o sefarad\u00edes (del hebreo \u05e1\u05e4\u05e8\u05d3\u05d9\u05dd), &#8216;espa\u00f1oles&#8217;, son los descendientes de los jud\u00edos hispano-portugueses que vivieron en la pen\u00ednsula &hellip; <a href=\"https:\/\/www.alqueria.es\/blogs\/alqueriasegundociclo\/2013\/02\/20\/danza-sefardi-o-sefardita-morena\/\" class=\"more-link\">Seguir leyendo <span class=\"screen-reader-text\">Danza sefard\u00ed o sefardita \u00abMORENA\u00bb<\/span> <span class=\"meta-nav\">&rarr;<\/span><\/a><\/p>\n","protected":false},"author":16,"featured_media":0,"comment_status":"open","ping_status":"open","sticky":false,"template":"","format":"standard","meta":{"jetpack_post_was_ever_published":false,"_jetpack_newsletter_access":"","_jetpack_dont_email_post_to_subs":false,"_jetpack_newsletter_tier_id":0,"_jetpack_memberships_contains_paywalled_content":false,"_jetpack_memberships_contains_paid_content":false,"footnotes":"","jetpack_publicize_message":"","jetpack_publicize_feature_enabled":true,"jetpack_social_post_already_shared":true,"jetpack_social_options":{"image_generator_settings":{"template":"highway","default_image_id":0,"font":"","enabled":false},"version":2}},"categories":[1],"tags":[],"class_list":["post-4240","post","type-post","status-publish","format-standard","hentry","category-sin-categoria"],"jetpack_publicize_connections":[],"jetpack_featured_media_url":"","jetpack_sharing_enabled":true,"jetpack_shortlink":"https:\/\/wp.me\/p4lw4c-16o","_links":{"self":[{"href":"https:\/\/www.alqueria.es\/blogs\/alqueriasegundociclo\/wp-json\/wp\/v2\/posts\/4240","targetHints":{"allow":["GET"]}}],"collection":[{"href":"https:\/\/www.alqueria.es\/blogs\/alqueriasegundociclo\/wp-json\/wp\/v2\/posts"}],"about":[{"href":"https:\/\/www.alqueria.es\/blogs\/alqueriasegundociclo\/wp-json\/wp\/v2\/types\/post"}],"author":[{"embeddable":true,"href":"https:\/\/www.alqueria.es\/blogs\/alqueriasegundociclo\/wp-json\/wp\/v2\/users\/16"}],"replies":[{"embeddable":true,"href":"https:\/\/www.alqueria.es\/blogs\/alqueriasegundociclo\/wp-json\/wp\/v2\/comments?post=4240"}],"version-history":[{"count":0,"href":"https:\/\/www.alqueria.es\/blogs\/alqueriasegundociclo\/wp-json\/wp\/v2\/posts\/4240\/revisions"}],"wp:attachment":[{"href":"https:\/\/www.alqueria.es\/blogs\/alqueriasegundociclo\/wp-json\/wp\/v2\/media?parent=4240"}],"wp:term":[{"taxonomy":"category","embeddable":true,"href":"https:\/\/www.alqueria.es\/blogs\/alqueriasegundociclo\/wp-json\/wp\/v2\/categories?post=4240"},{"taxonomy":"post_tag","embeddable":true,"href":"https:\/\/www.alqueria.es\/blogs\/alqueriasegundociclo\/wp-json\/wp\/v2\/tags?post=4240"}],"curies":[{"name":"wp","href":"https:\/\/api.w.org\/{rel}","templated":true}]}}