{"id":4288,"date":"2013-03-04T13:51:11","date_gmt":"2013-03-04T12:51:11","guid":{"rendered":"http:\/\/alqueriasegundociclo.wordpress.com\/?p=4288"},"modified":"2014-02-24T10:40:13","modified_gmt":"2014-02-24T10:40:13","slug":"semana-25-al-27-febrero-3o-e-p-o","status":"publish","type":"post","link":"https:\/\/www.alqueria.es\/blogs\/alqueriasegundociclo\/2013\/03\/04\/semana-25-al-27-febrero-3o-e-p-o\/","title":{"rendered":"Semana 25 al 27 febrero. 3\u00ba E.P.O."},"content":{"rendered":"<p style=\"text-align:justify\">La semana pasada fue una semana muy cortita, pero no por ello dejo de ser intensa en cuanto a trabajo.<\/p>\n<p style=\"text-align:justify\">En matem\u00e1ticas practicamos una y otra vez las multiplicaciones por una cifra, haciendo ampliaci\u00f3n a la de dos cifras con una parte del alumnado en concreto. Trabajamos la resoluci\u00f3n de problemas, dando pistas sobre el vocabulario que nos indica la operaci\u00f3n necesaria para resolverlos, recogiendo los datos y escribiendo la soluci\u00f3n (fase imprescindible en esta tarea). Tuvo lugar el \u00abex\u00e1men\u00bb de tablas y multiplicaciones que anunci\u00e9 la anterior semana.<\/p>\n<p style=\"text-align:justify\">En conocimiento del medio, los grupos de investigaci\u00f3n fueron terminando los informes definitivos e informatiz\u00e1ndolos. Podr\u00e9is ver el resultado final a lo largo de esta semana.<\/p>\n<p style=\"text-align:justify\">En lengua y pl\u00e1stica continuamos trabajando la creaci\u00f3n de un c\u00f3mic. Esta semana fue <span style=\"color:#008000\">Nono <span style=\"color:#333333\">quien nos ley\u00f3 al grupo.<\/span><\/span><\/p>\n<p style=\"text-align:justify\"><span style=\"color:#333333\">Como celebraci\u00f3n del d\u00eda de Andaluc\u00eda, contamos con la conferencia de nuestra compa\u00f1era <span style=\"color:#ff99cc\">Carmen G. <span style=\"color:#333333\">sobre <span style=\"color:#808000\">\u00abLA ACEITUNA, EL OLIVO\u00bb<span style=\"color:#333333\">. En ella nos explic\u00f3 la historia, las principales caracter\u00edsticas, los productos que se obtienen, los diferentes tipos de aceitunas, de preparaci\u00f3n, recolecci\u00f3n, las etapas de la aceituna en la almazara y algunas curiosidades. Una vez finalizada la exposici\u00f3n y resueltas las dudas, nos invit\u00f3 a una cata de aceites en pan de sala\u00edlla (aceite suave, virgen y virgen extra) mmmmm \u00a1una delicatessen! Adem\u00e1s nos trajo un detalle a cada uno, una botellita de aceite virgen extra de una cooperativa de Ja\u00e9n. Pincha en el olivo para poder ver su presentaci\u00f3n:<br \/>\n<\/span><\/span><\/span><\/span><\/span><\/p>\n<p><a href=\"http:\/\/prezi.com\/emnfrmfyoc5-\/la-aceituna\/\"><img decoding=\"async\" class=\"aligncenter\" id=\"irc_mi\" alt=\"\" src=\"https:\/\/cloud.alqueria.es\/wp-content\/uploads\/sites\/7\/2013\/03\/olivo1.jpg\" width=\"160\" height=\"176\" \/><\/a><\/p>\n<p style=\"text-align:justify\">Espero que hay\u00e1is tenido un buen puente y hay\u00e1is recuperado fuerzas para lo poquito que queda de trimestre.<\/p>\n<p style=\"text-align:justify\">Laura<\/p>\n","protected":false},"excerpt":{"rendered":"<p>La semana pasada fue una semana muy cortita, pero no por ello dejo de ser intensa en cuanto a trabajo. En matem\u00e1ticas practicamos una y otra vez las multiplicaciones por una cifra, haciendo ampliaci\u00f3n a la de dos cifras con una parte del alumnado en concreto. Trabajamos la resoluci\u00f3n de problemas, dando pistas sobre el &hellip; <a href=\"https:\/\/www.alqueria.es\/blogs\/alqueriasegundociclo\/2013\/03\/04\/semana-25-al-27-febrero-3o-e-p-o\/\" class=\"more-link\">Seguir leyendo <span class=\"screen-reader-text\">Semana 25 al 27 febrero. 3\u00ba E.P.O.<\/span> <span class=\"meta-nav\">&rarr;<\/span><\/a><\/p>\n","protected":false},"author":16,"featured_media":0,"comment_status":"open","ping_status":"open","sticky":false,"template":"","format":"standard","meta":{"jetpack_post_was_ever_published":false,"_jetpack_newsletter_access":"","_jetpack_dont_email_post_to_subs":false,"_jetpack_newsletter_tier_id":0,"_jetpack_memberships_contains_paywalled_content":false,"_jetpack_memberships_contains_paid_content":false,"footnotes":"","jetpack_publicize_message":"","jetpack_publicize_feature_enabled":true,"jetpack_social_post_already_shared":true,"jetpack_social_options":{"image_generator_settings":{"template":"highway","default_image_id":0,"font":"","enabled":false},"version":2}},"categories":[5,10,59],"tags":[],"class_list":["post-4288","post","type-post","status-publish","format-standard","hentry","category-3o-epo","category-conocimiento-del-medio-y-social-3o","category-semanario-3o"],"jetpack_publicize_connections":[],"jetpack_featured_media_url":"","jetpack_sharing_enabled":true,"jetpack_shortlink":"https:\/\/wp.me\/p4lw4c-17a","_links":{"self":[{"href":"https:\/\/www.alqueria.es\/blogs\/alqueriasegundociclo\/wp-json\/wp\/v2\/posts\/4288","targetHints":{"allow":["GET"]}}],"collection":[{"href":"https:\/\/www.alqueria.es\/blogs\/alqueriasegundociclo\/wp-json\/wp\/v2\/posts"}],"about":[{"href":"https:\/\/www.alqueria.es\/blogs\/alqueriasegundociclo\/wp-json\/wp\/v2\/types\/post"}],"author":[{"embeddable":true,"href":"https:\/\/www.alqueria.es\/blogs\/alqueriasegundociclo\/wp-json\/wp\/v2\/users\/16"}],"replies":[{"embeddable":true,"href":"https:\/\/www.alqueria.es\/blogs\/alqueriasegundociclo\/wp-json\/wp\/v2\/comments?post=4288"}],"version-history":[{"count":0,"href":"https:\/\/www.alqueria.es\/blogs\/alqueriasegundociclo\/wp-json\/wp\/v2\/posts\/4288\/revisions"}],"wp:attachment":[{"href":"https:\/\/www.alqueria.es\/blogs\/alqueriasegundociclo\/wp-json\/wp\/v2\/media?parent=4288"}],"wp:term":[{"taxonomy":"category","embeddable":true,"href":"https:\/\/www.alqueria.es\/blogs\/alqueriasegundociclo\/wp-json\/wp\/v2\/categories?post=4288"},{"taxonomy":"post_tag","embeddable":true,"href":"https:\/\/www.alqueria.es\/blogs\/alqueriasegundociclo\/wp-json\/wp\/v2\/tags?post=4288"}],"curies":[{"name":"wp","href":"https:\/\/api.w.org\/{rel}","templated":true}]}}