{"id":4292,"date":"2013-03-01T21:20:01","date_gmt":"2013-03-01T20:20:01","guid":{"rendered":"http:\/\/alqueriasegundociclo.wordpress.com\/?p=4292"},"modified":"2014-02-24T10:31:14","modified_gmt":"2014-02-24T10:31:14","slug":"semana-del-18-al-27-de-enero-4o-e-p-o","status":"publish","type":"post","link":"https:\/\/www.alqueria.es\/blogs\/alqueriasegundociclo\/2013\/03\/01\/semana-del-18-al-27-de-enero-4o-e-p-o\/","title":{"rendered":"Semana del 18 al 27 de enero. 4\u00ba E.P.O."},"content":{"rendered":"<p>Queridas familias, han sido numerosas las actividades realizadas en este tiempo, han destacado:<\/p>\n<p>En el \u00e1rea de <strong>lengua y literatura castellana<\/strong> se ha dado un avance en ortograf\u00eda, en especial recordando el uso de la letra \u00abb\u00bb y \u00abv\u00bb y en gram\u00e1tica, recordamos los determinantes demostrativos. Todo esto, a trav\u00e9s de diferentes ejercicios orales y escritos. Han sido actividades estrella las narraciones de leyendas griegas; con estas, se pretende desarrollar y mejorar la narraci\u00f3n (fluidez, tono, vocabulario, etc.), as\u00ed como la lectura minuciosa para recoger datos importantes. Han participado:<\/p>\n<ul>\n<li>&#8211; \u00c1ngel O. \u00a0\u00abEl adivino de los pies negros\u00bb.<\/li>\n<li>&#8211; Luc\u00eda: \u00abEl rapto de Proserpina\u00bb.<\/li>\n<li>&#8211; Ana P.: \u00ab\u00bbLas armas de Filotetes\u00bb.<\/li>\n<li>&#8211; Alexandra: \u00abPerseo\u00bb.<\/li>\n<li>&#8211; Jose: \u00abPers\u00e9fone y las semillas de la granada\u00bb.<\/li>\n<\/ul>\n<p>Miguel, ha terminado su conferencia sobre la vida y trabajos de Heracles. Pronto podr\u00e9is apreciar la labor realizada a lo largo de este tiempo.<\/p>\n<p><a href=\"https:\/\/cloud.alqueria.es\/wp-content\/uploads\/sites\/7\/2013\/03\/odisea_0.jpg\"><img decoding=\"async\" data-attachment-id=\"4318\" data-permalink=\"https:\/\/www.alqueria.es\/blogs\/alqueriasegundociclo\/odisea_0\/\" data-orig-file=\"https:\/\/www.alqueria.es\/blogs\/alqueriasegundociclo\/wp-content\/uploads\/sites\/7\/2013\/02\/odisea_0.jpg\" data-orig-size=\"326,370\" data-comments-opened=\"1\" data-image-meta=\"{&quot;aperture&quot;:&quot;0&quot;,&quot;credit&quot;:&quot;&quot;,&quot;camera&quot;:&quot;&quot;,&quot;caption&quot;:&quot;&quot;,&quot;created_timestamp&quot;:&quot;0&quot;,&quot;copyright&quot;:&quot;&quot;,&quot;focal_length&quot;:&quot;0&quot;,&quot;iso&quot;:&quot;0&quot;,&quot;shutter_speed&quot;:&quot;0&quot;,&quot;title&quot;:&quot;&quot;}\" data-image-title=\"odisea_0\" data-image-description=\"\" data-image-caption=\"\" data-large-file=\"https:\/\/www.alqueria.es\/blogs\/alqueriasegundociclo\/wp-content\/uploads\/sites\/7\/2013\/02\/odisea_0.jpg\" class=\"alignleft  wp-image-4318\" style=\"border-style:initial;border-color:initial;cursor:default;float:left;border-width:0\" alt=\"odisea_0\" src=\"https:\/\/cloud.alqueria.es\/wp-content\/uploads\/sites\/7\/2013\/03\/odisea_0.jpg\" width=\"183\" height=\"207\" \/><\/a><\/p>\n<p>Terminado el trabajo de Heracles, Enrique ha comenzado la exposici\u00f3n de su minuciosa investigaci\u00f3n sobre \u00abLa Odisea\u00bb, poco a poco ir\u00e9is apreciando el trabajo del grupo.<\/p>\n<p>Como habr\u00e9is podido apreciar, Julia M. nos ha acercado al personaje de Federico Garc\u00eda Lorca. Este trabajo ha propiciado hablar un poco de Andaluc\u00eda, en conmemoraci\u00f3n a su d\u00eda, en especial de personajes ilustres de la comunidad.<\/p>\n<p><strong>\u00c1rea de matem\u00e1ticas<\/strong>. Continuamos con <em>la geometr\u00eda<\/em>. A la vez que repasamos los conceptos de los pol\u00edgonos, c\u00edrculo y circunferencia, \u00a0se realizan actividades sobre cuadernillo, se aprende y afianza el buen uso de las herramientas (regla, escuadra, cartab\u00f3n, transportador y comp\u00e1s), se ejercita el trazado de distintas figuras geom\u00e9tricas inscritas en una circunferencia (tri\u00e1ngulo equil\u00e1tero, cuadrado, pent\u00e1gono, hex\u00e1gono, oct\u00f3gono). La actividad de dibujo t\u00e9cnico ha provocado distintas emociones al ser un trabajo que necesita de mucha atenci\u00f3n, concentraci\u00f3n, precisi\u00f3n, ganas de aprender, etc. Los trabajos son impresionantes al igual que el proceso de realizaci\u00f3n; valoro el gran esfuerzo y la constancia del grupo.<\/p>\n<p>En honor a nuestra comunidad , \u00abEl d\u00eda de Andaluc\u00eda\u00bb , se ha culminado la actividad de las figuras planas, realizando un trabajo individual, eleg\u00edan la figura que m\u00e1s le gustaba o mejor le sal\u00eda, se le trazaba diagonales y se les daba color. Los colores elegidos han sido los de la bandera de Andaluc\u00eda. El resultado es el siguiente:<\/p>\n<p class=\"jetpack-slideshow-noscript robots-nocontent\">El pase de diapositivas requiere JavaScript.<\/p><div id=\"gallery-4292-1-slideshow\" class=\"jetpack-slideshow-window jetpack-slideshow jetpack-slideshow-black\" data-trans=\"fade\" data-autostart=\"1\" data-gallery=\"[{&quot;src&quot;:&quot;https:\\\/\\\/www.alqueria.es\\\/blogs\\\/alqueriasegundociclo\\\/wp-content\\\/uploads\\\/sites\\\/7\\\/2013\\\/02\\\/p2190100.jpg&quot;,&quot;id&quot;:&quot;4295&quot;,&quot;title&quot;:&quot;OLYMPUS DIGITAL CAMERA&quot;,&quot;alt&quot;:&quot;&quot;,&quot;caption&quot;:&quot;&quot;,&quot;itemprop&quot;:&quot;image&quot;},{&quot;src&quot;:&quot;https:\\\/\\\/www.alqueria.es\\\/blogs\\\/alqueriasegundociclo\\\/wp-content\\\/uploads\\\/sites\\\/7\\\/2013\\\/02\\\/p2190101.jpg&quot;,&quot;id&quot;:&quot;4296&quot;,&quot;title&quot;:&quot;OLYMPUS DIGITAL CAMERA&quot;,&quot;alt&quot;:&quot;&quot;,&quot;caption&quot;:&quot;&quot;,&quot;itemprop&quot;:&quot;image&quot;},{&quot;src&quot;:&quot;https:\\\/\\\/www.alqueria.es\\\/blogs\\\/alqueriasegundociclo\\\/wp-content\\\/uploads\\\/sites\\\/7\\\/2013\\\/02\\\/p2190102.jpg&quot;,&quot;id&quot;:&quot;4297&quot;,&quot;title&quot;:&quot;OLYMPUS DIGITAL CAMERA&quot;,&quot;alt&quot;:&quot;&quot;,&quot;caption&quot;:&quot;&quot;,&quot;itemprop&quot;:&quot;image&quot;},{&quot;src&quot;:&quot;https:\\\/\\\/www.alqueria.es\\\/blogs\\\/alqueriasegundociclo\\\/wp-content\\\/uploads\\\/sites\\\/7\\\/2013\\\/02\\\/p2200103.jpg&quot;,&quot;id&quot;:&quot;4298&quot;,&quot;title&quot;:&quot;OLYMPUS DIGITAL CAMERA&quot;,&quot;alt&quot;:&quot;&quot;,&quot;caption&quot;:&quot;&quot;,&quot;itemprop&quot;:&quot;image&quot;},{&quot;src&quot;:&quot;https:\\\/\\\/www.alqueria.es\\\/blogs\\\/alqueriasegundociclo\\\/wp-content\\\/uploads\\\/sites\\\/7\\\/2013\\\/02\\\/p2200104.jpg&quot;,&quot;id&quot;:&quot;4299&quot;,&quot;title&quot;:&quot;OLYMPUS DIGITAL CAMERA&quot;,&quot;alt&quot;:&quot;&quot;,&quot;caption&quot;:&quot;&quot;,&quot;itemprop&quot;:&quot;image&quot;},{&quot;src&quot;:&quot;https:\\\/\\\/www.alqueria.es\\\/blogs\\\/alqueriasegundociclo\\\/wp-content\\\/uploads\\\/sites\\\/7\\\/2013\\\/02\\\/p2270118.jpg&quot;,&quot;id&quot;:&quot;4300&quot;,&quot;title&quot;:&quot;OLYMPUS DIGITAL CAMERA&quot;,&quot;alt&quot;:&quot;&quot;,&quot;caption&quot;:&quot;&quot;,&quot;itemprop&quot;:&quot;image&quot;},{&quot;src&quot;:&quot;https:\\\/\\\/www.alqueria.es\\\/blogs\\\/alqueriasegundociclo\\\/wp-content\\\/uploads\\\/sites\\\/7\\\/2013\\\/02\\\/p2270119.jpg&quot;,&quot;id&quot;:&quot;4301&quot;,&quot;title&quot;:&quot;OLYMPUS DIGITAL CAMERA&quot;,&quot;alt&quot;:&quot;&quot;,&quot;caption&quot;:&quot;&quot;,&quot;itemprop&quot;:&quot;image&quot;},{&quot;src&quot;:&quot;https:\\\/\\\/www.alqueria.es\\\/blogs\\\/alqueriasegundociclo\\\/wp-content\\\/uploads\\\/sites\\\/7\\\/2013\\\/02\\\/p2270120.jpg&quot;,&quot;id&quot;:&quot;4302&quot;,&quot;title&quot;:&quot;OLYMPUS DIGITAL CAMERA&quot;,&quot;alt&quot;:&quot;&quot;,&quot;caption&quot;:&quot;&quot;,&quot;itemprop&quot;:&quot;image&quot;},{&quot;src&quot;:&quot;https:\\\/\\\/www.alqueria.es\\\/blogs\\\/alqueriasegundociclo\\\/wp-content\\\/uploads\\\/sites\\\/7\\\/2013\\\/02\\\/p2270121.jpg&quot;,&quot;id&quot;:&quot;4303&quot;,&quot;title&quot;:&quot;OLYMPUS DIGITAL CAMERA&quot;,&quot;alt&quot;:&quot;&quot;,&quot;caption&quot;:&quot;&quot;,&quot;itemprop&quot;:&quot;image&quot;},{&quot;src&quot;:&quot;https:\\\/\\\/www.alqueria.es\\\/blogs\\\/alqueriasegundociclo\\\/wp-content\\\/uploads\\\/sites\\\/7\\\/2013\\\/02\\\/p2270122.jpg&quot;,&quot;id&quot;:&quot;4304&quot;,&quot;title&quot;:&quot;OLYMPUS DIGITAL CAMERA&quot;,&quot;alt&quot;:&quot;&quot;,&quot;caption&quot;:&quot;&quot;,&quot;itemprop&quot;:&quot;image&quot;},{&quot;src&quot;:&quot;https:\\\/\\\/www.alqueria.es\\\/blogs\\\/alqueriasegundociclo\\\/wp-content\\\/uploads\\\/sites\\\/7\\\/2013\\\/02\\\/p2270123.jpg&quot;,&quot;id&quot;:&quot;4305&quot;,&quot;title&quot;:&quot;OLYMPUS DIGITAL CAMERA&quot;,&quot;alt&quot;:&quot;&quot;,&quot;caption&quot;:&quot;&quot;,&quot;itemprop&quot;:&quot;image&quot;},{&quot;src&quot;:&quot;https:\\\/\\\/www.alqueria.es\\\/blogs\\\/alqueriasegundociclo\\\/wp-content\\\/uploads\\\/sites\\\/7\\\/2013\\\/02\\\/p2270124.jpg&quot;,&quot;id&quot;:&quot;4306&quot;,&quot;title&quot;:&quot;OLYMPUS DIGITAL CAMERA&quot;,&quot;alt&quot;:&quot;&quot;,&quot;caption&quot;:&quot;&quot;,&quot;itemprop&quot;:&quot;image&quot;},{&quot;src&quot;:&quot;https:\\\/\\\/www.alqueria.es\\\/blogs\\\/alqueriasegundociclo\\\/wp-content\\\/uploads\\\/sites\\\/7\\\/2013\\\/02\\\/p2270125.jpg&quot;,&quot;id&quot;:&quot;4307&quot;,&quot;title&quot;:&quot;OLYMPUS DIGITAL CAMERA&quot;,&quot;alt&quot;:&quot;&quot;,&quot;caption&quot;:&quot;&quot;,&quot;itemprop&quot;:&quot;image&quot;},{&quot;src&quot;:&quot;https:\\\/\\\/www.alqueria.es\\\/blogs\\\/alqueriasegundociclo\\\/wp-content\\\/uploads\\\/sites\\\/7\\\/2013\\\/02\\\/p2270126.jpg&quot;,&quot;id&quot;:&quot;4308&quot;,&quot;title&quot;:&quot;OLYMPUS DIGITAL CAMERA&quot;,&quot;alt&quot;:&quot;&quot;,&quot;caption&quot;:&quot;&quot;,&quot;itemprop&quot;:&quot;image&quot;},{&quot;src&quot;:&quot;https:\\\/\\\/www.alqueria.es\\\/blogs\\\/alqueriasegundociclo\\\/wp-content\\\/uploads\\\/sites\\\/7\\\/2013\\\/02\\\/p2270127.jpg&quot;,&quot;id&quot;:&quot;4309&quot;,&quot;title&quot;:&quot;OLYMPUS DIGITAL CAMERA&quot;,&quot;alt&quot;:&quot;&quot;,&quot;caption&quot;:&quot;&quot;,&quot;itemprop&quot;:&quot;image&quot;},{&quot;src&quot;:&quot;https:\\\/\\\/www.alqueria.es\\\/blogs\\\/alqueriasegundociclo\\\/wp-content\\\/uploads\\\/sites\\\/7\\\/2013\\\/02\\\/p2270128.jpg&quot;,&quot;id&quot;:&quot;4310&quot;,&quot;title&quot;:&quot;OLYMPUS DIGITAL CAMERA&quot;,&quot;alt&quot;:&quot;&quot;,&quot;caption&quot;:&quot;&quot;,&quot;itemprop&quot;:&quot;image&quot;},{&quot;src&quot;:&quot;https:\\\/\\\/www.alqueria.es\\\/blogs\\\/alqueriasegundociclo\\\/wp-content\\\/uploads\\\/sites\\\/7\\\/2013\\\/02\\\/p2270129.jpg&quot;,&quot;id&quot;:&quot;4311&quot;,&quot;title&quot;:&quot;OLYMPUS DIGITAL CAMERA&quot;,&quot;alt&quot;:&quot;&quot;,&quot;caption&quot;:&quot;&quot;,&quot;itemprop&quot;:&quot;image&quot;},{&quot;src&quot;:&quot;https:\\\/\\\/www.alqueria.es\\\/blogs\\\/alqueriasegundociclo\\\/wp-content\\\/uploads\\\/sites\\\/7\\\/2013\\\/02\\\/p2270130.jpg&quot;,&quot;id&quot;:&quot;4312&quot;,&quot;title&quot;:&quot;OLYMPUS DIGITAL CAMERA&quot;,&quot;alt&quot;:&quot;&quot;,&quot;caption&quot;:&quot;&quot;,&quot;itemprop&quot;:&quot;image&quot;},{&quot;src&quot;:&quot;https:\\\/\\\/www.alqueria.es\\\/blogs\\\/alqueriasegundociclo\\\/wp-content\\\/uploads\\\/sites\\\/7\\\/2013\\\/02\\\/p2270131.jpg&quot;,&quot;id&quot;:&quot;4313&quot;,&quot;title&quot;:&quot;OLYMPUS DIGITAL CAMERA&quot;,&quot;alt&quot;:&quot;&quot;,&quot;caption&quot;:&quot;&quot;,&quot;itemprop&quot;:&quot;image&quot;},{&quot;src&quot;:&quot;https:\\\/\\\/www.alqueria.es\\\/blogs\\\/alqueriasegundociclo\\\/wp-content\\\/uploads\\\/sites\\\/7\\\/2013\\\/02\\\/p2270132.jpg&quot;,&quot;id&quot;:&quot;4314&quot;,&quot;title&quot;:&quot;OLYMPUS DIGITAL CAMERA&quot;,&quot;alt&quot;:&quot;&quot;,&quot;caption&quot;:&quot;&quot;,&quot;itemprop&quot;:&quot;image&quot;},{&quot;src&quot;:&quot;https:\\\/\\\/www.alqueria.es\\\/blogs\\\/alqueriasegundociclo\\\/wp-content\\\/uploads\\\/sites\\\/7\\\/2013\\\/02\\\/p2270133.jpg&quot;,&quot;id&quot;:&quot;4315&quot;,&quot;title&quot;:&quot;OLYMPUS DIGITAL CAMERA&quot;,&quot;alt&quot;:&quot;&quot;,&quot;caption&quot;:&quot;&quot;,&quot;itemprop&quot;:&quot;image&quot;},{&quot;src&quot;:&quot;https:\\\/\\\/www.alqueria.es\\\/blogs\\\/alqueriasegundociclo\\\/wp-content\\\/uploads\\\/sites\\\/7\\\/2013\\\/02\\\/p2270134.jpg&quot;,&quot;id&quot;:&quot;4316&quot;,&quot;title&quot;:&quot;OLYMPUS DIGITAL CAMERA&quot;,&quot;alt&quot;:&quot;&quot;,&quot;caption&quot;:&quot;&quot;,&quot;itemprop&quot;:&quot;image&quot;}]\" itemscope itemtype=\"https:\/\/schema.org\/ImageGallery\"><\/div>\n<p><strong>\u00c1rea de conocimiento del medio y social. <\/strong>Se termina el tema del paso del tiempo. Ute, la mam\u00e1 de Ana P., ha colaborado aportando una minuciosa charla sobre el universo y contestando a muchas de las preguntas realizadas previamente por el alumnado. Nos ha introducido en el maravilloso mundo de los astros, las galaxias, etc. El grupo ha quedado maravillado sobre la conferencia y la informaci\u00f3n. Muchas gracias Ute por tu tiempo dedicado. Os dejo aqu\u00ed su presentaci\u00f3n.<\/p>\n<p><a href=\"https:\/\/cloud.alqueria.es\/wp-content\/uploads\/sites\/7\/2013\/03\/p22701151.jpg\"><img decoding=\"async\" data-attachment-id=\"4322\" data-permalink=\"https:\/\/www.alqueria.es\/blogs\/alqueriasegundociclo\/olympus-digital-camera-197\/\" data-orig-file=\"https:\/\/www.alqueria.es\/blogs\/alqueriasegundociclo\/wp-content\/uploads\/sites\/7\/2013\/03\/p2270115.jpg\" data-orig-size=\"640,480\" data-comments-opened=\"1\" data-image-meta=\"{&quot;aperture&quot;:&quot;0&quot;,&quot;credit&quot;:&quot;&quot;,&quot;camera&quot;:&quot;&quot;,&quot;caption&quot;:&quot;&quot;,&quot;created_timestamp&quot;:&quot;0&quot;,&quot;copyright&quot;:&quot;&quot;,&quot;focal_length&quot;:&quot;0&quot;,&quot;iso&quot;:&quot;0&quot;,&quot;shutter_speed&quot;:&quot;0&quot;,&quot;title&quot;:&quot;&quot;}\" data-image-title=\"OLYMPUS DIGITAL CAMERA\" data-image-description=\"\" data-image-caption=\"\" data-large-file=\"https:\/\/www.alqueria.es\/blogs\/alqueriasegundociclo\/wp-content\/uploads\/sites\/7\/2013\/03\/p2270115.jpg\" class=\"alignleft size-full wp-image-4322\" alt=\"OLYMPUS DIGITAL CAMERA\" src=\"https:\/\/cloud.alqueria.es\/wp-content\/uploads\/sites\/7\/2013\/03\/p22701151.jpg\" width=\"510\" height=\"382\" \/><\/a><\/p>\n<p>&nbsp;<\/p>\n<p>&nbsp;<\/p>\n<p>&nbsp;<\/p>\n<p>&nbsp;<\/p>\n<p>&nbsp;<\/p>\n<p>&nbsp;<\/p>\n<p>&nbsp;<\/p>\n<p>&nbsp;<\/p>\n<p>&nbsp;<\/p>\n<p>&nbsp;<\/p>\n<p>&nbsp;<\/p>\n<p>&nbsp;<\/p>\n<p>&nbsp;<\/p>\n<p>http:\/\/www.slideshare.net\/slideshow\/embed_code\/16867168<\/p>\n","protected":false},"excerpt":{"rendered":"<p>Queridas familias, han sido numerosas las actividades realizadas en este tiempo, han destacado: En el \u00e1rea de lengua y literatura castellana se ha dado un avance en ortograf\u00eda, en especial recordando el uso de la letra \u00abb\u00bb y \u00abv\u00bb y en gram\u00e1tica, recordamos los determinantes demostrativos. Todo esto, a trav\u00e9s de diferentes ejercicios orales y &hellip; <a href=\"https:\/\/www.alqueria.es\/blogs\/alqueriasegundociclo\/2013\/03\/01\/semana-del-18-al-27-de-enero-4o-e-p-o\/\" class=\"more-link\">Seguir leyendo <span class=\"screen-reader-text\">Semana del 18 al 27 de enero. 4\u00ba E.P.O.<\/span> <span class=\"meta-nav\">&rarr;<\/span><\/a><\/p>\n","protected":false},"author":16,"featured_media":0,"comment_status":"open","ping_status":"open","sticky":false,"template":"","format":"standard","meta":{"jetpack_post_was_ever_published":false,"_jetpack_newsletter_access":"","_jetpack_dont_email_post_to_subs":false,"_jetpack_newsletter_tier_id":0,"_jetpack_memberships_contains_paywalled_content":false,"_jetpack_memberships_contains_paid_content":false,"footnotes":"","jetpack_publicize_message":"","jetpack_publicize_feature_enabled":true,"jetpack_social_post_already_shared":true,"jetpack_social_options":{"image_generator_settings":{"template":"highway","default_image_id":0,"font":"","enabled":false},"version":2}},"categories":[6,60],"tags":[],"class_list":["post-4292","post","type-post","status-publish","format-standard","hentry","category-4o-epo","category-semanario-4o"],"jetpack_publicize_connections":[],"jetpack_featured_media_url":"","jetpack_sharing_enabled":true,"jetpack_shortlink":"https:\/\/wp.me\/p4lw4c-17e","_links":{"self":[{"href":"https:\/\/www.alqueria.es\/blogs\/alqueriasegundociclo\/wp-json\/wp\/v2\/posts\/4292","targetHints":{"allow":["GET"]}}],"collection":[{"href":"https:\/\/www.alqueria.es\/blogs\/alqueriasegundociclo\/wp-json\/wp\/v2\/posts"}],"about":[{"href":"https:\/\/www.alqueria.es\/blogs\/alqueriasegundociclo\/wp-json\/wp\/v2\/types\/post"}],"author":[{"embeddable":true,"href":"https:\/\/www.alqueria.es\/blogs\/alqueriasegundociclo\/wp-json\/wp\/v2\/users\/16"}],"replies":[{"embeddable":true,"href":"https:\/\/www.alqueria.es\/blogs\/alqueriasegundociclo\/wp-json\/wp\/v2\/comments?post=4292"}],"version-history":[{"count":0,"href":"https:\/\/www.alqueria.es\/blogs\/alqueriasegundociclo\/wp-json\/wp\/v2\/posts\/4292\/revisions"}],"wp:attachment":[{"href":"https:\/\/www.alqueria.es\/blogs\/alqueriasegundociclo\/wp-json\/wp\/v2\/media?parent=4292"}],"wp:term":[{"taxonomy":"category","embeddable":true,"href":"https:\/\/www.alqueria.es\/blogs\/alqueriasegundociclo\/wp-json\/wp\/v2\/categories?post=4292"},{"taxonomy":"post_tag","embeddable":true,"href":"https:\/\/www.alqueria.es\/blogs\/alqueriasegundociclo\/wp-json\/wp\/v2\/tags?post=4292"}],"curies":[{"name":"wp","href":"https:\/\/api.w.org\/{rel}","templated":true}]}}