{"id":4337,"date":"2013-03-18T11:00:18","date_gmt":"2013-03-18T10:00:18","guid":{"rendered":"http:\/\/alqueriasegundociclo.wordpress.com\/?p=4337"},"modified":"2014-02-24T10:31:06","modified_gmt":"2014-02-24T10:31:06","slug":"tocar-el-cielo-y-mucho-mas","status":"publish","type":"post","link":"https:\/\/www.alqueria.es\/blogs\/alqueriasegundociclo\/2013\/03\/18\/tocar-el-cielo-y-mucho-mas\/","title":{"rendered":"TOCAR EL CIELO y mucho m\u00e1s&#8230;"},"content":{"rendered":"<p style=\"text-align:justify\">Como sab\u00e9is, el tema que nos ocupa en el \u00e1rea de conocimiento del medio es \u00abTOCAR EL CIELO\u00bb un tema en el que abordamos contenidos del UNIVERSO y nos centramos en el SISTEMA SOLAR. La pasada seman estuvieron ultimando los trabajos de investigaci\u00f3n en grupo, cuyo \u00faltimo paso es la redacci\u00f3n del informe final en ordenador, formando parte de un trabajo on-line de todo el grupo de tercero. Pod\u00e9is verlo pinchando en la imagen:<\/p>\n<p style=\"text-align:center\"><a href=\"http:\/\/prezi.com\/x8vuoko2i8ot\/present\/?auth_key=h2guw9u&amp;follow=a0xdrehwu62l&amp;kw=present-x8vuoko2i8ot&amp;rc=ref-6022648\"><img decoding=\"async\" class=\"aligncenter\" id=\"irc_mi\" alt=\"\" src=\"https:\/\/cloud.alqueria.es\/wp-content\/uploads\/sites\/7\/2013\/03\/3543311410543557.jpg\" width=\"233\" height=\"168\" \/><\/a><\/p>\n<p style=\"text-align:justify\">Una vez expuesto el trabajo al gran grupo, tuvo lugar (por primera vez) una autoevaluaci\u00f3n, evaluaci\u00f3n de los componentes del grupo y de la tutora, dando lugar a reflexiones personales y grupales que nos ayudaran a mejorar.<\/p>\n<p style=\"text-align:justify\">Ahora queda ultimar la maqueta de los planetas que cada grupo ha creado, as\u00ed como las conferencias de <span style=\"color:#3366ff\">Pablo M. \u00abLAS ESTRELLAS\u00bb<\/span> y de <span style=\"color:#0000ff\">Marcos M. \u00abORIGEN DEL UNIVERSO\u00bb.<\/span><\/p>\n<p style=\"text-align:justify\">Un nuevo tema nos ocupa en matem\u00e1ticas <span style=\"color:#3366ff\"><span style=\"color:#ff6600\">\u00abGEOMETR\u00cdA\u00bb<\/span>.<span style=\"color:#333333\"> Para ello comenzamos con el uso de la regla, explicando y practicando, desde c\u00f3mo se coge, c\u00f3mo se coloca en el papel, c\u00f3mo se mide&#8230; A continuaci\u00f3n nos adentramos en el apartado de l\u00edneas, haciendo clasificaciones: rectas, curvas, semirrectas, segmentos, paralelas, secantes, perpendiculares&#8230; C<\/span><\/span>ontinuamos con los \u00e1ngulos y la simetr\u00eda, antes de profundizar en las figuras planas.<\/p>\n<p style=\"text-align:justify\">En el \u00e1rea de lengua y literatura continuamos trabajando la <span style=\"color:#ff0000\">CREACI\u00d3N DE UN C\u00d3MIC<\/span>. Para ello llevamos a cabo la actividad \u00abde historia a c\u00f3mic\u00bb, que consiste en continuar una historia partiendo de un comienzo dado y com\u00fan para todos. Una vez tenemos la historia creada, organizamos para saber cu\u00e1ntas vi\u00f1etas necesitamos para contar esa historia, dividimos el papel (con el uso de la regla), y empezamos a ilustrar el c\u00f3mic, revisamos la ortograf\u00eda y, como \u00faltimo paso, damos perfil y color a nuestro trabajo. Pod\u00e9is ver los trabajos en el tabl\u00f3n exterior.<\/p>\n<p style=\"text-align:justify\">Continuamos realizando las lecturas expresivas al grupo,\u00a0 han tenido lugar las de <span style=\"color:#339966\">Ana, <\/span><span style=\"color:#cc99ff\">F\u00e1tima, <span style=\"color:#339966\">Marcos G, <span style=\"color:#3366ff\">Marcos M., <span style=\"color:#ff6600\">Marcos O., <\/span><span style=\"color:#ff00ff\">Celia.<\/span><\/span><br \/>\n<\/span><\/span><\/p>\n","protected":false},"excerpt":{"rendered":"<p>Como sab\u00e9is, el tema que nos ocupa en el \u00e1rea de conocimiento del medio es \u00abTOCAR EL CIELO\u00bb un tema en el que abordamos contenidos del UNIVERSO y nos centramos en el SISTEMA SOLAR. La pasada seman estuvieron ultimando los trabajos de investigaci\u00f3n en grupo, cuyo \u00faltimo paso es la redacci\u00f3n del informe final en &hellip; <a href=\"https:\/\/www.alqueria.es\/blogs\/alqueriasegundociclo\/2013\/03\/18\/tocar-el-cielo-y-mucho-mas\/\" class=\"more-link\">Seguir leyendo <span class=\"screen-reader-text\">TOCAR EL CIELO y mucho m\u00e1s&#8230;<\/span> <span class=\"meta-nav\">&rarr;<\/span><\/a><\/p>\n","protected":false},"author":16,"featured_media":0,"comment_status":"open","ping_status":"open","sticky":false,"template":"","format":"standard","meta":{"jetpack_post_was_ever_published":false,"_jetpack_newsletter_access":"","_jetpack_dont_email_post_to_subs":false,"_jetpack_newsletter_tier_id":0,"_jetpack_memberships_contains_paywalled_content":false,"_jetpack_memberships_contains_paid_content":false,"footnotes":"","jetpack_publicize_message":"","jetpack_publicize_feature_enabled":true,"jetpack_social_post_already_shared":true,"jetpack_social_options":{"image_generator_settings":{"template":"highway","default_image_id":0,"font":"","enabled":false},"version":2}},"categories":[5,82,10,17,116,28,33,36,59],"tags":[156,296,176,200,203],"class_list":["post-4337","post","type-post","status-publish","format-standard","hentry","category-3o-epo","category-comic","category-conocimiento-del-medio-y-social-3o","category-el-sistema-solar-y-la-tierra","category-la-geometria","category-lengua-castellana-y-literatura-3o","category-matematicas-3o","category-noticias","category-semanario-3o","tag-3o-e-p-o","tag-comic","tag-estrellas","tag-sistema-solar","tag-universo"],"jetpack_publicize_connections":[],"jetpack_featured_media_url":"","jetpack_sharing_enabled":true,"jetpack_shortlink":"https:\/\/wp.me\/p4lw4c-17X","_links":{"self":[{"href":"https:\/\/www.alqueria.es\/blogs\/alqueriasegundociclo\/wp-json\/wp\/v2\/posts\/4337","targetHints":{"allow":["GET"]}}],"collection":[{"href":"https:\/\/www.alqueria.es\/blogs\/alqueriasegundociclo\/wp-json\/wp\/v2\/posts"}],"about":[{"href":"https:\/\/www.alqueria.es\/blogs\/alqueriasegundociclo\/wp-json\/wp\/v2\/types\/post"}],"author":[{"embeddable":true,"href":"https:\/\/www.alqueria.es\/blogs\/alqueriasegundociclo\/wp-json\/wp\/v2\/users\/16"}],"replies":[{"embeddable":true,"href":"https:\/\/www.alqueria.es\/blogs\/alqueriasegundociclo\/wp-json\/wp\/v2\/comments?post=4337"}],"version-history":[{"count":0,"href":"https:\/\/www.alqueria.es\/blogs\/alqueriasegundociclo\/wp-json\/wp\/v2\/posts\/4337\/revisions"}],"wp:attachment":[{"href":"https:\/\/www.alqueria.es\/blogs\/alqueriasegundociclo\/wp-json\/wp\/v2\/media?parent=4337"}],"wp:term":[{"taxonomy":"category","embeddable":true,"href":"https:\/\/www.alqueria.es\/blogs\/alqueriasegundociclo\/wp-json\/wp\/v2\/categories?post=4337"},{"taxonomy":"post_tag","embeddable":true,"href":"https:\/\/www.alqueria.es\/blogs\/alqueriasegundociclo\/wp-json\/wp\/v2\/tags?post=4337"}],"curies":[{"name":"wp","href":"https:\/\/api.w.org\/{rel}","templated":true}]}}