{"id":4352,"date":"2013-03-15T21:55:33","date_gmt":"2013-03-15T20:55:33","guid":{"rendered":"http:\/\/alqueriasegundociclo.wordpress.com\/?p=4352"},"modified":"2014-02-24T10:30:43","modified_gmt":"2014-02-24T10:30:43","slug":"semanas-del-4-al-15-de-marzo-4o-e-p-o","status":"publish","type":"post","link":"https:\/\/www.alqueria.es\/blogs\/alqueriasegundociclo\/2013\/03\/15\/semanas-del-4-al-15-de-marzo-4o-e-p-o\/","title":{"rendered":"Semanas del 4 al 15 de marzo. 4\u00ba E.P.O."},"content":{"rendered":"<p>Queridas familias, llegamos a la resta final del segundo trimestre. En estas dos \u00faltimas semanas se ha trabajado:<\/p>\n<p style=\"text-align:justify\"><strong>\u00c1rea de conocimiento del medio<\/strong>. Se inicia el tema \u00abEl Territorio\u00bb, para ello se ha tenido que ir analizando el vocabulario propio del tema como: territorio, l\u00edmite, frontera, etc. Una vez entendido este, se ha comprendido mejor los textos tratados. Se ha abordado territorios dede lo m\u00e1s cercano y peque\u00f1o, (localidades, municipios y provincias) a territorios m\u00e1s amplios (comunidades aut\u00f3nomas, pa\u00edses y continentes). Sobre juegos interactivos de mapas pol\u00edticos, se ha trabajado la ubicaci\u00f3n en el espacio a trav\u00e9s de los puntos cardinales. Sobre un mapa pol\u00edtico mudo de la pen\u00ednsula ib\u00e9rica, se localizan y marcan los l\u00edmites naturales y artificiales de nuestro pa\u00eds. As\u00ed sucesivamente hasta enmarcar todas las comunidades con sus respectivas capitales. Sobre el tema se continuar\u00e1 profundizando.<\/p>\n<p style=\"direction:ltr;text-align:justify\"><strong>\u00c1rea de lengua y literatura castellana. <\/strong>Iniciamos el nuevo tema aprovechando los contenidos del tema \u00abEl Territorio\u00bb,<\/p>\n<p style=\"direction:ltr;text-align:justify\">se abordan contenidos como los gentilicios y se repasan normas ortogr\u00e1ficas (palabras terminadas en -Z y -D). Se trabaja el texto escrito sobre con la exposici\u00f3n de Enrique sobre \u00abEolo y el odre de los vientos\u00bb. Aprovecho para comunicar que est\u00e1 expuesto el trabajo \u00a0realizado sobre la conferencia de Heracles, hay que felicitarles por la constancia , el esfuerzo y el proceso, en el resultado del trabajo escrito se puede apreciar considerablemente los avances.<\/p>\n<p style=\"text-align:center\"><img decoding=\"async\" data-attachment-id=\"4354\" data-permalink=\"https:\/\/www.alqueria.es\/blogs\/alqueriasegundociclo\/olympus-digital-camera-360\/\" data-orig-file=\"https:\/\/www.alqueria.es\/blogs\/alqueriasegundociclo\/wp-content\/uploads\/sites\/7\/2013\/03\/p3130206.jpg\" data-orig-size=\"640,480\" data-comments-opened=\"1\" data-image-meta=\"{&quot;aperture&quot;:&quot;0&quot;,&quot;credit&quot;:&quot;&quot;,&quot;camera&quot;:&quot;&quot;,&quot;caption&quot;:&quot;&quot;,&quot;created_timestamp&quot;:&quot;0&quot;,&quot;copyright&quot;:&quot;&quot;,&quot;focal_length&quot;:&quot;0&quot;,&quot;iso&quot;:&quot;0&quot;,&quot;shutter_speed&quot;:&quot;0&quot;,&quot;title&quot;:&quot;&quot;}\" data-image-title=\"OLYMPUS DIGITAL CAMERA\" data-image-description=\"\" data-image-caption=\"\" data-large-file=\"https:\/\/www.alqueria.es\/blogs\/alqueriasegundociclo\/wp-content\/uploads\/sites\/7\/2013\/03\/p3130206.jpg\" class=\" wp-image-4354 alignright\" style=\"border-style:initial;border-color:initial;cursor:default;float:right;border-width:0\" alt=\"OLYMPUS DIGITAL CAMERA\" src=\"https:\/\/cloud.alqueria.es\/wp-content\/uploads\/sites\/7\/2013\/03\/p31302061.jpg\" width=\"184\" height=\"137\" \/><a href=\"https:\/\/cloud.alqueria.es\/wp-content\/uploads\/sites\/7\/2013\/03\/p31302051.jpg\"><img decoding=\"async\" data-attachment-id=\"4353\" data-permalink=\"https:\/\/www.alqueria.es\/blogs\/alqueriasegundociclo\/olympus-digital-camera-203\/\" data-orig-file=\"https:\/\/www.alqueria.es\/blogs\/alqueriasegundociclo\/wp-content\/uploads\/sites\/7\/2013\/03\/p3130205.jpg\" data-orig-size=\"640,480\" data-comments-opened=\"1\" data-image-meta=\"{&quot;aperture&quot;:&quot;0&quot;,&quot;credit&quot;:&quot;&quot;,&quot;camera&quot;:&quot;&quot;,&quot;caption&quot;:&quot;&quot;,&quot;created_timestamp&quot;:&quot;0&quot;,&quot;copyright&quot;:&quot;&quot;,&quot;focal_length&quot;:&quot;0&quot;,&quot;iso&quot;:&quot;0&quot;,&quot;shutter_speed&quot;:&quot;0&quot;,&quot;title&quot;:&quot;&quot;}\" data-image-title=\"OLYMPUS DIGITAL CAMERA\" data-image-description=\"\" data-image-caption=\"\" data-large-file=\"https:\/\/www.alqueria.es\/blogs\/alqueriasegundociclo\/wp-content\/uploads\/sites\/7\/2013\/03\/p3130205.jpg\" class=\"alignleft  wp-image-4353\" style=\"border-style:initial;border-color:initial;cursor:default;float:left;border-width:0\" alt=\"OLYMPUS DIGITAL CAMERA\" src=\"https:\/\/cloud.alqueria.es\/wp-content\/uploads\/sites\/7\/2013\/03\/p31302051.jpg\" width=\"184\" height=\"137\" \/><\/a><img decoding=\"async\" data-attachment-id=\"4355\" data-permalink=\"https:\/\/www.alqueria.es\/blogs\/alqueriasegundociclo\/olympus-digital-camera-361\/\" data-orig-file=\"https:\/\/www.alqueria.es\/blogs\/alqueriasegundociclo\/wp-content\/uploads\/sites\/7\/2013\/03\/p3130207.jpg\" data-orig-size=\"640,480\" data-comments-opened=\"1\" data-image-meta=\"{&quot;aperture&quot;:&quot;0&quot;,&quot;credit&quot;:&quot;&quot;,&quot;camera&quot;:&quot;&quot;,&quot;caption&quot;:&quot;&quot;,&quot;created_timestamp&quot;:&quot;0&quot;,&quot;copyright&quot;:&quot;&quot;,&quot;focal_length&quot;:&quot;0&quot;,&quot;iso&quot;:&quot;0&quot;,&quot;shutter_speed&quot;:&quot;0&quot;,&quot;title&quot;:&quot;&quot;}\" data-image-title=\"OLYMPUS DIGITAL CAMERA\" data-image-description=\"\" data-image-caption=\"\" data-large-file=\"https:\/\/www.alqueria.es\/blogs\/alqueriasegundociclo\/wp-content\/uploads\/sites\/7\/2013\/03\/p3130207.jpg\" class=\"wp-image-4355 aligncenter\" style=\"border-style:initial;border-color:initial;cursor:default;border-width:0\" alt=\"OLYMPUS DIGITAL CAMERA\" src=\"https:\/\/cloud.alqueria.es\/wp-content\/uploads\/sites\/7\/2013\/03\/p31302071.jpg\" width=\"184\" height=\"137\" \/><\/p>\n<p>Durante estas semanas han expuesto su <strong>relato oral<\/strong>:<\/p>\n<ul>\n<li>M\u00aa del Mar: Prometeo.<\/li>\n<li>Javier M.: dos amigos.<\/li>\n<li>Miguel: el rapto de Europa.<\/li>\n<li>Pablo: Teseo y el minotauro.<\/li>\n<li>Paula: el laurel de Apolo.<\/li>\n<\/ul>\n<p><strong>\u00c1rea de matem\u00e1ticas. <\/strong>Se termina el trabajo de la geometr\u00eda y se inicia un repaso sobre el sistema monetario y un acercamiento a las operaciones de los n\u00fameros decimales.<\/p>\n<p><strong>En \u00e9tica y convivencia<\/strong> se ha trabajado, en asamblea, los conflictos, las diferentes actitudes a mantener o modificar. Se reflexiona sobre \u00abel insulto\u00bb: \u00bfqu\u00e9 es?, \u00bfpor qu\u00e9 se utiliza? \u00bfqu\u00e9 provoca en las personas al ser v\u00edctimas de \u00e9l?, actitudes a tener ante ese conflicto. Nos queda un trabajo pendiente sobre su ant\u00f3nimo, \u00abel halago\u00bb.<\/p>\n<p>La semana que viene, el mi\u00e9rcoles, se realizar\u00e1 la salida cultural correspondiente a marzo, visitaremos la facultad de bellas artes para un mayor acercamiento al c\u00f3mic. Es una salida muy esperada por el alumnado del segundo ciclo, ya que nos ense\u00f1ar\u00e1n el desarrollo del dise\u00f1o y numerosos aspectos que facilitar\u00e1n el dibujo, la acci\u00f3n, etc.<\/p>\n<p>Sin m\u00e1s os deseo un feliz fin de semana. Un saludo. Juanjo.<\/p>\n<p>&nbsp;<\/p>\n","protected":false},"excerpt":{"rendered":"<p>Queridas familias, llegamos a la resta final del segundo trimestre. En estas dos \u00faltimas semanas se ha trabajado: \u00c1rea de conocimiento del medio. Se inicia el tema \u00abEl Territorio\u00bb, para ello se ha tenido que ir analizando el vocabulario propio del tema como: territorio, l\u00edmite, frontera, etc. Una vez entendido este, se ha comprendido mejor &hellip; <a href=\"https:\/\/www.alqueria.es\/blogs\/alqueriasegundociclo\/2013\/03\/15\/semanas-del-4-al-15-de-marzo-4o-e-p-o\/\" class=\"more-link\">Seguir leyendo <span class=\"screen-reader-text\">Semanas del 4 al 15 de marzo. 4\u00ba E.P.O.<\/span> <span class=\"meta-nav\">&rarr;<\/span><\/a><\/p>\n","protected":false},"author":16,"featured_media":0,"comment_status":"open","ping_status":"open","sticky":false,"template":"","format":"standard","meta":{"jetpack_post_was_ever_published":false,"_jetpack_newsletter_access":"","_jetpack_dont_email_post_to_subs":false,"_jetpack_newsletter_tier_id":0,"_jetpack_memberships_contains_paywalled_content":false,"_jetpack_memberships_contains_paid_content":false,"footnotes":"","jetpack_publicize_message":"","jetpack_publicize_feature_enabled":true,"jetpack_social_post_already_shared":true,"jetpack_social_options":{"image_generator_settings":{"template":"highway","default_image_id":0,"font":"","enabled":false},"version":2}},"categories":[6,60],"tags":[],"class_list":["post-4352","post","type-post","status-publish","format-standard","hentry","category-4o-epo","category-semanario-4o"],"jetpack_publicize_connections":[],"jetpack_featured_media_url":"","jetpack_sharing_enabled":true,"jetpack_shortlink":"https:\/\/wp.me\/p4lw4c-18c","_links":{"self":[{"href":"https:\/\/www.alqueria.es\/blogs\/alqueriasegundociclo\/wp-json\/wp\/v2\/posts\/4352","targetHints":{"allow":["GET"]}}],"collection":[{"href":"https:\/\/www.alqueria.es\/blogs\/alqueriasegundociclo\/wp-json\/wp\/v2\/posts"}],"about":[{"href":"https:\/\/www.alqueria.es\/blogs\/alqueriasegundociclo\/wp-json\/wp\/v2\/types\/post"}],"author":[{"embeddable":true,"href":"https:\/\/www.alqueria.es\/blogs\/alqueriasegundociclo\/wp-json\/wp\/v2\/users\/16"}],"replies":[{"embeddable":true,"href":"https:\/\/www.alqueria.es\/blogs\/alqueriasegundociclo\/wp-json\/wp\/v2\/comments?post=4352"}],"version-history":[{"count":0,"href":"https:\/\/www.alqueria.es\/blogs\/alqueriasegundociclo\/wp-json\/wp\/v2\/posts\/4352\/revisions"}],"wp:attachment":[{"href":"https:\/\/www.alqueria.es\/blogs\/alqueriasegundociclo\/wp-json\/wp\/v2\/media?parent=4352"}],"wp:term":[{"taxonomy":"category","embeddable":true,"href":"https:\/\/www.alqueria.es\/blogs\/alqueriasegundociclo\/wp-json\/wp\/v2\/categories?post=4352"},{"taxonomy":"post_tag","embeddable":true,"href":"https:\/\/www.alqueria.es\/blogs\/alqueriasegundociclo\/wp-json\/wp\/v2\/tags?post=4352"}],"curies":[{"name":"wp","href":"https:\/\/api.w.org\/{rel}","templated":true}]}}