{"id":4528,"date":"2013-04-22T20:52:08","date_gmt":"2013-04-22T18:52:08","guid":{"rendered":"http:\/\/alqueriasegundociclo.wordpress.com\/?p=4528"},"modified":"2013-04-22T20:52:08","modified_gmt":"2013-04-22T18:52:08","slug":"juan-ramon-jimenez","status":"publish","type":"post","link":"https:\/\/www.alqueria.es\/blogs\/alqueriasegundociclo\/2013\/04\/22\/juan-ramon-jimenez\/","title":{"rendered":"Juan Ram\u00f3n Jim\u00e9nez"},"content":{"rendered":"<p>En 4\u00ba, se ha comenzado a inaugurar el d\u00eda del libro con la presentaci\u00f3n de la maravillosa conferencia de Alba sobre el poeta universal Juan Ram\u00f3n Jim\u00e9nez. Gracias a su trabajo, se conoce mejor al autor y un poco m\u00e1s de personajes ilustres de Andaluc\u00eda. Os dejo aqu\u00ed su trabajo de investigaci\u00f3n.<\/p>\n<div class=\"a25-CTUOC-hidding-box\" data-original-content=\"&lt;iframe title=&quot;Juan Ram\u00f3n Jim\u00e9nez&quot; src=&quot;https:\/\/www.slideshare.net\/slideshow\/embed_code\/key\/1g0ESGOcFdFGiC&quot; width=&quot;427&quot; height=&quot;356&quot; frameborder=&quot;0&quot; marginwidth=&quot;0&quot; marginheight=&quot;0&quot; scrolling=&quot;no&quot; style=&quot;border:1px solid #CCC; border-width:1px; margin-bottom:5px; max-width: 100%;&quot; allowfullscreen&gt; &lt;\/iframe&gt;\">Esta p\u00e1gina incluye contenido multimedia que requiere aceptar todas las cookies. Pulse aqu\u00ed para abrir la configuraci\u00f3n de cookies.<\/div>\n<div style=\"margin-bottom:5px\"> <strong> <a href=\"https:\/\/es.slideshare.net\/juanjofuro\/juan-ramn-jimnez-20043443\" title=\"Juan Ram\u00f3n Jim\u00e9nez\" target=\"_blank\">Juan Ram\u00f3n Jim\u00e9nez<\/a> <\/strong> from <strong><a href=\"https:\/\/www.slideshare.net\/juanjofuro\" target=\"_blank\">juanjofuro<\/a><\/strong> <\/div>\n","protected":false},"excerpt":{"rendered":"<p>En 4\u00ba, se ha comenzado a inaugurar el d\u00eda del libro con la presentaci\u00f3n de la maravillosa conferencia de Alba sobre el poeta universal Juan Ram\u00f3n Jim\u00e9nez. Gracias a su trabajo, se conoce mejor al autor y un poco m\u00e1s de personajes ilustres de Andaluc\u00eda. Os dejo aqu\u00ed su trabajo de investigaci\u00f3n. Esta p\u00e1gina incluye &hellip; <a href=\"https:\/\/www.alqueria.es\/blogs\/alqueriasegundociclo\/2013\/04\/22\/juan-ramon-jimenez\/\" class=\"more-link\">Seguir leyendo <span class=\"screen-reader-text\">Juan Ram\u00f3n Jim\u00e9nez<\/span> <span class=\"meta-nav\">&rarr;<\/span><\/a><\/p>\n","protected":false},"author":16,"featured_media":0,"comment_status":"open","ping_status":"open","sticky":false,"template":"","format":"standard","meta":{"jetpack_post_was_ever_published":false,"_jetpack_newsletter_access":"","_jetpack_dont_email_post_to_subs":false,"_jetpack_newsletter_tier_id":0,"_jetpack_memberships_contains_paywalled_content":false,"_jetpack_memberships_contains_paid_content":false,"footnotes":"","jetpack_publicize_message":"","jetpack_publicize_feature_enabled":true,"jetpack_social_post_already_shared":true,"jetpack_social_options":{"image_generator_settings":{"template":"highway","default_image_id":0,"font":"","enabled":false},"version":2}},"categories":[6,8,27],"tags":[],"class_list":["post-4528","post","type-post","status-publish","format-standard","hentry","category-4o-epo","category-conferencias","category-lengua-castellana-y-literatura-4o-epo"],"jetpack_publicize_connections":[],"jetpack_featured_media_url":"","jetpack_sharing_enabled":true,"jetpack_shortlink":"https:\/\/wp.me\/p4lw4c-1b2","_links":{"self":[{"href":"https:\/\/www.alqueria.es\/blogs\/alqueriasegundociclo\/wp-json\/wp\/v2\/posts\/4528","targetHints":{"allow":["GET"]}}],"collection":[{"href":"https:\/\/www.alqueria.es\/blogs\/alqueriasegundociclo\/wp-json\/wp\/v2\/posts"}],"about":[{"href":"https:\/\/www.alqueria.es\/blogs\/alqueriasegundociclo\/wp-json\/wp\/v2\/types\/post"}],"author":[{"embeddable":true,"href":"https:\/\/www.alqueria.es\/blogs\/alqueriasegundociclo\/wp-json\/wp\/v2\/users\/16"}],"replies":[{"embeddable":true,"href":"https:\/\/www.alqueria.es\/blogs\/alqueriasegundociclo\/wp-json\/wp\/v2\/comments?post=4528"}],"version-history":[{"count":0,"href":"https:\/\/www.alqueria.es\/blogs\/alqueriasegundociclo\/wp-json\/wp\/v2\/posts\/4528\/revisions"}],"wp:attachment":[{"href":"https:\/\/www.alqueria.es\/blogs\/alqueriasegundociclo\/wp-json\/wp\/v2\/media?parent=4528"}],"wp:term":[{"taxonomy":"category","embeddable":true,"href":"https:\/\/www.alqueria.es\/blogs\/alqueriasegundociclo\/wp-json\/wp\/v2\/categories?post=4528"},{"taxonomy":"post_tag","embeddable":true,"href":"https:\/\/www.alqueria.es\/blogs\/alqueriasegundociclo\/wp-json\/wp\/v2\/tags?post=4528"}],"curies":[{"name":"wp","href":"https:\/\/api.w.org\/{rel}","templated":true}]}}