{"id":526,"date":"2012-05-01T23:32:37","date_gmt":"2012-05-01T23:32:37","guid":{"rendered":"http:\/\/alqueriasegundociclo.wordpress.com\/?p=526"},"modified":"2014-02-24T10:30:15","modified_gmt":"2014-02-24T10:30:15","slug":"comienza-el-proyecto-en-la-clase-de-4o-epo","status":"publish","type":"post","link":"https:\/\/www.alqueria.es\/blogs\/alqueriasegundociclo\/2012\/05\/01\/comienza-el-proyecto-en-la-clase-de-4o-epo\/","title":{"rendered":"\u00a1Comienza el proyecto en la clase de 4\u00ba EPO!"},"content":{"rendered":"<p><strong><\/strong>El grupo comenz\u00f3 realizando juegos de cooperaci\u00f3n, confianza, retos, improvisaciones&#8230;Lo importante era concienciar de la importancia de la cooperaci\u00f3n, el trabajo en equipo, la necesidad de todos y cada uno de los componentes de un equipo de trabajo \u00abnadie es m\u00e1s importante que el resto\u00bb.<\/p>\n<p>Fueron conociendo las distintas profesiones que se dan en un teatro, para lo que contamos con la colaboraci\u00f3n de profesionales del teatro de todas las \u00e1reas. As\u00ed, nos visitaron:<\/p>\n<p>&#8211; Lolo, el m\u00fasico;<\/p>\n<p>&#8211; Cristina, la core\u00f3grafa;<\/p>\n<p>&#8211; Cristian y Tama, t\u00e9cnico de iluminaci\u00f3n y maquinista;<\/p>\n<p>&#8211; Marisa, maquilladora y vestuario;<\/p>\n<p>&#8211; Piru, regidora y relaciones p\u00fablicas;<\/p>\n<p>&#8211; Alex, actor;<\/p>\n<p>&#8211; Julia, guionista.<\/p>\n<p><a href=\"http:\/\/alqueriasegundociclo.files.wordpress.com\/2012\/05\/tama-y-cristian-6.jpg\"><img decoding=\"async\" data-attachment-id=\"527\" data-permalink=\"https:\/\/www.alqueria.es\/blogs\/alqueriasegundociclo\/tama-y-cristian-6\/\" data-orig-file=\"https:\/\/www.alqueria.es\/blogs\/alqueriasegundociclo\/wp-content\/uploads\/sites\/7\/2012\/05\/tama-y-cristian-6.jpg\" data-orig-size=\"1024,768\" data-comments-opened=\"1\" data-image-meta=\"{&quot;aperture&quot;:&quot;0&quot;,&quot;credit&quot;:&quot;&quot;,&quot;camera&quot;:&quot;&quot;,&quot;caption&quot;:&quot;&quot;,&quot;created_timestamp&quot;:&quot;0&quot;,&quot;copyright&quot;:&quot;&quot;,&quot;focal_length&quot;:&quot;0&quot;,&quot;iso&quot;:&quot;0&quot;,&quot;shutter_speed&quot;:&quot;0&quot;,&quot;title&quot;:&quot;&quot;}\" data-image-title=\"Tama y Cristian (6)\" data-image-description=\"\" data-image-caption=\"\" data-large-file=\"https:\/\/www.alqueria.es\/blogs\/alqueriasegundociclo\/wp-content\/uploads\/sites\/7\/2012\/05\/tama-y-cristian-6-1024x768.jpg\" class=\"alignleft size-medium wp-image-527\" title=\"Tama y Cristian (6)\" src=\"https:\/\/cloud.alqueria.es\/wp-content\/uploads\/sites\/7\/2012\/05\/tama-y-cristian-61.jpg\" alt=\"\" width=\"300\" height=\"225\" \/><\/a><\/p>\n<p><a href=\"http:\/\/alqueriasegundociclo.files.wordpress.com\/2012\/05\/dsc00870.jpg\"><img decoding=\"async\" data-attachment-id=\"528\" data-permalink=\"https:\/\/www.alqueria.es\/blogs\/alqueriasegundociclo\/dsc00870\/\" data-orig-file=\"https:\/\/www.alqueria.es\/blogs\/alqueriasegundociclo\/wp-content\/uploads\/sites\/7\/2012\/05\/dsc00870.jpg\" data-orig-size=\"1024,768\" data-comments-opened=\"1\" data-image-meta=\"{&quot;aperture&quot;:&quot;0&quot;,&quot;credit&quot;:&quot;&quot;,&quot;camera&quot;:&quot;&quot;,&quot;caption&quot;:&quot;&quot;,&quot;created_timestamp&quot;:&quot;0&quot;,&quot;copyright&quot;:&quot;&quot;,&quot;focal_length&quot;:&quot;0&quot;,&quot;iso&quot;:&quot;0&quot;,&quot;shutter_speed&quot;:&quot;0&quot;,&quot;title&quot;:&quot;&quot;}\" data-image-title=\"DSC00870\" data-image-description=\"\" data-image-caption=\"\" data-large-file=\"https:\/\/www.alqueria.es\/blogs\/alqueriasegundociclo\/wp-content\/uploads\/sites\/7\/2012\/05\/dsc00870-1024x768.jpg\" class=\"wp-image-528 alignright\" title=\"DSC00870\" src=\"https:\/\/cloud.alqueria.es\/wp-content\/uploads\/sites\/7\/2012\/05\/dsc008701.jpg\" alt=\"\" width=\"300\" height=\"225\" \/><\/a><\/p>\n<p>&nbsp;<\/p>\n<p>&nbsp;<\/p>\n<p>&nbsp;<\/p>\n<p>&nbsp;<\/p>\n<p>&nbsp;<\/p>\n<p>&nbsp;<\/p>\n<p>&nbsp;<\/p>\n<p>Laura Justicia<\/p>\n","protected":false},"excerpt":{"rendered":"<p>El grupo comenz\u00f3 realizando juegos de cooperaci\u00f3n, confianza, retos, improvisaciones&#8230;Lo importante era concienciar de la importancia de la cooperaci\u00f3n, el trabajo en equipo, la necesidad de todos y cada uno de los componentes de un equipo de trabajo \u00abnadie es m\u00e1s importante que el resto\u00bb. Fueron conociendo las distintas profesiones que se dan en un &hellip; <a href=\"https:\/\/www.alqueria.es\/blogs\/alqueriasegundociclo\/2012\/05\/01\/comienza-el-proyecto-en-la-clase-de-4o-epo\/\" class=\"more-link\">Seguir leyendo <span class=\"screen-reader-text\">\u00a1Comienza el proyecto en la clase de 4\u00ba EPO!<\/span> <span class=\"meta-nav\">&rarr;<\/span><\/a><\/p>\n","protected":false},"author":14,"featured_media":0,"comment_status":"open","ping_status":"open","sticky":false,"template":"","format":"standard","meta":{"jetpack_post_was_ever_published":false,"_jetpack_newsletter_access":"","_jetpack_dont_email_post_to_subs":false,"_jetpack_newsletter_tier_id":0,"_jetpack_memberships_contains_paywalled_content":false,"_jetpack_memberships_contains_paid_content":false,"footnotes":"","jetpack_publicize_message":"","jetpack_publicize_feature_enabled":true,"jetpack_social_post_already_shared":true,"jetpack_social_options":{"image_generator_settings":{"template":"highway","default_image_id":0,"font":"","enabled":false},"version":2}},"categories":[36],"tags":[],"class_list":["post-526","post","type-post","status-publish","format-standard","hentry","category-noticias"],"jetpack_publicize_connections":[],"jetpack_featured_media_url":"","jetpack_sharing_enabled":true,"jetpack_shortlink":"https:\/\/wp.me\/p4lw4c-8u","_links":{"self":[{"href":"https:\/\/www.alqueria.es\/blogs\/alqueriasegundociclo\/wp-json\/wp\/v2\/posts\/526","targetHints":{"allow":["GET"]}}],"collection":[{"href":"https:\/\/www.alqueria.es\/blogs\/alqueriasegundociclo\/wp-json\/wp\/v2\/posts"}],"about":[{"href":"https:\/\/www.alqueria.es\/blogs\/alqueriasegundociclo\/wp-json\/wp\/v2\/types\/post"}],"author":[{"embeddable":true,"href":"https:\/\/www.alqueria.es\/blogs\/alqueriasegundociclo\/wp-json\/wp\/v2\/users\/14"}],"replies":[{"embeddable":true,"href":"https:\/\/www.alqueria.es\/blogs\/alqueriasegundociclo\/wp-json\/wp\/v2\/comments?post=526"}],"version-history":[{"count":0,"href":"https:\/\/www.alqueria.es\/blogs\/alqueriasegundociclo\/wp-json\/wp\/v2\/posts\/526\/revisions"}],"wp:attachment":[{"href":"https:\/\/www.alqueria.es\/blogs\/alqueriasegundociclo\/wp-json\/wp\/v2\/media?parent=526"}],"wp:term":[{"taxonomy":"category","embeddable":true,"href":"https:\/\/www.alqueria.es\/blogs\/alqueriasegundociclo\/wp-json\/wp\/v2\/categories?post=526"},{"taxonomy":"post_tag","embeddable":true,"href":"https:\/\/www.alqueria.es\/blogs\/alqueriasegundociclo\/wp-json\/wp\/v2\/tags?post=526"}],"curies":[{"name":"wp","href":"https:\/\/api.w.org\/{rel}","templated":true}]}}