{"id":539,"date":"2012-05-02T14:00:44","date_gmt":"2012-05-02T14:00:44","guid":{"rendered":"http:\/\/alqueriasegundociclo.wordpress.com\/?p=539"},"modified":"2014-02-24T10:38:39","modified_gmt":"2014-02-24T10:38:39","slug":"eleccion-del-logotipo-que-representaria-a-la-compania","status":"publish","type":"post","link":"https:\/\/www.alqueria.es\/blogs\/alqueriasegundociclo\/2012\/05\/02\/eleccion-del-logotipo-que-representaria-a-la-compania\/","title":{"rendered":"Elecci\u00f3n del logotipo que representar\u00eda a la compa\u00f1\u00eda"},"content":{"rendered":"<p style=\"text-align:justify\">Una vez se tuvo elegido el nombre de la compa\u00f1\u00eda, se realizaron varias propuestas para el logotipo que los representar\u00eda. Decidieron que fuera \u00e9ste:<\/p>\n<p style=\"text-align:center\"><a href=\"http:\/\/alqueriasegundociclo.files.wordpress.com\/2012\/05\/logo.png\"><img decoding=\"async\" data-attachment-id=\"540\" data-permalink=\"https:\/\/www.alqueria.es\/blogs\/alqueriasegundociclo\/logo-2\/\" data-orig-file=\"https:\/\/www.alqueria.es\/blogs\/alqueriasegundociclo\/wp-content\/uploads\/sites\/7\/2012\/05\/logo.png\" data-orig-size=\"452,338\" data-comments-opened=\"1\" data-image-meta=\"{&quot;aperture&quot;:&quot;0&quot;,&quot;credit&quot;:&quot;&quot;,&quot;camera&quot;:&quot;&quot;,&quot;caption&quot;:&quot;&quot;,&quot;created_timestamp&quot;:&quot;0&quot;,&quot;copyright&quot;:&quot;&quot;,&quot;focal_length&quot;:&quot;0&quot;,&quot;iso&quot;:&quot;0&quot;,&quot;shutter_speed&quot;:&quot;0&quot;,&quot;title&quot;:&quot;&quot;}\" data-image-title=\"logo\" data-image-description=\"\" data-image-caption=\"\" data-large-file=\"https:\/\/www.alqueria.es\/blogs\/alqueriasegundociclo\/wp-content\/uploads\/sites\/7\/2012\/05\/logo.png\" class=\"size-medium wp-image-540 aligncenter\" title=\"logo\" src=\"https:\/\/cloud.alqueria.es\/wp-content\/uploads\/sites\/7\/2012\/05\/logo1.png\" alt=\"\" width=\"300\" height=\"224\" \/><\/a><\/p>\n<p style=\"text-align:left\">Laura Justicia<\/p>\n","protected":false},"excerpt":{"rendered":"<p>Una vez se tuvo elegido el nombre de la compa\u00f1\u00eda, se realizaron varias propuestas para el logotipo que los representar\u00eda. Decidieron que fuera \u00e9ste: Laura Justicia<\/p>\n","protected":false},"author":14,"featured_media":0,"comment_status":"open","ping_status":"open","sticky":false,"template":"","format":"standard","meta":{"jetpack_post_was_ever_published":false,"_jetpack_newsletter_access":"","_jetpack_dont_email_post_to_subs":false,"_jetpack_newsletter_tier_id":0,"_jetpack_memberships_contains_paywalled_content":false,"_jetpack_memberships_contains_paid_content":false,"footnotes":"","jetpack_publicize_message":"","jetpack_publicize_feature_enabled":true,"jetpack_social_post_already_shared":true,"jetpack_social_options":{"image_generator_settings":{"template":"highway","default_image_id":0,"font":"","enabled":false},"version":2}},"categories":[36],"tags":[],"class_list":["post-539","post","type-post","status-publish","format-standard","hentry","category-noticias"],"jetpack_publicize_connections":[],"jetpack_featured_media_url":"","jetpack_sharing_enabled":true,"jetpack_shortlink":"https:\/\/wp.me\/p4lw4c-8H","_links":{"self":[{"href":"https:\/\/www.alqueria.es\/blogs\/alqueriasegundociclo\/wp-json\/wp\/v2\/posts\/539","targetHints":{"allow":["GET"]}}],"collection":[{"href":"https:\/\/www.alqueria.es\/blogs\/alqueriasegundociclo\/wp-json\/wp\/v2\/posts"}],"about":[{"href":"https:\/\/www.alqueria.es\/blogs\/alqueriasegundociclo\/wp-json\/wp\/v2\/types\/post"}],"author":[{"embeddable":true,"href":"https:\/\/www.alqueria.es\/blogs\/alqueriasegundociclo\/wp-json\/wp\/v2\/users\/14"}],"replies":[{"embeddable":true,"href":"https:\/\/www.alqueria.es\/blogs\/alqueriasegundociclo\/wp-json\/wp\/v2\/comments?post=539"}],"version-history":[{"count":0,"href":"https:\/\/www.alqueria.es\/blogs\/alqueriasegundociclo\/wp-json\/wp\/v2\/posts\/539\/revisions"}],"wp:attachment":[{"href":"https:\/\/www.alqueria.es\/blogs\/alqueriasegundociclo\/wp-json\/wp\/v2\/media?parent=539"}],"wp:term":[{"taxonomy":"category","embeddable":true,"href":"https:\/\/www.alqueria.es\/blogs\/alqueriasegundociclo\/wp-json\/wp\/v2\/categories?post=539"},{"taxonomy":"post_tag","embeddable":true,"href":"https:\/\/www.alqueria.es\/blogs\/alqueriasegundociclo\/wp-json\/wp\/v2\/tags?post=539"}],"curies":[{"name":"wp","href":"https:\/\/api.w.org\/{rel}","templated":true}]}}