{"id":576,"date":"2012-05-03T06:00:57","date_gmt":"2012-05-03T06:00:57","guid":{"rendered":"http:\/\/alqueriasegundociclo.wordpress.com\/?p=576"},"modified":"2014-02-24T10:32:15","modified_gmt":"2014-02-24T10:32:15","slug":"eleccion-de-la-profesion-dentro-de-la-compania","status":"publish","type":"post","link":"https:\/\/www.alqueria.es\/blogs\/alqueriasegundociclo\/2012\/05\/03\/eleccion-de-la-profesion-dentro-de-la-compania\/","title":{"rendered":"Elecci\u00f3n de la profesi\u00f3n dentro de la compa\u00f1\u00eda"},"content":{"rendered":"<p>Una vez conocieron las distintas profesiones y los entresijos de cada una, se llev\u00f3 a cabo la elecci\u00f3n de la que ser\u00eda su profesi\u00f3n en la compa\u00f1\u00eda.\u00a0 Se dividi\u00f3 el trabajo por equipos:<\/p>\n<p>&#8211; guionistas: Helena y Nora,<a href=\"http:\/\/alqueriasegundociclo.files.wordpress.com\/2012\/05\/teatro-infantil-brasil-cultura1.jpg\"><img decoding=\"async\" data-attachment-id=\"581\" data-permalink=\"https:\/\/www.alqueria.es\/blogs\/alqueriasegundociclo\/teatro-infantil-brasil-cultura-2\/\" data-orig-file=\"https:\/\/www.alqueria.es\/blogs\/alqueriasegundociclo\/wp-content\/uploads\/sites\/7\/2012\/05\/teatro-infantil-brasil-cultura1.jpg\" data-orig-size=\"363,315\" data-comments-opened=\"1\" data-image-meta=\"{&quot;aperture&quot;:&quot;0&quot;,&quot;credit&quot;:&quot;&quot;,&quot;camera&quot;:&quot;&quot;,&quot;caption&quot;:&quot;&quot;,&quot;created_timestamp&quot;:&quot;0&quot;,&quot;copyright&quot;:&quot;&quot;,&quot;focal_length&quot;:&quot;0&quot;,&quot;iso&quot;:&quot;0&quot;,&quot;shutter_speed&quot;:&quot;0&quot;,&quot;title&quot;:&quot;&quot;}\" data-image-title=\"teatro-infantil-brasil-cultura\" data-image-description=\"\" data-image-caption=\"\" data-large-file=\"https:\/\/www.alqueria.es\/blogs\/alqueriasegundociclo\/wp-content\/uploads\/sites\/7\/2012\/05\/teatro-infantil-brasil-cultura1.jpg\" class=\"alignright size-medium wp-image-581\" title=\"teatro-infantil-brasil-cultura\" src=\"https:\/\/cloud.alqueria.es\/wp-content\/uploads\/sites\/7\/2012\/05\/teatro-infantil-brasil-cultura11.jpg\" alt=\"\" width=\"300\" height=\"260\" \/><\/a><\/p>\n<p>&#8211; compositores: Alba, Daniel, Javier y Nacho C.,<\/p>\n<p>&#8211; escen\u00f3grafos: Emil, Jorge, Mar\u00eda y Mar\u00eda Jos\u00e9,<\/p>\n<p>&#8211; core\u00f3grafos: Jose Carlos y Mateo,<\/p>\n<p>&#8211; t\u00e9cnicos de iluminaci\u00f3n: \u00c1lvaro R. y Jaime,<\/p>\n<p>&#8211; relaciones p\u00fablicas-documentalistas: Isabel y Rub\u00e9n,<\/p>\n<p>&#8211; maquilladores-vestuario-utiler\u00eda: Alejandro A., Cristina y Nacho L.,<\/p>\n<p>&#8211; int\u00e9rpretes: Alex M., \u00c1lvaro C., Celia, Natalia, Nico y Sara ,<\/p>\n<p>&#8211; jefe de producci\u00f3n: Pedro<\/p>\n<p>&nbsp;<\/p>\n<p>Laura Justicia<\/p>\n","protected":false},"excerpt":{"rendered":"<p>Una vez conocieron las distintas profesiones y los entresijos de cada una, se llev\u00f3 a cabo la elecci\u00f3n de la que ser\u00eda su profesi\u00f3n en la compa\u00f1\u00eda.\u00a0 Se dividi\u00f3 el trabajo por equipos: &#8211; guionistas: Helena y Nora, &#8211; compositores: Alba, Daniel, Javier y Nacho C., &#8211; escen\u00f3grafos: Emil, Jorge, Mar\u00eda y Mar\u00eda Jos\u00e9, &#8211; &hellip; <a href=\"https:\/\/www.alqueria.es\/blogs\/alqueriasegundociclo\/2012\/05\/03\/eleccion-de-la-profesion-dentro-de-la-compania\/\" class=\"more-link\">Seguir leyendo <span class=\"screen-reader-text\">Elecci\u00f3n de la profesi\u00f3n dentro de la compa\u00f1\u00eda<\/span> <span class=\"meta-nav\">&rarr;<\/span><\/a><\/p>\n","protected":false},"author":14,"featured_media":0,"comment_status":"open","ping_status":"open","sticky":false,"template":"","format":"standard","meta":{"jetpack_post_was_ever_published":false,"_jetpack_newsletter_access":"","_jetpack_dont_email_post_to_subs":false,"_jetpack_newsletter_tier_id":0,"_jetpack_memberships_contains_paywalled_content":false,"_jetpack_memberships_contains_paid_content":false,"footnotes":"","jetpack_publicize_message":"","jetpack_publicize_feature_enabled":true,"jetpack_social_post_already_shared":true,"jetpack_social_options":{"image_generator_settings":{"template":"highway","default_image_id":0,"font":"","enabled":false},"version":2}},"categories":[36],"tags":[],"class_list":["post-576","post","type-post","status-publish","format-standard","hentry","category-noticias"],"jetpack_publicize_connections":[],"jetpack_featured_media_url":"","jetpack_sharing_enabled":true,"jetpack_shortlink":"https:\/\/wp.me\/p4lw4c-9i","_links":{"self":[{"href":"https:\/\/www.alqueria.es\/blogs\/alqueriasegundociclo\/wp-json\/wp\/v2\/posts\/576","targetHints":{"allow":["GET"]}}],"collection":[{"href":"https:\/\/www.alqueria.es\/blogs\/alqueriasegundociclo\/wp-json\/wp\/v2\/posts"}],"about":[{"href":"https:\/\/www.alqueria.es\/blogs\/alqueriasegundociclo\/wp-json\/wp\/v2\/types\/post"}],"author":[{"embeddable":true,"href":"https:\/\/www.alqueria.es\/blogs\/alqueriasegundociclo\/wp-json\/wp\/v2\/users\/14"}],"replies":[{"embeddable":true,"href":"https:\/\/www.alqueria.es\/blogs\/alqueriasegundociclo\/wp-json\/wp\/v2\/comments?post=576"}],"version-history":[{"count":0,"href":"https:\/\/www.alqueria.es\/blogs\/alqueriasegundociclo\/wp-json\/wp\/v2\/posts\/576\/revisions"}],"wp:attachment":[{"href":"https:\/\/www.alqueria.es\/blogs\/alqueriasegundociclo\/wp-json\/wp\/v2\/media?parent=576"}],"wp:term":[{"taxonomy":"category","embeddable":true,"href":"https:\/\/www.alqueria.es\/blogs\/alqueriasegundociclo\/wp-json\/wp\/v2\/categories?post=576"},{"taxonomy":"post_tag","embeddable":true,"href":"https:\/\/www.alqueria.es\/blogs\/alqueriasegundociclo\/wp-json\/wp\/v2\/tags?post=576"}],"curies":[{"name":"wp","href":"https:\/\/api.w.org\/{rel}","templated":true}]}}