{"id":6121,"date":"2013-11-16T09:13:46","date_gmt":"2013-11-16T08:13:46","guid":{"rendered":"http:\/\/alqueriasegundociclo.wordpress.com\/?p=6121"},"modified":"2013-11-16T09:13:46","modified_gmt":"2013-11-16T08:13:46","slug":"semanario-de-3o-semana-del-11-al-15-de-noviembre","status":"publish","type":"post","link":"https:\/\/www.alqueria.es\/blogs\/alqueriasegundociclo\/2013\/11\/16\/semanario-de-3o-semana-del-11-al-15-de-noviembre\/","title":{"rendered":"SEMANARIO DE 3\u00ba. Semana del 11 al 15 de noviembre."},"content":{"rendered":"<h2 style=\"text-align:center\"><span style=\"color:#0000ff\">Los pasatiempos.<\/span><\/h2>\n<p style=\"text-align:center\"><a href=\"https:\/\/cloud.alqueria.es\/wp-content\/uploads\/sites\/7\/2013\/11\/edipo-esfinge.jpg\"><img decoding=\"async\" data-attachment-id=\"6239\" data-permalink=\"https:\/\/www.alqueria.es\/blogs\/alqueriasegundociclo\/2013\/11\/16\/semanario-de-3o-semana-del-11-al-15-de-noviembre\/edipo-esfinge\/\" data-orig-file=\"https:\/\/www.alqueria.es\/blogs\/alqueriasegundociclo\/wp-content\/uploads\/sites\/7\/2013\/11\/edipo-esfinge.jpg\" data-orig-size=\"336,339\" data-comments-opened=\"1\" data-image-meta=\"{&quot;aperture&quot;:&quot;0&quot;,&quot;credit&quot;:&quot;&quot;,&quot;camera&quot;:&quot;&quot;,&quot;caption&quot;:&quot;&quot;,&quot;created_timestamp&quot;:&quot;0&quot;,&quot;copyright&quot;:&quot;&quot;,&quot;focal_length&quot;:&quot;0&quot;,&quot;iso&quot;:&quot;0&quot;,&quot;shutter_speed&quot;:&quot;0&quot;,&quot;title&quot;:&quot;&quot;}\" data-image-title=\"edipo-esfinge\" data-image-description=\"\" data-image-caption=\"\" data-large-file=\"https:\/\/www.alqueria.es\/blogs\/alqueriasegundociclo\/wp-content\/uploads\/sites\/7\/2013\/11\/edipo-esfinge.jpg\" class=\"aligncenter  wp-image-6239\" alt=\"edipo-esfinge\" src=\"https:\/\/cloud.alqueria.es\/wp-content\/uploads\/sites\/7\/2013\/11\/edipo-esfinge.jpg?w=297\" width=\"238\" height=\"240\" srcset=\"https:\/\/www.alqueria.es\/blogs\/alqueriasegundociclo\/wp-content\/uploads\/sites\/7\/2013\/11\/edipo-esfinge.jpg 336w, https:\/\/www.alqueria.es\/blogs\/alqueriasegundociclo\/wp-content\/uploads\/sites\/7\/2013\/11\/edipo-esfinge-150x150.jpg 150w, https:\/\/www.alqueria.es\/blogs\/alqueriasegundociclo\/wp-content\/uploads\/sites\/7\/2013\/11\/edipo-esfinge-297x300.jpg 297w\" sizes=\"(max-width: 238px) 100vw, 238px\" \/><\/a><\/p>\n<p>Durante esta semana se ha presentado de manera m\u00e1s significativa las actividades de los pasatiempos, en especial <span style=\"color:#008000\">los enigmas.<\/span><\/p>\n<p>Los lunes se va a dedicar un tiempo a analizar y razonar sobre pasatiempos propuestos por el alumnado o\u00a0 por el tutor. Se ha \u00a0comentado:<\/p>\n<p style=\"text-align:center\"><span style=\"color:#ff6600\">\u00bfQu\u00e9 es un acertijo?<\/span><\/p>\n<p style=\"text-align:center\"><span style=\"color:#ff6600\">\u00bfQu\u00e9 es un cuadrado m\u00e1gico?<\/span><\/p>\n<p style=\"text-align:center\"><span style=\"color:#ff6600\">\u00bfQu\u00e9 es una adivinanza?<\/span><\/p>\n<p style=\"text-align:center\"><span style=\"color:#ff6600\">\u00bfPor qu\u00e9 lo hacemos?<\/span><\/p>\n<p style=\"text-align:center\"><span style=\"color:#ff6600\">\u00bfPara qu\u00e9 sirve?<\/span><\/p>\n<p style=\"text-align:center\"><span style=\"color:#ff6600\">\u00bfC\u00f3mo hay que leer?<\/span><\/p>\n<p style=\"text-align:center\"><span style=\"color:#ff6600\">\u00bfQu\u00e9 es analizar y razonar?<\/span><\/p>\n<h5>\u201cLos acertijos son frases o preguntas a las que hay que responder acertando cu\u00e1l es el enigma que esconden. A veces los acertijos son en clave de humor. Los acertijos\u00a0son un recurso educativo muy divertido y\u00a0 ayuda a desarrollar la imaginaci\u00f3n y la creatividad. Tambi\u00e9n la atenci\u00f3n ya que hay que prestar gran atenci\u00f3n al enunciado, a todos los detalles, para poder descifrar adecuadamente\u00a0el enigma que plantean\u201d.<\/h5>\n<p>Continuamos la clase analizando algunos de los pasatiempos propuestos en a\u00f1os anteriores, se resuelve un cuadrado m\u00e1gico y algunos enigmas.<\/p>\n<p>En el cuaderno de matem\u00e1ticas tienen escrito uno para razonar y dar la soluci\u00f3n la semana que viene. Esperamos con ilusi\u00f3n la propuesta de acertijos,adivinanzas, chistes, etc., para subirlos al blog y extender la actividad a todo el segundo ciclo.<\/p>\n<p>Poco a poco se est\u00e1 afianzando mejor las operaciones de las restas , el c\u00e1lculo num\u00e9rico r\u00e1pido y la resoluci\u00f3n de problemas. Se ha profundizado un poco en enunciados de problemas con operaciones combinadas.<\/p>\n<p>En el <span style=\"color:#0000ff\">\u00e1rea de lengua y literatura<\/span> nos detenemos en aspectos gramaticales como <span style=\"color:#008000\">el art\u00edculo<\/span>, sus clases, el g\u00e9nero y el n\u00famero as\u00ed como <span style=\"color:#008000\">el adjetivo<\/span> y la concordancia de genero y n\u00famero con los nombres.<\/p>\n<p><span style=\"color:#008000\">Lectura<\/span>. \u00a0Se ha leido un cuento corto \u00abEl ni\u00f1o dalt\u00f3nico\u00bb, el cual nos ha ense\u00f1ado, en <span style=\"color:#0000ff\">\u00e9tica<\/span>, a comprender y respetar las diferencias de las dem\u00e1s personas.<\/p>\n<p>Ya se ha descubierto el t\u00edtulo de la novela que estamos leyendo en clase, \u00abEl sobrino del mago\u00bb de la \u00abCr\u00f3nicas de Narnia\u00bb. El grupo est\u00e1 muy motivado por esta actividad y son capaces de mantener la atenci\u00f3n durante largo periodo de lectura. Les interesa mucho la peque\u00f1a tertulia que realizamos sobre los cap\u00edtulos en donde exponen su opini\u00f3n y realizan numerosos comentarios.<\/p>\n<p><a href=\"https:\/\/cloud.alqueria.es\/wp-content\/uploads\/sites\/7\/2013\/11\/nar_poplib_port12.jpg\"><img decoding=\"async\" data-attachment-id=\"6240\" data-permalink=\"https:\/\/www.alqueria.es\/blogs\/alqueriasegundociclo\/2013\/11\/16\/semanario-de-3o-semana-del-11-al-15-de-noviembre\/nar_poplib_port12\/\" data-orig-file=\"https:\/\/www.alqueria.es\/blogs\/alqueriasegundociclo\/wp-content\/uploads\/sites\/7\/2013\/11\/nar_poplib_port12.jpg\" data-orig-size=\"346,464\" data-comments-opened=\"1\" data-image-meta=\"{&quot;aperture&quot;:&quot;0&quot;,&quot;credit&quot;:&quot;&quot;,&quot;camera&quot;:&quot;&quot;,&quot;caption&quot;:&quot;&quot;,&quot;created_timestamp&quot;:&quot;0&quot;,&quot;copyright&quot;:&quot;&quot;,&quot;focal_length&quot;:&quot;0&quot;,&quot;iso&quot;:&quot;0&quot;,&quot;shutter_speed&quot;:&quot;0&quot;,&quot;title&quot;:&quot;&quot;}\" data-image-title=\"nar_poplib_port12\" data-image-description=\"\" data-image-caption=\"\" data-large-file=\"https:\/\/www.alqueria.es\/blogs\/alqueriasegundociclo\/wp-content\/uploads\/sites\/7\/2013\/11\/nar_poplib_port12.jpg\" class=\"aligncenter size-medium wp-image-6240\" alt=\"nar_poplib_port12\" src=\"https:\/\/cloud.alqueria.es\/wp-content\/uploads\/sites\/7\/2013\/11\/nar_poplib_port12.jpg?w=223\" width=\"223\" height=\"300\" srcset=\"https:\/\/www.alqueria.es\/blogs\/alqueriasegundociclo\/wp-content\/uploads\/sites\/7\/2013\/11\/nar_poplib_port12.jpg 346w, https:\/\/www.alqueria.es\/blogs\/alqueriasegundociclo\/wp-content\/uploads\/sites\/7\/2013\/11\/nar_poplib_port12-223x300.jpg 223w\" sizes=\"(max-width: 223px) 100vw, 223px\" \/><\/a><\/p>\n<p>Durante esta semana se ha realizado la lectura comprensiva sobre el relato \u00a1Qu\u00e9 historia emocionante! con la habilidad de completar un esquema de las partes de un texto (inicio. nudo y desenlace).<\/p>\n<p><span style=\"color:#0000ff\">\u00c1rea de conocimiento del medio. <span style=\"color:#000000\">D<\/span><\/span>espu\u00e9s de realizar una lectura sobre el tema <span style=\"color:#008080\">\u00abEl agua\u00bb<\/span>, cada pareja de trabajo cooperativo, elabor\u00f3 un peque\u00f1os indice de aquellas cosas que quer\u00edan investigar, extrayeron cierta<\/p>\n<p><img decoding=\"async\" data-attachment-id=\"6242\" data-permalink=\"https:\/\/www.alqueria.es\/blogs\/alqueriasegundociclo\/2013\/11\/16\/semanario-de-3o-semana-del-11-al-15-de-noviembre\/olympus-digital-camera-715\/\" data-orig-file=\"https:\/\/www.alqueria.es\/blogs\/alqueriasegundociclo\/wp-content\/uploads\/sites\/7\/2013\/11\/pb150002.jpg\" data-orig-size=\"640,480\" data-comments-opened=\"1\" data-image-meta=\"{&quot;aperture&quot;:&quot;0&quot;,&quot;credit&quot;:&quot;&quot;,&quot;camera&quot;:&quot;&quot;,&quot;caption&quot;:&quot;&quot;,&quot;created_timestamp&quot;:&quot;0&quot;,&quot;copyright&quot;:&quot;&quot;,&quot;focal_length&quot;:&quot;0&quot;,&quot;iso&quot;:&quot;0&quot;,&quot;shutter_speed&quot;:&quot;0&quot;,&quot;title&quot;:&quot;&quot;}\" data-image-title=\"OLYMPUS DIGITAL CAMERA\" data-image-description=\"\" data-image-caption=\"\" data-large-file=\"https:\/\/www.alqueria.es\/blogs\/alqueriasegundociclo\/wp-content\/uploads\/sites\/7\/2013\/11\/pb150002.jpg\" class=\" wp-image-6242 alignright\" style=\"border-style:initial;border-color:initial;cursor:default;float:right;border-width:0\" alt=\"OLYMPUS DIGITAL CAMERA\" src=\"https:\/\/cloud.alqueria.es\/wp-content\/uploads\/sites\/7\/2013\/11\/pb150002.jpg?w=300\" width=\"168\" height=\"126\" srcset=\"https:\/\/www.alqueria.es\/blogs\/alqueriasegundociclo\/wp-content\/uploads\/sites\/7\/2013\/11\/pb150002.jpg 640w, https:\/\/www.alqueria.es\/blogs\/alqueriasegundociclo\/wp-content\/uploads\/sites\/7\/2013\/11\/pb150002-300x225.jpg 300w\" sizes=\"(max-width: 168px) 100vw, 168px\" \/><\/p>\n<p>informaci\u00f3n y la dieron a conocer al grupo.<\/p>\n<p><span style=\"color:#008080\">La germinaci\u00f3n. <span style=\"color:#000000\">Ya han germinado las habas de nuestro rinc\u00f3n de observaci\u00f3n,\u00a0<\/span><\/span><\/p>\n<p><span style=\"color:#008080\"><span style=\"color:#000000\">han mostrado mucho inter\u00e9s sobre la hinchaz\u00f3n de las semillas y de la ra\u00edz \u00a0que comenzaba a salir. Se han comparado con la<\/span><\/span><span style=\"color:#008080\"><span style=\"color:#000000\">s otras habas que se dejaron sobre los botes de las capas del suelo, y analizamos\u00a0<\/span><\/span><span style=\"color:#008080\"><span style=\"color:#000000\">la necesidad del agua para que puedan germinar ya que \u00e9stas \u00faltimas no las hemos regado.\u00a0<\/span><\/span><\/p>\n<p><img decoding=\"async\" data-attachment-id=\"6241\" data-permalink=\"https:\/\/www.alqueria.es\/blogs\/alqueriasegundociclo\/2013\/11\/16\/semanario-de-3o-semana-del-11-al-15-de-noviembre\/olympus-digital-camera-714\/\" data-orig-file=\"https:\/\/www.alqueria.es\/blogs\/alqueriasegundociclo\/wp-content\/uploads\/sites\/7\/2013\/11\/pb150001.jpg\" data-orig-size=\"640,480\" data-comments-opened=\"1\" data-image-meta=\"{&quot;aperture&quot;:&quot;0&quot;,&quot;credit&quot;:&quot;&quot;,&quot;camera&quot;:&quot;&quot;,&quot;caption&quot;:&quot;&quot;,&quot;created_timestamp&quot;:&quot;0&quot;,&quot;copyright&quot;:&quot;&quot;,&quot;focal_length&quot;:&quot;0&quot;,&quot;iso&quot;:&quot;0&quot;,&quot;shutter_speed&quot;:&quot;0&quot;,&quot;title&quot;:&quot;&quot;}\" data-image-title=\"OLYMPUS DIGITAL CAMERA\" data-image-description=\"\" data-image-caption=\"\" data-large-file=\"https:\/\/www.alqueria.es\/blogs\/alqueriasegundociclo\/wp-content\/uploads\/sites\/7\/2013\/11\/pb150001.jpg\" class=\" wp-image-6241 alignleft\" alt=\"OLYMPUS DIGITAL CAMERA\" src=\"https:\/\/cloud.alqueria.es\/wp-content\/uploads\/sites\/7\/2013\/11\/pb150001.jpg?w=300\" width=\"136\" height=\"102\" srcset=\"https:\/\/www.alqueria.es\/blogs\/alqueriasegundociclo\/wp-content\/uploads\/sites\/7\/2013\/11\/pb150001.jpg 640w, https:\/\/www.alqueria.es\/blogs\/alqueriasegundociclo\/wp-content\/uploads\/sites\/7\/2013\/11\/pb150001-300x225.jpg 300w\" sizes=\"(max-width: 136px) 100vw, 136px\" \/><img decoding=\"async\" data-attachment-id=\"6243\" data-permalink=\"https:\/\/www.alqueria.es\/blogs\/alqueriasegundociclo\/2013\/11\/16\/semanario-de-3o-semana-del-11-al-15-de-noviembre\/olympus-digital-camera-716\/\" data-orig-file=\"https:\/\/www.alqueria.es\/blogs\/alqueriasegundociclo\/wp-content\/uploads\/sites\/7\/2013\/11\/pb150003.jpg\" data-orig-size=\"640,480\" data-comments-opened=\"1\" data-image-meta=\"{&quot;aperture&quot;:&quot;0&quot;,&quot;credit&quot;:&quot;&quot;,&quot;camera&quot;:&quot;&quot;,&quot;caption&quot;:&quot;&quot;,&quot;created_timestamp&quot;:&quot;0&quot;,&quot;copyright&quot;:&quot;&quot;,&quot;focal_length&quot;:&quot;0&quot;,&quot;iso&quot;:&quot;0&quot;,&quot;shutter_speed&quot;:&quot;0&quot;,&quot;title&quot;:&quot;&quot;}\" data-image-title=\"OLYMPUS DIGITAL CAMERA\" data-image-description=\"\" data-image-caption=\"\" data-large-file=\"https:\/\/www.alqueria.es\/blogs\/alqueriasegundociclo\/wp-content\/uploads\/sites\/7\/2013\/11\/pb150003.jpg\" class=\"wp-image-6243 aligncenter\" style=\"border-style:initial;border-color:initial;cursor:default;margin-left:auto;margin-right:auto;border-width:0\" alt=\"OLYMPUS DIGITAL CAMERA\" src=\"https:\/\/cloud.alqueria.es\/wp-content\/uploads\/sites\/7\/2013\/11\/pb150003.jpg?w=300\" width=\"151\" height=\"113\" srcset=\"https:\/\/www.alqueria.es\/blogs\/alqueriasegundociclo\/wp-content\/uploads\/sites\/7\/2013\/11\/pb150003.jpg 640w, https:\/\/www.alqueria.es\/blogs\/alqueriasegundociclo\/wp-content\/uploads\/sites\/7\/2013\/11\/pb150003-300x225.jpg 300w\" sizes=\"(max-width: 151px) 100vw, 151px\" \/><\/p>\n<div><span style=\"color:#0000ee\"><span style=\"text-decoration:underline\"><br \/>\n<\/span><\/span><a href=\"https:\/\/cloud.alqueria.es\/wp-content\/uploads\/sites\/7\/2013\/11\/pb150003.jpg\"><br \/>\n<\/a> <a href=\"https:\/\/cloud.alqueria.es\/wp-content\/uploads\/sites\/7\/2013\/11\/pb150004.jpg\"><img decoding=\"async\" data-attachment-id=\"6244\" data-permalink=\"https:\/\/www.alqueria.es\/blogs\/alqueriasegundociclo\/2013\/11\/16\/semanario-de-3o-semana-del-11-al-15-de-noviembre\/olympus-digital-camera-717\/\" data-orig-file=\"https:\/\/www.alqueria.es\/blogs\/alqueriasegundociclo\/wp-content\/uploads\/sites\/7\/2013\/11\/pb150004.jpg\" data-orig-size=\"640,480\" data-comments-opened=\"1\" data-image-meta=\"{&quot;aperture&quot;:&quot;0&quot;,&quot;credit&quot;:&quot;&quot;,&quot;camera&quot;:&quot;&quot;,&quot;caption&quot;:&quot;&quot;,&quot;created_timestamp&quot;:&quot;0&quot;,&quot;copyright&quot;:&quot;&quot;,&quot;focal_length&quot;:&quot;0&quot;,&quot;iso&quot;:&quot;0&quot;,&quot;shutter_speed&quot;:&quot;0&quot;,&quot;title&quot;:&quot;&quot;}\" data-image-title=\"OLYMPUS DIGITAL CAMERA\" data-image-description=\"\" data-image-caption=\"\" data-large-file=\"https:\/\/www.alqueria.es\/blogs\/alqueriasegundociclo\/wp-content\/uploads\/sites\/7\/2013\/11\/pb150004.jpg\" class=\" wp-image-6244 alignleft\" alt=\"OLYMPUS DIGITAL CAMERA\" src=\"https:\/\/cloud.alqueria.es\/wp-content\/uploads\/sites\/7\/2013\/11\/pb150004.jpg?w=300\" width=\"240\" height=\"180\" srcset=\"https:\/\/www.alqueria.es\/blogs\/alqueriasegundociclo\/wp-content\/uploads\/sites\/7\/2013\/11\/pb150004.jpg 640w, https:\/\/www.alqueria.es\/blogs\/alqueriasegundociclo\/wp-content\/uploads\/sites\/7\/2013\/11\/pb150004-300x225.jpg 300w\" sizes=\"(max-width: 240px) 100vw, 240px\" \/><\/a> <a href=\"https:\/\/cloud.alqueria.es\/wp-content\/uploads\/sites\/7\/2013\/11\/pb150005.jpg\"><img decoding=\"async\" data-attachment-id=\"6245\" data-permalink=\"https:\/\/www.alqueria.es\/blogs\/alqueriasegundociclo\/2013\/11\/16\/semanario-de-3o-semana-del-11-al-15-de-noviembre\/olympus-digital-camera-718\/\" data-orig-file=\"https:\/\/www.alqueria.es\/blogs\/alqueriasegundociclo\/wp-content\/uploads\/sites\/7\/2013\/11\/pb150005.jpg\" data-orig-size=\"640,480\" data-comments-opened=\"1\" data-image-meta=\"{&quot;aperture&quot;:&quot;0&quot;,&quot;credit&quot;:&quot;&quot;,&quot;camera&quot;:&quot;&quot;,&quot;caption&quot;:&quot;&quot;,&quot;created_timestamp&quot;:&quot;0&quot;,&quot;copyright&quot;:&quot;&quot;,&quot;focal_length&quot;:&quot;0&quot;,&quot;iso&quot;:&quot;0&quot;,&quot;shutter_speed&quot;:&quot;0&quot;,&quot;title&quot;:&quot;&quot;}\" data-image-title=\"OLYMPUS DIGITAL CAMERA\" data-image-description=\"\" data-image-caption=\"\" data-large-file=\"https:\/\/www.alqueria.es\/blogs\/alqueriasegundociclo\/wp-content\/uploads\/sites\/7\/2013\/11\/pb150005.jpg\" class=\" wp-image-6245 alignright\" alt=\"OLYMPUS DIGITAL CAMERA\" src=\"https:\/\/cloud.alqueria.es\/wp-content\/uploads\/sites\/7\/2013\/11\/pb150005.jpg?w=300\" width=\"168\" height=\"126\" srcset=\"https:\/\/www.alqueria.es\/blogs\/alqueriasegundociclo\/wp-content\/uploads\/sites\/7\/2013\/11\/pb150005.jpg 640w, https:\/\/www.alqueria.es\/blogs\/alqueriasegundociclo\/wp-content\/uploads\/sites\/7\/2013\/11\/pb150005-300x225.jpg 300w\" sizes=\"(max-width: 168px) 100vw, 168px\" \/><\/a>Os deseo que pas\u00e9is un buen fin de semana.<\/p>\n<p>\u00a1Cuidado con el frio!<\/p>\n<p>Juanjo<\/p>\n<\/div>\n","protected":false},"excerpt":{"rendered":"<p>Los pasatiempos. Durante esta semana se ha presentado de manera m\u00e1s significativa las actividades de los pasatiempos, en especial los enigmas. Los lunes se va a dedicar un tiempo a analizar y razonar sobre pasatiempos propuestos por el alumnado o\u00a0 por el tutor. Se ha \u00a0comentado: \u00bfQu\u00e9 es un acertijo? \u00bfQu\u00e9 es un cuadrado m\u00e1gico? &hellip; <a href=\"https:\/\/www.alqueria.es\/blogs\/alqueriasegundociclo\/2013\/11\/16\/semanario-de-3o-semana-del-11-al-15-de-noviembre\/\" class=\"more-link\">Seguir leyendo <span class=\"screen-reader-text\">SEMANARIO DE 3\u00ba. Semana del 11 al 15 de noviembre.<\/span> <span class=\"meta-nav\">&rarr;<\/span><\/a><\/p>\n","protected":false},"author":16,"featured_media":0,"comment_status":"open","ping_status":"open","sticky":false,"template":"","format":"standard","meta":{"jetpack_post_was_ever_published":false,"_jetpack_newsletter_access":"","_jetpack_dont_email_post_to_subs":false,"_jetpack_newsletter_tier_id":0,"_jetpack_memberships_contains_paywalled_content":false,"_jetpack_memberships_contains_paid_content":false,"footnotes":"","jetpack_publicize_message":"","jetpack_publicize_feature_enabled":true,"jetpack_social_post_already_shared":true,"jetpack_social_options":{"image_generator_settings":{"template":"highway","default_image_id":0,"font":"","enabled":false},"version":2}},"categories":[5,59],"tags":[],"class_list":["post-6121","post","type-post","status-publish","format-standard","hentry","category-3o-epo","category-semanario-3o"],"jetpack_publicize_connections":[],"jetpack_featured_media_url":"","jetpack_sharing_enabled":true,"jetpack_shortlink":"https:\/\/wp.me\/p4lw4c-1AJ","_links":{"self":[{"href":"https:\/\/www.alqueria.es\/blogs\/alqueriasegundociclo\/wp-json\/wp\/v2\/posts\/6121","targetHints":{"allow":["GET"]}}],"collection":[{"href":"https:\/\/www.alqueria.es\/blogs\/alqueriasegundociclo\/wp-json\/wp\/v2\/posts"}],"about":[{"href":"https:\/\/www.alqueria.es\/blogs\/alqueriasegundociclo\/wp-json\/wp\/v2\/types\/post"}],"author":[{"embeddable":true,"href":"https:\/\/www.alqueria.es\/blogs\/alqueriasegundociclo\/wp-json\/wp\/v2\/users\/16"}],"replies":[{"embeddable":true,"href":"https:\/\/www.alqueria.es\/blogs\/alqueriasegundociclo\/wp-json\/wp\/v2\/comments?post=6121"}],"version-history":[{"count":0,"href":"https:\/\/www.alqueria.es\/blogs\/alqueriasegundociclo\/wp-json\/wp\/v2\/posts\/6121\/revisions"}],"wp:attachment":[{"href":"https:\/\/www.alqueria.es\/blogs\/alqueriasegundociclo\/wp-json\/wp\/v2\/media?parent=6121"}],"wp:term":[{"taxonomy":"category","embeddable":true,"href":"https:\/\/www.alqueria.es\/blogs\/alqueriasegundociclo\/wp-json\/wp\/v2\/categories?post=6121"},{"taxonomy":"post_tag","embeddable":true,"href":"https:\/\/www.alqueria.es\/blogs\/alqueriasegundociclo\/wp-json\/wp\/v2\/tags?post=6121"}],"curies":[{"name":"wp","href":"https:\/\/api.w.org\/{rel}","templated":true}]}}