{"id":616,"date":"2012-05-04T11:28:04","date_gmt":"2012-05-04T11:28:04","guid":{"rendered":"http:\/\/alqueriasegundociclo.wordpress.com\/?p=616"},"modified":"2012-05-04T11:28:04","modified_gmt":"2012-05-04T11:28:04","slug":"semanario-4o-epo-semana-del-30-abril-al-4-mayo-de-2012","status":"publish","type":"post","link":"https:\/\/www.alqueria.es\/blogs\/alqueriasegundociclo\/2012\/05\/04\/semanario-4o-epo-semana-del-30-abril-al-4-mayo-de-2012\/","title":{"rendered":"Semanario 4\u00ba EPO. Semana del 30 abril al 4 mayo de 2012"},"content":{"rendered":"<p style=\"text-align:justify\">Estimadas familias,<\/p>\n<p style=\"text-align:justify\">espero que esta nueva forma de comunicaci\u00f3n os sirva de ayuda al alumnado y las familias. Me consta que muchos de vuestros hijos han consultado, jugado, le\u00eddo, en definitiva, curioseado en el blog, \u00a1incluso algunos\/as se han animado a dejar comentarios! Os animo a que lo consult\u00e9is\u00a0 a menudo.<\/p>\n<p style=\"text-align:justify\">Nos estamos iniciando en esta nueva forma de comunicaci\u00f3n, as\u00ed os pido paciencia y comprensi\u00f3n si alguna entrada no corresponde o falta alguna (es el caso del semanario de la pasada semana, no lo publiqu\u00e9 correctamente, ya la ten\u00e9is en la categor\u00eda SEMANARIO de 4\u00ba EPO).<\/p>\n<p style=\"text-align:justify\">En esta breve semana, hemos tenido la conferencia de Rub\u00e9n sobre \u00abMadrid\u00bb, donde nos cont\u00f3 aspectos muy interesantes sobre esta ciudad, que hemos podido relacionar con lo estudiado en el tema de la comunidad aut\u00f3noma, la localidad&#8230;<\/p>\n<p style=\"text-align:justify\">Tambi\u00e9n hemos contado con la conferencia de Cristina sobre \u00abHistoria de Espa\u00f1a\u00bb, en la que ha hecho un repaso de todas las edades, antigua, media, moderna y contempor\u00e1nea. El contenido fue bastante amplio, \u00a1qu\u00e9 l\u00edo cuando aparecieron en escena varios Carlos, Felipe, los Borbones&#8230;! Fue divertida y enriquecedora.<\/p>\n<p style=\"text-align:justify\">La semana pr\u00f3xima empezaremos a trabajar el tema de nuestro viaje a Orce, centr\u00e1ndonos en el paisaje y el hombre prehist\u00f3rico, ya que all\u00ed se encuentran los restos del primer hombre Europeo.<\/p>\n<p style=\"text-align:justify\">Hemos acabado el tema de geometr\u00eda. La parte que m\u00e1s les ha gustado ha sido la pr\u00e1ctica con herramientas. La identificaci\u00f3n de las figuras geom\u00e9tricas es lo m\u00e1s complejo, pues tienen que tener en cuenta varios aspectos para clasificarlos. A\u00fan as\u00ed, han acabado con bastantes conocimientos sobre el tema, seguiremos repasando para afianzar.<\/p>\n<p style=\"text-align:justify\">La semana pr\u00f3xima trabajaremos con las fracciones, lectura y escritura, representaci\u00f3n gr\u00e1fica, fracci\u00f3n de un n\u00famero, comparaci\u00f3n de fracciones&#8230; Este ser\u00e1 el \u00faltimo bloque de matem\u00e1ticas, despu\u00e9s ser\u00e1 todo repaso de lo trabajado durante el curso.<\/p>\n<p style=\"text-align:justify\">En lengua se ha realizado una breve introducci\u00f3n sobre las conjunciones, \u00faltima parte de gram\u00e1tica necesaria para el an\u00e1lisis de oraciones. Continuamos trabajando la ortograf\u00eda, donde deben poner mayor atenci\u00f3n para no cometer errores.<\/p>\n<p style=\"text-align:justify\">Continuamos trabajando en nuestra \u00f3pera. Hay mucho trabajo acabado y \u00a1mucho por hacer!, as\u00ed que seguiremos esforz\u00e1ndonos con la misma motivaci\u00f3n e ilusi\u00f3n \u00a1que nos es poca! Pod\u00e9is leer sobre las fases del proyecto en la categor\u00eda PROYECTO L\u00d3VA en 4\u00ba EPO.<\/p>\n<p style=\"text-align:justify\">El jueves celebramos el d\u00eda de la Cruz comiendo habas y sala\u00edllas a la hora del patio.<\/p>\n<p style=\"text-align:justify\">Un saludo.<\/p>\n<p style=\"text-align:justify\">Laura Justicia<\/p>\n<p>&nbsp;<\/p>\n<p>&nbsp;<\/p>\n","protected":false},"excerpt":{"rendered":"<p>Estimadas familias, espero que esta nueva forma de comunicaci\u00f3n os sirva de ayuda al alumnado y las familias. Me consta que muchos de vuestros hijos han consultado, jugado, le\u00eddo, en definitiva, curioseado en el blog, \u00a1incluso algunos\/as se han animado a dejar comentarios! Os animo a que lo consult\u00e9is\u00a0 a menudo. Nos estamos iniciando en &hellip; <a href=\"https:\/\/www.alqueria.es\/blogs\/alqueriasegundociclo\/2012\/05\/04\/semanario-4o-epo-semana-del-30-abril-al-4-mayo-de-2012\/\" class=\"more-link\">Seguir leyendo <span class=\"screen-reader-text\">Semanario 4\u00ba EPO. Semana del 30 abril al 4 mayo de 2012<\/span> <span class=\"meta-nav\">&rarr;<\/span><\/a><\/p>\n","protected":false},"author":14,"featured_media":0,"comment_status":"open","ping_status":"open","sticky":false,"template":"","format":"standard","meta":{"jetpack_post_was_ever_published":false,"_jetpack_newsletter_access":"","_jetpack_dont_email_post_to_subs":false,"_jetpack_newsletter_tier_id":0,"_jetpack_memberships_contains_paywalled_content":false,"_jetpack_memberships_contains_paid_content":false,"footnotes":"","jetpack_publicize_message":"","jetpack_publicize_feature_enabled":true,"jetpack_social_post_already_shared":true,"jetpack_social_options":{"image_generator_settings":{"template":"highway","default_image_id":0,"font":"","enabled":false},"version":2}},"categories":[36],"tags":[],"class_list":["post-616","post","type-post","status-publish","format-standard","hentry","category-noticias"],"jetpack_publicize_connections":[],"jetpack_featured_media_url":"","jetpack_sharing_enabled":true,"jetpack_shortlink":"https:\/\/wp.me\/p4lw4c-9W","_links":{"self":[{"href":"https:\/\/www.alqueria.es\/blogs\/alqueriasegundociclo\/wp-json\/wp\/v2\/posts\/616","targetHints":{"allow":["GET"]}}],"collection":[{"href":"https:\/\/www.alqueria.es\/blogs\/alqueriasegundociclo\/wp-json\/wp\/v2\/posts"}],"about":[{"href":"https:\/\/www.alqueria.es\/blogs\/alqueriasegundociclo\/wp-json\/wp\/v2\/types\/post"}],"author":[{"embeddable":true,"href":"https:\/\/www.alqueria.es\/blogs\/alqueriasegundociclo\/wp-json\/wp\/v2\/users\/14"}],"replies":[{"embeddable":true,"href":"https:\/\/www.alqueria.es\/blogs\/alqueriasegundociclo\/wp-json\/wp\/v2\/comments?post=616"}],"version-history":[{"count":0,"href":"https:\/\/www.alqueria.es\/blogs\/alqueriasegundociclo\/wp-json\/wp\/v2\/posts\/616\/revisions"}],"wp:attachment":[{"href":"https:\/\/www.alqueria.es\/blogs\/alqueriasegundociclo\/wp-json\/wp\/v2\/media?parent=616"}],"wp:term":[{"taxonomy":"category","embeddable":true,"href":"https:\/\/www.alqueria.es\/blogs\/alqueriasegundociclo\/wp-json\/wp\/v2\/categories?post=616"},{"taxonomy":"post_tag","embeddable":true,"href":"https:\/\/www.alqueria.es\/blogs\/alqueriasegundociclo\/wp-json\/wp\/v2\/tags?post=616"}],"curies":[{"name":"wp","href":"https:\/\/api.w.org\/{rel}","templated":true}]}}