{"id":6744,"date":"2014-01-22T15:58:14","date_gmt":"2014-01-22T14:58:14","guid":{"rendered":"http:\/\/alqueriasegundociclo.wordpress.com\/?p=6744"},"modified":"2014-01-22T15:58:14","modified_gmt":"2014-01-22T14:58:14","slug":"concierto-once-upon-a-timeun-mundo-de-percusion","status":"publish","type":"post","link":"https:\/\/www.alqueria.es\/blogs\/alqueriasegundociclo\/2014\/01\/22\/concierto-once-upon-a-timeun-mundo-de-percusion\/","title":{"rendered":"Concierto: Once Upon a Time\u2026\u201cUn mundo de percusi\u00f3n\u201d"},"content":{"rendered":"<p>Hola familias, creo que ya he tenido la oportunidad de compartir con todos vosotros algunas palabras de \u00abbienvenida\u00bb, pero por si alguien me queda por ah\u00ed, aprovecho el blog para trasladaros mi ilusi\u00f3n en mi reincorporaci\u00f3n.<\/p>\n<p style=\"text-align:justify\">Durante estas semanas he podido observar al grupo, en sus relaciones sociales, en sus progresos y necesidades. Hemos realizado algunas actividades que me han facilitado datos objetivos sobre su evoluci\u00f3n. A partir de aqu\u00ed, empezamos nuestro viaje a quinto, con nuevos retos, objetivos y metas que alcanzar. Para ello la constancia, el esfuerzo, la superaci\u00f3n personal, el orden&#8230; ser\u00e1n algunas de las premisas para este tiempo que nos queda que compartir.<\/p>\n<p style=\"text-align:justify\">Ya ha tenido lugar la salida de este mes<span style=\"color:#3366ff\"> \u00abOnce Upon a Time\u2026\u201cUn mundo de percusi\u00f3n\u201d<\/span> , en el auditoria Manuel de Falla. El concierto de percusi\u00f3n ha estado dividido en cinco partes, tocadas con diferentes instrumentos:<\/p>\n<p style=\"text-align:justify\">ebojsa ZIVKOVIC A los dioses del ritmo<br \/>\nJohn CAGE Living room music<br \/>\nManfred Menke Eine Kleine Tischmusik (\u00a1A comer!)<br \/>\nNey ROSAURO Mitos brasileiros<br \/>\nSteve REICH Nagoya Marimbas<br \/>\nScott HARDING Taiko<\/p>\n<p><span style=\"text-decoration:underline\">Int\u00e9rpretes<\/span><br \/>\nLarisa Ramos narradora<br \/>\nMINTAKA PERCURSI\u00d3N<br \/>\n(Jaume Esteve y Noelia Arco) direcci\u00f3n<\/p>\n<p style=\"text-align:justify\">Aqu\u00ed os dejo algunas de las fotos de la salida:<\/p>\n<div class=\"tiled-gallery type-rectangular tiled-gallery-unresized\" data-original-width=\"474\" data-carousel-extra='{&quot;blog_id&quot;:7,&quot;permalink&quot;:&quot;https:\\\/\\\/www.alqueria.es\\\/blogs\\\/alqueriasegundociclo\\\/2014\\\/01\\\/22\\\/concierto-once-upon-a-timeun-mundo-de-percusion\\\/&quot;,&quot;likes_blog_id&quot;:64233500}' itemscope itemtype=\"http:\/\/schema.org\/ImageGallery\" > <div class=\"gallery-row\" style=\"width: 474px; height: 238px;\" data-original-width=\"474\" data-original-height=\"238\" > <div class=\"gallery-group images-1\" style=\"width: 316px; height: 238px;\" data-original-width=\"316\" data-original-height=\"238\" > <div class=\"tiled-gallery-item tiled-gallery-item-large\" itemprop=\"associatedMedia\" itemscope itemtype=\"http:\/\/schema.org\/ImageObject\"> <a href=\"https:\/\/www.alqueria.es\/blogs\/alqueriasegundociclo\/2014\/01\/22\/concierto-once-upon-a-timeun-mundo-de-percusion\/concierto-manuel-de-falla-13-14-019\/\" border=\"0\" itemprop=\"url\"> <meta itemprop=\"width\" content=\"312\"> <meta itemprop=\"height\" content=\"234\"> <img decoding=\"async\" class=\"\" data-attachment-id=\"6753\" data-orig-file=\"https:\/\/www.alqueria.es\/blogs\/alqueriasegundociclo\/wp-content\/uploads\/sites\/7\/2014\/01\/concierto-manuel-de-falla-13-14-019.jpg\" data-orig-size=\"1024,768\" data-comments-opened=\"1\" data-image-meta=\"{&quot;aperture&quot;:&quot;0&quot;,&quot;credit&quot;:&quot;&quot;,&quot;camera&quot;:&quot;&quot;,&quot;caption&quot;:&quot;&quot;,&quot;created_timestamp&quot;:&quot;0&quot;,&quot;copyright&quot;:&quot;&quot;,&quot;focal_length&quot;:&quot;0&quot;,&quot;iso&quot;:&quot;0&quot;,&quot;shutter_speed&quot;:&quot;0&quot;,&quot;title&quot;:&quot;&quot;}\" data-image-title=\"CONCIERTO MANUEL DE FALLA 13-14 019\" data-image-description=\"\" data-medium-file=\"https:\/\/www.alqueria.es\/blogs\/alqueriasegundociclo\/wp-content\/uploads\/sites\/7\/2014\/01\/concierto-manuel-de-falla-13-14-019-300x225.jpg\" data-large-file=\"https:\/\/www.alqueria.es\/blogs\/alqueriasegundociclo\/wp-content\/uploads\/sites\/7\/2014\/01\/concierto-manuel-de-falla-13-14-019-1024x768.jpg\" src=\"https:\/\/i0.wp.com\/www.alqueria.es\/blogs\/alqueriasegundociclo\/wp-content\/uploads\/sites\/7\/2014\/01\/concierto-manuel-de-falla-13-14-019.jpg?w=312&#038;h=234&#038;ssl=1\" srcset=\"https:\/\/www.alqueria.es\/blogs\/alqueriasegundociclo\/wp-content\/uploads\/sites\/7\/2014\/01\/concierto-manuel-de-falla-13-14-019.jpg 1024w, https:\/\/www.alqueria.es\/blogs\/alqueriasegundociclo\/wp-content\/uploads\/sites\/7\/2014\/01\/concierto-manuel-de-falla-13-14-019-300x225.jpg 300w\" width=\"312\" height=\"234\" loading=\"lazy\" data-original-width=\"312\" data-original-height=\"234\" itemprop=\"http:\/\/schema.org\/image\" title=\"CONCIERTO MANUEL DE FALLA 13-14 019\" alt=\"CONCIERTO MANUEL DE FALLA 13-14 019\" style=\"width: 312px; height: 234px;\" \/> <\/a> <\/div> <\/div> <!-- close group --> <div class=\"gallery-group images-2\" style=\"width: 158px; height: 238px;\" data-original-width=\"158\" data-original-height=\"238\" > <div class=\"tiled-gallery-item tiled-gallery-item-small\" itemprop=\"associatedMedia\" itemscope itemtype=\"http:\/\/schema.org\/ImageObject\"> <a href=\"https:\/\/www.alqueria.es\/blogs\/alqueriasegundociclo\/2014\/01\/22\/concierto-once-upon-a-timeun-mundo-de-percusion\/concierto-manuel-de-falla-13-14-007\/\" border=\"0\" itemprop=\"url\"> <meta itemprop=\"width\" content=\"154\"> <meta itemprop=\"height\" content=\"115\"> <img decoding=\"async\" class=\"\" data-attachment-id=\"6748\" data-orig-file=\"https:\/\/www.alqueria.es\/blogs\/alqueriasegundociclo\/wp-content\/uploads\/sites\/7\/2014\/01\/concierto-manuel-de-falla-13-14-007.jpg\" data-orig-size=\"1024,768\" data-comments-opened=\"1\" data-image-meta=\"{&quot;aperture&quot;:&quot;0&quot;,&quot;credit&quot;:&quot;&quot;,&quot;camera&quot;:&quot;&quot;,&quot;caption&quot;:&quot;&quot;,&quot;created_timestamp&quot;:&quot;0&quot;,&quot;copyright&quot;:&quot;&quot;,&quot;focal_length&quot;:&quot;0&quot;,&quot;iso&quot;:&quot;0&quot;,&quot;shutter_speed&quot;:&quot;0&quot;,&quot;title&quot;:&quot;&quot;}\" data-image-title=\"CONCIERTO MANUEL DE FALLA 13-14 007\" data-image-description=\"\" data-medium-file=\"https:\/\/www.alqueria.es\/blogs\/alqueriasegundociclo\/wp-content\/uploads\/sites\/7\/2014\/01\/concierto-manuel-de-falla-13-14-007-300x225.jpg\" data-large-file=\"https:\/\/www.alqueria.es\/blogs\/alqueriasegundociclo\/wp-content\/uploads\/sites\/7\/2014\/01\/concierto-manuel-de-falla-13-14-007-1024x768.jpg\" src=\"https:\/\/i0.wp.com\/www.alqueria.es\/blogs\/alqueriasegundociclo\/wp-content\/uploads\/sites\/7\/2014\/01\/concierto-manuel-de-falla-13-14-007.jpg?w=154&#038;h=115&#038;ssl=1\" srcset=\"https:\/\/www.alqueria.es\/blogs\/alqueriasegundociclo\/wp-content\/uploads\/sites\/7\/2014\/01\/concierto-manuel-de-falla-13-14-007.jpg 1024w, https:\/\/www.alqueria.es\/blogs\/alqueriasegundociclo\/wp-content\/uploads\/sites\/7\/2014\/01\/concierto-manuel-de-falla-13-14-007-300x225.jpg 300w\" width=\"154\" height=\"115\" loading=\"lazy\" data-original-width=\"154\" data-original-height=\"115\" itemprop=\"http:\/\/schema.org\/image\" title=\"CONCIERTO MANUEL DE FALLA 13-14 007\" alt=\"CONCIERTO MANUEL DE FALLA 13-14 007\" style=\"width: 154px; height: 115px;\" \/> <\/a> <\/div> <div class=\"tiled-gallery-item tiled-gallery-item-small\" itemprop=\"associatedMedia\" itemscope itemtype=\"http:\/\/schema.org\/ImageObject\"> <a href=\"https:\/\/www.alqueria.es\/blogs\/alqueriasegundociclo\/2014\/01\/22\/concierto-once-upon-a-timeun-mundo-de-percusion\/concierto-manuel-de-falla-13-14-017\/\" border=\"0\" itemprop=\"url\"> <meta itemprop=\"width\" content=\"154\"> <meta itemprop=\"height\" content=\"115\"> <img decoding=\"async\" class=\"\" data-attachment-id=\"6762\" data-orig-file=\"https:\/\/www.alqueria.es\/blogs\/alqueriasegundociclo\/wp-content\/uploads\/sites\/7\/2014\/01\/concierto-manuel-de-falla-13-14-017.jpg\" data-orig-size=\"1024,768\" data-comments-opened=\"1\" data-image-meta=\"{&quot;aperture&quot;:&quot;0&quot;,&quot;credit&quot;:&quot;&quot;,&quot;camera&quot;:&quot;&quot;,&quot;caption&quot;:&quot;&quot;,&quot;created_timestamp&quot;:&quot;0&quot;,&quot;copyright&quot;:&quot;&quot;,&quot;focal_length&quot;:&quot;0&quot;,&quot;iso&quot;:&quot;0&quot;,&quot;shutter_speed&quot;:&quot;0&quot;,&quot;title&quot;:&quot;&quot;}\" data-image-title=\"CONCIERTO MANUEL DE FALLA 13-14 017\" data-image-description=\"\" data-medium-file=\"https:\/\/www.alqueria.es\/blogs\/alqueriasegundociclo\/wp-content\/uploads\/sites\/7\/2014\/01\/concierto-manuel-de-falla-13-14-017-300x225.jpg\" data-large-file=\"https:\/\/www.alqueria.es\/blogs\/alqueriasegundociclo\/wp-content\/uploads\/sites\/7\/2014\/01\/concierto-manuel-de-falla-13-14-017-1024x768.jpg\" src=\"https:\/\/i0.wp.com\/www.alqueria.es\/blogs\/alqueriasegundociclo\/wp-content\/uploads\/sites\/7\/2014\/01\/concierto-manuel-de-falla-13-14-017.jpg?w=154&#038;h=115&#038;ssl=1\" srcset=\"https:\/\/www.alqueria.es\/blogs\/alqueriasegundociclo\/wp-content\/uploads\/sites\/7\/2014\/01\/concierto-manuel-de-falla-13-14-017.jpg 1024w, https:\/\/www.alqueria.es\/blogs\/alqueriasegundociclo\/wp-content\/uploads\/sites\/7\/2014\/01\/concierto-manuel-de-falla-13-14-017-300x225.jpg 300w\" width=\"154\" height=\"115\" loading=\"lazy\" data-original-width=\"154\" data-original-height=\"115\" itemprop=\"http:\/\/schema.org\/image\" title=\"CONCIERTO MANUEL DE FALLA 13-14 017\" alt=\"CONCIERTO MANUEL DE FALLA 13-14 017\" style=\"width: 154px; height: 115px;\" \/> <\/a> <\/div> <\/div> <!-- close group --> <\/div> <!-- close row --> <div class=\"gallery-row\" style=\"width: 474px; height: 120px;\" data-original-width=\"474\" data-original-height=\"120\" > <div class=\"gallery-group images-1\" style=\"width: 158px; height: 120px;\" data-original-width=\"158\" data-original-height=\"120\" > <div class=\"tiled-gallery-item tiled-gallery-item-small\" itemprop=\"associatedMedia\" itemscope itemtype=\"http:\/\/schema.org\/ImageObject\"> <a href=\"https:\/\/www.alqueria.es\/blogs\/alqueriasegundociclo\/2014\/01\/22\/concierto-once-upon-a-timeun-mundo-de-percusion\/concierto-manuel-de-falla-13-14-001\/\" border=\"0\" itemprop=\"url\"> <meta itemprop=\"width\" content=\"154\"> <meta itemprop=\"height\" content=\"116\"> <img decoding=\"async\" class=\"\" data-attachment-id=\"6763\" data-orig-file=\"https:\/\/www.alqueria.es\/blogs\/alqueriasegundociclo\/wp-content\/uploads\/sites\/7\/2014\/01\/concierto-manuel-de-falla-13-14-001.jpg\" data-orig-size=\"1024,768\" data-comments-opened=\"1\" data-image-meta=\"{&quot;aperture&quot;:&quot;0&quot;,&quot;credit&quot;:&quot;&quot;,&quot;camera&quot;:&quot;&quot;,&quot;caption&quot;:&quot;&quot;,&quot;created_timestamp&quot;:&quot;0&quot;,&quot;copyright&quot;:&quot;&quot;,&quot;focal_length&quot;:&quot;0&quot;,&quot;iso&quot;:&quot;0&quot;,&quot;shutter_speed&quot;:&quot;0&quot;,&quot;title&quot;:&quot;&quot;}\" data-image-title=\"CONCIERTO MANUEL DE FALLA 13-14 001\" data-image-description=\"\" data-medium-file=\"https:\/\/www.alqueria.es\/blogs\/alqueriasegundociclo\/wp-content\/uploads\/sites\/7\/2014\/01\/concierto-manuel-de-falla-13-14-001-300x225.jpg\" data-large-file=\"https:\/\/www.alqueria.es\/blogs\/alqueriasegundociclo\/wp-content\/uploads\/sites\/7\/2014\/01\/concierto-manuel-de-falla-13-14-001-1024x768.jpg\" src=\"https:\/\/i0.wp.com\/www.alqueria.es\/blogs\/alqueriasegundociclo\/wp-content\/uploads\/sites\/7\/2014\/01\/concierto-manuel-de-falla-13-14-001.jpg?w=154&#038;h=116&#038;ssl=1\" srcset=\"https:\/\/www.alqueria.es\/blogs\/alqueriasegundociclo\/wp-content\/uploads\/sites\/7\/2014\/01\/concierto-manuel-de-falla-13-14-001.jpg 1024w, https:\/\/www.alqueria.es\/blogs\/alqueriasegundociclo\/wp-content\/uploads\/sites\/7\/2014\/01\/concierto-manuel-de-falla-13-14-001-300x225.jpg 300w\" width=\"154\" height=\"116\" loading=\"lazy\" data-original-width=\"154\" data-original-height=\"116\" itemprop=\"http:\/\/schema.org\/image\" title=\"CONCIERTO MANUEL DE FALLA 13-14 001\" alt=\"CONCIERTO MANUEL DE FALLA 13-14 001\" style=\"width: 154px; height: 116px;\" \/> <\/a> <\/div> <\/div> <!-- close group --> <div class=\"gallery-group images-1\" style=\"width: 158px; height: 120px;\" data-original-width=\"158\" data-original-height=\"120\" > <div class=\"tiled-gallery-item tiled-gallery-item-small\" itemprop=\"associatedMedia\" itemscope itemtype=\"http:\/\/schema.org\/ImageObject\"> <a href=\"https:\/\/www.alqueria.es\/blogs\/alqueriasegundociclo\/2014\/01\/22\/concierto-once-upon-a-timeun-mundo-de-percusion\/concierto-manuel-de-falla-13-14-015\/\" border=\"0\" itemprop=\"url\"> <meta itemprop=\"width\" content=\"154\"> <meta itemprop=\"height\" content=\"116\"> <img decoding=\"async\" class=\"\" data-attachment-id=\"6752\" data-orig-file=\"https:\/\/www.alqueria.es\/blogs\/alqueriasegundociclo\/wp-content\/uploads\/sites\/7\/2014\/01\/concierto-manuel-de-falla-13-14-015.jpg\" data-orig-size=\"1024,768\" data-comments-opened=\"1\" data-image-meta=\"{&quot;aperture&quot;:&quot;0&quot;,&quot;credit&quot;:&quot;&quot;,&quot;camera&quot;:&quot;&quot;,&quot;caption&quot;:&quot;&quot;,&quot;created_timestamp&quot;:&quot;0&quot;,&quot;copyright&quot;:&quot;&quot;,&quot;focal_length&quot;:&quot;0&quot;,&quot;iso&quot;:&quot;0&quot;,&quot;shutter_speed&quot;:&quot;0&quot;,&quot;title&quot;:&quot;&quot;}\" data-image-title=\"CONCIERTO MANUEL DE FALLA 13-14 015\" data-image-description=\"\" data-medium-file=\"https:\/\/www.alqueria.es\/blogs\/alqueriasegundociclo\/wp-content\/uploads\/sites\/7\/2014\/01\/concierto-manuel-de-falla-13-14-015-300x225.jpg\" data-large-file=\"https:\/\/www.alqueria.es\/blogs\/alqueriasegundociclo\/wp-content\/uploads\/sites\/7\/2014\/01\/concierto-manuel-de-falla-13-14-015-1024x768.jpg\" src=\"https:\/\/i0.wp.com\/www.alqueria.es\/blogs\/alqueriasegundociclo\/wp-content\/uploads\/sites\/7\/2014\/01\/concierto-manuel-de-falla-13-14-015.jpg?w=154&#038;h=116&#038;ssl=1\" srcset=\"https:\/\/www.alqueria.es\/blogs\/alqueriasegundociclo\/wp-content\/uploads\/sites\/7\/2014\/01\/concierto-manuel-de-falla-13-14-015.jpg 1024w, https:\/\/www.alqueria.es\/blogs\/alqueriasegundociclo\/wp-content\/uploads\/sites\/7\/2014\/01\/concierto-manuel-de-falla-13-14-015-300x225.jpg 300w\" width=\"154\" height=\"116\" loading=\"lazy\" data-original-width=\"154\" data-original-height=\"116\" itemprop=\"http:\/\/schema.org\/image\" title=\"CONCIERTO MANUEL DE FALLA 13-14 015\" alt=\"CONCIERTO MANUEL DE FALLA 13-14 015\" style=\"width: 154px; height: 116px;\" \/> <\/a> <\/div> <\/div> <!-- close group --> <div class=\"gallery-group images-1\" style=\"width: 158px; height: 120px;\" data-original-width=\"158\" data-original-height=\"120\" > <div class=\"tiled-gallery-item tiled-gallery-item-small\" itemprop=\"associatedMedia\" itemscope itemtype=\"http:\/\/schema.org\/ImageObject\"> <a href=\"https:\/\/www.alqueria.es\/blogs\/alqueriasegundociclo\/2014\/01\/22\/concierto-once-upon-a-timeun-mundo-de-percusion\/concierto-manuel-de-falla-13-14-022\/\" border=\"0\" itemprop=\"url\"> <meta itemprop=\"width\" content=\"154\"> <meta itemprop=\"height\" content=\"116\"> <img decoding=\"async\" class=\"\" data-attachment-id=\"6755\" data-orig-file=\"https:\/\/www.alqueria.es\/blogs\/alqueriasegundociclo\/wp-content\/uploads\/sites\/7\/2014\/01\/concierto-manuel-de-falla-13-14-022.jpg\" data-orig-size=\"1024,768\" data-comments-opened=\"1\" data-image-meta=\"{&quot;aperture&quot;:&quot;0&quot;,&quot;credit&quot;:&quot;&quot;,&quot;camera&quot;:&quot;&quot;,&quot;caption&quot;:&quot;&quot;,&quot;created_timestamp&quot;:&quot;0&quot;,&quot;copyright&quot;:&quot;&quot;,&quot;focal_length&quot;:&quot;0&quot;,&quot;iso&quot;:&quot;0&quot;,&quot;shutter_speed&quot;:&quot;0&quot;,&quot;title&quot;:&quot;&quot;}\" data-image-title=\"CONCIERTO MANUEL DE FALLA 13-14 022\" data-image-description=\"\" data-medium-file=\"https:\/\/www.alqueria.es\/blogs\/alqueriasegundociclo\/wp-content\/uploads\/sites\/7\/2014\/01\/concierto-manuel-de-falla-13-14-022-300x225.jpg\" data-large-file=\"https:\/\/www.alqueria.es\/blogs\/alqueriasegundociclo\/wp-content\/uploads\/sites\/7\/2014\/01\/concierto-manuel-de-falla-13-14-022-1024x768.jpg\" src=\"https:\/\/i0.wp.com\/www.alqueria.es\/blogs\/alqueriasegundociclo\/wp-content\/uploads\/sites\/7\/2014\/01\/concierto-manuel-de-falla-13-14-022.jpg?w=154&#038;h=116&#038;ssl=1\" srcset=\"https:\/\/www.alqueria.es\/blogs\/alqueriasegundociclo\/wp-content\/uploads\/sites\/7\/2014\/01\/concierto-manuel-de-falla-13-14-022.jpg 1024w, https:\/\/www.alqueria.es\/blogs\/alqueriasegundociclo\/wp-content\/uploads\/sites\/7\/2014\/01\/concierto-manuel-de-falla-13-14-022-300x225.jpg 300w\" width=\"154\" height=\"116\" loading=\"lazy\" data-original-width=\"154\" data-original-height=\"116\" itemprop=\"http:\/\/schema.org\/image\" title=\"CONCIERTO MANUEL DE FALLA 13-14 022\" alt=\"CONCIERTO MANUEL DE FALLA 13-14 022\" style=\"width: 154px; height: 116px;\" \/> <\/a> <\/div> <\/div> <!-- close group --> <\/div> <!-- close row --> <div class=\"gallery-row\" style=\"width: 474px; height: 179px;\" data-original-width=\"474\" data-original-height=\"179\" > <div class=\"gallery-group images-1\" style=\"width: 237px; height: 179px;\" data-original-width=\"237\" data-original-height=\"179\" > <div class=\"tiled-gallery-item tiled-gallery-item-small\" itemprop=\"associatedMedia\" itemscope itemtype=\"http:\/\/schema.org\/ImageObject\"> <a href=\"https:\/\/www.alqueria.es\/blogs\/alqueriasegundociclo\/2014\/01\/22\/concierto-once-upon-a-timeun-mundo-de-percusion\/concierto-manuel-de-falla-13-14-024\/\" border=\"0\" itemprop=\"url\"> <meta itemprop=\"width\" content=\"233\"> <meta itemprop=\"height\" content=\"175\"> <img decoding=\"async\" class=\"\" data-attachment-id=\"6756\" data-orig-file=\"https:\/\/www.alqueria.es\/blogs\/alqueriasegundociclo\/wp-content\/uploads\/sites\/7\/2014\/01\/concierto-manuel-de-falla-13-14-024.jpg\" data-orig-size=\"1024,768\" data-comments-opened=\"1\" data-image-meta=\"{&quot;aperture&quot;:&quot;0&quot;,&quot;credit&quot;:&quot;&quot;,&quot;camera&quot;:&quot;&quot;,&quot;caption&quot;:&quot;&quot;,&quot;created_timestamp&quot;:&quot;0&quot;,&quot;copyright&quot;:&quot;&quot;,&quot;focal_length&quot;:&quot;0&quot;,&quot;iso&quot;:&quot;0&quot;,&quot;shutter_speed&quot;:&quot;0&quot;,&quot;title&quot;:&quot;&quot;}\" data-image-title=\"CONCIERTO MANUEL DE FALLA 13-14 024\" data-image-description=\"\" data-medium-file=\"https:\/\/www.alqueria.es\/blogs\/alqueriasegundociclo\/wp-content\/uploads\/sites\/7\/2014\/01\/concierto-manuel-de-falla-13-14-024-300x225.jpg\" data-large-file=\"https:\/\/www.alqueria.es\/blogs\/alqueriasegundociclo\/wp-content\/uploads\/sites\/7\/2014\/01\/concierto-manuel-de-falla-13-14-024-1024x768.jpg\" src=\"https:\/\/i0.wp.com\/www.alqueria.es\/blogs\/alqueriasegundociclo\/wp-content\/uploads\/sites\/7\/2014\/01\/concierto-manuel-de-falla-13-14-024.jpg?w=233&#038;h=175&#038;ssl=1\" srcset=\"https:\/\/www.alqueria.es\/blogs\/alqueriasegundociclo\/wp-content\/uploads\/sites\/7\/2014\/01\/concierto-manuel-de-falla-13-14-024.jpg 1024w, https:\/\/www.alqueria.es\/blogs\/alqueriasegundociclo\/wp-content\/uploads\/sites\/7\/2014\/01\/concierto-manuel-de-falla-13-14-024-300x225.jpg 300w\" width=\"233\" height=\"175\" loading=\"lazy\" data-original-width=\"233\" data-original-height=\"175\" itemprop=\"http:\/\/schema.org\/image\" title=\"CONCIERTO MANUEL DE FALLA 13-14 024\" alt=\"CONCIERTO MANUEL DE FALLA 13-14 024\" style=\"width: 233px; height: 175px;\" \/> <\/a> <\/div> <\/div> <!-- close group --> <div class=\"gallery-group images-1\" style=\"width: 237px; height: 179px;\" data-original-width=\"237\" data-original-height=\"179\" > <div class=\"tiled-gallery-item tiled-gallery-item-small\" itemprop=\"associatedMedia\" itemscope itemtype=\"http:\/\/schema.org\/ImageObject\"> <a href=\"https:\/\/www.alqueria.es\/blogs\/alqueriasegundociclo\/2014\/01\/22\/concierto-once-upon-a-timeun-mundo-de-percusion\/concierto-manuel-de-falla-13-14-008\/\" border=\"0\" itemprop=\"url\"> <meta itemprop=\"width\" content=\"233\"> <meta itemprop=\"height\" content=\"175\"> <img decoding=\"async\" class=\"\" data-attachment-id=\"6749\" data-orig-file=\"https:\/\/www.alqueria.es\/blogs\/alqueriasegundociclo\/wp-content\/uploads\/sites\/7\/2014\/01\/concierto-manuel-de-falla-13-14-008.jpg\" data-orig-size=\"1024,768\" data-comments-opened=\"1\" data-image-meta=\"{&quot;aperture&quot;:&quot;0&quot;,&quot;credit&quot;:&quot;&quot;,&quot;camera&quot;:&quot;&quot;,&quot;caption&quot;:&quot;&quot;,&quot;created_timestamp&quot;:&quot;0&quot;,&quot;copyright&quot;:&quot;&quot;,&quot;focal_length&quot;:&quot;0&quot;,&quot;iso&quot;:&quot;0&quot;,&quot;shutter_speed&quot;:&quot;0&quot;,&quot;title&quot;:&quot;&quot;}\" data-image-title=\"CONCIERTO MANUEL DE FALLA 13-14 008\" data-image-description=\"\" data-medium-file=\"https:\/\/www.alqueria.es\/blogs\/alqueriasegundociclo\/wp-content\/uploads\/sites\/7\/2014\/01\/concierto-manuel-de-falla-13-14-008-300x225.jpg\" data-large-file=\"https:\/\/www.alqueria.es\/blogs\/alqueriasegundociclo\/wp-content\/uploads\/sites\/7\/2014\/01\/concierto-manuel-de-falla-13-14-008-1024x768.jpg\" src=\"https:\/\/i0.wp.com\/www.alqueria.es\/blogs\/alqueriasegundociclo\/wp-content\/uploads\/sites\/7\/2014\/01\/concierto-manuel-de-falla-13-14-008.jpg?w=233&#038;h=175&#038;ssl=1\" srcset=\"https:\/\/www.alqueria.es\/blogs\/alqueriasegundociclo\/wp-content\/uploads\/sites\/7\/2014\/01\/concierto-manuel-de-falla-13-14-008.jpg 1024w, https:\/\/www.alqueria.es\/blogs\/alqueriasegundociclo\/wp-content\/uploads\/sites\/7\/2014\/01\/concierto-manuel-de-falla-13-14-008-300x225.jpg 300w\" width=\"233\" height=\"175\" loading=\"lazy\" data-original-width=\"233\" data-original-height=\"175\" itemprop=\"http:\/\/schema.org\/image\" title=\"CONCIERTO MANUEL DE FALLA 13-14 008\" alt=\"CONCIERTO MANUEL DE FALLA 13-14 008\" style=\"width: 233px; height: 175px;\" \/> <\/a> <\/div> <\/div> <!-- close group --> <\/div> <!-- close row --> <\/div>\n<p style=\"text-align:justify\">Dicho esto, os hago un resumen del trabajo que estamos haciendo en cada \u00e1rea, ya que ha habido algunos ajustes respecto al planning facilitado al principio de curso.<\/p>\n<p style=\"text-align:justify\"><span style=\"color:#3366ff\">MATEM\u00c1TICAS<\/span>: repaso de las operaciones b\u00e1sicas (trabajo que no cesar\u00e1 en el curso); repaso de los n\u00fameros romanos, ya que existen ciertos olvidos sobre el valor de las letras o las reglas de escritura; tratamiento de la informaci\u00f3n, ahora mismo con la lectura de gr\u00e1ficos de diferentes tipos, mediante un juego que hay en el blog; resoluci\u00f3n de problemas y enigmas, para lo que aprovechamos las sesiones de desdoble con yoga, ya que el n\u00famero de alumnos en ese momento permite mayor seguimiento y acompa\u00f1amiento individualizado. El tema que va a ocupar gran parte de las sesiones es la geometr\u00eda, donde recordaremos conceptos del curso pasado (figuras planas y sus elementos) y a\u00f1adiremos otros nuevos.<\/p>\n<p style=\"text-align:justify\"><span style=\"color:#339966\">CONOCIMIENTO DEL MEDIO<\/span>: debido a la programaci\u00f3n de conferencias, el temario ha sufrido algunas variaciones en cuanto a fechas, de modo que el tema que nos ocupa ahora mismo es EL CLIMA. Empezamos el tema con una lluvia de ideas, cada uno escribe su idea o curiosidad por investigar en un papel con forma de gota de agua. Una vez est\u00e1n todas, las ponemos en el paraguas que ha aparecido en clase, de modo que podemos saber que temas interesan a todo el grupo. Hecho esto se inician las investigaciones individuales sobre la tem\u00e1tica en cuesti\u00f3n, con anotaciones en el cuaderno. Realizan una tarjeta en la que sintetizan lo investigado. Ahora s\u00ed, es el momento de elaborar un informe definitivo aunando investigaciones, se forman los grupos seg\u00fan temas. El \u00faltimo paso es la exposici\u00f3n al grupo, que nos ha llevado varias sesiones. Para hacer m\u00e1s divertido este tema, hacemos un concurso: PASAPALABRA CLIM\u00c1TICO, donde las cuestiones y palabras planteadas son en relaci\u00f3n al tema. Repetiremos esta actividad en otras ocasiones, ha sido de gran inter\u00e9s y entusiasmo para ellos, mientras les serv\u00eda para repasar el tema. A\u00fan nos quedan algunas actividades m\u00e1s relacionadas con este tema que os ir\u00e9 contando.<\/p>\n<p style=\"text-align:justify\">Quiero recordaros que la metodolog\u00eda de este \u00e1rea est\u00e1 basada en el trabajo en grupo, los proyectos, las investigaciones. El objetivo principal es aprender a investigar: leer, contrastar informaci\u00f3n, resumir, expresar por escrito, trabajar en grupo, expresi\u00f3n oral&#8230;<\/p>\n<p><span style=\"color:#ff0000\">LENGUA Y LITERATURA<\/span>: el texto escrito adquiere especial relevancia en este curso, pues la adquisici\u00f3n del \u00abboli\u00bb por parte de todo el grupo, los convierte ahora en autenticos escribanos. La limpieza, el uso de m\u00e1rgenes, la graf\u00eda, la estructura del texto, el uso adecuado de las reglas de ortograf\u00eda y puntuaci\u00f3n, as\u00ed como el uso habitual de un vocabulario rico, son los objetivos de sus textos. Podr\u00e9is ir viendo sus producciones en el tabl\u00f3n expositor. Trabajamos diariamente la lectura silenciosa. Semanalmente cinco compa\u00f1eros preparan un cuento que leen al gran grupo, de manera que trabajamos la lectura expresiva no espont\u00e1nea. El tema que nos ocupa ahora es el c\u00f3mic, para ello centramos la atenci\u00f3n en las onomatopeyas y el uso de bocadillos. Un tema a trabajar con el grupo en general es la realizaci\u00f3n de un resumen, donde veremos que la extensi\u00f3n es importante (ni mucho ni poco), el uso o no de di\u00e1logo en el resumen y el uso de la tercera persona para resumir. La lectura silenciosa forma parte de nuestra rutina diaria.<\/p>\n<p>Os recuerdo que estoy a vuestra disposici\u00f3n cada tarde de 17h a 17\u00b415h y los mi\u00e9rcoles en horario de 16h a 17h, previa concertaci\u00f3n.<\/p>\n","protected":false},"excerpt":{"rendered":"<p>Hola familias, creo que ya he tenido la oportunidad de compartir con todos vosotros algunas palabras de \u00abbienvenida\u00bb, pero por si alguien me queda por ah\u00ed, aprovecho el blog para trasladaros mi ilusi\u00f3n en mi reincorporaci\u00f3n. Durante estas semanas he podido observar al grupo, en sus relaciones sociales, en sus progresos y necesidades. Hemos realizado &hellip; <a href=\"https:\/\/www.alqueria.es\/blogs\/alqueriasegundociclo\/2014\/01\/22\/concierto-once-upon-a-timeun-mundo-de-percusion\/\" class=\"more-link\">Seguir leyendo <span class=\"screen-reader-text\">Concierto: Once Upon a Time\u2026\u201cUn mundo de percusi\u00f3n\u201d<\/span> <span class=\"meta-nav\">&rarr;<\/span><\/a><\/p>\n","protected":false},"author":16,"featured_media":0,"comment_status":"open","ping_status":"open","sticky":false,"template":"","format":"standard","meta":{"jetpack_post_was_ever_published":false,"_jetpack_newsletter_access":"","_jetpack_dont_email_post_to_subs":false,"_jetpack_newsletter_tier_id":0,"_jetpack_memberships_contains_paywalled_content":false,"_jetpack_memberships_contains_paid_content":false,"footnotes":"","jetpack_publicize_message":"","jetpack_publicize_feature_enabled":true,"jetpack_social_post_already_shared":true,"jetpack_social_options":{"image_generator_settings":{"template":"highway","default_image_id":0,"font":"","enabled":false},"version":2}},"categories":[6,57,60],"tags":[165,296,166,186,187,199],"class_list":["post-6744","post","type-post","status-publish","format-standard","hentry","category-4o-epo","category-salidas","category-semanario-4o","tag-clima","tag-comic","tag-concierto","tag-onceuponatime","tag-pasapalabra","tag-semanario-2"],"jetpack_publicize_connections":[],"jetpack_featured_media_url":"","jetpack_sharing_enabled":true,"jetpack_shortlink":"https:\/\/wp.me\/p4lw4c-1KM","_links":{"self":[{"href":"https:\/\/www.alqueria.es\/blogs\/alqueriasegundociclo\/wp-json\/wp\/v2\/posts\/6744","targetHints":{"allow":["GET"]}}],"collection":[{"href":"https:\/\/www.alqueria.es\/blogs\/alqueriasegundociclo\/wp-json\/wp\/v2\/posts"}],"about":[{"href":"https:\/\/www.alqueria.es\/blogs\/alqueriasegundociclo\/wp-json\/wp\/v2\/types\/post"}],"author":[{"embeddable":true,"href":"https:\/\/www.alqueria.es\/blogs\/alqueriasegundociclo\/wp-json\/wp\/v2\/users\/16"}],"replies":[{"embeddable":true,"href":"https:\/\/www.alqueria.es\/blogs\/alqueriasegundociclo\/wp-json\/wp\/v2\/comments?post=6744"}],"version-history":[{"count":0,"href":"https:\/\/www.alqueria.es\/blogs\/alqueriasegundociclo\/wp-json\/wp\/v2\/posts\/6744\/revisions"}],"wp:attachment":[{"href":"https:\/\/www.alqueria.es\/blogs\/alqueriasegundociclo\/wp-json\/wp\/v2\/media?parent=6744"}],"wp:term":[{"taxonomy":"category","embeddable":true,"href":"https:\/\/www.alqueria.es\/blogs\/alqueriasegundociclo\/wp-json\/wp\/v2\/categories?post=6744"},{"taxonomy":"post_tag","embeddable":true,"href":"https:\/\/www.alqueria.es\/blogs\/alqueriasegundociclo\/wp-json\/wp\/v2\/tags?post=6744"}],"curies":[{"name":"wp","href":"https:\/\/api.w.org\/{rel}","templated":true}]}}